{"id":7810,"date":"2025-11-10T09:08:00","date_gmt":"2025-11-10T08:08:00","guid":{"rendered":"https:\/\/conjugaison-de-verbes.com\/blog\/?p=7810"},"modified":"2025-11-10T09:08:00","modified_gmt":"2025-11-10T08:08:00","slug":"comprendre-le-vocabulaire-professionnel-cles-pour-une-communication-efficace-au-travail","status":"publish","type":"post","link":"https:\/\/conjugaison-de-verbes.com\/blog\/guides-de-conjugaison\/comprendre-le-vocabulaire-professionnel-cles-pour-une-communication-efficace-au-travail\/","title":{"rendered":"Comprendre le vocabulaire professionnel : cl\u00e9s pour une communication efficace au travail"},"content":{"rendered":"<div style=\"background: linear-gradient(135deg, #f5f7fa 0%, #e9ecef 100%);border-left: 4px solid #0073aa;padding: 15px 20px;margin: 0 0 25px 0;border-radius: 0 8px 8px 0\">\n<p style=\"margin: 0;font-size: 14px;color: #0073aa;font-weight: 600;text-transform: uppercase;letter-spacing: 1px;margin-bottom: 10px\">\ud83d\udccb En bref<\/p>\n<ul style=\"margin: 0;padding-left: 20px;list-style-type: none\">\n<li style=\"margin: 5px 0;color: #333;font-size: 15px;line-height: 1.5;position: relative;padding-left: 15px\"><span style=\"position: absolute;left: 0;color: #0073aa\">\u25b8<\/span> Le vocabulaire professionnel comprend des termes sp\u00e9cialis\u00e9s et \u00e9volue avec les tendances du secteur. Sa ma\u00eetrise est cruciale pour la communication efficace et la progression professionnelle. Enrichir son lexique passe par des strat\u00e9gies individuelles et collectives, comme la lecture sp\u00e9cialis\u00e9e.<\/li>\n<\/ul>\n<\/div>\n<h1>Comprendre le Vocabulaire Professionnel : Cl\u00e9s pour une Communication Efficace au Travail<\/h1>\n<h2>Qu&rsquo;est-ce que le Vocabulaire Professionnel ?<\/h2>\n<p>\nSi l\u2019on se r\u00e9f\u00e8re \u00e0 la d\u00e9finition communiqu\u00e9e par le <strong>Dictionnaire de fran\u00e7ais Larousse<\/strong>, le vocabulaire professionnel d\u00e9signe l\u2019<u>ensemble des termes sp\u00e9cialis\u00e9s, expressions idiomatiques et abr\u00e9viations propres \u00e0 un secteur d\u2019activit\u00e9 ou \u00e0 une cat\u00e9gorie de m\u00e9tiers<\/u>. Ce registre lexical, loin d\u2019\u00eatre fig\u00e9, \u00e9volue selon les tendances, innovations techniques, ou r\u00e9gulations sp\u00e9cifiques \u00e0 des entit\u00e9s telles que <strong>L\u2019Office qu\u00e9b\u00e9cois de la langue fran\u00e7aise (OQLF)<\/strong> ou l\u2019<strong>Organisation internationale du travail (OIT)<\/strong>. La terminologie inclut :<\/p>\n<ul>\n<li>Le <strong>jargon m\u00e9tier<\/strong>, utilis\u00e9 de fa\u00e7on quasi-exclusive au sein du secteur (ex : \u00ab\u00a0crowdfunding\u00a0\u00bb en fintech chez <strong>KissKissBankBank<\/strong> d\u00e8s 2017)<\/li>\n<li>Les <strong>acronymes<\/strong>, omnipr\u00e9sents dans le milieu informatique ou industriel (\u00ab\u00a0ERP\u00a0\u00bb pour <u>Enterprise Resource Planning<\/u> couramment cit\u00e9 par <strong>SAP SE, leader du secteur<\/strong>)<\/li>\n<li>Des mots techniques ou d\u2019usage r\u00e9glement\u00e9, par exemple le mot \u00ab\u00a0compliance\u00a0\u00bb dans les services financiers conformes aux directives de l\u2019<strong>Autorit\u00e9 des march\u00e9s financiers (AMF)<\/strong><\/li>\n<\/ul>\n<p>Nous observons que l\u2019adoption d\u2019un lexique commun permet de <u>pr\u00e9ciser les enjeux, de formaliser les proc\u00e9dures et de garantir une transmission rapide des informations strat\u00e9giques<\/u>.\n<\/p>\n<h2>L&rsquo;Importance du Vocabulaire dans le Monde du Travail<\/h2>\n<p>\nLa ma\u00eetrise du lexique m\u00e9tier constitue la charpente de toute progression professionnelle. Selon une enqu\u00eate men\u00e9e en <strong>septembre 2023<\/strong> par le cabinet <strong>Michael Page, expert en recrutement international<\/strong>, <u>70% des recruteurs placent la communication et la pr\u00e9cision du langage au premier plan des crit\u00e8res de s\u00e9lection<\/u>. L\u2019utilisation pertinente de termes sp\u00e9cialis\u00e9s, comme \u00ab\u00a0Due Diligence\u00a0\u00bb lors d\u2019un audit fusion chez <strong>Deloitte France<\/strong>, souligne une fine connaissance des enjeux sectoriels.<\/p>\n<ul>\n<li>La clart\u00e9 du langage contribue fortement \u00e0 <u>limiter les confusions lors des r\u00e9unions interservices<\/u>, situation fr\u00e9quemment rencontr\u00e9e dans les structures matricielles comme chez <strong>Airbus<\/strong>.<\/li>\n<li>Un lexique partag\u00e9 renforce la coh\u00e9sion, tire vers l\u2019excellence op\u00e9rationnelle et acc\u00e9l\u00e8re <u>la prise de d\u00e9cision<\/u> (cas relay\u00e9 par la victoire du projet \u00ab\u00a0Satellites 2025\u00a0\u00bb men\u00e9 par <strong>Thales Alenia Space<\/strong>).<\/li>\n<\/ul>\n<p>Nous constatons que l\u2019incapacit\u00e9 \u00e0 manier ce vocabulaire peut g\u00e9n\u00e9rer incompr\u00e9hensions, ralentissements et m\u00eame tensions entre filiales ou d\u00e9partements d\u2019une m\u00eame entit\u00e9.\n<\/p>\n<h2>Comment Enrichir Son Vocabulaire Professionnel ?<\/h2>\n<p>\nL&rsquo;am\u00e9lioration de notre lexique professionnel rel\u00e8ve autant de la discipline individuelle que des dispositifs collectifs. Diverses strat\u00e9gies ont prouv\u00e9 leur efficacit\u00e9 dans des contextes tels que le conseil chez <strong>Capgemini Engineering<\/strong> ou la formation continue \u00e0 l&rsquo;<strong>Institut National des Langues et Civilisations Orientales (INALCO), Paris<\/strong> :<\/p>\n<ul>\n<li><strong>Lecture sp\u00e9cialis\u00e9e :<\/strong> L\u2019analyse r\u00e9guli\u00e8re de rapports, communications internes, ou revues scientifiques comme <strong>Harvard Business Review France<\/strong> permet d\u2019adopter des tournures actualis\u00e9es et de saisir les nuances propres \u00e0 chaque secteur.<\/li>\n<li><strong>Formations et s\u00e9minaires :<\/strong> L\u2019implication dans des sessions de type \u00ab\u00a0MOOC\u00a0\u00bb chez <strong>OpenClassrooms<\/strong> ou webinaires sectoriels comme \u00ab\u00a0Legal Tech Summit Paris 2024\u00a0\u00bb expose \u00e0 un flux constant d\u2019acronymes, n\u00e9ologismes ou vocables techniques.<\/li>\n<li><strong>\u00c9changes professionnels :<\/strong> Appartenir \u00e0 des r\u00e9seaux tels que <strong>Les Digital Ladies &amp; Allies<\/strong> ou participer \u00e0 des meetups \u00e0 <strong>Station F, Paris<\/strong> favorise une immersion naturelle dans la diversit\u00e9 des langages m\u00e9tier.<\/li>\n<li><strong>Outils interactifs :<\/strong> Le test d\u2019applications mobiles comme <strong>Quizlet Entreprises<\/strong> ou l\u2019usage de glossaires r\u00e9guli\u00e8rement mis \u00e0 jour par <strong>OQLF<\/strong> soutient une acquisition continue et contextualis\u00e9e du vocabulaire.<\/li>\n<\/ul>\n<p>Inscrire l\u2019enrichissement lexical dans nos routines professionnelles nous permet de capitaliser sur la richesse des \u00e9changes et d\u2019anticiper les \u00e9volutions de notre secteur.\n<\/p>\n<h2>Les Diff\u00e9rents Types de Vocabulaire Professionnel<\/h2>\n<p>\nReconna\u00eetre la diversit\u00e9 des registres utilis\u00e9s dans le monde du travail est crucial pour adapter sa communication et son positionnement. Nous distinguons principalement :<\/p>\n<ul>\n<li><strong>Jargon :<\/strong> Terme quasi \u00ab\u00a0cod\u00e9\u00a0\u00bb partag\u00e9 uniquement entre initi\u00e9s d\u2019un secteur, comme \u00ab\u00a0scale-up\u00a0\u00bb souvent \u00e9voqu\u00e9 lors des discussions entre responsables chez <strong>BlaBlaCar, plateforme de la mobilit\u00e9 partag\u00e9e<\/strong>.<\/li>\n<li><strong>Termes techniques :<\/strong> Vocables dont le sens pr\u00e9cis n\u2019a pas d\u2019\u00e9quivalent dans le langage courant, exemple \u00ab\u00a0r\u00e9silience des infrastructures\u00a0\u00bb chez <strong>Schneider Electric<\/strong> dans la gestion de l\u2019\u00e9nergie.<\/li>\n<li><strong>Acronymes :<\/strong> Condensation syntaxique incontournable : \u00ab\u00a0KPI\u00a0\u00bb (Key Performance Indicator) chez <strong>Salesforce<\/strong>, \u00ab\u00a0SaaS\u00a0\u00bb (Software as a Service) chez <strong>Google Cloud<\/strong>, ou \u00ab\u00a0RGPD\u00a0\u00bb dans le secteur de la protection des donn\u00e9es apr\u00e8s la mise en application europ\u00e9enne du <u>R\u00e8glement G\u00e9n\u00e9ral sur la Protection des Donn\u00e9es<\/u> en <strong>2018<\/strong>.<\/li>\n<li><strong>Anglicismes :<\/strong> In\u00e9vitables dans les r\u00e9unions internationales, \u00ab\u00a0feedback\u00a0\u00bb, \u00ab\u00a0workflow\u00a0\u00bb, \u00ab\u00a0business plan\u00a0\u00bb sont omnipr\u00e9sents dans l\u2019industrie du conseil ou chez <strong>PwC France<\/strong>.<\/li>\n<\/ul>\n<p>Appr\u00e9hender ces cat\u00e9gories permet d\u2019\u00e9viter l\u2019\u00e9cueil du hors-sujet et d\u2019adapter sa terminologie \u00e0 chaque contexte d\u2019intervention, aussi bien lors d\u2019un litige juridique chez <strong>Linklaters LLP<\/strong> que dans la gestion de projet agile chez <strong>Atos<\/strong>.\n<\/p>\n<h2>Exemples de Vocabulaire Professionnel dans Divers Secteurs<\/h2>\n<p>\nLes sp\u00e9cificit\u00e9s lexicales s\u2019observent avec force dans l\u2019\u00e9tude des divers secteurs \u00e9conomiques. Pr\u00e9sentons quelques cas concrets et contextualis\u00e9s qui mettent en relief la profonde singularit\u00e9 de chaque domaine :<\/p>\n<ul>\n<li><strong>Finance :<\/strong> <strong>Soci\u00e9t\u00e9 G\u00e9n\u00e9rale<\/strong> mobilise des termes comme \u00ab\u00a0liquidit\u00e9\u00a0\u00bb, \u00ab\u00a0gestion d\u2019actifs\u00a0\u00bb, \u00ab\u00a0track record\u00a0\u00bb \u2013 autant d\u2019expressions omnipr\u00e9sentes dans ses rapports d\u2019activit\u00e9 depuis <u>2022<\/u>. Le terme \u00ab\u00a0stress test\u00a0\u00bb a \u00e9t\u00e9 central lors de la r\u00e9gulation post-crise de <u>2008<\/u>.<\/li>\n<li><strong>Marketing et digital :<\/strong> Au sein de <strong>Publicis Groupe, acteur mondial de la publicit\u00e9<\/strong>, les mots \u00ab\u00a0segmenter une audience\u00a0\u00bb, \u00ab\u00a0taux de conversion\u00a0\u00bb, \u00ab\u00a0SEO\u00a0\u00bb (Search Engine Optimization), \u00ab\u00a0call-to-action\u00a0\u00bb sont consid\u00e9r\u00e9s comme incontournables par les \u00e9quipes bas\u00e9es sur les Champs-\u00c9lys\u00e9es.<\/li>\n<li><strong>Informatique et web :<\/strong> Les termes \u00ab\u00a0front-end\u00a0\u00bb, \u00ab\u00a0back-end\u00a0\u00bb, \u00ab\u00a0API\u00a0\u00bb (Application Programming Interface) ou \u00ab\u00a0machine learning\u00a0\u00bb d\u00e9finissent l\u2019architecture des services chez <strong>Devoteam, ESN fran\u00e7aise<\/strong>, et le mot \u00ab\u00a0sandboxing\u00a0\u00bb a gagn\u00e9 en notori\u00e9t\u00e9 depuis la multiplication des cyberattaques en <u>2023<\/u>.<\/li>\n<li><strong>Ressources humaines :<\/strong> Les processus de \u00ab\u00a0GPEC\u00a0\u00bb (Gestion Pr\u00e9visionnelle des Emplois et des Comp\u00e9tences), \u00ab\u00a0entretien individuel\u00a0\u00bb, \u00ab\u00a0onboarding\u00a0\u00bb rythment le quotidien de <strong>ManpowerGroup France<\/strong>. L\u2019\u00e9mergence de la fonction \u00ab\u00a0Chief Happiness Officer\u00a0\u00bb en <u>2022<\/u> t\u00e9moigne de l\u2019\u00e9volution rapide du champ lexical RH.<\/li>\n<li><strong>Sant\u00e9 :<\/strong> Les \u00e9tablissements du <strong>Groupe Ramsay Sant\u00e9<\/strong> s\u2019appuient sur un vocabulaire compos\u00e9 de mots comme \u00ab\u00a0diagnostic\u00a0\u00bb, \u00ab\u00a0protocole th\u00e9rapeutique\u00a0\u00bb, \u00ab\u00a0prescription\u00a0\u00bb, \u00ab\u00a0posologie\u00a0\u00bb. L\u2019apparition du terme \u00ab\u00a0t\u00e9l\u00e9m\u00e9decine\u00a0\u00bb a d\u00e9fray\u00e9 la chronique lors du <u>Covid-19<\/u>, changeant durablement les modes de travail des praticiens.<\/li>\n<\/ul>\n<p>Une immersion r\u00e9p\u00e9t\u00e9e dans ces univers lexicalement marqu\u00e9s, au moyen de cas r\u00e9els et d\u2019\u00e9tudes de terrain publi\u00e9es par des institutions reconnues, permet \u00e0 chacun de faciliter rapidement son int\u00e9gration et d\u2019optimiser sa participation aux \u00e9changes professionnels.\n<\/p>\n<h2>Les Erreurs Courantes \u00e0 \u00c9viter dans l&rsquo;Utilisation du Vocabulaire Professionnel<\/h2>\n<p>\nConna\u00eetre la terminologie ne suffit pas ; son maniement doit respecter certains codes pour \u00e9viter d\u2019entacher notre cr\u00e9dibilit\u00e9.<\/p>\n<ul>\n<li><strong>Utilisation du jargon devant des non-initi\u00e9s :<\/strong> Le mot \u00ab\u00a0disruption\u00a0\u00bb, pl\u00e9biscit\u00e9 lors de la <strong>Tech for Good Summit 2024<\/strong> \u00e0 Paris, peut cr\u00e9er un foss\u00e9 de compr\u00e9hension lors de r\u00e9unions interfi?liales impliquant des collaborateurs du secteur public.<\/li>\n<li><strong>Confusion entre termes proches :<\/strong> Les diff\u00e9rences de sens entre \u00ab\u00a0revenu net\u00a0\u00bb et \u00ab\u00a0revenu net imposable\u00a0\u00bb en fiscalit\u00e9, central lors de la campagne de d\u00e9claration 2025 pilot\u00e9e par la <strong>Direction g\u00e9n\u00e9rale des finances publiques (DGFIP)<\/strong>, pr\u00eatent souvent \u00e0 confusion pour les nouveaux arrivants.<\/li>\n<li><strong>Usage d\u2019acronymes non explicit\u00e9s :<\/strong> Introduire \u00ab\u00a0CRM\u00a0\u00bb lors d\u2019un expos\u00e9 sans pr\u00e9ciser \u00ab\u00a0Customer Relationship Management\u00a0\u00bb peut d\u00e9sorienter des \u00e9quipes nouvellement int\u00e9gr\u00e9es dans la filiale d&rsquo;un groupe international comme <strong>L&rsquo;Or\u00e9al<\/strong>.<\/li>\n<li><strong>Abus d\u2019anglicismes :<\/strong> L\u2019expression \u00ab\u00a0kickoff meeting\u00a0\u00bb, \u00e0 la mode lors des projets chez <strong>Capgemini<\/strong>, est parfois jug\u00e9e peu pertinente lors des \u00e9changes avec des partenaires en <strong>Italie<\/strong> ou au <strong>Japon<\/strong>, o\u00f9 la clart\u00e9 du langage prime.<\/li>\n<\/ul>\n<p>L\u2019attention port\u00e9e \u00e0 ces \u00e9cueils ainsi que l\u2019adaptabilit\u00e9 de notre discours renforcent la confiance mutuelle et participent \u00e0 l\u2019efficacit\u00e9 des communications interservices.\n<\/p>\n<h2>Ressources et Outils pour Am\u00e9liorer Son Vocabulaire<\/h2>\n<p>\nNous disposons aujourd\u2019hui d\u2019une palette \u00e9tendue d\u2019outils pour perfectionner et actualiser notre ma\u00eetrise du lexique professionnel. Quelques solutions cibl\u00e9es, employ\u00e9es avec succ\u00e8s dans des environnements multiculturels tels que le si\u00e8ge de <strong>Renault Group \u00e0 Boulogne-Billancourt<\/strong> :<\/p>\n<ul>\n<li><strong>Dictionnaires sp\u00e9cialis\u00e9s :<\/strong> Les plateformes propos\u00e9es par l\u2019<strong>OQLF<\/strong> ou les \u00e9ditions sectorielles de <strong>Dunod<\/strong> pour la finance et les RH apportent des d\u00e9finitions fiables, contextualis\u00e9es et r\u00e9guli\u00e8rement mises \u00e0 jour depuis <u>2024<\/u>.<\/li>\n<li><strong>Forums professionnels et r\u00e9seaux sociaux :<\/strong> Les groupes LinkedIn comme \u00ab\u00a0<strong>Data Science Paris<\/strong>\u00a0\u00bb ou \u00ab\u00a0<strong>Managers en action \u2013 France<\/strong>\u00a0\u00bb permettent d\u2019obtenir des clarifications lexicales rapides et d\u2019interpr\u00e9ter les \u00e9volutions du jargon m\u00e9tier en temps r\u00e9el.<\/li>\n<li><strong>Podcasts, webinaires et MOOCs :<\/strong> Le podcast \u00ab\u00a0<strong>Le Gratin<\/strong>\u00a0\u00bb anim\u00e9 par <strong>Pauline Laigneau, entrepreneure reconnue<\/strong>, offre des interviews ponctu\u00e9es de lexiques propres au business contemporain, et les MOOCs certifiants de <strong>Coursera<\/strong>, utilis\u00e9s par <strong>LVMH<\/strong> lors des formations internes depuis <u>2023<\/u>, favorisent l\u2019ancrage de la terminologie sectorielle.<\/li>\n<li><strong>Applications mobiles :<\/strong> L\u2019usage quotidien de <strong>Duolingo English Test for Business<\/strong> ou de <strong>Cerego<\/strong> pour des r\u00e9visions cibl\u00e9es permet d\u2019assimiler du vocabulaire tout en mesurant la progression, m\u00e9thode privil\u00e9gi\u00e9e par les \u00e9quipes d\u2019innovation de <strong>Orange Business Services<\/strong>.<\/li>\n<\/ul>\n<p>Le recours r\u00e9gulier \u00e0 ces supports, coupl\u00e9 \u00e0 une participation active \u00e0 des conf\u00e9rences comme le \u00ab\u00a0<strong>Salon des Entrepreneurs Paris 2025<\/strong>\u00ab\u00a0, renforce la m\u00e9morisation des terminologies et anticipe les mutations du march\u00e9 du travail.\n<\/p>\n<h2>Conclusion : Vers une Ma\u00eetrise du Vocabulaire Professionnel<\/h2>\n<p>\nAcqu\u00e9rir le <strong>vocabulaire professionnel adapt\u00e9 \u00e0 notre secteur<\/strong> est sans conteste un vecteur d\u2019ascension et un gage d\u2019int\u00e9gration r\u00e9ussie. Nous, professionnels engag\u00e9s dans un environnement en perp\u00e9tuelle mutation, gagnons en efficacit\u00e9, obtenons le respect de nos interlocuteurs et consolidons notre r\u00f4le de r\u00e9f\u00e9rent dans l\u2019entit\u00e9. Investir du temps dans l\u2019approfondissement de cette comp\u00e9tence \u2013 par la consultation r\u00e9guli\u00e8re de dictionnaires, la participation \u00e0 des webinaires ou l&rsquo;entra\u00eenement via des outils num\u00e9riques \u2013 constitue un atout durable pour notre carri\u00e8re. Avis expert : pour maintenir ce niveau d\u2019exigence, veillons \u00e0 ajuster notre langage selon les contextes et \u00e0 diffuser ces bonnes pratiques dans notre r\u00e9seau professionnel, convaincus que <strong>la ma\u00eetrise d\u2019un lexique m\u00e9tier pr\u00e9cis<\/strong> sert \u00e0 la fois la performance individuelle et la prosp\u00e9rit\u00e9 collective. Explorez les ressources recommand\u00e9es, et n\u2019h\u00e9sitez pas \u00e0 transmettre cet article pour enrichir les \u00e9changes de votre communaut\u00e9 professionnelle.\n<\/p>\n<div style=\"background: #e8f4f8;border: 3px solid #0073aa;padding: 20px;margin: 20px 0;border-radius: 8px\">\n<h2 style=\"color: #0073aa;text-align: center;margin-bottom: 15px\">\ud83d\udd27 Ressources Pratiques et Outils<\/h2>\n<div style=\"background: white;padding: 15px;margin: 10px 0;border-left: 4px solid #28a745\">\n<h3 style=\"color: #28a745;margin-bottom: 10px\">\ud83d\udccd Cabinets d&rsquo;Avocats et Entreprises Sp\u00e9cialis\u00e9es<\/h3>\n<p>\n&#8211; <strong>Walter Billet Avocats<\/strong>, cabinet sp\u00e9cialis\u00e9 en droit des soci\u00e9t\u00e9s et IT, <br \/>\n  42 rue de Lisbonne, 75008 Paris. <br \/>\n  Contact : non pr\u00e9cis\u00e9. <br \/>\n  Site : <a href=\"http:\/\/www.walter-billet.com\" rel=\"nofollow\">www.walter-billet.com<\/a> (pr\u00e9sum\u00e9).\n<\/p>\n<p>\n&#8211; <strong>Allen &amp; Overy<\/strong>, <br \/>\n  32 rue Fran\u00e7ois 1er, 75008 Paris. <br \/>\n  Contact : <a href=\"mailto:Paris.Reception@AllenOvery.com\">Paris.Reception@AllenOvery.com<\/a>. <br \/>\n  Site : <a href=\"http:\/\/www.allenovery.com\" rel=\"nofollow\">www.allenovery.com<\/a>.\n<\/p>\n<p>\n&#8211; <strong>Alcmeon<\/strong>, <br \/>\n  28 boulevard Raspail, 75007 Paris. <br \/>\n  Contact : <a href=\"mailto:martin.roesner@alcmeon.com\">martin.roesner@alcmeon.com<\/a>. <br \/>\n  Site : <a href=\"http:\/\/www.alcmeon.com\" rel=\"nofollow\">www.alcmeon.com<\/a>.\n<\/p>\n<\/div>\n<div style=\"background: white;padding: 15px;margin: 10px 0;border-left: 4px solid #007bff\">\n<h3 style=\"color: #007bff;margin-bottom: 10px\">\ud83d\udee0\ufe0f Outils et Calculateurs<\/h3>\n<p>\n&#8211; <strong>Red Hat<\/strong> : Logiciels open source, entreprise, cloud, s\u00e9curit\u00e9, automation. <br \/>\n  Site : <a href=\"http:\/\/www.redhat.com\" rel=\"nofollow\">www.redhat.com<\/a>.\n<\/p>\n<p>\n&#8211; <strong>SAS<\/strong> : Analyse de donn\u00e9es, intelligence artificielle, business intelligence. <br \/>\n  Site : <a href=\"https:\/\/www.sas.com\" rel=\"nofollow\">www.sas.com<\/a>.\n<\/p>\n<p>\n&#8211; <strong>Exosens<\/strong> : Imagerie, d\u00e9tection technologique, \u00e9lectronique professionnelle. <br \/>\n  Site : <a href=\"https:\/\/www.exosens.com\" rel=\"nofollow\">www.exosens.com<\/a>.\n<\/p>\n<\/div>\n<div style=\"background: white;padding: 15px;margin: 10px 0;border-left: 4px solid #6f42c1\">\n<h3 style=\"color: #6f42c1;margin-bottom: 10px\">\ud83d\udc65 Communaut\u00e9 et Experts<\/h3>\n<p>\n&#8211; <strong>Forum emploi ESIEE Paris<\/strong> : Rencontre \u00e9tudiants\/entreprises, 6 novembre 2025. <br \/>\n  Site : <a href=\"http:\/\/www.esiee.fr\" rel=\"nofollow\">www.esiee.fr<\/a>.\n<\/p>\n<p>\n&#8211; <strong>Contact pour Red Hat Summit<\/strong> : <a href=\"mailto:marketing-france@redhat.com\">marketing-france@redhat.com<\/a>.\n<\/p>\n<\/div>\n<div style=\"background: #fff3cd;padding: 15px;margin: 15px 0;border: 2px solid #ffc107;border-radius: 5px\">\n<strong style=\"color: #856404\">\ud83d\udca1 R\u00e9sum\u00e9 en 2 lignes :<\/strong><br \/>\n<span>Explorez des ressources professionnelles \u00e0 Paris, incluant des cabinets d&rsquo;avocats, des outils technologiques et des forums d&#8217;emploi pour enrichir votre vocabulaire et votre r\u00e9seau professionnel.<\/span>\n<\/div>\n<\/div>\n","protected":false},"excerpt":{"rendered":"","protected":false},"author":34,"featured_media":7812,"comment_status":"open","ping_status":"open","sticky":false,"template":"","format":"standard","meta":{"_acf_changed":false,"manual_indexmenow":false,"indexmenow_id_project":0,"footnotes":""},"categories":[4521],"tags":[4534,4799,4798],"class_list":["post-7810","post","type-post","status-publish","format-standard","has-post-thumbnail","hentry","category-guides-de-conjugaison","tag-communication-efficace","tag-milieu-travail","tag-vocabulaire-professionnel","generate-columns","tablet-grid-50","mobile-grid-100","grid-parent","grid-25"],"acf":[],"yoast_head":"<!-- This site is optimized with the Yoast SEO Premium plugin v21.3 (Yoast SEO v25.6) - https:\/\/yoast.com\/wordpress\/plugins\/seo\/ -->\n<title>Le vocabulaire professionnel : cl\u00e9s pour bien communiquer<\/title>\n<meta name=\"description\" content=\"Comprendre le vocabulaire professionnel : les cl\u00e9s pour une communication efficace au travail et des \u00e9changes clairs avec vos coll\u00e8gues.\" \/>\n<meta name=\"robots\" content=\"index, follow, max-snippet:-1, max-image-preview:large, max-video-preview:-1\" \/>\n<link rel=\"canonical\" href=\"https:\/\/conjugaison-de-verbes.com\/blog\/guides-de-conjugaison\/comprendre-le-vocabulaire-professionnel-cles-pour-une-communication-efficace-au-travail\/\" \/>\n<meta property=\"og:locale\" content=\"fr_FR\" \/>\n<meta property=\"og:type\" content=\"article\" \/>\n<meta property=\"og:title\" content=\"Le vocabulaire professionnel : cl\u00e9s pour bien communiquer\" \/>\n<meta property=\"og:description\" content=\"Comprendre le vocabulaire professionnel : les cl\u00e9s pour une communication efficace au travail et des \u00e9changes clairs avec vos coll\u00e8gues.\" \/>\n<meta property=\"og:url\" content=\"https:\/\/conjugaison-de-verbes.com\/blog\/guides-de-conjugaison\/comprendre-le-vocabulaire-professionnel-cles-pour-une-communication-efficace-au-travail\/\" \/>\n<meta property=\"og:site_name\" content=\"conjugaison-de-verbes\" \/>\n<meta property=\"og:image\" content=\"https:\/\/conjugaison-de-verbes.com\/blog\/wp-content\/uploads\/2025\/10\/pag-image-68ea5beda0b5c-scaled.png\" \/>\n\t<meta property=\"og:image:width\" content=\"1200\" \/>\n\t<meta property=\"og:image:height\" content=\"686\" \/>\n\t<meta property=\"og:image:type\" content=\"image\/png\" \/>\n<meta name=\"author\" content=\"Rapha\u00ebl D.\" \/>\n<meta name=\"twitter:card\" content=\"summary_large_image\" \/>\n<script type=\"application\/ld+json\" class=\"yoast-schema-graph\">{\"@context\":\"https:\/\/schema.org\",\"@graph\":[{\"@type\":\"NewsArticle\",\"@id\":\"https:\/\/conjugaison-de-verbes.com\/blog\/guides-de-conjugaison\/comprendre-le-vocabulaire-professionnel-cles-pour-une-communication-efficace-au-travail\/#article\",\"isPartOf\":{\"@id\":\"https:\/\/conjugaison-de-verbes.com\/blog\/guides-de-conjugaison\/comprendre-le-vocabulaire-professionnel-cles-pour-une-communication-efficace-au-travail\/\"},\"author\":{\"name\":\"Rapha\u00ebl D.\",\"@id\":\"https:\/\/conjugaison-de-verbes.com\/blog\/#\/schema\/person\/3c864cdc320801e3db34b663e7e3f816\"},\"headline\":\"Comprendre le vocabulaire professionnel : cl\u00e9s pour une communication efficace au travail\",\"datePublished\":\"2025-11-10T08:08:00+00:00\",\"mainEntityOfPage\":{\"@id\":\"https:\/\/conjugaison-de-verbes.com\/blog\/guides-de-conjugaison\/comprendre-le-vocabulaire-professionnel-cles-pour-une-communication-efficace-au-travail\/\"},\"wordCount\":1971,\"commentCount\":0,\"publisher\":{\"@id\":\"https:\/\/conjugaison-de-verbes.com\/blog\/#organization\"},\"image\":{\"@id\":\"https:\/\/conjugaison-de-verbes.com\/blog\/guides-de-conjugaison\/comprendre-le-vocabulaire-professionnel-cles-pour-une-communication-efficace-au-travail\/#primaryimage\"},\"thumbnailUrl\":\"https:\/\/conjugaison-de-verbes.com\/blog\/wp-content\/uploads\/2025\/10\/pag-image-68ea5beda0b5c-scaled.png\",\"keywords\":[\"Communication Efficace\",\"milieu travail\",\"vocabulaire professionnel\"],\"articleSection\":[\"Guides de Conjugaison\"],\"inLanguage\":\"fr-FR\",\"potentialAction\":[{\"@type\":\"CommentAction\",\"name\":\"Comment\",\"target\":[\"https:\/\/conjugaison-de-verbes.com\/blog\/guides-de-conjugaison\/comprendre-le-vocabulaire-professionnel-cles-pour-une-communication-efficace-au-travail\/#respond\"]}]},{\"@type\":\"WebPage\",\"@id\":\"https:\/\/conjugaison-de-verbes.com\/blog\/guides-de-conjugaison\/comprendre-le-vocabulaire-professionnel-cles-pour-une-communication-efficace-au-travail\/\",\"url\":\"https:\/\/conjugaison-de-verbes.com\/blog\/guides-de-conjugaison\/comprendre-le-vocabulaire-professionnel-cles-pour-une-communication-efficace-au-travail\/\",\"name\":\"Le vocabulaire professionnel : cl\u00e9s pour bien communiquer\",\"isPartOf\":{\"@id\":\"https:\/\/conjugaison-de-verbes.com\/blog\/#website\"},\"primaryImageOfPage\":{\"@id\":\"https:\/\/conjugaison-de-verbes.com\/blog\/guides-de-conjugaison\/comprendre-le-vocabulaire-professionnel-cles-pour-une-communication-efficace-au-travail\/#primaryimage\"},\"image\":{\"@id\":\"https:\/\/conjugaison-de-verbes.com\/blog\/guides-de-conjugaison\/comprendre-le-vocabulaire-professionnel-cles-pour-une-communication-efficace-au-travail\/#primaryimage\"},\"thumbnailUrl\":\"https:\/\/conjugaison-de-verbes.com\/blog\/wp-content\/uploads\/2025\/10\/pag-image-68ea5beda0b5c-scaled.png\",\"datePublished\":\"2025-11-10T08:08:00+00:00\",\"description\":\"Comprendre le vocabulaire professionnel : les cl\u00e9s pour une communication efficace au travail et des \u00e9changes clairs avec vos coll\u00e8gues.\",\"inLanguage\":\"fr-FR\",\"potentialAction\":[{\"@type\":\"ReadAction\",\"target\":[\"https:\/\/conjugaison-de-verbes.com\/blog\/guides-de-conjugaison\/comprendre-le-vocabulaire-professionnel-cles-pour-une-communication-efficace-au-travail\/\"]}]},{\"@type\":\"ImageObject\",\"inLanguage\":\"fr-FR\",\"@id\":\"https:\/\/conjugaison-de-verbes.com\/blog\/guides-de-conjugaison\/comprendre-le-vocabulaire-professionnel-cles-pour-une-communication-efficace-au-travail\/#primaryimage\",\"url\":\"https:\/\/conjugaison-de-verbes.com\/blog\/wp-content\/uploads\/2025\/10\/pag-image-68ea5beda0b5c-scaled.png\",\"contentUrl\":\"https:\/\/conjugaison-de-verbes.com\/blog\/wp-content\/uploads\/2025\/10\/pag-image-68ea5beda0b5c-scaled.png\",\"width\":1200,\"height\":686,\"caption\":\"Image g\u00e9n\u00e9r\u00e9e par IA optimis\u00e9e pour Google Discover\"},{\"@type\":\"WebSite\",\"@id\":\"https:\/\/conjugaison-de-verbes.com\/blog\/#website\",\"url\":\"https:\/\/conjugaison-de-verbes.com\/blog\/\",\"name\":\"conjugaison-de-verbes.com\",\"description\":\"Conjugaison de Verbes, ma\u00eetrisez la langue fran\u00e7aise\",\"publisher\":{\"@id\":\"https:\/\/conjugaison-de-verbes.com\/blog\/#organization\"},\"alternateName\":\"Conjugaison de Verbes, ma\u00eetrisez la langue fran\u00e7aise\",\"potentialAction\":[{\"@type\":\"SearchAction\",\"target\":{\"@type\":\"EntryPoint\",\"urlTemplate\":\"https:\/\/conjugaison-de-verbes.com\/blog\/?s={search_term_string}\"},\"query-input\":{\"@type\":\"PropertyValueSpecification\",\"valueRequired\":true,\"valueName\":\"search_term_string\"}}],\"inLanguage\":\"fr-FR\"},{\"@type\":\"Organization\",\"@id\":\"https:\/\/conjugaison-de-verbes.com\/blog\/#organization\",\"name\":\"Foretsensations.fr\",\"url\":\"https:\/\/conjugaison-de-verbes.com\/blog\/\",\"logo\":{\"@type\":\"ImageObject\",\"inLanguage\":\"fr-FR\",\"@id\":\"https:\/\/conjugaison-de-verbes.com\/blog\/#\/schema\/logo\/image\/\",\"url\":\"https:\/\/conjugaison-de-verbes.com\/blog\/wp-content\/uploads\/2024\/12\/10.png\",\"contentUrl\":\"https:\/\/conjugaison-de-verbes.com\/blog\/wp-content\/uploads\/2024\/12\/10.png\",\"width\":500,\"height\":500,\"caption\":\"Foretsensations.fr\"},\"image\":{\"@id\":\"https:\/\/conjugaison-de-verbes.com\/blog\/#\/schema\/logo\/image\/\"}},{\"@type\":\"Person\",\"@id\":\"https:\/\/conjugaison-de-verbes.com\/blog\/#\/schema\/person\/3c864cdc320801e3db34b663e7e3f816\",\"name\":\"Rapha\u00ebl D.\",\"image\":{\"@type\":\"ImageObject\",\"inLanguage\":\"fr-FR\",\"@id\":\"https:\/\/conjugaison-de-verbes.com\/blog\/#\/schema\/person\/image\/\",\"url\":\"https:\/\/conjugaison-de-verbes.com\/blog\/wp-content\/uploads\/2026\/06\/persona_raphael-d-150x150.jpg\",\"contentUrl\":\"https:\/\/conjugaison-de-verbes.com\/blog\/wp-content\/uploads\/2026\/06\/persona_raphael-d-150x150.jpg\",\"caption\":\"Rapha\u00ebl D.\"},\"description\":\"La culture est mon terrain de jeu depuis une dizaine d'ann\u00e9es : arts visuels, s\u00e9ries, cr\u00e9ation et tout ce qui nourrit l'imaginaire. J'\u00e9cris aussi bien sur l'actualit\u00e9 des \u0153uvres que sur les coulisses de la cr\u00e9ation, avec l'envie de relier l'amateur curieux \u00e0 des univers parfois jug\u00e9s intimidants. J'aime analyser une s\u00e9rie ou une d\u00e9marche artistique sans p\u00e9dantisme, replacer une \u0153uvre dans son contexte et donner des cl\u00e9s de lecture accessibles. Avant de publier, je v\u00e9rifie mes r\u00e9f\u00e9rences, je recoupe les sources et je distingue clairement le fait de mon interpr\u00e9tation subjective. Je crois qu'une critique vaut surtout par les arguments qu'elle expose, pas par la sentence qu'elle rend. Mon angle : transmettre l'envie de d\u00e9couvrir, de regarder autrement et de se forger son propre go\u00fbt. La culture n'appartient pas qu'aux initi\u00e9s, et c'est tout l'enjeu de mon \u00e9criture.\",\"url\":\"https:\/\/conjugaison-de-verbes.com\/blog\/auteur\/raphael-d\/\",\"jobTitle\":\"R\u00e9dacteur en chef \u00b7 Culture & Cr\u00e9ation\",\"knowsAbout\":[\"Culture\",\"Cr\u00e9ation\"],\"email\":\"raphael.d@a-l-asso-de-l-art.fr\"}]}<\/script>\n<!-- \/ Yoast SEO Premium plugin. -->","yoast_head_json":{"title":"Le vocabulaire professionnel : cl\u00e9s pour bien communiquer","description":"Comprendre le vocabulaire professionnel : les cl\u00e9s pour une communication efficace au travail et des \u00e9changes clairs avec vos coll\u00e8gues.","robots":{"index":"index","follow":"follow","max-snippet":"max-snippet:-1","max-image-preview":"max-image-preview:large","max-video-preview":"max-video-preview:-1"},"canonical":"https:\/\/conjugaison-de-verbes.com\/blog\/guides-de-conjugaison\/comprendre-le-vocabulaire-professionnel-cles-pour-une-communication-efficace-au-travail\/","og_locale":"fr_FR","og_type":"article","og_title":"Le vocabulaire professionnel : cl\u00e9s pour bien communiquer","og_description":"Comprendre le vocabulaire professionnel : les cl\u00e9s pour une communication efficace au travail et des \u00e9changes clairs avec vos coll\u00e8gues.","og_url":"https:\/\/conjugaison-de-verbes.com\/blog\/guides-de-conjugaison\/comprendre-le-vocabulaire-professionnel-cles-pour-une-communication-efficace-au-travail\/","og_site_name":"conjugaison-de-verbes","og_image":[{"width":1200,"height":686,"url":"https:\/\/conjugaison-de-verbes.com\/blog\/wp-content\/uploads\/2025\/10\/pag-image-68ea5beda0b5c-scaled.png","type":"image\/png"}],"author":"Rapha\u00ebl D.","twitter_card":"summary_large_image","schema":{"@context":"https:\/\/schema.org","@graph":[{"@type":"NewsArticle","@id":"https:\/\/conjugaison-de-verbes.com\/blog\/guides-de-conjugaison\/comprendre-le-vocabulaire-professionnel-cles-pour-une-communication-efficace-au-travail\/#article","isPartOf":{"@id":"https:\/\/conjugaison-de-verbes.com\/blog\/guides-de-conjugaison\/comprendre-le-vocabulaire-professionnel-cles-pour-une-communication-efficace-au-travail\/"},"author":{"name":"Rapha\u00ebl D.","@id":"https:\/\/conjugaison-de-verbes.com\/blog\/#\/schema\/person\/3c864cdc320801e3db34b663e7e3f816"},"headline":"Comprendre le vocabulaire professionnel : cl\u00e9s pour une communication efficace au travail","datePublished":"2025-11-10T08:08:00+00:00","mainEntityOfPage":{"@id":"https:\/\/conjugaison-de-verbes.com\/blog\/guides-de-conjugaison\/comprendre-le-vocabulaire-professionnel-cles-pour-une-communication-efficace-au-travail\/"},"wordCount":1971,"commentCount":0,"publisher":{"@id":"https:\/\/conjugaison-de-verbes.com\/blog\/#organization"},"image":{"@id":"https:\/\/conjugaison-de-verbes.com\/blog\/guides-de-conjugaison\/comprendre-le-vocabulaire-professionnel-cles-pour-une-communication-efficace-au-travail\/#primaryimage"},"thumbnailUrl":"https:\/\/conjugaison-de-verbes.com\/blog\/wp-content\/uploads\/2025\/10\/pag-image-68ea5beda0b5c-scaled.png","keywords":["Communication Efficace","milieu travail","vocabulaire professionnel"],"articleSection":["Guides de Conjugaison"],"inLanguage":"fr-FR","potentialAction":[{"@type":"CommentAction","name":"Comment","target":["https:\/\/conjugaison-de-verbes.com\/blog\/guides-de-conjugaison\/comprendre-le-vocabulaire-professionnel-cles-pour-une-communication-efficace-au-travail\/#respond"]}]},{"@type":"WebPage","@id":"https:\/\/conjugaison-de-verbes.com\/blog\/guides-de-conjugaison\/comprendre-le-vocabulaire-professionnel-cles-pour-une-communication-efficace-au-travail\/","url":"https:\/\/conjugaison-de-verbes.com\/blog\/guides-de-conjugaison\/comprendre-le-vocabulaire-professionnel-cles-pour-une-communication-efficace-au-travail\/","name":"Le vocabulaire professionnel : cl\u00e9s pour bien communiquer","isPartOf":{"@id":"https:\/\/conjugaison-de-verbes.com\/blog\/#website"},"primaryImageOfPage":{"@id":"https:\/\/conjugaison-de-verbes.com\/blog\/guides-de-conjugaison\/comprendre-le-vocabulaire-professionnel-cles-pour-une-communication-efficace-au-travail\/#primaryimage"},"image":{"@id":"https:\/\/conjugaison-de-verbes.com\/blog\/guides-de-conjugaison\/comprendre-le-vocabulaire-professionnel-cles-pour-une-communication-efficace-au-travail\/#primaryimage"},"thumbnailUrl":"https:\/\/conjugaison-de-verbes.com\/blog\/wp-content\/uploads\/2025\/10\/pag-image-68ea5beda0b5c-scaled.png","datePublished":"2025-11-10T08:08:00+00:00","description":"Comprendre le vocabulaire professionnel : les cl\u00e9s pour une communication efficace au travail et des \u00e9changes clairs avec vos coll\u00e8gues.","inLanguage":"fr-FR","potentialAction":[{"@type":"ReadAction","target":["https:\/\/conjugaison-de-verbes.com\/blog\/guides-de-conjugaison\/comprendre-le-vocabulaire-professionnel-cles-pour-une-communication-efficace-au-travail\/"]}]},{"@type":"ImageObject","inLanguage":"fr-FR","@id":"https:\/\/conjugaison-de-verbes.com\/blog\/guides-de-conjugaison\/comprendre-le-vocabulaire-professionnel-cles-pour-une-communication-efficace-au-travail\/#primaryimage","url":"https:\/\/conjugaison-de-verbes.com\/blog\/wp-content\/uploads\/2025\/10\/pag-image-68ea5beda0b5c-scaled.png","contentUrl":"https:\/\/conjugaison-de-verbes.com\/blog\/wp-content\/uploads\/2025\/10\/pag-image-68ea5beda0b5c-scaled.png","width":1200,"height":686,"caption":"Image g\u00e9n\u00e9r\u00e9e par IA optimis\u00e9e pour Google Discover"},{"@type":"WebSite","@id":"https:\/\/conjugaison-de-verbes.com\/blog\/#website","url":"https:\/\/conjugaison-de-verbes.com\/blog\/","name":"conjugaison-de-verbes.com","description":"Conjugaison de Verbes, ma\u00eetrisez la langue fran\u00e7aise","publisher":{"@id":"https:\/\/conjugaison-de-verbes.com\/blog\/#organization"},"alternateName":"Conjugaison de Verbes, ma\u00eetrisez la langue fran\u00e7aise","potentialAction":[{"@type":"SearchAction","target":{"@type":"EntryPoint","urlTemplate":"https:\/\/conjugaison-de-verbes.com\/blog\/?s={search_term_string}"},"query-input":{"@type":"PropertyValueSpecification","valueRequired":true,"valueName":"search_term_string"}}],"inLanguage":"fr-FR"},{"@type":"Organization","@id":"https:\/\/conjugaison-de-verbes.com\/blog\/#organization","name":"Foretsensations.fr","url":"https:\/\/conjugaison-de-verbes.com\/blog\/","logo":{"@type":"ImageObject","inLanguage":"fr-FR","@id":"https:\/\/conjugaison-de-verbes.com\/blog\/#\/schema\/logo\/image\/","url":"https:\/\/conjugaison-de-verbes.com\/blog\/wp-content\/uploads\/2024\/12\/10.png","contentUrl":"https:\/\/conjugaison-de-verbes.com\/blog\/wp-content\/uploads\/2024\/12\/10.png","width":500,"height":500,"caption":"Foretsensations.fr"},"image":{"@id":"https:\/\/conjugaison-de-verbes.com\/blog\/#\/schema\/logo\/image\/"}},{"@type":"Person","@id":"https:\/\/conjugaison-de-verbes.com\/blog\/#\/schema\/person\/3c864cdc320801e3db34b663e7e3f816","name":"Rapha\u00ebl D.","image":{"@type":"ImageObject","inLanguage":"fr-FR","@id":"https:\/\/conjugaison-de-verbes.com\/blog\/#\/schema\/person\/image\/","url":"https:\/\/conjugaison-de-verbes.com\/blog\/wp-content\/uploads\/2026\/06\/persona_raphael-d-150x150.jpg","contentUrl":"https:\/\/conjugaison-de-verbes.com\/blog\/wp-content\/uploads\/2026\/06\/persona_raphael-d-150x150.jpg","caption":"Rapha\u00ebl D."},"description":"La culture est mon terrain de jeu depuis une dizaine d'ann\u00e9es : arts visuels, s\u00e9ries, cr\u00e9ation et tout ce qui nourrit l'imaginaire. J'\u00e9cris aussi bien sur l'actualit\u00e9 des \u0153uvres que sur les coulisses de la cr\u00e9ation, avec l'envie de relier l'amateur curieux \u00e0 des univers parfois jug\u00e9s intimidants. J'aime analyser une s\u00e9rie ou une d\u00e9marche artistique sans p\u00e9dantisme, replacer une \u0153uvre dans son contexte et donner des cl\u00e9s de lecture accessibles. Avant de publier, je v\u00e9rifie mes r\u00e9f\u00e9rences, je recoupe les sources et je distingue clairement le fait de mon interpr\u00e9tation subjective. Je crois qu'une critique vaut surtout par les arguments qu'elle expose, pas par la sentence qu'elle rend. Mon angle : transmettre l'envie de d\u00e9couvrir, de regarder autrement et de se forger son propre go\u00fbt. La culture n'appartient pas qu'aux initi\u00e9s, et c'est tout l'enjeu de mon \u00e9criture.","url":"https:\/\/conjugaison-de-verbes.com\/blog\/auteur\/raphael-d\/","jobTitle":"R\u00e9dacteur en chef \u00b7 Culture & Cr\u00e9ation","knowsAbout":["Culture","Cr\u00e9ation"],"email":"raphael.d@a-l-asso-de-l-art.fr"}]}},"_links":{"self":[{"href":"https:\/\/conjugaison-de-verbes.com\/blog\/wp-json\/wp\/v2\/posts\/7810","targetHints":{"allow":["GET"]}}],"collection":[{"href":"https:\/\/conjugaison-de-verbes.com\/blog\/wp-json\/wp\/v2\/posts"}],"about":[{"href":"https:\/\/conjugaison-de-verbes.com\/blog\/wp-json\/wp\/v2\/types\/post"}],"author":[{"embeddable":true,"href":"https:\/\/conjugaison-de-verbes.com\/blog\/wp-json\/wp\/v2\/users\/34"}],"replies":[{"embeddable":true,"href":"https:\/\/conjugaison-de-verbes.com\/blog\/wp-json\/wp\/v2\/comments?post=7810"}],"version-history":[{"count":1,"href":"https:\/\/conjugaison-de-verbes.com\/blog\/wp-json\/wp\/v2\/posts\/7810\/revisions"}],"predecessor-version":[{"id":7842,"href":"https:\/\/conjugaison-de-verbes.com\/blog\/wp-json\/wp\/v2\/posts\/7810\/revisions\/7842"}],"wp:featuredmedia":[{"embeddable":true,"href":"https:\/\/conjugaison-de-verbes.com\/blog\/wp-json\/wp\/v2\/media\/7812"}],"wp:attachment":[{"href":"https:\/\/conjugaison-de-verbes.com\/blog\/wp-json\/wp\/v2\/media?parent=7810"}],"wp:term":[{"taxonomy":"category","embeddable":true,"href":"https:\/\/conjugaison-de-verbes.com\/blog\/wp-json\/wp\/v2\/categories?post=7810"},{"taxonomy":"post_tag","embeddable":true,"href":"https:\/\/conjugaison-de-verbes.com\/blog\/wp-json\/wp\/v2\/tags?post=7810"}],"curies":[{"name":"wp","href":"https:\/\/api.w.org\/{rel}","templated":true}]}}