{"id":7792,"date":"2025-10-23T09:54:00","date_gmt":"2025-10-23T07:54:00","guid":{"rendered":"https:\/\/conjugaison-de-verbes.com\/blog\/?p=7792"},"modified":"2025-10-23T09:54:00","modified_gmt":"2025-10-23T07:54:00","slug":"histoire-et-symbolisme-du-sapin-de-noel-la-magie-dun-symbole-universel","status":"publish","type":"post","link":"https:\/\/conjugaison-de-verbes.com\/blog\/guides-de-conjugaison\/histoire-et-symbolisme-du-sapin-de-noel-la-magie-dun-symbole-universel\/","title":{"rendered":"Histoire et symbolisme du sapin de No\u00ebl : la magie d\u2019un symbole universel"},"content":{"rendered":"<div style=\"background: linear-gradient(135deg, #f5f7fa 0%, #e9ecef 100%);border-left: 4px solid #0073aa;padding: 15px 20px;margin: 0 0 25px 0;border-radius: 0 8px 8px 0\">\n<p style=\"margin: 0;font-size: 14px;color: #0073aa;font-weight: 600;text-transform: uppercase;letter-spacing: 1px;margin-bottom: 10px\">\ud83d\udccb En bref<\/p>\n<ul style=\"margin: 0;padding-left: 20px;list-style-type: none\">\n<li style=\"margin: 5px 0;color: #333;font-size: 15px;line-height: 1.5;position: relative;padding-left: 15px\"><span style=\"position: absolute;left: 0;color: #0073aa\">\u25b8<\/span> Le sapin de No\u00ebl, symbole festif universel, trouve ses origines dans des traditions anciennes li\u00e9es \u00e0 la vie \u00e9ternelle. Introduit en France par Marie Lesczynska et popularis\u00e9 par le Prince Albert en Grande-Bretagne, il est devenu un incontournable des c\u00e9l\u00e9brations. Sa po\u00e9sie inspire de nombreux \u00e9crivains, \u00e9voquant magie, lumi\u00e8re et souvenirs d&#039;enfance.<\/li>\n<\/ul>\n<\/div>\n<h1>Le Sapin de No?l : Po\u00e9sie et Magie d\u2019un Symbole Festif<\/h1>\n<h2>Introduction<\/h2>\n<p>\nLe <strong>sapin de No?l<\/strong> est un symbole festif universellement reconnu, qui transcende les cultures et les g\u00e9n\u00e9rations. Du solstice d&rsquo;hiver pa\u00efen aux c\u00e9l\u00e9brations modernes, il est devenu un \u00e9l\u00e9ment incontournable des f\u00eates de fin d&rsquo;ann\u00e9e. Son histoire, riche en traditions et en symbolisme, nous invite \u00e0 explorer les arcanes de ce symbole qui associe magie, po\u00e9sie et famille.\n<\/p>\n<h2>Qu&rsquo;est-ce que L\u2019Histoire du Sapin de No?l<\/h2>\n<p>\nLes origines du sapin de No?l remontent \u00e0 des temps anciens, o\u00f9 les <strong>branches vertes<\/strong> \u00e9taient utilis\u00e9es pour symboliser la vie \u00e9ternelle durant le solstice d&rsquo;hiver. Les <strong>Celtes<\/strong> avaient d\u00e9j\u00e0 associ\u00e9 l&rsquo;<strong>\u00e9pic\u00e9a<\/strong> \u00e0 ce moment sacr\u00e9, deux mill\u00e9naires avant notre \u00e8re. Plus tard, au Moyen \u00c2ge, le sapin devint un \u00e9l\u00e9ment central des <strong>sc\u00e9nographies du Paradis<\/strong> durant l&rsquo;Avent, garni de <strong>pommes rouges<\/strong> repr\u00e9sentant le p\u00e9ch\u00e9 originel d&rsquo;Adam et \u00c8ve[1][3]. <\/p>\n<p>La premi\u00e8re mention \u00e9crite d&rsquo;un sapin de No?l date de <strong>1521 en Alsace<\/strong>, o\u00f9 les gens d\u00e9coraient et br\u00fblaient ensuite l&rsquo;arbre[2][3]. Cette tradition s&rsquo;est r\u00e9pandue en Europe, notamment chez les <strong>protestants<\/strong>, qui l&rsquo;adopt\u00e8rent pour se distinguer des pratiques catholiques[3]. En France, c&rsquo;est Marie Lesczynska, \u00e9pouse de Louis XV, qui introduisit le sapin \u00e0 Versailles en <strong>1738<\/strong>, tandis qu&rsquo;en Grande-Bretagne, le Prince Albert popularisa cette tradition en <strong>1841<\/strong>[1][2].<\/p>\n<p>Aujourd&rsquo;hui, les <strong>Fran\u00e7ais ach\u00e8tent pr\u00e8s de 6 millions de sapins<\/strong> chaque ann\u00e9e, t\u00e9moignant de la persistance de cette pratique traditionnelle[2].\n<\/p>\n<p>\nVoici quelques <strong>traditions r\u00e9gionales<\/strong> int\u00e9ressantes li\u00e9es au sapin de No?l :<\/p>\n<ul>\n<li><strong>Alsace<\/strong> : R\u00e9gion o\u00f9 le sapin est n\u00e9, avec des traditions fortes autour de la d\u00e9coration et des conteurs de No?l.<\/li>\n<li><strong>Bourgogne-Franche-Comt\u00e9<\/strong> : Principale r\u00e9gion productrice de sapins de No?l en France, avec des cultures bien d\u00e9velopp\u00e9es dans le Morvan.<\/li>\n<li><strong>Grande-Bretagne<\/strong> : Le sapin fut introduit par le Prince Albert, marquant un tournant dans l&rsquo;adoption de cette tradition par la bourgeoisie britannique.<\/li>\n<\/ul>\n<h2>Les Avantages de Po\u00e9sie du Sapin de No?l<\/h2>\n<p>\nLe sapin de No?l inspire po\u00e8tes et \u00e9crivains, devient un vecteur de r\u00eave, de lumi\u00e8re et de f\u00e9\u00e9rie. Des \u00e9crits comme ceux de <strong>Th\u00e9ophile Gautier<\/strong>, <strong>Maurice Car\u00eame<\/strong>, <strong>\u00c9mile Verhaeren<\/strong> ou <strong>Rainer Maria Rilke<\/strong> illustrent sa puissance po\u00e9tique[2]. Les <strong>contes d&rsquo;Andersen<\/strong>, les <strong>po\u00e8mes contemporains<\/strong>, captivent par leur symbolique lumineuse et hivernale. Th\u00e8mes r\u00e9currents incluent la magie des lumi\u00e8res, la blancheur de la neige, l&rsquo;enfance retrouv\u00e9e et la puret\u00e9 originelle. <\/p>\n<p>Voici quelques id\u00e9es de po\u00e8mes \u00e0 lire ou \u00e0 \u00e9crire en famille pour raviver l&rsquo;imaginaire :<\/p>\n<ul>\n<li><strong>Th\u00e8mes Naturels<\/strong> : Explorer la neige, les montagnes, l&rsquo;\u00e9pic\u00e9a comme symboles de vie \u00e9ternelle.<\/li>\n<li><strong>Enfance et M\u00e9moire<\/strong> : \u00c9crire sur les souvenirs d&rsquo;enfance, les traditions familiales autour du sapin.<\/li>\n<li><strong>Lumi\u00e8re et F\u00e9\u00e9rie<\/strong> : Capturer la magie des lumi\u00e8res et des d\u00e9corations sur le sapin.<\/li>\n<\/ul>\n<p>\nEn \u00e9crivant ensemble des po\u00e8mes inspir\u00e9s par le sapin, on cr\u00e9e un livre de famille vivant, qui raconte l&rsquo;histoire de g\u00e9n\u00e9ration en g\u00e9n\u00e9ration. Cela permet de transmettre non seulement des traditions, mais aussi des \u00e9motions profondes et partag\u00e9es.\n<\/p>\n<h2>Comment Utiliser D\u00e9corer son Sapin&nbsp;: Un Art \u00e0 Part Enti\u00e8re<\/h2>\n<p>\nLe rituel de la d\u00e9coration du sapin est une tradition transmise de g\u00e9n\u00e9ration en g\u00e9n\u00e9ration, refl\u00e9tant les sensibilit\u00e9s familiales et personnelles. Choisir le bon sapin, disposer harmonieusement les d\u00e9corations, telles que les <strong>bougies<\/strong>, les <strong>clochettes<\/strong>, ou encore les <strong>guirlandes r\u00e9tro<\/strong>, est un art qui varie selon les tendances et les go\u00fbts. Voici quelques <strong>tendances d\u00e9coratives<\/strong> actuelles :<\/p>\n<ul>\n<li><strong>Traditionnelle<\/strong> : Utilisation de couleurs rouges et dor\u00e9s, d&rsquo;ornements en bois, et de guirlandes r\u00e9tro.<\/li>\n<li><strong>Mod\u00e8ne<\/strong> : Privil\u00e9gier le minimalisme, les lumi\u00e8res LED, et les palettes de blancs &amp; argent\u00e9s.<\/li>\n<li><strong>\u00c9cologique<\/strong> : Incorporer des d\u00e9corations recycl\u00e9es, des mat\u00e9riaux naturels et des bougies bios.<\/li>\n<\/ul>\n<p>\nLes <strong>symboles des ornements<\/strong>, comme l&rsquo;<strong>\u00e9toile de Bethl\u00e9em<\/strong>, et les sujets en bois, ajoutent une profondeur narrative \u00e0 la d\u00e9coration du sapin. Cr\u00e9er des ateliers familiaux pour fabriquer ces ornements permet de sublimer l&rsquo;arbre tout en racontant une histoire.\n<\/p>\n<h2>Prix et Tarifs Sapin de No?l dans la Culture Populaire<\/h2>\n<p>\nLe sapin de No?l est omnipr\u00e9sent dans la culture populaire contemporaine. Dans des films cultes comme <strong>Maman, j&rsquo;ai rat\u00e9 l&rsquo;avion<\/strong>, <strong>Le Grinch<\/strong>, ou <strong>Love Actually<\/strong>, il est souvent au centre des rituels d\u00e9coratifs et symboliques. Des chansons comme <strong>\u00ab\u00a0Mon beau sapin\u00a0\u00bb<\/strong> ou <strong>\u00ab\u00a0O Christmas Tree\u00a0\u00bb<\/strong> immortalisent sa pr\u00e9sence dans l&rsquo;imaginaire collectif. Les tableaux et illustrations c\u00e9l\u00e8bres de No?l, o\u00f9 l&rsquo;arbre joue un r\u00f4le central, soulignent son impact sur notre culture visuelle.\n<\/p>\n<p>\nVoici quelques \u00e9l\u00e9ments cl\u00e9s de la pr\u00e9sence du sapin dans les \u0153uvres culturelles :<\/p>\n<ul>\n<li><strong>Films<\/strong> : <strong>Maman, j&rsquo;ai rat\u00e9 l&rsquo;avion<\/strong> (les courses fr\u00e9n\u00e9tiques pour acheter un sapin), <strong>Le Grinch<\/strong> (le sapin comme symbole de No?l \u00e0 Whoville).<\/li>\n<li><strong>Chansons<\/strong> : <strong>\u00ab\u00a0Mon beau sapin\u00a0\u00bb<\/strong> pour les francophones, <strong>\u00ab\u00a0O Christmas Tree\u00a0\u00bb<\/strong> pour les anglophones.<\/li>\n<li><strong>Tableaux et Illustrations<\/strong> : \u0152uvres de Norman Rockwell ou de Carl Spitzweg, qui mettent en sc\u00e8ne le sapin comme \u00e9l\u00e9ment central de No?l.<\/li>\n<\/ul>\n<h2>Conseils d&rsquo;Experts Durabilit\u00e9 du Sapin de No?l<\/h2>\n<p>\nAujourd&rsquo;hui, le choix du sapin de No?l est aussi une question d&rsquo;enjeux environnementaux. Entre les <strong>sapins coup\u00e9s<\/strong>, les <strong>sapins en pot<\/strong>, et les <strong>sapins artificiels<\/strong>, chacune des options pr\u00e9sente des avantages et des inconv\u00e9nients. Les <strong>sapins coup\u00e9s<\/strong>, bien que populaires, n\u00e9cessitent entre 5 \u00e0 10 ans pour atteindre la taille souhait\u00e9e et contribuent \u00e0 la consommation de ressources naturelles. Les <strong>sapins en pot<\/strong> permettent de r\u00e9utiliser l&rsquo;arbre apr\u00e8s les f\u00eates, tandis que les <strong>sapins artificiels<\/strong>, bien que plus durables \u00e0 long terme, ont un impact environnemental lors de leur fabrication.<\/p>\n<p>En France, la production de sapins de No?l est principalement situ\u00e9e dans le <strong>Morvan<\/strong>, en Bourgogne-Franche-Comt\u00e9, suivie par la Corr\u00e8ze et le Jura[2]. Les pratiques \u00e9coresponsables incluent le <strong>recyclage<\/strong> et le <strong>compostage<\/strong> des sapins apr\u00e8s les f\u00eates. Choisissez un sapin plus durable en privil\u00e9giant les circuits courts et les plantations locales.\n<\/p>\n<p>\nVoici quelques <strong>pratiques \u00e9coresponsables<\/strong> pour g\u00e9rer vos sapins apr\u00e8s No?l :<\/p>\n<ul>\n<li><strong>Recyclage<\/strong> : Transformer le sapin en compote pour le jardin ou en chemin\u00e9e pour le pain.<\/li>\n<li><strong>Compostage<\/strong> : Utiliser le bois du sapin pour nourrir les sols.<\/li>\n<li><strong>R\u00e9utilisation<\/strong> : Planter le sapin en pot dans un jardin pour plusieurs ann\u00e9es.<\/li>\n<\/ul>\n<h2>Comparatif Partager des Moments autour du Sapin<\/h2>\n<p>\nLe sapin de No?l est au c\u0153ur des activit\u00e9s familiales et de partage. Les <strong>veill\u00e9es cont\u00e9es<\/strong>, la pr\u00e9paration de <strong>biscuits sabl\u00e9s<\/strong>, les <strong>chants de No?l<\/strong>, ou encore les <strong>jeux collectifs<\/strong>, cr\u00e9ent des souvenirs imp\u00e9rissables. Cr\u00e9er des d\u00e9corations \u00e0 plusieurs mains permet de partager des moments pr\u00e9cieux et de maintenir la magie du sapin \u00e0 travers le  rituel du partage ?.\n<\/p>\n<p>\nDes id\u00e9es pour raviver l&rsquo;imaginaire familial autour du sapin incluent :<\/p>\n<ul>\n<li><strong>\u00c9crire un po\u00e8me ensemble<\/strong> : Rassembler des pens\u00e9es, des souvenirs et des r\u00eaves associ\u00e9s au sapin.<\/li>\n<li><strong>Cr\u00e9er un livre de famille<\/strong> : Coller photos, po\u00e8mes, et annotations sur les ann\u00e9es pass\u00e9es.<\/li>\n<li><strong>Organiser une veill\u00e9e conte<\/strong> : Partager des histoires de No?l autour du sapin illumin\u00e9.<\/li>\n<\/ul>\n<h2>Conclusion : La Magie du Sapin de No?l<\/h2>\n<p>\nLe sapin de No?l est un symbole universel, \u00e0 la fois historique, po\u00e9tique, artistique, et durable. Il transcende les g\u00e9n\u00e9rations, se renouvelant chaque ann\u00e9e. Il incarne la m\u00e9moire, la po\u00e9sie et la source de bonheur \u00e0 partager. Invitez les lecteurs \u00e0 t\u00e9moigner de leurs propres traditions, \u00e0 partager des po\u00e8mes, et \u00e0 continuer d&rsquo;\u00e9crire la l\u00e9gende du sapin de No?l.\n<\/p>\n<p>\nEn conclusion, le sapin de No?l s&rsquo;inscrit dans une tradition qui perdure, unissant familles et amis autour de moments pr\u00e9cieux. Que vous soyez attir\u00e9 par son histoire, sa po\u00e9sie, ou simplement par la magie qu&rsquo;il apporte \u00e0 No?l, le sapin reste un \u00e9l\u00e9ment central de nos c\u00e9l\u00e9brations hivernales. Partagez vos traditions, vos souvenirs, et continuez \u00e0 \u00e9crire l&rsquo;histoire de ce symbole vivant, qui nous accompagne chaque fin d&rsquo;ann\u00e9e.\n<\/p>\n<div style=\"background: #e8f4f8;border: 3px solid #0073aa;padding: 20px;margin: 20px 0;border-radius: 8px\">\n<h2 style=\"color: #0073aa;text-align: center;margin-bottom: 15px\">\ud83d\udd27 Ressources Pratiques et Outils<\/h2>\n<div style=\"background: white;padding: 15px;margin: 10px 0;border-left: 4px solid #28a745\">\n<h3 style=\"color: #28a745;margin-bottom: 10px\">\ud83d\udccd Producteurs de Sapins de No\u00ebl en Bretagne<\/h3>\n<p>\nD\u00e9couvrez une s\u00e9lection de producteurs de sapins de No\u00ebl en Bretagne, avec leurs coordonn\u00e9es :<br \/>\n&#8211; **Greencap France** : Cosquer, 29390 Sca\u00ebr, T\u00e9l. 02 98 66 44 89<br \/>\n&#8211; **Floval** : Industrie du bois, La Bou\u00ebxi\u00e8re (35), T\u00e9l. 02 99 62 62 35<br \/>\n&#8211; **Coloflore** : Z.A. de Bellevue, La Bou\u00ebxi\u00e8re (35), T\u00e9l. 02 99 04 42 50<br \/>\n&#8211; **Les P\u00e9pini\u00e8res de Bretagne** : 72 le Bodeuc, 22230 Saint-Vran, T\u00e9l. 02 96 56 11 98<br \/>\n&#8211; **Claude Le Padellec** : Coat-er-Malo, 56520 Guidel, T\u00e9l. 02 97 65 96 71<br \/>\n&#8211; **Malry Christmas** : Br\u00e9n\u00e9huen, 56390 Grand-Champ, T\u00e9l. 06 73 40 61 08<br \/>\n&#8211; **Sapini\u00e8re Tavarson** : Zone artisanale de Lanvaux, 56350 Saint-Grav\u00e9, T\u00e9l. 06 07 65 96 36<br \/>\n&#8211; **Sapin de No\u00ebl Rennes** : Livraison en Bretagne, production \u00e0 Bill\u00e9 (35), Commande sur <a href=\"https:\/\/sapindenoelrennes.com\" rel=\"nofollow\">sapindenoelrennes.com<\/a>\n<\/p>\n<\/div>\n<div style=\"background: white;padding: 15px;margin: 10px 0;border-left: 4px solid #007bff\">\n<h3 style=\"color: #007bff;margin-bottom: 10px\">\ud83d\udee0\ufe0f Tarifs des Sapins de No\u00ebl 2025<\/h3>\n<p>\nVoici les prix moyens pour les sapins de No\u00ebl en 2025 :<br \/>\n&#8211; Nordmann : <strong>45\u20ac \u00e0 89\u20ac<\/strong><br \/>\n&#8211; Nordmann en pot : <strong>59\u20ac \u00e0 69\u20ac<\/strong><br \/>\n&#8211; \u00c9pic\u00e9a en pot : <strong>40\u20ac \u00e0 59\u20ac<\/strong><br \/>\n&#8211; Grand Nordmann 3-6 m (livr\u00e9) : <strong>99\u20ac \u00e0 450\u20ac<\/strong><br \/>\n&#8211; Nordmann floqu\u00e9 (blanc, rouge, bleu, jaune) : <strong>89\u20ac \u00e0 319\u20ac<\/strong><br \/>\n&#8211; Sapin avec d\u00e9cor : <strong>123\u20ac \u00e0 349\u20ac<\/strong><br \/>\n&#8211; Enl\u00e8vement sapin : <strong>19\u20ac<\/strong><br \/>\n&#8211; Livraison gratuite par Sapin de No\u00ebl Rennes sur Rennes\/Angers\/M\u00e9tropole.\n<\/p>\n<\/div>\n<div style=\"background: white;padding: 15px;margin: 10px 0;border-left: 4px solid #6f42c1\">\n<h3 style=\"color: #6f42c1;margin-bottom: 10px\">\ud83d\udc65 Communaut\u00e9 et Experts<\/h3>\n<p>\nPour en savoir plus sur les sapins de No\u00ebl en Bretagne, consultez ces ressources :<br \/>\n&#8211; **Association Fran\u00e7aise du Sapin de No\u00ebl Naturel (AFSNN)** : f\u00e9d\u00e8re les producteurs.<br \/>\n&#8211; **ESAT Notre Avenir \u2013 P\u00e9pini\u00e8re** : 9 All\u00e9e des Courbetti\u00e8res, 35470 Bain-de-Bretagne, T\u00e9l. 02 99 43 99 62, <a href=\"mailto:catpepiniere@navenir.com\">catpepiniere@navenir.com<\/a><br \/>\n&#8211; Pour des animations et ateliers cr\u00e9atifs, visitez <a href=\"https:\/\/packarbredenoel.com\" rel=\"nofollow\">packarbredenoel.com<\/a>.\n<\/p>\n<\/div>\n<div style=\"background: #fff3cd;padding: 15px;margin: 15px 0;border: 2px solid #ffc107;border-radius: 5px\">\n<strong style=\"color: #856404\">\ud83d\udca1 R\u00e9sum\u00e9 en 2 lignes :<\/strong><br \/>\n<span>La Bretagne regorge de producteurs de sapins de No\u00ebl, offrant une vari\u00e9t\u00e9 de choix et de prix. Pour une exp\u00e9rience festive, explorez les ressources locales et engagez-vous dans des pratiques durables.<\/span>\n<\/div>\n<\/div>\n","protected":false},"excerpt":{"rendered":"","protected":false},"author":34,"featured_media":7834,"comment_status":"open","ping_status":"open","sticky":false,"template":"","format":"standard","meta":{"_acf_changed":false,"manual_indexmenow":false,"indexmenow_id_project":0,"footnotes":""},"categories":[4521],"tags":[4786,4787,4788],"class_list":["post-7792","post","type-post","status-publish","format-standard","has-post-thumbnail","hentry","category-guides-de-conjugaison","tag-histoire-sapin","tag-symbolisme-noel","tag-tradition-arbre","generate-columns","tablet-grid-50","mobile-grid-100","grid-parent","grid-25"],"acf":[],"yoast_head":"<!-- This site is optimized with the Yoast SEO Premium plugin v21.3 (Yoast SEO v25.6) - https:\/\/yoast.com\/wordpress\/plugins\/seo\/ -->\n<title>Histoire et symbolisme du sapin de No\u00ebl<\/title>\n<meta name=\"description\" content=\"Histoire et symbolisme du sapin de No\u00ebl : d\u00e9couvrez les origines et la signification de ce symbole universel des f\u00eates de fin d&#039;ann\u00e9e.\" \/>\n<meta name=\"robots\" content=\"index, follow, max-snippet:-1, max-image-preview:large, max-video-preview:-1\" \/>\n<link rel=\"canonical\" href=\"https:\/\/conjugaison-de-verbes.com\/blog\/guides-de-conjugaison\/histoire-et-symbolisme-du-sapin-de-noel-la-magie-dun-symbole-universel\/\" \/>\n<meta property=\"og:locale\" content=\"fr_FR\" \/>\n<meta property=\"og:type\" content=\"article\" \/>\n<meta property=\"og:title\" content=\"Histoire et symbolisme du sapin de No\u00ebl\" \/>\n<meta property=\"og:description\" content=\"Histoire et symbolisme du sapin de No\u00ebl : d\u00e9couvrez les origines et la signification de ce symbole universel des f\u00eates de fin d&#039;ann\u00e9e.\" \/>\n<meta property=\"og:url\" content=\"https:\/\/conjugaison-de-verbes.com\/blog\/guides-de-conjugaison\/histoire-et-symbolisme-du-sapin-de-noel-la-magie-dun-symbole-universel\/\" \/>\n<meta property=\"og:site_name\" content=\"conjugaison-de-verbes\" \/>\n<meta name=\"author\" content=\"Rapha\u00ebl D.\" \/>\n<meta name=\"twitter:card\" content=\"summary_large_image\" \/>\n<script type=\"application\/ld+json\" class=\"yoast-schema-graph\">{\"@context\":\"https:\/\/schema.org\",\"@graph\":[{\"@type\":\"NewsArticle\",\"@id\":\"https:\/\/conjugaison-de-verbes.com\/blog\/guides-de-conjugaison\/histoire-et-symbolisme-du-sapin-de-noel-la-magie-dun-symbole-universel\/#article\",\"isPartOf\":{\"@id\":\"https:\/\/conjugaison-de-verbes.com\/blog\/guides-de-conjugaison\/histoire-et-symbolisme-du-sapin-de-noel-la-magie-dun-symbole-universel\/\"},\"author\":{\"name\":\"Rapha\u00ebl D.\",\"@id\":\"https:\/\/conjugaison-de-verbes.com\/blog\/#\/schema\/person\/3c864cdc320801e3db34b663e7e3f816\"},\"headline\":\"Histoire et symbolisme du sapin de No\u00ebl : la magie d\u2019un symbole universel\",\"datePublished\":\"2025-10-23T07:54:00+00:00\",\"mainEntityOfPage\":{\"@id\":\"https:\/\/conjugaison-de-verbes.com\/blog\/guides-de-conjugaison\/histoire-et-symbolisme-du-sapin-de-noel-la-magie-dun-symbole-universel\/\"},\"wordCount\":1772,\"commentCount\":0,\"publisher\":{\"@id\":\"https:\/\/conjugaison-de-verbes.com\/blog\/#organization\"},\"image\":{\"@id\":\"https:\/\/conjugaison-de-verbes.com\/blog\/guides-de-conjugaison\/histoire-et-symbolisme-du-sapin-de-noel-la-magie-dun-symbole-universel\/#primaryimage\"},\"thumbnailUrl\":\"https:\/\/conjugaison-de-verbes.com\/blog\/wp-content\/uploads\/2025\/10\/sdxl-27c7530e2280377198eb166e5074e1e2-scaled.png\",\"keywords\":[\"histoire sapin\",\"symbolisme noel\",\"tradition arbre\"],\"articleSection\":[\"Guides de Conjugaison\"],\"inLanguage\":\"fr-FR\",\"potentialAction\":[{\"@type\":\"CommentAction\",\"name\":\"Comment\",\"target\":[\"https:\/\/conjugaison-de-verbes.com\/blog\/guides-de-conjugaison\/histoire-et-symbolisme-du-sapin-de-noel-la-magie-dun-symbole-universel\/#respond\"]}]},{\"@type\":\"WebPage\",\"@id\":\"https:\/\/conjugaison-de-verbes.com\/blog\/guides-de-conjugaison\/histoire-et-symbolisme-du-sapin-de-noel-la-magie-dun-symbole-universel\/\",\"url\":\"https:\/\/conjugaison-de-verbes.com\/blog\/guides-de-conjugaison\/histoire-et-symbolisme-du-sapin-de-noel-la-magie-dun-symbole-universel\/\",\"name\":\"Histoire et symbolisme du sapin de No\u00ebl\",\"isPartOf\":{\"@id\":\"https:\/\/conjugaison-de-verbes.com\/blog\/#website\"},\"primaryImageOfPage\":{\"@id\":\"https:\/\/conjugaison-de-verbes.com\/blog\/guides-de-conjugaison\/histoire-et-symbolisme-du-sapin-de-noel-la-magie-dun-symbole-universel\/#primaryimage\"},\"image\":{\"@id\":\"https:\/\/conjugaison-de-verbes.com\/blog\/guides-de-conjugaison\/histoire-et-symbolisme-du-sapin-de-noel-la-magie-dun-symbole-universel\/#primaryimage\"},\"thumbnailUrl\":\"https:\/\/conjugaison-de-verbes.com\/blog\/wp-content\/uploads\/2025\/10\/sdxl-27c7530e2280377198eb166e5074e1e2-scaled.png\",\"datePublished\":\"2025-10-23T07:54:00+00:00\",\"description\":\"Histoire et symbolisme du sapin de No\u00ebl : d\u00e9couvrez les origines et la signification de ce symbole universel des f\u00eates de fin d'ann\u00e9e.\",\"inLanguage\":\"fr-FR\",\"potentialAction\":[{\"@type\":\"ReadAction\",\"target\":[\"https:\/\/conjugaison-de-verbes.com\/blog\/guides-de-conjugaison\/histoire-et-symbolisme-du-sapin-de-noel-la-magie-dun-symbole-universel\/\"]}]},{\"@type\":\"ImageObject\",\"inLanguage\":\"fr-FR\",\"@id\":\"https:\/\/conjugaison-de-verbes.com\/blog\/guides-de-conjugaison\/histoire-et-symbolisme-du-sapin-de-noel-la-magie-dun-symbole-universel\/#primaryimage\",\"url\":\"https:\/\/conjugaison-de-verbes.com\/blog\/wp-content\/uploads\/2025\/10\/sdxl-27c7530e2280377198eb166e5074e1e2-scaled.png\",\"contentUrl\":\"https:\/\/conjugaison-de-verbes.com\/blog\/wp-content\/uploads\/2025\/10\/sdxl-27c7530e2280377198eb166e5074e1e2-scaled.png\",\"width\":1200,\"height\":500},{\"@type\":\"WebSite\",\"@id\":\"https:\/\/conjugaison-de-verbes.com\/blog\/#website\",\"url\":\"https:\/\/conjugaison-de-verbes.com\/blog\/\",\"name\":\"conjugaison-de-verbes.com\",\"description\":\"Conjugaison de Verbes, ma\u00eetrisez la langue fran\u00e7aise\",\"publisher\":{\"@id\":\"https:\/\/conjugaison-de-verbes.com\/blog\/#organization\"},\"alternateName\":\"Conjugaison de Verbes, ma\u00eetrisez la langue fran\u00e7aise\",\"potentialAction\":[{\"@type\":\"SearchAction\",\"target\":{\"@type\":\"EntryPoint\",\"urlTemplate\":\"https:\/\/conjugaison-de-verbes.com\/blog\/?s={search_term_string}\"},\"query-input\":{\"@type\":\"PropertyValueSpecification\",\"valueRequired\":true,\"valueName\":\"search_term_string\"}}],\"inLanguage\":\"fr-FR\"},{\"@type\":\"Organization\",\"@id\":\"https:\/\/conjugaison-de-verbes.com\/blog\/#organization\",\"name\":\"Foretsensations.fr\",\"url\":\"https:\/\/conjugaison-de-verbes.com\/blog\/\",\"logo\":{\"@type\":\"ImageObject\",\"inLanguage\":\"fr-FR\",\"@id\":\"https:\/\/conjugaison-de-verbes.com\/blog\/#\/schema\/logo\/image\/\",\"url\":\"https:\/\/conjugaison-de-verbes.com\/blog\/wp-content\/uploads\/2024\/12\/10.png\",\"contentUrl\":\"https:\/\/conjugaison-de-verbes.com\/blog\/wp-content\/uploads\/2024\/12\/10.png\",\"width\":500,\"height\":500,\"caption\":\"Foretsensations.fr\"},\"image\":{\"@id\":\"https:\/\/conjugaison-de-verbes.com\/blog\/#\/schema\/logo\/image\/\"}},{\"@type\":\"Person\",\"@id\":\"https:\/\/conjugaison-de-verbes.com\/blog\/#\/schema\/person\/3c864cdc320801e3db34b663e7e3f816\",\"name\":\"Rapha\u00ebl D.\",\"image\":{\"@type\":\"ImageObject\",\"inLanguage\":\"fr-FR\",\"@id\":\"https:\/\/conjugaison-de-verbes.com\/blog\/#\/schema\/person\/image\/\",\"url\":\"https:\/\/conjugaison-de-verbes.com\/blog\/wp-content\/uploads\/2026\/06\/persona_raphael-d-150x150.jpg\",\"contentUrl\":\"https:\/\/conjugaison-de-verbes.com\/blog\/wp-content\/uploads\/2026\/06\/persona_raphael-d-150x150.jpg\",\"caption\":\"Rapha\u00ebl D.\"},\"description\":\"La culture est mon terrain de jeu depuis une dizaine d'ann\u00e9es : arts visuels, s\u00e9ries, cr\u00e9ation et tout ce qui nourrit l'imaginaire. J'\u00e9cris aussi bien sur l'actualit\u00e9 des \u0153uvres que sur les coulisses de la cr\u00e9ation, avec l'envie de relier l'amateur curieux \u00e0 des univers parfois jug\u00e9s intimidants. J'aime analyser une s\u00e9rie ou une d\u00e9marche artistique sans p\u00e9dantisme, replacer une \u0153uvre dans son contexte et donner des cl\u00e9s de lecture accessibles. Avant de publier, je v\u00e9rifie mes r\u00e9f\u00e9rences, je recoupe les sources et je distingue clairement le fait de mon interpr\u00e9tation subjective. Je crois qu'une critique vaut surtout par les arguments qu'elle expose, pas par la sentence qu'elle rend. Mon angle : transmettre l'envie de d\u00e9couvrir, de regarder autrement et de se forger son propre go\u00fbt. La culture n'appartient pas qu'aux initi\u00e9s, et c'est tout l'enjeu de mon \u00e9criture.\",\"url\":\"https:\/\/conjugaison-de-verbes.com\/blog\/auteur\/raphael-d\/\",\"jobTitle\":\"R\u00e9dacteur en chef \u00b7 Culture & Cr\u00e9ation\",\"knowsAbout\":[\"Culture\",\"Cr\u00e9ation\"],\"email\":\"raphael.d@a-l-asso-de-l-art.fr\"}]}<\/script>\n<!-- \/ Yoast SEO Premium plugin. -->","yoast_head_json":{"title":"Histoire et symbolisme du sapin de No\u00ebl","description":"Histoire et symbolisme du sapin de No\u00ebl : d\u00e9couvrez les origines et la signification de ce symbole universel des f\u00eates de fin d'ann\u00e9e.","robots":{"index":"index","follow":"follow","max-snippet":"max-snippet:-1","max-image-preview":"max-image-preview:large","max-video-preview":"max-video-preview:-1"},"canonical":"https:\/\/conjugaison-de-verbes.com\/blog\/guides-de-conjugaison\/histoire-et-symbolisme-du-sapin-de-noel-la-magie-dun-symbole-universel\/","og_locale":"fr_FR","og_type":"article","og_title":"Histoire et symbolisme du sapin de No\u00ebl","og_description":"Histoire et symbolisme du sapin de No\u00ebl : d\u00e9couvrez les origines et la signification de ce symbole universel des f\u00eates de fin d'ann\u00e9e.","og_url":"https:\/\/conjugaison-de-verbes.com\/blog\/guides-de-conjugaison\/histoire-et-symbolisme-du-sapin-de-noel-la-magie-dun-symbole-universel\/","og_site_name":"conjugaison-de-verbes","author":"Rapha\u00ebl D.","twitter_card":"summary_large_image","schema":{"@context":"https:\/\/schema.org","@graph":[{"@type":"NewsArticle","@id":"https:\/\/conjugaison-de-verbes.com\/blog\/guides-de-conjugaison\/histoire-et-symbolisme-du-sapin-de-noel-la-magie-dun-symbole-universel\/#article","isPartOf":{"@id":"https:\/\/conjugaison-de-verbes.com\/blog\/guides-de-conjugaison\/histoire-et-symbolisme-du-sapin-de-noel-la-magie-dun-symbole-universel\/"},"author":{"name":"Rapha\u00ebl D.","@id":"https:\/\/conjugaison-de-verbes.com\/blog\/#\/schema\/person\/3c864cdc320801e3db34b663e7e3f816"},"headline":"Histoire et symbolisme du sapin de No\u00ebl : la magie d\u2019un symbole universel","datePublished":"2025-10-23T07:54:00+00:00","mainEntityOfPage":{"@id":"https:\/\/conjugaison-de-verbes.com\/blog\/guides-de-conjugaison\/histoire-et-symbolisme-du-sapin-de-noel-la-magie-dun-symbole-universel\/"},"wordCount":1772,"commentCount":0,"publisher":{"@id":"https:\/\/conjugaison-de-verbes.com\/blog\/#organization"},"image":{"@id":"https:\/\/conjugaison-de-verbes.com\/blog\/guides-de-conjugaison\/histoire-et-symbolisme-du-sapin-de-noel-la-magie-dun-symbole-universel\/#primaryimage"},"thumbnailUrl":"https:\/\/conjugaison-de-verbes.com\/blog\/wp-content\/uploads\/2025\/10\/sdxl-27c7530e2280377198eb166e5074e1e2-scaled.png","keywords":["histoire sapin","symbolisme noel","tradition arbre"],"articleSection":["Guides de Conjugaison"],"inLanguage":"fr-FR","potentialAction":[{"@type":"CommentAction","name":"Comment","target":["https:\/\/conjugaison-de-verbes.com\/blog\/guides-de-conjugaison\/histoire-et-symbolisme-du-sapin-de-noel-la-magie-dun-symbole-universel\/#respond"]}]},{"@type":"WebPage","@id":"https:\/\/conjugaison-de-verbes.com\/blog\/guides-de-conjugaison\/histoire-et-symbolisme-du-sapin-de-noel-la-magie-dun-symbole-universel\/","url":"https:\/\/conjugaison-de-verbes.com\/blog\/guides-de-conjugaison\/histoire-et-symbolisme-du-sapin-de-noel-la-magie-dun-symbole-universel\/","name":"Histoire et symbolisme du sapin de No\u00ebl","isPartOf":{"@id":"https:\/\/conjugaison-de-verbes.com\/blog\/#website"},"primaryImageOfPage":{"@id":"https:\/\/conjugaison-de-verbes.com\/blog\/guides-de-conjugaison\/histoire-et-symbolisme-du-sapin-de-noel-la-magie-dun-symbole-universel\/#primaryimage"},"image":{"@id":"https:\/\/conjugaison-de-verbes.com\/blog\/guides-de-conjugaison\/histoire-et-symbolisme-du-sapin-de-noel-la-magie-dun-symbole-universel\/#primaryimage"},"thumbnailUrl":"https:\/\/conjugaison-de-verbes.com\/blog\/wp-content\/uploads\/2025\/10\/sdxl-27c7530e2280377198eb166e5074e1e2-scaled.png","datePublished":"2025-10-23T07:54:00+00:00","description":"Histoire et symbolisme du sapin de No\u00ebl : d\u00e9couvrez les origines et la signification de ce symbole universel des f\u00eates de fin d'ann\u00e9e.","inLanguage":"fr-FR","potentialAction":[{"@type":"ReadAction","target":["https:\/\/conjugaison-de-verbes.com\/blog\/guides-de-conjugaison\/histoire-et-symbolisme-du-sapin-de-noel-la-magie-dun-symbole-universel\/"]}]},{"@type":"ImageObject","inLanguage":"fr-FR","@id":"https:\/\/conjugaison-de-verbes.com\/blog\/guides-de-conjugaison\/histoire-et-symbolisme-du-sapin-de-noel-la-magie-dun-symbole-universel\/#primaryimage","url":"https:\/\/conjugaison-de-verbes.com\/blog\/wp-content\/uploads\/2025\/10\/sdxl-27c7530e2280377198eb166e5074e1e2-scaled.png","contentUrl":"https:\/\/conjugaison-de-verbes.com\/blog\/wp-content\/uploads\/2025\/10\/sdxl-27c7530e2280377198eb166e5074e1e2-scaled.png","width":1200,"height":500},{"@type":"WebSite","@id":"https:\/\/conjugaison-de-verbes.com\/blog\/#website","url":"https:\/\/conjugaison-de-verbes.com\/blog\/","name":"conjugaison-de-verbes.com","description":"Conjugaison de Verbes, ma\u00eetrisez la langue fran\u00e7aise","publisher":{"@id":"https:\/\/conjugaison-de-verbes.com\/blog\/#organization"},"alternateName":"Conjugaison de Verbes, ma\u00eetrisez la langue fran\u00e7aise","potentialAction":[{"@type":"SearchAction","target":{"@type":"EntryPoint","urlTemplate":"https:\/\/conjugaison-de-verbes.com\/blog\/?s={search_term_string}"},"query-input":{"@type":"PropertyValueSpecification","valueRequired":true,"valueName":"search_term_string"}}],"inLanguage":"fr-FR"},{"@type":"Organization","@id":"https:\/\/conjugaison-de-verbes.com\/blog\/#organization","name":"Foretsensations.fr","url":"https:\/\/conjugaison-de-verbes.com\/blog\/","logo":{"@type":"ImageObject","inLanguage":"fr-FR","@id":"https:\/\/conjugaison-de-verbes.com\/blog\/#\/schema\/logo\/image\/","url":"https:\/\/conjugaison-de-verbes.com\/blog\/wp-content\/uploads\/2024\/12\/10.png","contentUrl":"https:\/\/conjugaison-de-verbes.com\/blog\/wp-content\/uploads\/2024\/12\/10.png","width":500,"height":500,"caption":"Foretsensations.fr"},"image":{"@id":"https:\/\/conjugaison-de-verbes.com\/blog\/#\/schema\/logo\/image\/"}},{"@type":"Person","@id":"https:\/\/conjugaison-de-verbes.com\/blog\/#\/schema\/person\/3c864cdc320801e3db34b663e7e3f816","name":"Rapha\u00ebl D.","image":{"@type":"ImageObject","inLanguage":"fr-FR","@id":"https:\/\/conjugaison-de-verbes.com\/blog\/#\/schema\/person\/image\/","url":"https:\/\/conjugaison-de-verbes.com\/blog\/wp-content\/uploads\/2026\/06\/persona_raphael-d-150x150.jpg","contentUrl":"https:\/\/conjugaison-de-verbes.com\/blog\/wp-content\/uploads\/2026\/06\/persona_raphael-d-150x150.jpg","caption":"Rapha\u00ebl D."},"description":"La culture est mon terrain de jeu depuis une dizaine d'ann\u00e9es : arts visuels, s\u00e9ries, cr\u00e9ation et tout ce qui nourrit l'imaginaire. J'\u00e9cris aussi bien sur l'actualit\u00e9 des \u0153uvres que sur les coulisses de la cr\u00e9ation, avec l'envie de relier l'amateur curieux \u00e0 des univers parfois jug\u00e9s intimidants. J'aime analyser une s\u00e9rie ou une d\u00e9marche artistique sans p\u00e9dantisme, replacer une \u0153uvre dans son contexte et donner des cl\u00e9s de lecture accessibles. Avant de publier, je v\u00e9rifie mes r\u00e9f\u00e9rences, je recoupe les sources et je distingue clairement le fait de mon interpr\u00e9tation subjective. Je crois qu'une critique vaut surtout par les arguments qu'elle expose, pas par la sentence qu'elle rend. Mon angle : transmettre l'envie de d\u00e9couvrir, de regarder autrement et de se forger son propre go\u00fbt. La culture n'appartient pas qu'aux initi\u00e9s, et c'est tout l'enjeu de mon \u00e9criture.","url":"https:\/\/conjugaison-de-verbes.com\/blog\/auteur\/raphael-d\/","jobTitle":"R\u00e9dacteur en chef \u00b7 Culture & Cr\u00e9ation","knowsAbout":["Culture","Cr\u00e9ation"],"email":"raphael.d@a-l-asso-de-l-art.fr"}]}},"_links":{"self":[{"href":"https:\/\/conjugaison-de-verbes.com\/blog\/wp-json\/wp\/v2\/posts\/7792","targetHints":{"allow":["GET"]}}],"collection":[{"href":"https:\/\/conjugaison-de-verbes.com\/blog\/wp-json\/wp\/v2\/posts"}],"about":[{"href":"https:\/\/conjugaison-de-verbes.com\/blog\/wp-json\/wp\/v2\/types\/post"}],"author":[{"embeddable":true,"href":"https:\/\/conjugaison-de-verbes.com\/blog\/wp-json\/wp\/v2\/users\/34"}],"replies":[{"embeddable":true,"href":"https:\/\/conjugaison-de-verbes.com\/blog\/wp-json\/wp\/v2\/comments?post=7792"}],"version-history":[{"count":1,"href":"https:\/\/conjugaison-de-verbes.com\/blog\/wp-json\/wp\/v2\/posts\/7792\/revisions"}],"predecessor-version":[{"id":7833,"href":"https:\/\/conjugaison-de-verbes.com\/blog\/wp-json\/wp\/v2\/posts\/7792\/revisions\/7833"}],"wp:featuredmedia":[{"embeddable":true,"href":"https:\/\/conjugaison-de-verbes.com\/blog\/wp-json\/wp\/v2\/media\/7834"}],"wp:attachment":[{"href":"https:\/\/conjugaison-de-verbes.com\/blog\/wp-json\/wp\/v2\/media?parent=7792"}],"wp:term":[{"taxonomy":"category","embeddable":true,"href":"https:\/\/conjugaison-de-verbes.com\/blog\/wp-json\/wp\/v2\/categories?post=7792"},{"taxonomy":"post_tag","embeddable":true,"href":"https:\/\/conjugaison-de-verbes.com\/blog\/wp-json\/wp\/v2\/tags?post=7792"}],"curies":[{"name":"wp","href":"https:\/\/api.w.org\/{rel}","templated":true}]}}