{"id":7545,"date":"2026-08-31T23:05:33","date_gmt":"2026-08-31T21:05:33","guid":{"rendered":"https:\/\/conjugaison-de-verbes.com\/blog\/?p=7545"},"modified":"2026-08-31T23:05:33","modified_gmt":"2026-08-31T21:05:33","slug":"maitriser-la-conjugaison-lecons-pour-les-eleves-de-cm1","status":"publish","type":"post","link":"https:\/\/conjugaison-de-verbes.com\/blog\/a-la-une\/maitriser-la-conjugaison-lecons-pour-les-eleves-de-cm1\/","title":{"rendered":"Ma\u00eetriser la conjugaison : le\u00e7ons pour les \u00e9l\u00e8ves de CM1"},"content":{"rendered":"<link rel=\"stylesheet\" href=\"https:\/\/fonts.googleapis.com\/css2?family=Space+Grotesk:wght@600;700&#038;family=Inter:wght@400;500;600;700&#038;family=JetBrains+Mono:wght@500&#038;display=swap\">\n<style>\n.cdv-cm1-wrap{font-family:'Inter',-apple-system,BlinkMacSystemFont,'Segoe UI',sans-serif;color:#1b1f2a;line-height:1.7;font-size:17px;}\n.cdv-cm1-wrap h2{font-family:'Space Grotesk','Inter',sans-serif;font-weight:700;font-size:clamp(22px,3vw,29px);letter-spacing:-0.01em;color:#132420;margin:48px 0 16px;}\n.cdv-cm1-wrap h3{font-family:'Space Grotesk','Inter',sans-serif;font-weight:600;font-size:19px;color:#1b1f2a;margin:0 0 8px;}\n.cdv-cm1-kicker{display:inline-block;font-family:'JetBrains Mono',monospace;font-size:11px;font-weight:500;letter-spacing:.14em;text-transform:uppercase;color:#1c8c6b;margin-bottom:6px;}\n.cdv-cm1-lead{font-size:19px;line-height:1.6;color:#333c4f;font-weight:500;margin:6px 0 26px;}\n.cdv-cm1-open{background:#eafaf3;border-left:5px solid #1c8c6b;border-radius:0 12px 12px 0;padding:26px 28px 28px;margin:0 0 36px;}\n.cdv-cm1-open-grid{display:grid;grid-template-columns:repeat(auto-fit,minmax(200px,1fr));gap:14px;margin-top:16px;}\n.cdv-cm1-open-item{background:#fff;border:1px solid #cfe9de;border-radius:10px;padding:14px 16px;box-shadow:0 1px 2px rgba(16,24,40,.04);}\n.cdv-cm1-open-item .lbl{font-family:'JetBrains Mono',monospace;font-size:10.5px;font-weight:500;letter-spacing:.08em;text-transform:uppercase;color:#1c8c6b;display:block;margin-bottom:5px;}\n.cdv-cm1-open-item .val{font-size:14.5px;color:#1b1f2a;font-weight:600;}\n.cdv-cm1-steps{list-style:none;margin:20px 0;padding:0;counter-reset:cdvcm1step;}\n.cdv-cm1-steps>li{position:relative;padding:16px 20px 16px 58px;margin-bottom:12px;background:#fff;border:1px solid #e4e8f2;border-radius:12px;box-shadow:0 1px 2px rgba(16,24,40,.05);transition:.25s ease;}\n.cdv-cm1-steps>li:hover{transform:translateY(-3px);box-shadow:0 12px 28px -16px rgba(16,24,40,.22);border-color:#bfe3d3;}\n.cdv-cm1-steps>li::before{counter-increment:cdvcm1step;content:counter(cdvcm1step);position:absolute;left:16px;top:50%;transform:translateY(-50%);width:30px;height:30px;border-radius:50%;background:#1c8c6b;color:#fff;font-family:'Space Grotesk',sans-serif;font-weight:700;font-size:14px;display:flex;align-items:center;justify-content:center;}\n.cdv-cm1-steps>li .st-title{font-weight:700;color:#132420;}\n.cdv-cm1-steps>li .st-txt{color:#4a5266;font-size:15px;}\n.cdv-cm1-img{margin:26px 0;}\n.cdv-cm1-img img{width:100%;height:auto;border-radius:12px;display:block;box-shadow:0 1px 2px rgba(16,24,40,.05), 0 12px 28px -16px rgba(16,24,40,.18);}\n.cdv-cm1-checks{display:grid;grid-template-columns:repeat(auto-fit,minmax(250px,1fr));gap:14px;margin:26px 0;}\n.cdv-cm1-check-col{background:#fafbfe;border:1px solid #e4e8f2;border-top:4px solid #1c8c6b;border-radius:8px;padding:18px 20px;}\n.cdv-cm1-check-col.avoid{border-top-color:#c54848;}\n.cdv-cm1-check-col h3{font-size:13px;text-transform:uppercase;letter-spacing:.08em;font-family:'JetBrains Mono',monospace;font-weight:500;color:#1c8c6b;margin-bottom:12px;}\n.cdv-cm1-check-col.avoid h3{color:#a83a3a;}\n.cdv-cm1-check-col ul{list-style:none;margin:0;padding:0;}\n.cdv-cm1-check-col li{display:flex;gap:9px;align-items:flex-start;padding:6px 0;font-size:14.5px;color:#333c4f;border-bottom:1px solid #eef1f7;}\n.cdv-cm1-check-col li:last-child{border-bottom:none;}\n.cdv-cm1-check-col li span.ic{color:#1c8c6b;font-weight:700;flex:0 0 14px;}\n.cdv-cm1-check-col.avoid li span.ic{color:#c54848;}\n.cdv-cm1-table-wrap{overflow-x:auto;border:1px solid #cfe9de;border-radius:10px;margin:24px 0;}\n.cdv-cm1-table-wrap table{width:100%;border-collapse:collapse;font-size:14.5px;min-width:440px;}\n.cdv-cm1-table-wrap thead tr{background:#132420;color:#fff;}\n.cdv-cm1-table-wrap th{text-align:left;padding:13px 18px;font-family:'JetBrains Mono',monospace;font-weight:500;font-size:11.5px;text-transform:uppercase;letter-spacing:.06em;}\n.cdv-cm1-table-wrap td{padding:12px 18px;border-bottom:1px solid #edf0f7;}\n.cdv-cm1-table-wrap tr:nth-child(even){background:#f4fbf8;}\n.cdv-cm1-table-wrap td:first-child{font-weight:700;color:#132420;}\n.cdv-cm1-cap{font-family:'JetBrains Mono',monospace;font-size:12px;color:#6b7280;margin-top:8px;}\n.cdv-cm1-quote{margin:36px auto;padding:26px 24px;text-align:center;border-top:1px solid #cfe9de;border-bottom:1px solid #cfe9de;max-width:640px;}\n.cdv-cm1-quote blockquote{margin:0;font-family:'Space Grotesk',sans-serif;font-size:21px;font-weight:600;font-style:italic;color:#132420;line-height:1.4;}\n.cdv-cm1-retain{background:#132420;border-radius:12px;padding:26px 28px;margin:36px 0;color:#eafaf3;}\n.cdv-cm1-retain .cdv-cm1-kicker{color:#8fe0bf;}\n.cdv-cm1-retain ul{list-style:none;margin:14px 0 0;padding:0;display:grid;grid-template-columns:repeat(auto-fit,minmax(220px,1fr));gap:10px;}\n.cdv-cm1-retain li{display:flex;gap:10px;align-items:flex-start;font-size:14.5px;line-height:1.55;color:#eafaf3!important;}\n.cdv-cm1-retain li span.n{flex:0 0 22px;height:22px;width:22px;border-radius:50%;background:#1c8c6b;color:#fff!important;font-size:12px;font-weight:700;display:flex;align-items:center;justify-content:center;}\n.cdv-cm1-faq{margin:36px 0;}\n.cdv-cm1-faq h2{margin-bottom:12px;}\n.cdv-cm1-faq-list{border-top:1px solid #cfe9de;}\n.cdv-cm1-faq-list details{border-bottom:1px solid #cfe9de;padding:0;}\n.cdv-cm1-faq-list summary{cursor:pointer;padding:16px 4px;font-weight:700;color:#132420;list-style:none;display:flex;justify-content:space-between;align-items:center;gap:14px;font-size:16px;}\n.cdv-cm1-faq-list summary::-webkit-details-marker{display:none;}\n.cdv-cm1-faq-list summary .plus{font-size:22px;font-weight:300;color:#1c8c6b;line-height:1;}\n.cdv-cm1-faq-list .a{padding:0 4px 16px;font-size:15px;line-height:1.65;color:#4a5266;}\n<\/style>\n<div class=\"cdv-cm1-wrap\">\n<div class=\"cdv-cm1-lead\">Pour les \u00e9l\u00e8ves de CM1, la conjugaison ne se limite plus au seul pr\u00e9sent&nbsp;: c&rsquo;est l&rsquo;ann\u00e9e o\u00f9 le pass\u00e9 compos\u00e9, le futur et l&rsquo;imparfait s&rsquo;installent ensemble. Voici comment structurer cet apprentissage pour qu&rsquo;il reste efficace et ludique, sans noyer l&rsquo;enfant sous les r\u00e8gles.<\/div>\n<div class=\"cdv-cm1-open\">\n  <span class=\"cdv-cm1-kicker\">Ce qu&rsquo;il vous faut<\/span><\/p>\n<div class=\"cdv-cm1-open-grid\">\n<div class=\"cdv-cm1-open-item\"><span class=\"lbl\">Niveau<\/span><span class=\"val\">CM1 \u2014 pr\u00e9sent, pass\u00e9 compos\u00e9, futur, imparfait<\/span><\/div>\n<div class=\"cdv-cm1-open-item\"><span class=\"lbl\">Temps<\/span><span class=\"val\">10 \u00e0 15 minutes par s\u00e9ance<\/span><\/div>\n<div class=\"cdv-cm1-open-item\"><span class=\"lbl\">Mat\u00e9riel<\/span><span class=\"val\">Cahier, cartes de conjugaison, jeu ou support num\u00e9rique<\/span><\/div>\n<div class=\"cdv-cm1-open-item\"><span class=\"lbl\">En 3 \u00e9tapes<\/span><span class=\"val\">Poser les bases \u00b7 varier les m\u00e9thodes \u00b7 corriger les erreurs types<\/span><\/div>\n<\/p><\/div>\n<\/div>\n<h2>Les bases de la conjugaison<\/h2>\n<p>Avant d&rsquo;entrer dans le vif du sujet, il convient de d\u00e9finir ce qu&rsquo;est la conjugaison. La conjugaison d\u00e9signe l&rsquo;ensemble des formes que peut prendre un verbe selon le temps, le mode, la personne, et le nombre. Voici quelques \u00e9l\u00e9ments fondamentaux&nbsp;:<\/p>\n<ul>\n<li><strong>Les temps verbaux :<\/strong> pr\u00e9sent, pass\u00e9 compos\u00e9, futur, imparfait, etc.<\/li>\n<li><strong>Les modes :<\/strong> indicatif, subjonctif, imp\u00e9ratif, conditionnel.<\/li>\n<li><strong>Les personnes :<\/strong> je, tu, il\/elle, nous, vous, ils\/elles.<\/li>\n<\/ul>\n<p>Pour faciliter l&rsquo;apprentissage, il est conseill\u00e9 de commencer par les temps les plus utilis\u00e9s. Le pr\u00e9sent de l&rsquo;indicatif, par exemple, est le temps le plus courant dans le langage quotidien \u2014 un point que d\u00e9taille aussi <a href=\"https:\/\/conjugaison-de-verbes.com\/blog\/a-la-une\/les-erreurs-de-conjugaison-les-plus-frequentes-chez-les-francophones\/\">notre article sur les erreurs de conjugaison les plus fr\u00e9quentes chez les francophones<\/a>, souvent li\u00e9es \u00e0 une confusion entre ces temps.<\/p>\n<figure class=\"cdv-cm1-img\">\n  <img decoding=\"async\" width=\"1024\" height=\"576\" src=\"https:\/\/conjugaison-de-verbes.com\/blog\/wp-content\/uploads\/2025\/02\/stability-maitriser-la-conjugaison-lecons-pour-les-eleves-de-cm1-1.png\" class=\"aligncenter\" alt=\"Illustration d\u00e9taill\u00e9e sur Ma\u00eetriser la conjugaison : le\u00e7ons pour les \u00e9l\u00e8ves de CM1\" title=\"Ma\u00eetriser la conjugaison : le\u00e7ons pour les \u00e9l\u00e8ves de CM1\" loading=\"lazy\" \/><br \/>\n<\/figure>\n<h2>Strat\u00e9gies d&rsquo;apprentissage<\/h2>\n<p>Il existe plusieurs m\u00e9thodes pour enseigner la conjugaison aux \u00e9l\u00e8ves de CM1. Voici quelques suggestions, \u00e0 alterner pour ne pas lasser&nbsp;:<\/p>\n<ol class=\"cdv-cm1-steps\">\n<li><span class=\"st-title\">Jeux \u00e9ducatifs.<\/span> <span class=\"st-txt\">Utiliser des jeux de soci\u00e9t\u00e9 ou des applications num\u00e9riques pour rendre l&rsquo;apprentissage interactif.<\/span><\/li>\n<li><span class=\"st-title\">Cartes de conjugaison.<\/span> <span class=\"st-txt\">Cr\u00e9er des cartes avec le verbe \u00e0 l&rsquo;infinitif d&rsquo;un c\u00f4t\u00e9 et ses conjugaisons de l&rsquo;autre, \u00e0 retourner comme un jeu de memory.<\/span><\/li>\n<li><span class=\"st-title\">Chansons et po\u00e9sies.<\/span> <span class=\"st-txt\">Mettre en musique les verbes conjugu\u00e9s pour aider \u00e0 la m\u00e9morisation \u2014 utile notamment pour les verbes fr\u00e9quents \u00e9voqu\u00e9s dans <a href=\"https:\/\/conjugaison-de-verbes.com\/blog\/a-la-une\/les-verbes-les-plus-utilises-en-francais-et-leur-conjugaison\/\">notre panorama des verbes les plus utilis\u00e9s en fran\u00e7ais et leur conjugaison<\/a>.<\/span><\/li>\n<\/ol>\n<p>Ces m\u00e9thodes rendent l&rsquo;apprentissage plus attrayant et favorisent une meilleure r\u00e9tention des connaissances.<\/p>\n<h2>Tableau r\u00e9capitulatif des temps de conjugaison<\/h2>\n<div class=\"cdv-cm1-table-wrap\">\n<table>\n<thead>\n<tr>\n<th>Temps<\/th>\n<th>Exemple<\/th>\n<th>Utilisation<\/th>\n<\/tr>\n<\/thead>\n<tbody>\n<tr>\n<td>Pr\u00e9sent<\/td>\n<td>Je mange<\/td>\n<td>Action actuelle<\/td>\n<\/tr>\n<tr>\n<td>Pass\u00e9 compos\u00e9<\/td>\n<td>J&rsquo;ai mang\u00e9<\/td>\n<td>Action termin\u00e9e<\/td>\n<\/tr>\n<tr>\n<td>Imparfait<\/td>\n<td>Je mangeais<\/td>\n<td>Action pass\u00e9e, habituelle ou en cours<\/td>\n<\/tr>\n<tr>\n<td>Futur<\/td>\n<td>Je mangerai<\/td>\n<td>Action \u00e0 venir<\/td>\n<\/tr>\n<\/tbody>\n<\/table>\n<\/div>\n<div class=\"cdv-cm1-cap\">Verbe \u00ab manger \u00bb (1\u1d49\u02b3 groupe), 1\u02b3\u1d49 personne du singulier (je), aux 4 temps vus en CM1.<\/div>\n<h2>Les erreurs fr\u00e9quentes et comment les corriger<\/h2>\n<p>Malgr\u00e9 tous les efforts, il est normal que les \u00e9l\u00e8ves fassent des erreurs. Voici les erreurs les plus courantes et comment les corriger&nbsp;:<\/p>\n<div class=\"cdv-cm1-checks\">\n<div class=\"cdv-cm1-check-col avoid\">\n<h3>Erreurs fr\u00e9quentes<\/h3>\n<ul>\n<li><span class=\"ic\">\u2715<\/span><span>Confusion entre les temps : m\u00e9langer le pr\u00e9sent et le pass\u00e9.<\/span><\/li>\n<li><span class=\"ic\">\u2715<\/span><span>Accords incorrects entre le sujet et le verbe.<\/span><\/li>\n<li><span class=\"ic\">\u2715<\/span><span>Oubli des terminaisons en fin de mot.<\/span><\/li>\n<\/ul><\/div>\n<div class=\"cdv-cm1-check-col\">\n<h3>Comment corriger<\/h3>\n<ul>\n<li><span class=\"ic\">\u2713<\/span><span>Utiliser des phrases d&rsquo;exemple pour clarifier la diff\u00e9rence entre les temps.<\/span><\/li>\n<li><span class=\"ic\">\u2713<\/span><span>Expliquer les r\u00e8gles d&rsquo;accord en fournissant des exemples concrets.<\/span><\/li>\n<li><span class=\"ic\">\u2713<\/span><span>Multiplier les exercices de remplissage de blancs pour ancrer les terminaisons.<\/span><\/li>\n<\/ul><\/div>\n<\/div>\n<div class=\"cdv-cm1-quote\">\n<blockquote><p>\u00ab La pratique r\u00e9guli\u00e8re est la cl\u00e9 de la ma\u00eetrise de la conjugaison. \u00bb<\/p><\/blockquote>\n<\/div>\n<div class=\"cdv-cm1-retain\">\n  <span class=\"cdv-cm1-kicker\">\u00c0 retenir<\/span><\/p>\n<ul>\n<li><span class=\"n\">1<\/span><span>Le CM1 ajoute l&rsquo;imparfait et le futur au socle pr\u00e9sent \/ pass\u00e9 compos\u00e9 d\u00e9j\u00e0 vu en CE2.<\/span><\/li>\n<li><span class=\"n\">2<\/span><span>10 \u00e0 15 minutes r\u00e9guli\u00e8res valent mieux qu&rsquo;une longue le\u00e7on isol\u00e9e.<\/span><\/li>\n<li><span class=\"n\">3<\/span><span>Varier jeux, cartes et chansons entretient l&rsquo;engagement des \u00e9l\u00e8ves.<\/span><\/li>\n<li><span class=\"n\">4<\/span><span>La confusion entre temps et l&rsquo;oubli des terminaisons restent les erreurs les plus fr\u00e9quentes.<\/span><\/li>\n<li><span class=\"n\">5<\/span><span>Des exercices courts et r\u00e9guliers valent mieux qu&rsquo;une correction ponctuelle.<\/span><\/li>\n<\/ul>\n<\/div>\n<div class=\"cdv-cm1-faq\">\n<h2>FAQ<\/h2>\n<div class=\"cdv-cm1-faq-list\">\n<details>\n<summary><span>Quel \u00e2ge doit avoir un enfant pour commencer \u00e0 apprendre la conjugaison&nbsp;?<\/span><span class=\"plus\">+<\/span><\/summary>\n<div class=\"a\">Les enfants peuvent commencer \u00e0 apprendre la conjugaison d\u00e8s le CE1, mais le CM1 est un moment cl\u00e9 pour approfondir les connaissances, avec l&rsquo;arriv\u00e9e de l&rsquo;imparfait et du futur.<\/div>\n<\/details>\n<details>\n<summary><span>Comment rendre l&rsquo;apprentissage de la conjugaison plus amusant&nbsp;?<\/span><span class=\"plus\">+<\/span><\/summary>\n<div class=\"a\">Utiliser des jeux, des chansons et des activit\u00e9s interactives peut rendre l&rsquo;apprentissage plus ludique.<\/div>\n<\/details>\n<details>\n<summary><span>Quels sont les meilleurs outils pour apprendre la conjugaison&nbsp;?<\/span><span class=\"plus\">+<\/span><\/summary>\n<div class=\"a\">Les applications \u00e9ducatives, les livres de conjugaison et les sites web sp\u00e9cialis\u00e9s sont d&rsquo;excellents outils.<\/div>\n<\/details>\n<details>\n<summary><span>Est-il normal de faire des erreurs en apprenant la conjugaison&nbsp;?<\/span><span class=\"plus\">+<\/span><\/summary>\n<div class=\"a\">Oui, les erreurs font partie du processus d&rsquo;apprentissage et permettent de progresser.<\/div>\n<\/details>\n<details>\n<summary><span>Qu&rsquo;est-ce qui change entre le CE2 et le CM1 en conjugaison&nbsp;?<\/span><span class=\"plus\">+<\/span><\/summary>\n<div class=\"a\">Le CE2 se concentre surtout sur le pr\u00e9sent et le pass\u00e9 compos\u00e9 des verbes usuels. Le CM1 \u00e9largit ce socle \u00e0 l&rsquo;imparfait et au futur simple, comme le montre le tableau ci-dessus.<\/div>\n<\/details><\/div>\n<\/div>\n<h2>Conclusion<\/h2>\n<p>Ma\u00eetriser la conjugaison est un d\u00e9fi passionnant pour les \u00e9l\u00e8ves de CM1. En adoptant des m\u00e9thodes vari\u00e9es et ludiques, les enseignants et les parents peuvent aider les enfants \u00e0 surmonter les difficult\u00e9s rencontr\u00e9es. La pratique r\u00e9guli\u00e8re et l&rsquo;utilisation de ressources adapt\u00e9es sont les cl\u00e9s pour r\u00e9ussir dans cet apprentissage. N&rsquo;oublions jamais que chaque petit progr\u00e8s est une victoire sur le chemin de la ma\u00eetrise de la langue fran\u00e7aise.<\/p>\n<\/div>\n","protected":false},"excerpt":{"rendered":"","protected":false},"author":34,"featured_media":7546,"comment_status":"open","ping_status":"open","sticky":false,"template":"","format":"standard","meta":{"_acf_changed":false,"manual_indexmenow":false,"indexmenow_id_project":0,"footnotes":""},"categories":[1],"tags":[4668,4586,4539,4595,4587,4538],"class_list":["post-7545","post","type-post","status-publish","format-standard","has-post-thumbnail","hentry","category-a-la-une","tag-apprentissage-ludique","tag-cm1","tag-conjugaison","tag-erreurs-frequentes","tag-jeux-educatifs","tag-temps-verbaux","generate-columns","tablet-grid-50","mobile-grid-100","grid-parent","grid-25"],"acf":[],"yoast_head":"<!-- This site is optimized with the Yoast SEO Premium plugin v21.3 (Yoast SEO v25.6) - https:\/\/yoast.com\/wordpress\/plugins\/seo\/ -->\n<title>Ma\u00eetriser la conjugaison : le\u00e7ons pour les \u00e9l\u00e8ves de CM1<\/title>\n<meta name=\"description\" content=\"Des le\u00e7ons de conjugaison pour les \u00e9l\u00e8ves de CM1 : apprendre \u00e0 conjuguer correctement pour am\u00e9liorer l&#039;expression \u00e9crite et orale.\" \/>\n<meta name=\"robots\" content=\"index, follow, max-snippet:-1, max-image-preview:large, max-video-preview:-1\" \/>\n<link rel=\"canonical\" href=\"https:\/\/conjugaison-de-verbes.com\/blog\/a-la-une\/maitriser-la-conjugaison-lecons-pour-les-eleves-de-cm1\/\" \/>\n<meta property=\"og:locale\" content=\"fr_FR\" \/>\n<meta property=\"og:type\" content=\"article\" \/>\n<meta property=\"og:title\" content=\"Ma\u00eetriser la conjugaison : le\u00e7ons pour les \u00e9l\u00e8ves de CM1\" \/>\n<meta property=\"og:description\" content=\"Des le\u00e7ons de conjugaison pour les \u00e9l\u00e8ves de CM1 : apprendre \u00e0 conjuguer correctement pour am\u00e9liorer l&#039;expression \u00e9crite et orale.\" \/>\n<meta property=\"og:url\" content=\"https:\/\/conjugaison-de-verbes.com\/blog\/a-la-une\/maitriser-la-conjugaison-lecons-pour-les-eleves-de-cm1\/\" \/>\n<meta property=\"og:site_name\" content=\"conjugaison-de-verbes\" \/>\n<meta property=\"og:image\" content=\"https:\/\/conjugaison-de-verbes.com\/blog\/wp-content\/uploads\/2025\/02\/stability-maitriser-la-conjugaison-lecons-pour-les-eleves-de-cm1.png\" \/>\n\t<meta property=\"og:image:width\" content=\"1024\" \/>\n\t<meta property=\"og:image:height\" content=\"576\" \/>\n\t<meta property=\"og:image:type\" content=\"image\/png\" \/>\n<meta name=\"author\" content=\"Rapha\u00ebl D.\" \/>\n<meta name=\"twitter:card\" content=\"summary_large_image\" \/>\n<script type=\"application\/ld+json\" class=\"yoast-schema-graph\">{\"@context\":\"https:\/\/schema.org\",\"@graph\":[{\"@type\":\"NewsArticle\",\"@id\":\"https:\/\/conjugaison-de-verbes.com\/blog\/a-la-une\/maitriser-la-conjugaison-lecons-pour-les-eleves-de-cm1\/#article\",\"isPartOf\":{\"@id\":\"https:\/\/conjugaison-de-verbes.com\/blog\/a-la-une\/maitriser-la-conjugaison-lecons-pour-les-eleves-de-cm1\/\"},\"author\":{\"name\":\"Rapha\u00ebl D.\",\"@id\":\"https:\/\/conjugaison-de-verbes.com\/blog\/#\/schema\/person\/3c864cdc320801e3db34b663e7e3f816\"},\"headline\":\"Ma\u00eetriser la conjugaison : le\u00e7ons pour les \u00e9l\u00e8ves de CM1\",\"datePublished\":\"2026-08-31T21:05:33+00:00\",\"mainEntityOfPage\":{\"@id\":\"https:\/\/conjugaison-de-verbes.com\/blog\/a-la-une\/maitriser-la-conjugaison-lecons-pour-les-eleves-de-cm1\/\"},\"wordCount\":870,\"commentCount\":30,\"publisher\":{\"@id\":\"https:\/\/conjugaison-de-verbes.com\/blog\/#organization\"},\"image\":{\"@id\":\"https:\/\/conjugaison-de-verbes.com\/blog\/a-la-une\/maitriser-la-conjugaison-lecons-pour-les-eleves-de-cm1\/#primaryimage\"},\"thumbnailUrl\":\"https:\/\/conjugaison-de-verbes.com\/blog\/wp-content\/uploads\/2025\/02\/stability-maitriser-la-conjugaison-lecons-pour-les-eleves-de-cm1.png\",\"keywords\":[\"Apprentissage Ludique\",\"CM1\",\"Conjugaison\",\"Erreurs Fr\u00e9quentes\",\"Jeux \u00e9ducatifs\",\"Temps Verbaux\"],\"articleSection\":[\"\u00c0 la une\"],\"inLanguage\":\"fr-FR\",\"potentialAction\":[{\"@type\":\"CommentAction\",\"name\":\"Comment\",\"target\":[\"https:\/\/conjugaison-de-verbes.com\/blog\/a-la-une\/maitriser-la-conjugaison-lecons-pour-les-eleves-de-cm1\/#respond\"]}]},{\"@type\":\"WebPage\",\"@id\":\"https:\/\/conjugaison-de-verbes.com\/blog\/a-la-une\/maitriser-la-conjugaison-lecons-pour-les-eleves-de-cm1\/\",\"url\":\"https:\/\/conjugaison-de-verbes.com\/blog\/a-la-une\/maitriser-la-conjugaison-lecons-pour-les-eleves-de-cm1\/\",\"name\":\"Ma\u00eetriser la conjugaison : le\u00e7ons pour les \u00e9l\u00e8ves de CM1\",\"isPartOf\":{\"@id\":\"https:\/\/conjugaison-de-verbes.com\/blog\/#website\"},\"primaryImageOfPage\":{\"@id\":\"https:\/\/conjugaison-de-verbes.com\/blog\/a-la-une\/maitriser-la-conjugaison-lecons-pour-les-eleves-de-cm1\/#primaryimage\"},\"image\":{\"@id\":\"https:\/\/conjugaison-de-verbes.com\/blog\/a-la-une\/maitriser-la-conjugaison-lecons-pour-les-eleves-de-cm1\/#primaryimage\"},\"thumbnailUrl\":\"https:\/\/conjugaison-de-verbes.com\/blog\/wp-content\/uploads\/2025\/02\/stability-maitriser-la-conjugaison-lecons-pour-les-eleves-de-cm1.png\",\"datePublished\":\"2026-08-31T21:05:33+00:00\",\"description\":\"Des le\u00e7ons de conjugaison pour les \u00e9l\u00e8ves de CM1 : apprendre \u00e0 conjuguer correctement pour am\u00e9liorer l'expression \u00e9crite et orale.\",\"inLanguage\":\"fr-FR\",\"potentialAction\":[{\"@type\":\"ReadAction\",\"target\":[\"https:\/\/conjugaison-de-verbes.com\/blog\/a-la-une\/maitriser-la-conjugaison-lecons-pour-les-eleves-de-cm1\/\"]}]},{\"@type\":\"ImageObject\",\"inLanguage\":\"fr-FR\",\"@id\":\"https:\/\/conjugaison-de-verbes.com\/blog\/a-la-une\/maitriser-la-conjugaison-lecons-pour-les-eleves-de-cm1\/#primaryimage\",\"url\":\"https:\/\/conjugaison-de-verbes.com\/blog\/wp-content\/uploads\/2025\/02\/stability-maitriser-la-conjugaison-lecons-pour-les-eleves-de-cm1.png\",\"contentUrl\":\"https:\/\/conjugaison-de-verbes.com\/blog\/wp-content\/uploads\/2025\/02\/stability-maitriser-la-conjugaison-lecons-pour-les-eleves-de-cm1.png\",\"width\":1024,\"height\":576},{\"@type\":\"WebSite\",\"@id\":\"https:\/\/conjugaison-de-verbes.com\/blog\/#website\",\"url\":\"https:\/\/conjugaison-de-verbes.com\/blog\/\",\"name\":\"conjugaison-de-verbes.com\",\"description\":\"Conjugaison de Verbes, ma\u00eetrisez la langue fran\u00e7aise\",\"publisher\":{\"@id\":\"https:\/\/conjugaison-de-verbes.com\/blog\/#organization\"},\"alternateName\":\"Conjugaison de Verbes, ma\u00eetrisez la langue fran\u00e7aise\",\"potentialAction\":[{\"@type\":\"SearchAction\",\"target\":{\"@type\":\"EntryPoint\",\"urlTemplate\":\"https:\/\/conjugaison-de-verbes.com\/blog\/?s={search_term_string}\"},\"query-input\":{\"@type\":\"PropertyValueSpecification\",\"valueRequired\":true,\"valueName\":\"search_term_string\"}}],\"inLanguage\":\"fr-FR\"},{\"@type\":\"Organization\",\"@id\":\"https:\/\/conjugaison-de-verbes.com\/blog\/#organization\",\"name\":\"Foretsensations.fr\",\"url\":\"https:\/\/conjugaison-de-verbes.com\/blog\/\",\"logo\":{\"@type\":\"ImageObject\",\"inLanguage\":\"fr-FR\",\"@id\":\"https:\/\/conjugaison-de-verbes.com\/blog\/#\/schema\/logo\/image\/\",\"url\":\"https:\/\/conjugaison-de-verbes.com\/blog\/wp-content\/uploads\/2024\/12\/10.png\",\"contentUrl\":\"https:\/\/conjugaison-de-verbes.com\/blog\/wp-content\/uploads\/2024\/12\/10.png\",\"width\":500,\"height\":500,\"caption\":\"Foretsensations.fr\"},\"image\":{\"@id\":\"https:\/\/conjugaison-de-verbes.com\/blog\/#\/schema\/logo\/image\/\"}},{\"@type\":\"Person\",\"@id\":\"https:\/\/conjugaison-de-verbes.com\/blog\/#\/schema\/person\/3c864cdc320801e3db34b663e7e3f816\",\"name\":\"Rapha\u00ebl D.\",\"image\":{\"@type\":\"ImageObject\",\"inLanguage\":\"fr-FR\",\"@id\":\"https:\/\/conjugaison-de-verbes.com\/blog\/#\/schema\/person\/image\/\",\"url\":\"https:\/\/conjugaison-de-verbes.com\/blog\/wp-content\/uploads\/2026\/06\/persona_raphael-d-150x150.jpg\",\"contentUrl\":\"https:\/\/conjugaison-de-verbes.com\/blog\/wp-content\/uploads\/2026\/06\/persona_raphael-d-150x150.jpg\",\"caption\":\"Rapha\u00ebl D.\"},\"description\":\"La culture est mon terrain de jeu depuis une dizaine d'ann\u00e9es : arts visuels, s\u00e9ries, cr\u00e9ation et tout ce qui nourrit l'imaginaire. J'\u00e9cris aussi bien sur l'actualit\u00e9 des \u0153uvres que sur les coulisses de la cr\u00e9ation, avec l'envie de relier l'amateur curieux \u00e0 des univers parfois jug\u00e9s intimidants. J'aime analyser une s\u00e9rie ou une d\u00e9marche artistique sans p\u00e9dantisme, replacer une \u0153uvre dans son contexte et donner des cl\u00e9s de lecture accessibles. Avant de publier, je v\u00e9rifie mes r\u00e9f\u00e9rences, je recoupe les sources et je distingue clairement le fait de mon interpr\u00e9tation subjective. Je crois qu'une critique vaut surtout par les arguments qu'elle expose, pas par la sentence qu'elle rend. Mon angle : transmettre l'envie de d\u00e9couvrir, de regarder autrement et de se forger son propre go\u00fbt. La culture n'appartient pas qu'aux initi\u00e9s, et c'est tout l'enjeu de mon \u00e9criture.\",\"url\":\"https:\/\/conjugaison-de-verbes.com\/blog\/auteur\/raphael-d\/\",\"jobTitle\":\"R\u00e9dacteur en chef \u00b7 Culture & Cr\u00e9ation\",\"knowsAbout\":[\"Culture\",\"Cr\u00e9ation\"],\"email\":\"raphael.d@a-l-asso-de-l-art.fr\"}]}<\/script>\n<!-- \/ Yoast SEO Premium plugin. -->","yoast_head_json":{"title":"Ma\u00eetriser la conjugaison : le\u00e7ons pour les \u00e9l\u00e8ves de CM1","description":"Des le\u00e7ons de conjugaison pour les \u00e9l\u00e8ves de CM1 : apprendre \u00e0 conjuguer correctement pour am\u00e9liorer l'expression \u00e9crite et orale.","robots":{"index":"index","follow":"follow","max-snippet":"max-snippet:-1","max-image-preview":"max-image-preview:large","max-video-preview":"max-video-preview:-1"},"canonical":"https:\/\/conjugaison-de-verbes.com\/blog\/a-la-une\/maitriser-la-conjugaison-lecons-pour-les-eleves-de-cm1\/","og_locale":"fr_FR","og_type":"article","og_title":"Ma\u00eetriser la conjugaison : le\u00e7ons pour les \u00e9l\u00e8ves de CM1","og_description":"Des le\u00e7ons de conjugaison pour les \u00e9l\u00e8ves de CM1 : apprendre \u00e0 conjuguer correctement pour am\u00e9liorer l'expression \u00e9crite et orale.","og_url":"https:\/\/conjugaison-de-verbes.com\/blog\/a-la-une\/maitriser-la-conjugaison-lecons-pour-les-eleves-de-cm1\/","og_site_name":"conjugaison-de-verbes","og_image":[{"width":1024,"height":576,"url":"https:\/\/conjugaison-de-verbes.com\/blog\/wp-content\/uploads\/2025\/02\/stability-maitriser-la-conjugaison-lecons-pour-les-eleves-de-cm1.png","type":"image\/png"}],"author":"Rapha\u00ebl D.","twitter_card":"summary_large_image","schema":{"@context":"https:\/\/schema.org","@graph":[{"@type":"NewsArticle","@id":"https:\/\/conjugaison-de-verbes.com\/blog\/a-la-une\/maitriser-la-conjugaison-lecons-pour-les-eleves-de-cm1\/#article","isPartOf":{"@id":"https:\/\/conjugaison-de-verbes.com\/blog\/a-la-une\/maitriser-la-conjugaison-lecons-pour-les-eleves-de-cm1\/"},"author":{"name":"Rapha\u00ebl D.","@id":"https:\/\/conjugaison-de-verbes.com\/blog\/#\/schema\/person\/3c864cdc320801e3db34b663e7e3f816"},"headline":"Ma\u00eetriser la conjugaison : le\u00e7ons pour les \u00e9l\u00e8ves de CM1","datePublished":"2026-08-31T21:05:33+00:00","mainEntityOfPage":{"@id":"https:\/\/conjugaison-de-verbes.com\/blog\/a-la-une\/maitriser-la-conjugaison-lecons-pour-les-eleves-de-cm1\/"},"wordCount":870,"commentCount":30,"publisher":{"@id":"https:\/\/conjugaison-de-verbes.com\/blog\/#organization"},"image":{"@id":"https:\/\/conjugaison-de-verbes.com\/blog\/a-la-une\/maitriser-la-conjugaison-lecons-pour-les-eleves-de-cm1\/#primaryimage"},"thumbnailUrl":"https:\/\/conjugaison-de-verbes.com\/blog\/wp-content\/uploads\/2025\/02\/stability-maitriser-la-conjugaison-lecons-pour-les-eleves-de-cm1.png","keywords":["Apprentissage Ludique","CM1","Conjugaison","Erreurs Fr\u00e9quentes","Jeux \u00e9ducatifs","Temps Verbaux"],"articleSection":["\u00c0 la une"],"inLanguage":"fr-FR","potentialAction":[{"@type":"CommentAction","name":"Comment","target":["https:\/\/conjugaison-de-verbes.com\/blog\/a-la-une\/maitriser-la-conjugaison-lecons-pour-les-eleves-de-cm1\/#respond"]}]},{"@type":"WebPage","@id":"https:\/\/conjugaison-de-verbes.com\/blog\/a-la-une\/maitriser-la-conjugaison-lecons-pour-les-eleves-de-cm1\/","url":"https:\/\/conjugaison-de-verbes.com\/blog\/a-la-une\/maitriser-la-conjugaison-lecons-pour-les-eleves-de-cm1\/","name":"Ma\u00eetriser la conjugaison : le\u00e7ons pour les \u00e9l\u00e8ves de CM1","isPartOf":{"@id":"https:\/\/conjugaison-de-verbes.com\/blog\/#website"},"primaryImageOfPage":{"@id":"https:\/\/conjugaison-de-verbes.com\/blog\/a-la-une\/maitriser-la-conjugaison-lecons-pour-les-eleves-de-cm1\/#primaryimage"},"image":{"@id":"https:\/\/conjugaison-de-verbes.com\/blog\/a-la-une\/maitriser-la-conjugaison-lecons-pour-les-eleves-de-cm1\/#primaryimage"},"thumbnailUrl":"https:\/\/conjugaison-de-verbes.com\/blog\/wp-content\/uploads\/2025\/02\/stability-maitriser-la-conjugaison-lecons-pour-les-eleves-de-cm1.png","datePublished":"2026-08-31T21:05:33+00:00","description":"Des le\u00e7ons de conjugaison pour les \u00e9l\u00e8ves de CM1 : apprendre \u00e0 conjuguer correctement pour am\u00e9liorer l'expression \u00e9crite et orale.","inLanguage":"fr-FR","potentialAction":[{"@type":"ReadAction","target":["https:\/\/conjugaison-de-verbes.com\/blog\/a-la-une\/maitriser-la-conjugaison-lecons-pour-les-eleves-de-cm1\/"]}]},{"@type":"ImageObject","inLanguage":"fr-FR","@id":"https:\/\/conjugaison-de-verbes.com\/blog\/a-la-une\/maitriser-la-conjugaison-lecons-pour-les-eleves-de-cm1\/#primaryimage","url":"https:\/\/conjugaison-de-verbes.com\/blog\/wp-content\/uploads\/2025\/02\/stability-maitriser-la-conjugaison-lecons-pour-les-eleves-de-cm1.png","contentUrl":"https:\/\/conjugaison-de-verbes.com\/blog\/wp-content\/uploads\/2025\/02\/stability-maitriser-la-conjugaison-lecons-pour-les-eleves-de-cm1.png","width":1024,"height":576},{"@type":"WebSite","@id":"https:\/\/conjugaison-de-verbes.com\/blog\/#website","url":"https:\/\/conjugaison-de-verbes.com\/blog\/","name":"conjugaison-de-verbes.com","description":"Conjugaison de Verbes, ma\u00eetrisez la langue fran\u00e7aise","publisher":{"@id":"https:\/\/conjugaison-de-verbes.com\/blog\/#organization"},"alternateName":"Conjugaison de Verbes, ma\u00eetrisez la langue fran\u00e7aise","potentialAction":[{"@type":"SearchAction","target":{"@type":"EntryPoint","urlTemplate":"https:\/\/conjugaison-de-verbes.com\/blog\/?s={search_term_string}"},"query-input":{"@type":"PropertyValueSpecification","valueRequired":true,"valueName":"search_term_string"}}],"inLanguage":"fr-FR"},{"@type":"Organization","@id":"https:\/\/conjugaison-de-verbes.com\/blog\/#organization","name":"Foretsensations.fr","url":"https:\/\/conjugaison-de-verbes.com\/blog\/","logo":{"@type":"ImageObject","inLanguage":"fr-FR","@id":"https:\/\/conjugaison-de-verbes.com\/blog\/#\/schema\/logo\/image\/","url":"https:\/\/conjugaison-de-verbes.com\/blog\/wp-content\/uploads\/2024\/12\/10.png","contentUrl":"https:\/\/conjugaison-de-verbes.com\/blog\/wp-content\/uploads\/2024\/12\/10.png","width":500,"height":500,"caption":"Foretsensations.fr"},"image":{"@id":"https:\/\/conjugaison-de-verbes.com\/blog\/#\/schema\/logo\/image\/"}},{"@type":"Person","@id":"https:\/\/conjugaison-de-verbes.com\/blog\/#\/schema\/person\/3c864cdc320801e3db34b663e7e3f816","name":"Rapha\u00ebl D.","image":{"@type":"ImageObject","inLanguage":"fr-FR","@id":"https:\/\/conjugaison-de-verbes.com\/blog\/#\/schema\/person\/image\/","url":"https:\/\/conjugaison-de-verbes.com\/blog\/wp-content\/uploads\/2026\/06\/persona_raphael-d-150x150.jpg","contentUrl":"https:\/\/conjugaison-de-verbes.com\/blog\/wp-content\/uploads\/2026\/06\/persona_raphael-d-150x150.jpg","caption":"Rapha\u00ebl D."},"description":"La culture est mon terrain de jeu depuis une dizaine d'ann\u00e9es : arts visuels, s\u00e9ries, cr\u00e9ation et tout ce qui nourrit l'imaginaire. J'\u00e9cris aussi bien sur l'actualit\u00e9 des \u0153uvres que sur les coulisses de la cr\u00e9ation, avec l'envie de relier l'amateur curieux \u00e0 des univers parfois jug\u00e9s intimidants. J'aime analyser une s\u00e9rie ou une d\u00e9marche artistique sans p\u00e9dantisme, replacer une \u0153uvre dans son contexte et donner des cl\u00e9s de lecture accessibles. Avant de publier, je v\u00e9rifie mes r\u00e9f\u00e9rences, je recoupe les sources et je distingue clairement le fait de mon interpr\u00e9tation subjective. Je crois qu'une critique vaut surtout par les arguments qu'elle expose, pas par la sentence qu'elle rend. Mon angle : transmettre l'envie de d\u00e9couvrir, de regarder autrement et de se forger son propre go\u00fbt. La culture n'appartient pas qu'aux initi\u00e9s, et c'est tout l'enjeu de mon \u00e9criture.","url":"https:\/\/conjugaison-de-verbes.com\/blog\/auteur\/raphael-d\/","jobTitle":"R\u00e9dacteur en chef \u00b7 Culture & Cr\u00e9ation","knowsAbout":["Culture","Cr\u00e9ation"],"email":"raphael.d@a-l-asso-de-l-art.fr"}]}},"_links":{"self":[{"href":"https:\/\/conjugaison-de-verbes.com\/blog\/wp-json\/wp\/v2\/posts\/7545","targetHints":{"allow":["GET"]}}],"collection":[{"href":"https:\/\/conjugaison-de-verbes.com\/blog\/wp-json\/wp\/v2\/posts"}],"about":[{"href":"https:\/\/conjugaison-de-verbes.com\/blog\/wp-json\/wp\/v2\/types\/post"}],"author":[{"embeddable":true,"href":"https:\/\/conjugaison-de-verbes.com\/blog\/wp-json\/wp\/v2\/users\/34"}],"replies":[{"embeddable":true,"href":"https:\/\/conjugaison-de-verbes.com\/blog\/wp-json\/wp\/v2\/comments?post=7545"}],"version-history":[{"count":3,"href":"https:\/\/conjugaison-de-verbes.com\/blog\/wp-json\/wp\/v2\/posts\/7545\/revisions"}],"predecessor-version":[{"id":8117,"href":"https:\/\/conjugaison-de-verbes.com\/blog\/wp-json\/wp\/v2\/posts\/7545\/revisions\/8117"}],"wp:featuredmedia":[{"embeddable":true,"href":"https:\/\/conjugaison-de-verbes.com\/blog\/wp-json\/wp\/v2\/media\/7546"}],"wp:attachment":[{"href":"https:\/\/conjugaison-de-verbes.com\/blog\/wp-json\/wp\/v2\/media?parent=7545"}],"wp:term":[{"taxonomy":"category","embeddable":true,"href":"https:\/\/conjugaison-de-verbes.com\/blog\/wp-json\/wp\/v2\/categories?post=7545"},{"taxonomy":"post_tag","embeddable":true,"href":"https:\/\/conjugaison-de-verbes.com\/blog\/wp-json\/wp\/v2\/tags?post=7545"}],"curies":[{"name":"wp","href":"https:\/\/api.w.org\/{rel}","templated":true}]}}