{"id":7537,"date":"2026-08-31T22:38:48","date_gmt":"2026-08-31T20:38:48","guid":{"rendered":"https:\/\/conjugaison-de-verbes.com\/blog\/?p=7537"},"modified":"2026-08-31T22:40:08","modified_gmt":"2026-08-31T20:40:08","slug":"apprenez-a-maitriser-les-trous-de-conjugaison-en-francais","status":"publish","type":"post","link":"https:\/\/conjugaison-de-verbes.com\/blog\/a-la-une\/apprenez-a-maitriser-les-trous-de-conjugaison-en-francais\/","title":{"rendered":"Lacunes de Conjugaison : Pourquoi On les Oublie et Comment les Combler"},"content":{"rendered":"<link rel=\"stylesheet\" href=\"https:\/\/fonts.googleapis.com\/css2?family=Space+Grotesk:wght@600;700&#038;family=Inter:wght@400;500;600&#038;family=JetBrains+Mono:wght@500&#038;display=swap\">\n<style>\n.cdv-lc-wrap{font-family:'Inter',-apple-system,BlinkMacSystemFont,sans-serif;font-size:17px;line-height:1.65;color:#1a2233;max-width:100%;}\n.cdv-lc-wrap h2{font-family:'Space Grotesk',-apple-system,sans-serif;font-weight:700;font-size:clamp(22px,3vw,28px);letter-spacing:-.01em;color:#141a29;margin:48px 0 18px;}\n.cdv-lc-wrap h3{font-family:'Space Grotesk',-apple-system,sans-serif;font-weight:600;font-size:19px;color:#141a29;margin:26px 0 10px;}\n.cdv-lc-wrap p{margin:0 0 16px;}\n.cdv-lc-wrap a{color:#0d9488;text-decoration:underline;text-decoration-color:#a6e2db;text-underline-offset:2px;font-weight:600;}\n.cdv-lc-wrap a:hover{text-decoration-color:#0d9488;}\n.cdv-lc-brief{background:#e9f7f4;border-left:5px solid #0d9488;border-radius:10px;padding:22px 26px;margin:8px 0 36px;}\n.cdv-lc-brief .cdv-lc-kicker{font-family:'JetBrains Mono',monospace;font-size:12px;font-weight:500;letter-spacing:.08em;text-transform:uppercase;color:#0d9488;margin-bottom:10px;display:block;}\n.cdv-lc-brief .cdv-lc-txt{margin:0 0 14px;color:#1a2233;}\n.cdv-lc-brief ul{margin:0;padding:0;list-style:none;}\n.cdv-lc-brief li{position:relative;padding-left:24px;margin:8px 0;color:#2a3352;}\n.cdv-lc-brief li::before{content:\"\u2192\";position:absolute;left:0;color:#0d9488;font-weight:700;}\n.cdv-lc-figure{margin:26px 0;padding:0;}\n.cdv-lc-figure img{width:100%;height:auto;display:block;border-radius:12px;box-shadow:0 1px 2px rgba(16,24,40,.06),0 14px 30px -18px rgba(16,24,40,.25);}\n.cdv-lc-figure figcaption{font-family:'JetBrains Mono',monospace;font-size:12px;color:#667085;margin-top:8px;}\n.cdv-lc-card{background:#fff;border:1px solid #e2e6f0;border-top:3px solid #0d9488;border-radius:12px;padding:22px 24px;margin:22px 0;box-shadow:0 1px 2px rgba(16,24,40,.04);transition:.25s ease;}\n.cdv-lc-card:hover{transform:translateY(-3px);box-shadow:0 14px 26px -16px rgba(16,24,40,.22);}\n.cdv-lc-card ul{margin:0;padding:0;list-style:none;}\n.cdv-lc-card li{position:relative;padding-left:26px;margin:12px 0;color:#2a3352;}\n.cdv-lc-card li::before{content:\"\u2713\";position:absolute;left:0;top:0;color:#0d9488;font-weight:700;}\n.cdv-lc-card li strong{color:#141a29;}\n.cdv-lc-note{background:#fff8ec;border:1px solid #f3dfae;border-radius:12px;padding:20px 24px;margin:26px 0;}\n.cdv-lc-note .cdv-lc-kicker{font-family:'JetBrains Mono',monospace;font-size:12px;font-weight:500;letter-spacing:.08em;text-transform:uppercase;color:#9a6b12;margin-bottom:8px;display:block;}\n.cdv-lc-note .cdv-lc-txt{margin:0;color:#5a4413;}\n.cdv-lc-table-wrap{margin:24px 0;border:1px solid #e2e6f0;border-radius:12px;overflow:hidden;}\n.cdv-lc-table-wrap table{width:100%;border-collapse:collapse;font-size:15.5px;}\n.cdv-lc-table-wrap th{background:#0d9488;color:#fff;font-family:'Space Grotesk',sans-serif;font-weight:600;text-align:left;padding:12px 16px;font-size:13.5px;letter-spacing:.02em;}\n.cdv-lc-table-wrap td{padding:12px 16px;border-top:1px solid #eceff5;}\n.cdv-lc-table-wrap tr:nth-child(even) td{background:#f7fbfa;}\n.cdv-lc-table-wrap td:first-child{font-weight:600;color:#141a29;}\n.cdv-lc-retain{background:#f7fbfa;border:1px solid #cdeae5;border-radius:12px;padding:22px 24px;margin:32px 0;}\n.cdv-lc-retain .cdv-lc-kicker{font-family:'JetBrains Mono',monospace;font-size:12px;font-weight:500;letter-spacing:.08em;text-transform:uppercase;color:#0d9488;margin-bottom:10px;display:block;}\n.cdv-lc-retain ul{margin:0;padding:0;list-style:none;}\n.cdv-lc-retain li{position:relative;padding-left:24px;margin:10px 0;color:#1a2233;}\n.cdv-lc-retain li::before{content:\"\u2605\";position:absolute;left:0;color:#0d9488;}\n.cdv-lc-faq{margin:32px 0;}\n.cdv-lc-faq details{border-bottom:1px solid #e2e6f0;padding:0;}\n.cdv-lc-faq summary{cursor:pointer;padding:18px 0;font-family:'Space Grotesk',sans-serif;font-size:16.5px;font-weight:600;color:#141a29;list-style:none;display:flex;justify-content:space-between;align-items:center;gap:14px;}\n.cdv-lc-faq summary::-webkit-details-marker{display:none;}\n.cdv-lc-faq summary::after{content:\"+\";font-size:22px;color:#0d9488;flex:none;transition:.2s ease;}\n.cdv-lc-faq details[open] summary::after{content:\"\u2013\";}\n.cdv-lc-faq .cdv-lc-a{padding:0 0 18px;color:#3a4460;}\n<\/style>\n<div class=\"cdv-lc-wrap\">\n<p>Un \u00e9l\u00e8ve relit ses verbes chaque soir, r\u00e9cite la r\u00e8gle du futur simple sans h\u00e9siter \u2014 et bute quand m\u00eame sur \u00ab je manger&#8230; \u00bb au moment d&rsquo;\u00e9crire. Ce blanc a un nom courant : la lacune de conjugaison. Contrairement \u00e0 une confusion entre deux temps qui existent tous les deux, il s&rsquo;agit ici d&rsquo;une forme qui n&rsquo;a tout simplement pas \u00e9t\u00e9 m\u00e9moris\u00e9e. Voici pourquoi elle appara\u00eet et comment la combler durablement.<\/p>\n<div class=\"cdv-lc-brief\">\n  <span class=\"cdv-lc-kicker\">En bref<\/span><\/p>\n<div class=\"cdv-lc-txt\">Une lacune de conjugaison, c&rsquo;est l&rsquo;incapacit\u00e9 \u00e0 produire la bonne forme d&rsquo;un verbe \u00e0 un temps ou une personne donn\u00e9e \u2014 par exemple \u00e9crire \u00ab je mangera \u00bb au lieu de \u00ab je mangerai \u00bb. \u00c0 la diff\u00e9rence d&rsquo;une <a href=\"https:\/\/conjugaison-de-verbes.com\/blog\/a-la-une\/comprendre-le-trou-de-conjugaison-definition-exemples-et-solutions\/\">difficult\u00e9 de conjugaison<\/a> (confondre deux temps qui existent tous les deux), il s&rsquo;agit ici d&rsquo;une forme jamais m\u00e9moris\u00e9e ou oubli\u00e9e. Elle se comble par la pratique r\u00e9guli\u00e8re et r\u00e9p\u00e9t\u00e9e, pas par une astuce miracle.<\/div>\n<ul>\n<li>Touche surtout les verbes irr\u00e9guliers et les temps compos\u00e9s<\/li>\n<li>Se manifeste par des terminaisons fausses ou des formes invent\u00e9es<\/li>\n<li>Se corrige par la r\u00e9p\u00e9tition espac\u00e9e, pas par la r\u00e9vision de derni\u00e8re minute<\/li>\n<li>Un accompagnement cibl\u00e9 acc\u00e9l\u00e8re la m\u00e9morisation des formes r\u00e9currentes<\/li>\n<\/ul>\n<\/div>\n<h2>Qu&rsquo;est-ce qu&rsquo;une lacune de conjugaison ?<\/h2>\n<p>Une lacune de conjugaison d\u00e9signe un manque de connaissance ou un oubli concernant la conjugaison d&rsquo;un verbe \u00e0 un temps ou une personne donn\u00e9e. Cela se traduit par l&rsquo;incapacit\u00e9 \u00e0 retrouver la bonne forme \u2014 un \u00e9tudiant peut \u00e9crire \u00ab je mangera \u00bb au lieu de \u00ab je mangerai \u00bb, ou \u00ab j&rsquo;allerai \u00bb au lieu de \u00ab j&rsquo;irai \u00bb. Cette m\u00e9prise peut sembler anodine, mais elle nuit \u00e0 la clart\u00e9 d&rsquo;un texte ou d&rsquo;une conversation, et elle revient plus souvent sur les verbes irr\u00e9guliers, dont les radicaux changent d&rsquo;un temps \u00e0 l&rsquo;autre.<\/p>\n<p>C&rsquo;est un ph\u00e9nom\u00e8ne distinct d&rsquo;une confusion d&rsquo;usage entre deux formes qui existent toutes les deux (comme h\u00e9siter entre l&rsquo;imparfait et le pass\u00e9 compos\u00e9) : l\u00e0, la forme correcte manque tout simplement au vocabulaire actif de l&rsquo;\u00e9l\u00e8ve. Notre article sur les <a href=\"https:\/\/conjugaison-de-verbes.com\/blog\/a-la-une\/comprendre-le-trou-de-conjugaison-definition-exemples-et-solutions\/\">difficult\u00e9s de conjugaison<\/a> d\u00e9taille ce second cas de figure.<\/p>\n<p>Le choix de l&rsquo;auxiliaire aux temps compos\u00e9s est une autre source fr\u00e9quente de lacune : la plupart des verbes se conjuguent avec \u00ab avoir \u00bb, mais une quinzaine de verbes de mouvement ou d&rsquo;\u00e9tat \u2014 comme \u00ab rester \u00bb, \u00ab aller \u00bb ou \u00ab partir \u00bb \u2014 demandent \u00ab \u00eatre \u00bb. Un \u00e9l\u00e8ve qui n&rsquo;a pas m\u00e9moris\u00e9 cette liste \u00e9crira \u00ab il a rest\u00e9 \u00bb l\u00e0 o\u00f9 il faut \u00ab il est rest\u00e9 \u00bb. Ce n&rsquo;est pas non plus une h\u00e9sitation entre deux formes valables : une seule des deux constructions est correcte, l&rsquo;autre rel\u00e8ve de la lacune.<\/p>\n<h2>Les causes des lacunes de conjugaison<\/h2>\n<p>Les lacunes de conjugaison peuvent r\u00e9sulter de plusieurs facteurs, notamment :<\/p>\n<div class=\"cdv-lc-card\">\n<ul>\n<li><strong>Manque de pratique<\/strong> \u2014 les verbes irr\u00e9guliers, en particulier, n\u00e9cessitent une m\u00e9morisation constante ; sans r\u00e9vision r\u00e9guli\u00e8re, la forme correcte s&rsquo;efface.<\/li>\n<li><strong>Apprentissage inadapt\u00e9<\/strong> \u2014 une m\u00e9thode peu engageante ou trop th\u00e9orique limite l&rsquo;assimilation r\u00e9elle des r\u00e8gles.<\/li>\n<li><strong>Stress ou fatigue<\/strong> \u2014 dans un contexte d&rsquo;examen ou de prise de parole, la pression peut faire perdre l&rsquo;acc\u00e8s \u00e0 une forme pourtant apprise.<\/li>\n<\/ul>\n<\/div>\n<h2>Comment combler ces lacunes ?<\/h2>\n<p>Pour surmonter les lacunes de conjugaison, plusieurs strat\u00e9gies s&rsquo;av\u00e8rent efficaces :<\/p>\n<figure class=\"cdv-lc-figure\">\n  <img width=\"1024\" height=\"576\" src=\"https:\/\/conjugaison-de-verbes.com\/blog\/wp-content\/uploads\/2025\/02\/stability-apprenez-a-maitriser-les-trous-de-conjugaison-en-francais-1.png\" class=\"aligncenter\" alt=\"Illustration d\u00e9taill\u00e9e sur Apprenez \u00e0 ma\u00eetriser les trous de conjugaison en fran\u00e7ais\" title=\"Apprenez \u00e0 ma\u00eetriser les trous de conjugaison en fran\u00e7ais\" decoding=\"async\" loading=\"lazy\" \/><figcaption>Une pratique courte mais r\u00e9guli\u00e8re comble une lacune plus efficacement qu&rsquo;une r\u00e9vision isol\u00e9e.<\/figcaption><\/figure>\n<div class=\"cdv-lc-card\">\n<ul>\n<li><strong>Pratique r\u00e9guli\u00e8re<\/strong> \u2014 consacrez quelques minutes chaque jour \u00e0 conjuguer des verbes, en particulier ceux du 3\u1d49 groupe. Une application de conjugaison peut servir de rappel quotidien.<\/li>\n<li><strong>Jeux de r\u00f4le<\/strong> \u2014 pratiquez des dialogues avec un partenaire en int\u00e9grant des conjugaisons vari\u00e9es, pour ancrer la forme \u00e0 l&rsquo;usage plut\u00f4t qu&rsquo;\u00e0 la r\u00e8gle seule.<\/li>\n<li><strong>Cartes m\u00e9moire<\/strong> \u2014 cr\u00e9ez des flashcards avec des phrases contenant des verbes conjugu\u00e9s (r\u00e9p\u00e9tition espac\u00e9e), ce qui facilite la m\u00e9morisation \u00e0 long terme.<\/li>\n<\/ul>\n<\/div>\n<p>Le principe de la r\u00e9p\u00e9tition espac\u00e9e m\u00e9rite un mot : plut\u00f4t que de r\u00e9viser tous les verbes d&rsquo;un coup la veille d&rsquo;un contr\u00f4le, on retravaille chaque forme \u00e0 intervalles de plus en plus longs (le lendemain, puis quelques jours apr\u00e8s, puis une semaine apr\u00e8s). C&rsquo;est ce rythme, plus que le volume d&rsquo;exercices, qui transforme une forme apprise \u00ab par c\u0153ur \u00bb en une forme disponible spontan\u00e9ment \u00e0 l&rsquo;\u00e9crit comme \u00e0 l&rsquo;oral.<\/p>\n<h2>Ressources pour aller plus loin<\/h2>\n<p>Pour v\u00e9rifier une forme en cas de doute ou creuser un point pr\u00e9cis, deux articles compl\u00e9mentaires sur ce site :<\/p>\n<div class=\"cdv-lc-card\">\n<ul>\n<li><strong><a href=\"https:\/\/conjugaison-de-verbes.com\/blog\/a-la-une\/les-outils-en-ligne-pour-tester-vos-competences-en-conjugaison\/\">Les outils en ligne pour tester vos comp\u00e9tences en conjugaison<\/a><\/strong> \u2014 pour rep\u00e9rer pr\u00e9cis\u00e9ment les formes qui vous manquent.<\/li>\n<li><strong><a href=\"https:\/\/conjugaison-de-verbes.com\/blog\/a-la-une\/les-conjugaisons-des-verbes-pronominaux-en-francais\/\">Les conjugaisons des verbes pronominaux en fran\u00e7ais<\/a><\/strong> \u2014 un point souvent source de lacunes, \u00e0 consolider s\u00e9par\u00e9ment.<\/li>\n<\/ul>\n<\/div>\n<div class=\"cdv-lc-table-wrap\">\n<table>\n<tr>\n<th>Type de ressource<\/th>\n<th>Usage principal<\/th>\n<th>Public cible<\/th>\n<\/tr>\n<tr>\n<td>Manuel de r\u00e9f\u00e9rence<\/td>\n<td>V\u00e9rifier une forme compl\u00e8te, tous temps et modes<\/td>\n<td>Tout public<\/td>\n<\/tr>\n<tr>\n<td>Site d&rsquo;entra\u00eenement en ligne<\/td>\n<td>Exercices cibl\u00e9s et correction imm\u00e9diate<\/td>\n<td>\u00c9tudiants<\/td>\n<\/tr>\n<tr>\n<td>Application de r\u00e9vision<\/td>\n<td>R\u00e9p\u00e9tition espac\u00e9e au quotidien<\/td>\n<td>Apprenants<\/td>\n<\/tr>\n<\/table>\n<\/div>\n<div class=\"cdv-lc-retain\">\n  <span class=\"cdv-lc-kicker\">\u00c0 retenir<\/span><\/p>\n<ul>\n<li>Une lacune de conjugaison est une forme jamais m\u00e9moris\u00e9e ou oubli\u00e9e, pas une confusion entre deux formes existantes.<\/li>\n<li>Les verbes irr\u00e9guliers et les temps compos\u00e9s concentrent l&rsquo;essentiel des lacunes.<\/li>\n<li>La r\u00e9p\u00e9tition espac\u00e9e (pratique courte et r\u00e9guli\u00e8re) comble une lacune plus durablement qu&rsquo;une r\u00e9vision de derni\u00e8re minute.<\/li>\n<li>Un accompagnement cibl\u00e9 (professeur, tuteur) acc\u00e9l\u00e8re la m\u00e9morisation des formes r\u00e9currentes.<\/li>\n<\/ul>\n<\/div>\n<h3>FAQ<\/h3>\n<div class=\"cdv-lc-faq\">\n<details>\n<summary>Comment identifier mes lacunes de conjugaison ?<\/summary>\n<div class=\"cdv-lc-a\">\u00c9coutez attentivement vos \u00e9changes et relisez vos \u00e9crits pour rep\u00e9rer les verbes sur lesquels vous h\u00e9sitez ou inventez une terminaison \u2014 ce sont vos lacunes pr\u00e9cises \u00e0 travailler en priorit\u00e9.<\/div>\n<\/details>\n<details>\n<summary>\u00ab Trou de conjugaison \u00bb et \u00ab lacune de conjugaison \u00bb, est-ce la m\u00eame chose qu&rsquo;une difficult\u00e9 de conjugaison ?<\/summary>\n<div class=\"cdv-lc-a\">Non. Une lacune (ou \u00ab trou \u00bb) correspond \u00e0 une forme jamais m\u00e9moris\u00e9e ou oubli\u00e9e. Une <a href=\"https:\/\/conjugaison-de-verbes.com\/blog\/a-la-une\/comprendre-le-trou-de-conjugaison-definition-exemples-et-solutions\/\">difficult\u00e9 de conjugaison<\/a> est diff\u00e9rente : c&rsquo;est une confusion entre deux formes qui existent toutes les deux, comme l&rsquo;imparfait et le pass\u00e9 compos\u00e9.<\/div>\n<\/details>\n<details>\n<summary>Y a-t-il des exercices sp\u00e9cifiques pour combler une lacune ?<\/summary>\n<div class=\"cdv-lc-a\">Oui : les exercices cibl\u00e9s sur le verbe pr\u00e9cis qui pose probl\u00e8me, r\u00e9p\u00e9t\u00e9s \u00e0 intervalles espac\u00e9s, sont plus efficaces qu&rsquo;une r\u00e9vision g\u00e9n\u00e9raliste de tous les verbes.<\/div>\n<\/details>\n<details>\n<summary>La lecture aide-t-elle \u00e0 combler les lacunes de conjugaison ?<\/summary>\n<div class=\"cdv-lc-a\">Oui. Lire r\u00e9guli\u00e8rement expose \u00e0 de nombreuses formes conjugu\u00e9es en contexte, ce qui aide \u00e0 fixer les formes les moins fr\u00e9quentes, en compl\u00e9ment d&rsquo;une pratique active \u00e0 l&rsquo;\u00e9crit.<\/div>\n<\/details>\n<\/div>\n<\/div>\n","protected":false},"excerpt":{"rendered":"","protected":false},"author":34,"featured_media":7539,"comment_status":"open","ping_status":"open","sticky":false,"template":"","format":"standard","meta":{"_acf_changed":false,"manual_indexmenow":false,"indexmenow_id_project":0,"footnotes":""},"categories":[1],"tags":[4570,4539,4638,4572,4568,4664],"class_list":["post-7537","post","type-post","status-publish","format-standard","has-post-thumbnail","hentry","category-a-la-une","tag-apprentissage","tag-conjugaison","tag-erreurs","tag-pratique","tag-ressources","tag-strategies","generate-columns","tablet-grid-50","mobile-grid-100","grid-parent","grid-25"],"acf":[],"yoast_head":"<!-- This site is optimized with the Yoast SEO Premium plugin v21.3 (Yoast SEO v25.6) - https:\/\/yoast.com\/wordpress\/plugins\/seo\/ -->\n<title>Lacunes de Conjugaison : Causes et Solutions<\/title>\n<meta name=\"description\" content=\"Une lacune de conjugaison, c&#039;est une forme jamais m\u00e9moris\u00e9e, pas une confusion entre deux temps. Causes fr\u00e9quentes et m\u00e9thodes pour la combler durablement.\" \/>\n<meta name=\"robots\" content=\"index, follow, max-snippet:-1, max-image-preview:large, max-video-preview:-1\" \/>\n<link rel=\"canonical\" href=\"https:\/\/conjugaison-de-verbes.com\/blog\/a-la-une\/apprenez-a-maitriser-les-trous-de-conjugaison-en-francais\/\" \/>\n<meta property=\"og:locale\" content=\"fr_FR\" \/>\n<meta property=\"og:type\" content=\"article\" \/>\n<meta property=\"og:title\" content=\"Lacunes de Conjugaison : Causes et Solutions\" \/>\n<meta property=\"og:description\" content=\"Une lacune de conjugaison, c&#039;est une forme jamais m\u00e9moris\u00e9e, pas une confusion entre deux temps. Causes fr\u00e9quentes et m\u00e9thodes pour la combler durablement.\" \/>\n<meta property=\"og:url\" content=\"https:\/\/conjugaison-de-verbes.com\/blog\/a-la-une\/apprenez-a-maitriser-les-trous-de-conjugaison-en-francais\/\" \/>\n<meta property=\"og:site_name\" content=\"conjugaison-de-verbes\" \/>\n<meta property=\"og:image\" content=\"https:\/\/conjugaison-de-verbes.com\/blog\/wp-content\/uploads\/2025\/02\/stability-apprenez-a-maitriser-les-trous-de-conjugaison-en-francais.png\" \/>\n\t<meta property=\"og:image:width\" content=\"1024\" \/>\n\t<meta property=\"og:image:height\" content=\"576\" \/>\n\t<meta property=\"og:image:type\" content=\"image\/png\" \/>\n<meta name=\"author\" content=\"Rapha\u00ebl D.\" \/>\n<meta name=\"twitter:card\" content=\"summary_large_image\" \/>\n<script type=\"application\/ld+json\" class=\"yoast-schema-graph\">{\"@context\":\"https:\/\/schema.org\",\"@graph\":[{\"@type\":\"NewsArticle\",\"@id\":\"https:\/\/conjugaison-de-verbes.com\/blog\/a-la-une\/apprenez-a-maitriser-les-trous-de-conjugaison-en-francais\/#article\",\"isPartOf\":{\"@id\":\"https:\/\/conjugaison-de-verbes.com\/blog\/a-la-une\/apprenez-a-maitriser-les-trous-de-conjugaison-en-francais\/\"},\"author\":{\"name\":\"Rapha\u00ebl D.\",\"@id\":\"https:\/\/conjugaison-de-verbes.com\/blog\/#\/schema\/person\/3c864cdc320801e3db34b663e7e3f816\"},\"headline\":\"Lacunes de Conjugaison : Pourquoi On les Oublie et Comment les Combler\",\"datePublished\":\"2026-08-31T20:38:48+00:00\",\"dateModified\":\"2026-08-31T20:40:08+00:00\",\"mainEntityOfPage\":{\"@id\":\"https:\/\/conjugaison-de-verbes.com\/blog\/a-la-une\/apprenez-a-maitriser-les-trous-de-conjugaison-en-francais\/\"},\"wordCount\":1137,\"commentCount\":18,\"publisher\":{\"@id\":\"https:\/\/conjugaison-de-verbes.com\/blog\/#organization\"},\"image\":{\"@id\":\"https:\/\/conjugaison-de-verbes.com\/blog\/a-la-une\/apprenez-a-maitriser-les-trous-de-conjugaison-en-francais\/#primaryimage\"},\"thumbnailUrl\":\"https:\/\/conjugaison-de-verbes.com\/blog\/wp-content\/uploads\/2025\/02\/stability-apprenez-a-maitriser-les-trous-de-conjugaison-en-francais.png\",\"keywords\":[\"Apprentissage\",\"Conjugaison\",\"Erreurs\",\"Pratique\",\"Ressources\",\"Strat\u00e9gies\"],\"articleSection\":[\"\u00c0 la une\"],\"inLanguage\":\"fr-FR\",\"potentialAction\":[{\"@type\":\"CommentAction\",\"name\":\"Comment\",\"target\":[\"https:\/\/conjugaison-de-verbes.com\/blog\/a-la-une\/apprenez-a-maitriser-les-trous-de-conjugaison-en-francais\/#respond\"]}]},{\"@type\":\"WebPage\",\"@id\":\"https:\/\/conjugaison-de-verbes.com\/blog\/a-la-une\/apprenez-a-maitriser-les-trous-de-conjugaison-en-francais\/\",\"url\":\"https:\/\/conjugaison-de-verbes.com\/blog\/a-la-une\/apprenez-a-maitriser-les-trous-de-conjugaison-en-francais\/\",\"name\":\"Lacunes de Conjugaison : Causes et Solutions\",\"isPartOf\":{\"@id\":\"https:\/\/conjugaison-de-verbes.com\/blog\/#website\"},\"primaryImageOfPage\":{\"@id\":\"https:\/\/conjugaison-de-verbes.com\/blog\/a-la-une\/apprenez-a-maitriser-les-trous-de-conjugaison-en-francais\/#primaryimage\"},\"image\":{\"@id\":\"https:\/\/conjugaison-de-verbes.com\/blog\/a-la-une\/apprenez-a-maitriser-les-trous-de-conjugaison-en-francais\/#primaryimage\"},\"thumbnailUrl\":\"https:\/\/conjugaison-de-verbes.com\/blog\/wp-content\/uploads\/2025\/02\/stability-apprenez-a-maitriser-les-trous-de-conjugaison-en-francais.png\",\"datePublished\":\"2026-08-31T20:38:48+00:00\",\"dateModified\":\"2026-08-31T20:40:08+00:00\",\"description\":\"Une lacune de conjugaison, c'est une forme jamais m\u00e9moris\u00e9e, pas une confusion entre deux temps. Causes fr\u00e9quentes et m\u00e9thodes pour la combler durablement.\",\"inLanguage\":\"fr-FR\",\"potentialAction\":[{\"@type\":\"ReadAction\",\"target\":[\"https:\/\/conjugaison-de-verbes.com\/blog\/a-la-une\/apprenez-a-maitriser-les-trous-de-conjugaison-en-francais\/\"]}]},{\"@type\":\"ImageObject\",\"inLanguage\":\"fr-FR\",\"@id\":\"https:\/\/conjugaison-de-verbes.com\/blog\/a-la-une\/apprenez-a-maitriser-les-trous-de-conjugaison-en-francais\/#primaryimage\",\"url\":\"https:\/\/conjugaison-de-verbes.com\/blog\/wp-content\/uploads\/2025\/02\/stability-apprenez-a-maitriser-les-trous-de-conjugaison-en-francais.png\",\"contentUrl\":\"https:\/\/conjugaison-de-verbes.com\/blog\/wp-content\/uploads\/2025\/02\/stability-apprenez-a-maitriser-les-trous-de-conjugaison-en-francais.png\",\"width\":1024,\"height\":576},{\"@type\":\"WebSite\",\"@id\":\"https:\/\/conjugaison-de-verbes.com\/blog\/#website\",\"url\":\"https:\/\/conjugaison-de-verbes.com\/blog\/\",\"name\":\"conjugaison-de-verbes.com\",\"description\":\"Conjugaison de Verbes, ma\u00eetrisez la langue fran\u00e7aise\",\"publisher\":{\"@id\":\"https:\/\/conjugaison-de-verbes.com\/blog\/#organization\"},\"alternateName\":\"Conjugaison de Verbes, ma\u00eetrisez la langue fran\u00e7aise\",\"potentialAction\":[{\"@type\":\"SearchAction\",\"target\":{\"@type\":\"EntryPoint\",\"urlTemplate\":\"https:\/\/conjugaison-de-verbes.com\/blog\/?s={search_term_string}\"},\"query-input\":{\"@type\":\"PropertyValueSpecification\",\"valueRequired\":true,\"valueName\":\"search_term_string\"}}],\"inLanguage\":\"fr-FR\"},{\"@type\":\"Organization\",\"@id\":\"https:\/\/conjugaison-de-verbes.com\/blog\/#organization\",\"name\":\"Foretsensations.fr\",\"url\":\"https:\/\/conjugaison-de-verbes.com\/blog\/\",\"logo\":{\"@type\":\"ImageObject\",\"inLanguage\":\"fr-FR\",\"@id\":\"https:\/\/conjugaison-de-verbes.com\/blog\/#\/schema\/logo\/image\/\",\"url\":\"https:\/\/conjugaison-de-verbes.com\/blog\/wp-content\/uploads\/2024\/12\/10.png\",\"contentUrl\":\"https:\/\/conjugaison-de-verbes.com\/blog\/wp-content\/uploads\/2024\/12\/10.png\",\"width\":500,\"height\":500,\"caption\":\"Foretsensations.fr\"},\"image\":{\"@id\":\"https:\/\/conjugaison-de-verbes.com\/blog\/#\/schema\/logo\/image\/\"}},{\"@type\":\"Person\",\"@id\":\"https:\/\/conjugaison-de-verbes.com\/blog\/#\/schema\/person\/3c864cdc320801e3db34b663e7e3f816\",\"name\":\"Rapha\u00ebl D.\",\"image\":{\"@type\":\"ImageObject\",\"inLanguage\":\"fr-FR\",\"@id\":\"https:\/\/conjugaison-de-verbes.com\/blog\/#\/schema\/person\/image\/\",\"url\":\"https:\/\/conjugaison-de-verbes.com\/blog\/wp-content\/uploads\/2026\/06\/persona_raphael-d-150x150.jpg\",\"contentUrl\":\"https:\/\/conjugaison-de-verbes.com\/blog\/wp-content\/uploads\/2026\/06\/persona_raphael-d-150x150.jpg\",\"caption\":\"Rapha\u00ebl D.\"},\"description\":\"La culture est mon terrain de jeu depuis une dizaine d'ann\u00e9es : arts visuels, s\u00e9ries, cr\u00e9ation et tout ce qui nourrit l'imaginaire. J'\u00e9cris aussi bien sur l'actualit\u00e9 des \u0153uvres que sur les coulisses de la cr\u00e9ation, avec l'envie de relier l'amateur curieux \u00e0 des univers parfois jug\u00e9s intimidants. J'aime analyser une s\u00e9rie ou une d\u00e9marche artistique sans p\u00e9dantisme, replacer une \u0153uvre dans son contexte et donner des cl\u00e9s de lecture accessibles. Avant de publier, je v\u00e9rifie mes r\u00e9f\u00e9rences, je recoupe les sources et je distingue clairement le fait de mon interpr\u00e9tation subjective. Je crois qu'une critique vaut surtout par les arguments qu'elle expose, pas par la sentence qu'elle rend. Mon angle : transmettre l'envie de d\u00e9couvrir, de regarder autrement et de se forger son propre go\u00fbt. La culture n'appartient pas qu'aux initi\u00e9s, et c'est tout l'enjeu de mon \u00e9criture.\",\"url\":\"https:\/\/conjugaison-de-verbes.com\/blog\/auteur\/raphael-d\/\",\"jobTitle\":\"R\u00e9dacteur en chef \u00b7 Culture & Cr\u00e9ation\",\"knowsAbout\":[\"Culture\",\"Cr\u00e9ation\"],\"email\":\"raphael.d@a-l-asso-de-l-art.fr\"}]}<\/script>\n<!-- \/ Yoast SEO Premium plugin. -->","yoast_head_json":{"title":"Lacunes de Conjugaison : Causes et Solutions","description":"Une lacune de conjugaison, c'est une forme jamais m\u00e9moris\u00e9e, pas une confusion entre deux temps. Causes fr\u00e9quentes et m\u00e9thodes pour la combler durablement.","robots":{"index":"index","follow":"follow","max-snippet":"max-snippet:-1","max-image-preview":"max-image-preview:large","max-video-preview":"max-video-preview:-1"},"canonical":"https:\/\/conjugaison-de-verbes.com\/blog\/a-la-une\/apprenez-a-maitriser-les-trous-de-conjugaison-en-francais\/","og_locale":"fr_FR","og_type":"article","og_title":"Lacunes de Conjugaison : Causes et Solutions","og_description":"Une lacune de conjugaison, c'est une forme jamais m\u00e9moris\u00e9e, pas une confusion entre deux temps. Causes fr\u00e9quentes et m\u00e9thodes pour la combler durablement.","og_url":"https:\/\/conjugaison-de-verbes.com\/blog\/a-la-une\/apprenez-a-maitriser-les-trous-de-conjugaison-en-francais\/","og_site_name":"conjugaison-de-verbes","og_image":[{"width":1024,"height":576,"url":"https:\/\/conjugaison-de-verbes.com\/blog\/wp-content\/uploads\/2025\/02\/stability-apprenez-a-maitriser-les-trous-de-conjugaison-en-francais.png","type":"image\/png"}],"author":"Rapha\u00ebl D.","twitter_card":"summary_large_image","schema":{"@context":"https:\/\/schema.org","@graph":[{"@type":"NewsArticle","@id":"https:\/\/conjugaison-de-verbes.com\/blog\/a-la-une\/apprenez-a-maitriser-les-trous-de-conjugaison-en-francais\/#article","isPartOf":{"@id":"https:\/\/conjugaison-de-verbes.com\/blog\/a-la-une\/apprenez-a-maitriser-les-trous-de-conjugaison-en-francais\/"},"author":{"name":"Rapha\u00ebl D.","@id":"https:\/\/conjugaison-de-verbes.com\/blog\/#\/schema\/person\/3c864cdc320801e3db34b663e7e3f816"},"headline":"Lacunes de Conjugaison : Pourquoi On les Oublie et Comment les Combler","datePublished":"2026-08-31T20:38:48+00:00","dateModified":"2026-08-31T20:40:08+00:00","mainEntityOfPage":{"@id":"https:\/\/conjugaison-de-verbes.com\/blog\/a-la-une\/apprenez-a-maitriser-les-trous-de-conjugaison-en-francais\/"},"wordCount":1137,"commentCount":18,"publisher":{"@id":"https:\/\/conjugaison-de-verbes.com\/blog\/#organization"},"image":{"@id":"https:\/\/conjugaison-de-verbes.com\/blog\/a-la-une\/apprenez-a-maitriser-les-trous-de-conjugaison-en-francais\/#primaryimage"},"thumbnailUrl":"https:\/\/conjugaison-de-verbes.com\/blog\/wp-content\/uploads\/2025\/02\/stability-apprenez-a-maitriser-les-trous-de-conjugaison-en-francais.png","keywords":["Apprentissage","Conjugaison","Erreurs","Pratique","Ressources","Strat\u00e9gies"],"articleSection":["\u00c0 la une"],"inLanguage":"fr-FR","potentialAction":[{"@type":"CommentAction","name":"Comment","target":["https:\/\/conjugaison-de-verbes.com\/blog\/a-la-une\/apprenez-a-maitriser-les-trous-de-conjugaison-en-francais\/#respond"]}]},{"@type":"WebPage","@id":"https:\/\/conjugaison-de-verbes.com\/blog\/a-la-une\/apprenez-a-maitriser-les-trous-de-conjugaison-en-francais\/","url":"https:\/\/conjugaison-de-verbes.com\/blog\/a-la-une\/apprenez-a-maitriser-les-trous-de-conjugaison-en-francais\/","name":"Lacunes de Conjugaison : Causes et Solutions","isPartOf":{"@id":"https:\/\/conjugaison-de-verbes.com\/blog\/#website"},"primaryImageOfPage":{"@id":"https:\/\/conjugaison-de-verbes.com\/blog\/a-la-une\/apprenez-a-maitriser-les-trous-de-conjugaison-en-francais\/#primaryimage"},"image":{"@id":"https:\/\/conjugaison-de-verbes.com\/blog\/a-la-une\/apprenez-a-maitriser-les-trous-de-conjugaison-en-francais\/#primaryimage"},"thumbnailUrl":"https:\/\/conjugaison-de-verbes.com\/blog\/wp-content\/uploads\/2025\/02\/stability-apprenez-a-maitriser-les-trous-de-conjugaison-en-francais.png","datePublished":"2026-08-31T20:38:48+00:00","dateModified":"2026-08-31T20:40:08+00:00","description":"Une lacune de conjugaison, c'est une forme jamais m\u00e9moris\u00e9e, pas une confusion entre deux temps. Causes fr\u00e9quentes et m\u00e9thodes pour la combler durablement.","inLanguage":"fr-FR","potentialAction":[{"@type":"ReadAction","target":["https:\/\/conjugaison-de-verbes.com\/blog\/a-la-une\/apprenez-a-maitriser-les-trous-de-conjugaison-en-francais\/"]}]},{"@type":"ImageObject","inLanguage":"fr-FR","@id":"https:\/\/conjugaison-de-verbes.com\/blog\/a-la-une\/apprenez-a-maitriser-les-trous-de-conjugaison-en-francais\/#primaryimage","url":"https:\/\/conjugaison-de-verbes.com\/blog\/wp-content\/uploads\/2025\/02\/stability-apprenez-a-maitriser-les-trous-de-conjugaison-en-francais.png","contentUrl":"https:\/\/conjugaison-de-verbes.com\/blog\/wp-content\/uploads\/2025\/02\/stability-apprenez-a-maitriser-les-trous-de-conjugaison-en-francais.png","width":1024,"height":576},{"@type":"WebSite","@id":"https:\/\/conjugaison-de-verbes.com\/blog\/#website","url":"https:\/\/conjugaison-de-verbes.com\/blog\/","name":"conjugaison-de-verbes.com","description":"Conjugaison de Verbes, ma\u00eetrisez la langue fran\u00e7aise","publisher":{"@id":"https:\/\/conjugaison-de-verbes.com\/blog\/#organization"},"alternateName":"Conjugaison de Verbes, ma\u00eetrisez la langue fran\u00e7aise","potentialAction":[{"@type":"SearchAction","target":{"@type":"EntryPoint","urlTemplate":"https:\/\/conjugaison-de-verbes.com\/blog\/?s={search_term_string}"},"query-input":{"@type":"PropertyValueSpecification","valueRequired":true,"valueName":"search_term_string"}}],"inLanguage":"fr-FR"},{"@type":"Organization","@id":"https:\/\/conjugaison-de-verbes.com\/blog\/#organization","name":"Foretsensations.fr","url":"https:\/\/conjugaison-de-verbes.com\/blog\/","logo":{"@type":"ImageObject","inLanguage":"fr-FR","@id":"https:\/\/conjugaison-de-verbes.com\/blog\/#\/schema\/logo\/image\/","url":"https:\/\/conjugaison-de-verbes.com\/blog\/wp-content\/uploads\/2024\/12\/10.png","contentUrl":"https:\/\/conjugaison-de-verbes.com\/blog\/wp-content\/uploads\/2024\/12\/10.png","width":500,"height":500,"caption":"Foretsensations.fr"},"image":{"@id":"https:\/\/conjugaison-de-verbes.com\/blog\/#\/schema\/logo\/image\/"}},{"@type":"Person","@id":"https:\/\/conjugaison-de-verbes.com\/blog\/#\/schema\/person\/3c864cdc320801e3db34b663e7e3f816","name":"Rapha\u00ebl D.","image":{"@type":"ImageObject","inLanguage":"fr-FR","@id":"https:\/\/conjugaison-de-verbes.com\/blog\/#\/schema\/person\/image\/","url":"https:\/\/conjugaison-de-verbes.com\/blog\/wp-content\/uploads\/2026\/06\/persona_raphael-d-150x150.jpg","contentUrl":"https:\/\/conjugaison-de-verbes.com\/blog\/wp-content\/uploads\/2026\/06\/persona_raphael-d-150x150.jpg","caption":"Rapha\u00ebl D."},"description":"La culture est mon terrain de jeu depuis une dizaine d'ann\u00e9es : arts visuels, s\u00e9ries, cr\u00e9ation et tout ce qui nourrit l'imaginaire. J'\u00e9cris aussi bien sur l'actualit\u00e9 des \u0153uvres que sur les coulisses de la cr\u00e9ation, avec l'envie de relier l'amateur curieux \u00e0 des univers parfois jug\u00e9s intimidants. J'aime analyser une s\u00e9rie ou une d\u00e9marche artistique sans p\u00e9dantisme, replacer une \u0153uvre dans son contexte et donner des cl\u00e9s de lecture accessibles. Avant de publier, je v\u00e9rifie mes r\u00e9f\u00e9rences, je recoupe les sources et je distingue clairement le fait de mon interpr\u00e9tation subjective. Je crois qu'une critique vaut surtout par les arguments qu'elle expose, pas par la sentence qu'elle rend. Mon angle : transmettre l'envie de d\u00e9couvrir, de regarder autrement et de se forger son propre go\u00fbt. La culture n'appartient pas qu'aux initi\u00e9s, et c'est tout l'enjeu de mon \u00e9criture.","url":"https:\/\/conjugaison-de-verbes.com\/blog\/auteur\/raphael-d\/","jobTitle":"R\u00e9dacteur en chef \u00b7 Culture & Cr\u00e9ation","knowsAbout":["Culture","Cr\u00e9ation"],"email":"raphael.d@a-l-asso-de-l-art.fr"}]}},"_links":{"self":[{"href":"https:\/\/conjugaison-de-verbes.com\/blog\/wp-json\/wp\/v2\/posts\/7537","targetHints":{"allow":["GET"]}}],"collection":[{"href":"https:\/\/conjugaison-de-verbes.com\/blog\/wp-json\/wp\/v2\/posts"}],"about":[{"href":"https:\/\/conjugaison-de-verbes.com\/blog\/wp-json\/wp\/v2\/types\/post"}],"author":[{"embeddable":true,"href":"https:\/\/conjugaison-de-verbes.com\/blog\/wp-json\/wp\/v2\/users\/34"}],"replies":[{"embeddable":true,"href":"https:\/\/conjugaison-de-verbes.com\/blog\/wp-json\/wp\/v2\/comments?post=7537"}],"version-history":[{"count":4,"href":"https:\/\/conjugaison-de-verbes.com\/blog\/wp-json\/wp\/v2\/posts\/7537\/revisions"}],"predecessor-version":[{"id":8115,"href":"https:\/\/conjugaison-de-verbes.com\/blog\/wp-json\/wp\/v2\/posts\/7537\/revisions\/8115"}],"wp:featuredmedia":[{"embeddable":true,"href":"https:\/\/conjugaison-de-verbes.com\/blog\/wp-json\/wp\/v2\/media\/7539"}],"wp:attachment":[{"href":"https:\/\/conjugaison-de-verbes.com\/blog\/wp-json\/wp\/v2\/media?parent=7537"}],"wp:term":[{"taxonomy":"category","embeddable":true,"href":"https:\/\/conjugaison-de-verbes.com\/blog\/wp-json\/wp\/v2\/categories?post=7537"},{"taxonomy":"post_tag","embeddable":true,"href":"https:\/\/conjugaison-de-verbes.com\/blog\/wp-json\/wp\/v2\/tags?post=7537"}],"curies":[{"name":"wp","href":"https:\/\/api.w.org\/{rel}","templated":true}]}}