{"id":7513,"date":"2026-08-31T20:51:02","date_gmt":"2026-08-31T18:51:02","guid":{"rendered":"https:\/\/conjugaison-de-verbes.com\/blog\/?p=7513"},"modified":"2026-08-31T20:51:24","modified_gmt":"2026-08-31T18:51:24","slug":"cours-de-francais-grammaire-et-conjugaison-pdf-a-telecharger","status":"publish","type":"post","link":"https:\/\/conjugaison-de-verbes.com\/blog\/a-la-une\/cours-de-francais-grammaire-et-conjugaison-pdf-a-telecharger\/","title":{"rendered":"Cours de fran\u00e7ais : Grammaire et conjugaison"},"content":{"rendered":"<style>\n.cdv-lead{background:#f4f8fb;border-left:4px solid #2a6f8e;border-radius:8px;padding:16px 20px;margin:18px 0;font-size:1.02em}\n.cdv-retain{background:#fbf7ef;border:1px solid #e3d6b8;border-radius:8px;padding:16px 20px;margin:22px 0}\n.cdv-retain h3{margin-top:0;color:#8a6d1f}\n.cdv-faq details{border:1px solid #e2e6ea;border-radius:8px;padding:10px 16px;margin:10px 0;background:#fff}\n.cdv-faq summary{font-weight:600;cursor:pointer;color:#2a6f8e}\n<\/style>\n<p class=\"cdv-lead\"><strong>En bref :<\/strong> pas besoin de chercher un PDF ailleurs \u2014 cette page r\u00e9unit, <strong>directement consultables en ligne<\/strong>, les bases de la grammaire fran\u00e7aise (articles, temps verbaux, accords) et un exemple complet de conjugaison du verbe \u00ab \u00eatre \u00bb aux trois temps les plus utilis\u00e9s.<\/p>\n<h2>Introduction aux cours de fran\u00e7ais<\/h2>\n<p>Grammaire et conjugaison sont deux \u00e9l\u00e9ments fondamentaux pour ma\u00eetriser la langue et s&rsquo;exprimer avec aisance. Cet article rassemble les notions essentielles pour progresser, avec des exemples concrets \u00e0 lire et \u00e0 r\u00e9viser directement ici.<\/p>\n<h2>Les fondamentaux de la grammaire fran\u00e7aise<\/h2>\n<p>La grammaire fran\u00e7aise est riche et vari\u00e9e. Elle comprend des r\u00e8gles concernant les noms, les verbes, les adjectifs et bien d&rsquo;autres \u00e9l\u00e9ments. Voici quelques notions cl\u00e9s \u00e0 ma\u00eetriser :<\/p>\n<p>Pour aller plus loin sur les verbes r\u00e9guliers et irr\u00e9guliers, consultez notre <a href=\"https:\/\/conjugaison-de-verbes.com\/blog\/a-la-une\/comparaison-entre-les-verbes-reguliers-et-irreguliers-en-francais\/\">comparatif entre verbes r\u00e9guliers et irr\u00e9guliers en fran\u00e7ais<\/a>.<\/p>\n<ul>\n<li><strong>Les articles<\/strong> : d\u00e9finis et ind\u00e9finis, ils pr\u00e9cisent le genre et le nombre.<\/li>\n<li><strong>Les temps verbaux<\/strong> : pr\u00e9sent, pass\u00e9, futur, chacun a ses propres r\u00e8gles.<\/li>\n<li><strong>Les accords<\/strong> : en genre et en nombre, ils sont cruciaux pour l&rsquo;harmonie d&rsquo;une phrase.<\/li>\n<\/ul>\n<p>Pour bien comprendre ces concepts, il est recommand\u00e9 de pratiquer r\u00e9guli\u00e8rement. Des exercices et des exemples concrets permettent de mieux ancrer les r\u00e8gles grammaticales.<\/p>\n<h2>La conjugaison des verbes : un enjeu majeur<\/h2>\n<p>Conjuguer les verbes en fran\u00e7ais repr\u00e9sente un d\u00e9fi pour beaucoup de personnes. En effet, chaque verbe peut avoir plusieurs formes selon le temps et le sujet. Par exemple, le verbe \u00ab \u00eatre \u00bb se conjugue ainsi :<img width=\"1024\" height=\"576\" src=\"https:\/\/conjugaison-de-verbes.com\/blog\/wp-content\/uploads\/2025\/02\/stability-cours-de-francais-grammaire-et-conjugaison-pdf-a-telecharger-1.png\" class=\"aligncenter\" alt=\"Illustration sur la grammaire et la conjugaison du verbe \u00eatre en fran\u00e7ais\" title=\"Cours de fran\u00e7ais : grammaire et conjugaison\" decoding=\"async\" loading=\"lazy\" \/><\/p>\n<table>\n<tr>\n<th>Temps<\/th>\n<th>Je<\/th>\n<th>Tu<\/th>\n<\/tr>\n<tr>\n<td>Pr\u00e9sent<\/td>\n<td>suis<\/td>\n<td>es<\/td>\n<\/tr>\n<tr>\n<td>Pass\u00e9 compos\u00e9<\/td>\n<td>ai \u00e9t\u00e9<\/td>\n<td>as \u00e9t\u00e9<\/td>\n<\/tr>\n<tr>\n<td>Futur simple<\/td>\n<td>serai<\/td>\n<td>seras<\/td>\n<\/tr>\n<\/table>\n<p>Conna\u00eetre les conjugaisons est essentiel pour s&rsquo;exprimer correctement. Retrouvez d&rsquo;autres exemples dans notre article sur <a href=\"https:\/\/conjugaison-de-verbes.com\/blog\/a-la-une\/les-verbes-les-plus-utilises-en-francais-et-leur-conjugaison\/\">les verbes les plus utilis\u00e9s en fran\u00e7ais et leur conjugaison<\/a>.<\/p>\n<h2>Comment progresser en grammaire et en conjugaison<\/h2>\n<p>Progresser en fran\u00e7ais demande surtout de la r\u00e9gularit\u00e9. Voici quelques pistes concr\u00e8tes :<\/p>\n<ul>\n<li><strong>Lire des tableaux de conjugaison<\/strong> comme celui ci-dessus, verbe par verbe et temps par temps.<\/li>\n<li><strong>S&rsquo;exercer r\u00e9guli\u00e8rement<\/strong> : reformuler une phrase, changer son temps, l&rsquo;accorder correctement.<\/li>\n<li><strong>Relire les r\u00e8gles d&rsquo;accord<\/strong> d\u00e8s qu&rsquo;un doute appara\u00eet, plut\u00f4t que de deviner.<\/li>\n<\/ul>\n<p>Il n&rsquo;est pas n\u00e9cessaire de conna\u00eetre toute la grammaire par c\u0153ur pour bien parler : une bonne partie s&rsquo;ancre par la pratique r\u00e9p\u00e9t\u00e9e, avec des exemples concrets sous les yeux.<\/p>\n<blockquote><p>\u00ab La langue fran\u00e7aise, c&rsquo;est un tr\u00e9sor \u00e0 d\u00e9couvrir. \u00bb &#8211; Un passionn\u00e9 de la langue<\/p><\/blockquote>\n<div class=\"cdv-retain\">\n<h3>\u00c0 retenir<\/h3>\n<ul>\n<li>Le verbe \u00ab \u00eatre \u00bb se conjugue : <em>je suis \/ j&rsquo;ai \u00e9t\u00e9 \/ je serai<\/em> au pr\u00e9sent, pass\u00e9 compos\u00e9 et futur simple.<\/li>\n<li>Les accords (genre, nombre) et les temps verbaux sont les deux piliers \u00e0 travailler en priorit\u00e9.<\/li>\n<li>La pratique r\u00e9guli\u00e8re avec des exemples concrets vaut mieux qu&rsquo;un simple document \u00e0 parcourir une fois.<\/li>\n<\/ul>\n<\/div>\n<h3>FAQ :<\/h3>\n<div class=\"cdv-faq\">\n<details>\n<summary>Comment se conjugue le verbe \u00ab \u00eatre \u00bb au pr\u00e9sent, au pass\u00e9 compos\u00e9 et au futur simple ?<\/summary>\n<p>Au pr\u00e9sent : je suis, tu es. Au pass\u00e9 compos\u00e9 : j&rsquo;ai \u00e9t\u00e9, tu as \u00e9t\u00e9. Au futur simple : je serai, tu seras (cf. tableau ci-dessus).<\/p>\n<\/details>\n<details>\n<summary>Quelles sont les bases de la grammaire fran\u00e7aise \u00e0 conna\u00eetre en premier ?<\/summary>\n<p>Les articles (d\u00e9finis\/ind\u00e9finis), les temps verbaux (pr\u00e9sent, pass\u00e9, futur) et les r\u00e8gles d&rsquo;accord en genre et en nombre.<\/p>\n<\/details>\n<details>\n<summary>Comment am\u00e9liorer sa conjugaison fran\u00e7aise ?<\/summary>\n<p>En pratiquant r\u00e9guli\u00e8rement avec des exemples concrets et des tableaux de conjugaison, verbe par verbe.<\/p>\n<\/details>\n<details>\n<summary>Est-il n\u00e9cessaire de conna\u00eetre toute la grammaire pour bien parler fran\u00e7ais ?<\/summary>\n<p>Non, ce n&rsquo;est pas obligatoire, mais une bonne connaissance des r\u00e8gles d&rsquo;accord et de conjugaison facilite grandement la communication.<\/p>\n<\/details>\n<\/div>\n<p>En conclusion, ma\u00eetriser la grammaire et la conjugaison fran\u00e7aises n\u00e9cessite du temps et de la pratique. Les exemples et tableaux ci-dessus sont un point de d\u00e9part concret : reprenez-les r\u00e9guli\u00e8rement pour progresser dans votre apprentissage du fran\u00e7ais.<\/p>\n","protected":false},"excerpt":{"rendered":"","protected":false},"author":34,"featured_media":7514,"comment_status":"open","ping_status":"open","sticky":false,"template":"","format":"standard","meta":{"_acf_changed":false,"manual_indexmenow":false,"indexmenow_id_project":0,"footnotes":""},"categories":[1],"tags":[4570,4539,4656,4560,4568],"class_list":["post-7513","post","type-post","status-publish","format-standard","has-post-thumbnail","hentry","category-a-la-une","tag-apprentissage","tag-conjugaison","tag-francais","tag-grammaire","tag-ressources","generate-columns","tablet-grid-50","mobile-grid-100","grid-parent","grid-25"],"acf":[],"yoast_head":"<!-- This site is optimized with the Yoast SEO Premium plugin v21.3 (Yoast SEO v25.6) - https:\/\/yoast.com\/wordpress\/plugins\/seo\/ -->\n<title>Cours de fran\u00e7ais : Grammaire et conjugaison<\/title>\n<meta name=\"description\" content=\"En bref : pas besoin de chercher un PDF ailleurs \u2014 cette page r\u00e9unit, directement consultables en ligne, les bases de la grammaire fran\u00e7aise (articles,\" \/>\n<meta name=\"robots\" content=\"index, follow, max-snippet:-1, max-image-preview:large, max-video-preview:-1\" \/>\n<link rel=\"canonical\" href=\"https:\/\/conjugaison-de-verbes.com\/blog\/a-la-une\/cours-de-francais-grammaire-et-conjugaison-pdf-a-telecharger\/\" \/>\n<meta property=\"og:locale\" content=\"fr_FR\" \/>\n<meta property=\"og:type\" content=\"article\" \/>\n<meta property=\"og:title\" content=\"Cours de fran\u00e7ais : Grammaire et conjugaison\" \/>\n<meta property=\"og:description\" content=\"En bref : pas besoin de chercher un PDF ailleurs \u2014 cette page r\u00e9unit, directement consultables en ligne, les bases de la grammaire fran\u00e7aise (articles,\" \/>\n<meta property=\"og:url\" content=\"https:\/\/conjugaison-de-verbes.com\/blog\/a-la-une\/cours-de-francais-grammaire-et-conjugaison-pdf-a-telecharger\/\" \/>\n<meta property=\"og:site_name\" content=\"conjugaison-de-verbes\" \/>\n<meta property=\"og:image\" content=\"https:\/\/conjugaison-de-verbes.com\/blog\/wp-content\/uploads\/2025\/02\/stability-cours-de-francais-grammaire-et-conjugaison-pdf-a-telecharger.png\" \/>\n\t<meta property=\"og:image:width\" content=\"1024\" \/>\n\t<meta property=\"og:image:height\" content=\"576\" \/>\n\t<meta property=\"og:image:type\" content=\"image\/png\" \/>\n<meta name=\"author\" content=\"Rapha\u00ebl D.\" \/>\n<meta name=\"twitter:card\" content=\"summary_large_image\" \/>\n<script type=\"application\/ld+json\" class=\"yoast-schema-graph\">{\"@context\":\"https:\/\/schema.org\",\"@graph\":[{\"@type\":\"NewsArticle\",\"@id\":\"https:\/\/conjugaison-de-verbes.com\/blog\/a-la-une\/cours-de-francais-grammaire-et-conjugaison-pdf-a-telecharger\/#article\",\"isPartOf\":{\"@id\":\"https:\/\/conjugaison-de-verbes.com\/blog\/a-la-une\/cours-de-francais-grammaire-et-conjugaison-pdf-a-telecharger\/\"},\"author\":{\"name\":\"Rapha\u00ebl D.\",\"@id\":\"https:\/\/conjugaison-de-verbes.com\/blog\/#\/schema\/person\/3c864cdc320801e3db34b663e7e3f816\"},\"headline\":\"Cours de fran\u00e7ais : Grammaire et conjugaison\",\"datePublished\":\"2026-08-31T18:51:02+00:00\",\"dateModified\":\"2026-08-31T18:51:24+00:00\",\"mainEntityOfPage\":{\"@id\":\"https:\/\/conjugaison-de-verbes.com\/blog\/a-la-une\/cours-de-francais-grammaire-et-conjugaison-pdf-a-telecharger\/\"},\"wordCount\":681,\"commentCount\":25,\"publisher\":{\"@id\":\"https:\/\/conjugaison-de-verbes.com\/blog\/#organization\"},\"image\":{\"@id\":\"https:\/\/conjugaison-de-verbes.com\/blog\/a-la-une\/cours-de-francais-grammaire-et-conjugaison-pdf-a-telecharger\/#primaryimage\"},\"thumbnailUrl\":\"https:\/\/conjugaison-de-verbes.com\/blog\/wp-content\/uploads\/2025\/02\/stability-cours-de-francais-grammaire-et-conjugaison-pdf-a-telecharger.png\",\"keywords\":[\"Apprentissage\",\"Conjugaison\",\"Fran\u00e7ais\",\"Grammaire\",\"Ressources\"],\"articleSection\":[\"\u00c0 la une\"],\"inLanguage\":\"fr-FR\",\"potentialAction\":[{\"@type\":\"CommentAction\",\"name\":\"Comment\",\"target\":[\"https:\/\/conjugaison-de-verbes.com\/blog\/a-la-une\/cours-de-francais-grammaire-et-conjugaison-pdf-a-telecharger\/#respond\"]}]},{\"@type\":\"WebPage\",\"@id\":\"https:\/\/conjugaison-de-verbes.com\/blog\/a-la-une\/cours-de-francais-grammaire-et-conjugaison-pdf-a-telecharger\/\",\"url\":\"https:\/\/conjugaison-de-verbes.com\/blog\/a-la-une\/cours-de-francais-grammaire-et-conjugaison-pdf-a-telecharger\/\",\"name\":\"Cours de fran\u00e7ais : Grammaire et conjugaison\",\"isPartOf\":{\"@id\":\"https:\/\/conjugaison-de-verbes.com\/blog\/#website\"},\"primaryImageOfPage\":{\"@id\":\"https:\/\/conjugaison-de-verbes.com\/blog\/a-la-une\/cours-de-francais-grammaire-et-conjugaison-pdf-a-telecharger\/#primaryimage\"},\"image\":{\"@id\":\"https:\/\/conjugaison-de-verbes.com\/blog\/a-la-une\/cours-de-francais-grammaire-et-conjugaison-pdf-a-telecharger\/#primaryimage\"},\"thumbnailUrl\":\"https:\/\/conjugaison-de-verbes.com\/blog\/wp-content\/uploads\/2025\/02\/stability-cours-de-francais-grammaire-et-conjugaison-pdf-a-telecharger.png\",\"datePublished\":\"2026-08-31T18:51:02+00:00\",\"dateModified\":\"2026-08-31T18:51:24+00:00\",\"description\":\"En bref : pas besoin de chercher un PDF ailleurs \u2014 cette page r\u00e9unit, directement consultables en ligne, les bases de la grammaire fran\u00e7aise (articles,\",\"inLanguage\":\"fr-FR\",\"potentialAction\":[{\"@type\":\"ReadAction\",\"target\":[\"https:\/\/conjugaison-de-verbes.com\/blog\/a-la-une\/cours-de-francais-grammaire-et-conjugaison-pdf-a-telecharger\/\"]}]},{\"@type\":\"ImageObject\",\"inLanguage\":\"fr-FR\",\"@id\":\"https:\/\/conjugaison-de-verbes.com\/blog\/a-la-une\/cours-de-francais-grammaire-et-conjugaison-pdf-a-telecharger\/#primaryimage\",\"url\":\"https:\/\/conjugaison-de-verbes.com\/blog\/wp-content\/uploads\/2025\/02\/stability-cours-de-francais-grammaire-et-conjugaison-pdf-a-telecharger.png\",\"contentUrl\":\"https:\/\/conjugaison-de-verbes.com\/blog\/wp-content\/uploads\/2025\/02\/stability-cours-de-francais-grammaire-et-conjugaison-pdf-a-telecharger.png\",\"width\":1024,\"height\":576},{\"@type\":\"WebSite\",\"@id\":\"https:\/\/conjugaison-de-verbes.com\/blog\/#website\",\"url\":\"https:\/\/conjugaison-de-verbes.com\/blog\/\",\"name\":\"conjugaison-de-verbes.com\",\"description\":\"Conjugaison de Verbes, ma\u00eetrisez la langue fran\u00e7aise\",\"publisher\":{\"@id\":\"https:\/\/conjugaison-de-verbes.com\/blog\/#organization\"},\"alternateName\":\"Conjugaison de Verbes, ma\u00eetrisez la langue fran\u00e7aise\",\"potentialAction\":[{\"@type\":\"SearchAction\",\"target\":{\"@type\":\"EntryPoint\",\"urlTemplate\":\"https:\/\/conjugaison-de-verbes.com\/blog\/?s={search_term_string}\"},\"query-input\":{\"@type\":\"PropertyValueSpecification\",\"valueRequired\":true,\"valueName\":\"search_term_string\"}}],\"inLanguage\":\"fr-FR\"},{\"@type\":\"Organization\",\"@id\":\"https:\/\/conjugaison-de-verbes.com\/blog\/#organization\",\"name\":\"Foretsensations.fr\",\"url\":\"https:\/\/conjugaison-de-verbes.com\/blog\/\",\"logo\":{\"@type\":\"ImageObject\",\"inLanguage\":\"fr-FR\",\"@id\":\"https:\/\/conjugaison-de-verbes.com\/blog\/#\/schema\/logo\/image\/\",\"url\":\"https:\/\/conjugaison-de-verbes.com\/blog\/wp-content\/uploads\/2024\/12\/10.png\",\"contentUrl\":\"https:\/\/conjugaison-de-verbes.com\/blog\/wp-content\/uploads\/2024\/12\/10.png\",\"width\":500,\"height\":500,\"caption\":\"Foretsensations.fr\"},\"image\":{\"@id\":\"https:\/\/conjugaison-de-verbes.com\/blog\/#\/schema\/logo\/image\/\"}},{\"@type\":\"Person\",\"@id\":\"https:\/\/conjugaison-de-verbes.com\/blog\/#\/schema\/person\/3c864cdc320801e3db34b663e7e3f816\",\"name\":\"Rapha\u00ebl D.\",\"image\":{\"@type\":\"ImageObject\",\"inLanguage\":\"fr-FR\",\"@id\":\"https:\/\/conjugaison-de-verbes.com\/blog\/#\/schema\/person\/image\/\",\"url\":\"https:\/\/conjugaison-de-verbes.com\/blog\/wp-content\/uploads\/2026\/06\/persona_raphael-d-150x150.jpg\",\"contentUrl\":\"https:\/\/conjugaison-de-verbes.com\/blog\/wp-content\/uploads\/2026\/06\/persona_raphael-d-150x150.jpg\",\"caption\":\"Rapha\u00ebl D.\"},\"description\":\"La culture est mon terrain de jeu depuis une dizaine d'ann\u00e9es : arts visuels, s\u00e9ries, cr\u00e9ation et tout ce qui nourrit l'imaginaire. J'\u00e9cris aussi bien sur l'actualit\u00e9 des \u0153uvres que sur les coulisses de la cr\u00e9ation, avec l'envie de relier l'amateur curieux \u00e0 des univers parfois jug\u00e9s intimidants. J'aime analyser une s\u00e9rie ou une d\u00e9marche artistique sans p\u00e9dantisme, replacer une \u0153uvre dans son contexte et donner des cl\u00e9s de lecture accessibles. Avant de publier, je v\u00e9rifie mes r\u00e9f\u00e9rences, je recoupe les sources et je distingue clairement le fait de mon interpr\u00e9tation subjective. Je crois qu'une critique vaut surtout par les arguments qu'elle expose, pas par la sentence qu'elle rend. Mon angle : transmettre l'envie de d\u00e9couvrir, de regarder autrement et de se forger son propre go\u00fbt. La culture n'appartient pas qu'aux initi\u00e9s, et c'est tout l'enjeu de mon \u00e9criture.\",\"url\":\"https:\/\/conjugaison-de-verbes.com\/blog\/auteur\/raphael-d\/\",\"jobTitle\":\"R\u00e9dacteur en chef \u00b7 Culture & Cr\u00e9ation\",\"knowsAbout\":[\"Culture\",\"Cr\u00e9ation\"],\"email\":\"raphael.d@a-l-asso-de-l-art.fr\"}]}<\/script>\n<!-- \/ Yoast SEO Premium plugin. -->","yoast_head_json":{"title":"Cours de fran\u00e7ais : Grammaire et conjugaison","description":"En bref : pas besoin de chercher un PDF ailleurs \u2014 cette page r\u00e9unit, directement consultables en ligne, les bases de la grammaire fran\u00e7aise (articles,","robots":{"index":"index","follow":"follow","max-snippet":"max-snippet:-1","max-image-preview":"max-image-preview:large","max-video-preview":"max-video-preview:-1"},"canonical":"https:\/\/conjugaison-de-verbes.com\/blog\/a-la-une\/cours-de-francais-grammaire-et-conjugaison-pdf-a-telecharger\/","og_locale":"fr_FR","og_type":"article","og_title":"Cours de fran\u00e7ais : Grammaire et conjugaison","og_description":"En bref : pas besoin de chercher un PDF ailleurs \u2014 cette page r\u00e9unit, directement consultables en ligne, les bases de la grammaire fran\u00e7aise (articles,","og_url":"https:\/\/conjugaison-de-verbes.com\/blog\/a-la-une\/cours-de-francais-grammaire-et-conjugaison-pdf-a-telecharger\/","og_site_name":"conjugaison-de-verbes","og_image":[{"width":1024,"height":576,"url":"https:\/\/conjugaison-de-verbes.com\/blog\/wp-content\/uploads\/2025\/02\/stability-cours-de-francais-grammaire-et-conjugaison-pdf-a-telecharger.png","type":"image\/png"}],"author":"Rapha\u00ebl D.","twitter_card":"summary_large_image","schema":{"@context":"https:\/\/schema.org","@graph":[{"@type":"NewsArticle","@id":"https:\/\/conjugaison-de-verbes.com\/blog\/a-la-une\/cours-de-francais-grammaire-et-conjugaison-pdf-a-telecharger\/#article","isPartOf":{"@id":"https:\/\/conjugaison-de-verbes.com\/blog\/a-la-une\/cours-de-francais-grammaire-et-conjugaison-pdf-a-telecharger\/"},"author":{"name":"Rapha\u00ebl D.","@id":"https:\/\/conjugaison-de-verbes.com\/blog\/#\/schema\/person\/3c864cdc320801e3db34b663e7e3f816"},"headline":"Cours de fran\u00e7ais : Grammaire et conjugaison","datePublished":"2026-08-31T18:51:02+00:00","dateModified":"2026-08-31T18:51:24+00:00","mainEntityOfPage":{"@id":"https:\/\/conjugaison-de-verbes.com\/blog\/a-la-une\/cours-de-francais-grammaire-et-conjugaison-pdf-a-telecharger\/"},"wordCount":681,"commentCount":25,"publisher":{"@id":"https:\/\/conjugaison-de-verbes.com\/blog\/#organization"},"image":{"@id":"https:\/\/conjugaison-de-verbes.com\/blog\/a-la-une\/cours-de-francais-grammaire-et-conjugaison-pdf-a-telecharger\/#primaryimage"},"thumbnailUrl":"https:\/\/conjugaison-de-verbes.com\/blog\/wp-content\/uploads\/2025\/02\/stability-cours-de-francais-grammaire-et-conjugaison-pdf-a-telecharger.png","keywords":["Apprentissage","Conjugaison","Fran\u00e7ais","Grammaire","Ressources"],"articleSection":["\u00c0 la une"],"inLanguage":"fr-FR","potentialAction":[{"@type":"CommentAction","name":"Comment","target":["https:\/\/conjugaison-de-verbes.com\/blog\/a-la-une\/cours-de-francais-grammaire-et-conjugaison-pdf-a-telecharger\/#respond"]}]},{"@type":"WebPage","@id":"https:\/\/conjugaison-de-verbes.com\/blog\/a-la-une\/cours-de-francais-grammaire-et-conjugaison-pdf-a-telecharger\/","url":"https:\/\/conjugaison-de-verbes.com\/blog\/a-la-une\/cours-de-francais-grammaire-et-conjugaison-pdf-a-telecharger\/","name":"Cours de fran\u00e7ais : Grammaire et conjugaison","isPartOf":{"@id":"https:\/\/conjugaison-de-verbes.com\/blog\/#website"},"primaryImageOfPage":{"@id":"https:\/\/conjugaison-de-verbes.com\/blog\/a-la-une\/cours-de-francais-grammaire-et-conjugaison-pdf-a-telecharger\/#primaryimage"},"image":{"@id":"https:\/\/conjugaison-de-verbes.com\/blog\/a-la-une\/cours-de-francais-grammaire-et-conjugaison-pdf-a-telecharger\/#primaryimage"},"thumbnailUrl":"https:\/\/conjugaison-de-verbes.com\/blog\/wp-content\/uploads\/2025\/02\/stability-cours-de-francais-grammaire-et-conjugaison-pdf-a-telecharger.png","datePublished":"2026-08-31T18:51:02+00:00","dateModified":"2026-08-31T18:51:24+00:00","description":"En bref : pas besoin de chercher un PDF ailleurs \u2014 cette page r\u00e9unit, directement consultables en ligne, les bases de la grammaire fran\u00e7aise (articles,","inLanguage":"fr-FR","potentialAction":[{"@type":"ReadAction","target":["https:\/\/conjugaison-de-verbes.com\/blog\/a-la-une\/cours-de-francais-grammaire-et-conjugaison-pdf-a-telecharger\/"]}]},{"@type":"ImageObject","inLanguage":"fr-FR","@id":"https:\/\/conjugaison-de-verbes.com\/blog\/a-la-une\/cours-de-francais-grammaire-et-conjugaison-pdf-a-telecharger\/#primaryimage","url":"https:\/\/conjugaison-de-verbes.com\/blog\/wp-content\/uploads\/2025\/02\/stability-cours-de-francais-grammaire-et-conjugaison-pdf-a-telecharger.png","contentUrl":"https:\/\/conjugaison-de-verbes.com\/blog\/wp-content\/uploads\/2025\/02\/stability-cours-de-francais-grammaire-et-conjugaison-pdf-a-telecharger.png","width":1024,"height":576},{"@type":"WebSite","@id":"https:\/\/conjugaison-de-verbes.com\/blog\/#website","url":"https:\/\/conjugaison-de-verbes.com\/blog\/","name":"conjugaison-de-verbes.com","description":"Conjugaison de Verbes, ma\u00eetrisez la langue fran\u00e7aise","publisher":{"@id":"https:\/\/conjugaison-de-verbes.com\/blog\/#organization"},"alternateName":"Conjugaison de Verbes, ma\u00eetrisez la langue fran\u00e7aise","potentialAction":[{"@type":"SearchAction","target":{"@type":"EntryPoint","urlTemplate":"https:\/\/conjugaison-de-verbes.com\/blog\/?s={search_term_string}"},"query-input":{"@type":"PropertyValueSpecification","valueRequired":true,"valueName":"search_term_string"}}],"inLanguage":"fr-FR"},{"@type":"Organization","@id":"https:\/\/conjugaison-de-verbes.com\/blog\/#organization","name":"Foretsensations.fr","url":"https:\/\/conjugaison-de-verbes.com\/blog\/","logo":{"@type":"ImageObject","inLanguage":"fr-FR","@id":"https:\/\/conjugaison-de-verbes.com\/blog\/#\/schema\/logo\/image\/","url":"https:\/\/conjugaison-de-verbes.com\/blog\/wp-content\/uploads\/2024\/12\/10.png","contentUrl":"https:\/\/conjugaison-de-verbes.com\/blog\/wp-content\/uploads\/2024\/12\/10.png","width":500,"height":500,"caption":"Foretsensations.fr"},"image":{"@id":"https:\/\/conjugaison-de-verbes.com\/blog\/#\/schema\/logo\/image\/"}},{"@type":"Person","@id":"https:\/\/conjugaison-de-verbes.com\/blog\/#\/schema\/person\/3c864cdc320801e3db34b663e7e3f816","name":"Rapha\u00ebl D.","image":{"@type":"ImageObject","inLanguage":"fr-FR","@id":"https:\/\/conjugaison-de-verbes.com\/blog\/#\/schema\/person\/image\/","url":"https:\/\/conjugaison-de-verbes.com\/blog\/wp-content\/uploads\/2026\/06\/persona_raphael-d-150x150.jpg","contentUrl":"https:\/\/conjugaison-de-verbes.com\/blog\/wp-content\/uploads\/2026\/06\/persona_raphael-d-150x150.jpg","caption":"Rapha\u00ebl D."},"description":"La culture est mon terrain de jeu depuis une dizaine d'ann\u00e9es : arts visuels, s\u00e9ries, cr\u00e9ation et tout ce qui nourrit l'imaginaire. J'\u00e9cris aussi bien sur l'actualit\u00e9 des \u0153uvres que sur les coulisses de la cr\u00e9ation, avec l'envie de relier l'amateur curieux \u00e0 des univers parfois jug\u00e9s intimidants. J'aime analyser une s\u00e9rie ou une d\u00e9marche artistique sans p\u00e9dantisme, replacer une \u0153uvre dans son contexte et donner des cl\u00e9s de lecture accessibles. Avant de publier, je v\u00e9rifie mes r\u00e9f\u00e9rences, je recoupe les sources et je distingue clairement le fait de mon interpr\u00e9tation subjective. Je crois qu'une critique vaut surtout par les arguments qu'elle expose, pas par la sentence qu'elle rend. Mon angle : transmettre l'envie de d\u00e9couvrir, de regarder autrement et de se forger son propre go\u00fbt. La culture n'appartient pas qu'aux initi\u00e9s, et c'est tout l'enjeu de mon \u00e9criture.","url":"https:\/\/conjugaison-de-verbes.com\/blog\/auteur\/raphael-d\/","jobTitle":"R\u00e9dacteur en chef \u00b7 Culture & Cr\u00e9ation","knowsAbout":["Culture","Cr\u00e9ation"],"email":"raphael.d@a-l-asso-de-l-art.fr"}]}},"_links":{"self":[{"href":"https:\/\/conjugaison-de-verbes.com\/blog\/wp-json\/wp\/v2\/posts\/7513","targetHints":{"allow":["GET"]}}],"collection":[{"href":"https:\/\/conjugaison-de-verbes.com\/blog\/wp-json\/wp\/v2\/posts"}],"about":[{"href":"https:\/\/conjugaison-de-verbes.com\/blog\/wp-json\/wp\/v2\/types\/post"}],"author":[{"embeddable":true,"href":"https:\/\/conjugaison-de-verbes.com\/blog\/wp-json\/wp\/v2\/users\/34"}],"replies":[{"embeddable":true,"href":"https:\/\/conjugaison-de-verbes.com\/blog\/wp-json\/wp\/v2\/comments?post=7513"}],"version-history":[{"count":4,"href":"https:\/\/conjugaison-de-verbes.com\/blog\/wp-json\/wp\/v2\/posts\/7513\/revisions"}],"predecessor-version":[{"id":8105,"href":"https:\/\/conjugaison-de-verbes.com\/blog\/wp-json\/wp\/v2\/posts\/7513\/revisions\/8105"}],"wp:featuredmedia":[{"embeddable":true,"href":"https:\/\/conjugaison-de-verbes.com\/blog\/wp-json\/wp\/v2\/media\/7514"}],"wp:attachment":[{"href":"https:\/\/conjugaison-de-verbes.com\/blog\/wp-json\/wp\/v2\/media?parent=7513"}],"wp:term":[{"taxonomy":"category","embeddable":true,"href":"https:\/\/conjugaison-de-verbes.com\/blog\/wp-json\/wp\/v2\/categories?post=7513"},{"taxonomy":"post_tag","embeddable":true,"href":"https:\/\/conjugaison-de-verbes.com\/blog\/wp-json\/wp\/v2\/tags?post=7513"}],"curies":[{"name":"wp","href":"https:\/\/api.w.org\/{rel}","templated":true}]}}