{"id":7509,"date":"2026-08-31T17:38:35","date_gmt":"2026-08-31T15:38:35","guid":{"rendered":"https:\/\/conjugaison-de-verbes.com\/blog\/a-la-une\/la-conjugaison-horizontale-comprendre-et-appliquer\/"},"modified":"2026-08-31T17:38:35","modified_gmt":"2026-08-31T15:38:35","slug":"la-conjugaison-horizontale-comprendre-et-appliquer","status":"publish","type":"post","link":"https:\/\/conjugaison-de-verbes.com\/blog\/a-la-une\/la-conjugaison-horizontale-comprendre-et-appliquer\/","title":{"rendered":"La conjugaison horizontale : Comprendre et Appliquer"},"content":{"rendered":"<link rel=\"stylesheet\" href=\"https:\/\/fonts.googleapis.com\/css2?family=Space+Grotesk:wght@600;700&#038;family=Inter:wght@400;500;600&#038;family=JetBrains+Mono:wght@500&#038;display=swap\">\n<style>\n.cdv-wrap{font-family:'Inter',-apple-system,sans-serif;color:#1c2430;line-height:1.65;font-size:17px;max-width:100%}\n.cdv-wrap h2{font-family:'Space Grotesk','Inter',sans-serif;font-weight:700;font-size:clamp(22px,3vw,30px);letter-spacing:-0.01em;color:#132a4a;margin:48px 0 16px;padding-top:6px;border-top:3px solid #2f6fed}\n.cdv-wrap h3{font-family:'Space Grotesk','Inter',sans-serif;font-weight:600;font-size:19px;color:#132a4a;margin:26px 0 10px}\n.cdv-wrap p{margin:0 0 16px}\n.cdv-lead{font-size:19px;color:#3a4657;font-weight:500;margin:0 0 22px}\n.cdv-brief{background:#eef4ff;border-left:5px solid #2f6fed;border-radius:10px;padding:20px 24px;margin:0 0 32px}\n.cdv-brief-kicker{font-family:'JetBrains Mono',monospace;font-size:11px;font-weight:600;letter-spacing:.08em;text-transform:uppercase;color:#2f6fed;margin-bottom:8px;display:block}\n.cdv-brief-txt{font-size:17px;color:#132a4a;font-weight:500;margin-bottom:12px}\n.cdv-brief ul{margin:0;padding-left:20px}\n.cdv-brief li{margin:6px 0;color:#243044}\n.cdv-example{background:#fafbfd;border:1px solid #e2e7f0;border-radius:12px;padding:18px 22px;margin:18px 0;box-shadow:0 1px 2px rgba(16,24,40,.04),0 10px 24px -18px rgba(16,24,40,.18)}\n.cdv-example-kicker{font-family:'JetBrains Mono',monospace;font-size:11px;font-weight:600;letter-spacing:.07em;text-transform:uppercase;color:#2f6fed;margin-bottom:10px;display:block}\n.cdv-grid{display:grid;grid-template-columns:repeat(auto-fit,minmax(220px,1fr));gap:16px;margin:18px 0}\n.cdv-card{border:1px solid #e2e7f0;border-radius:12px;padding:16px 18px;transition:.25s ease;box-shadow:0 1px 2px rgba(16,24,40,.04)}\n.cdv-card:hover{transform:translateY(-3px);box-shadow:0 12px 24px -14px rgba(16,24,40,.22);border-color:#2f6fed}\n.cdv-card-title{font-family:'Space Grotesk','Inter',sans-serif;font-weight:600;font-size:15px;color:#132a4a;margin-bottom:6px}\n.cdv-card-txt{font-size:15px;color:#4a5568}\n.cdv-table{width:100%;border-collapse:collapse;margin:18px 0;border-radius:10px;overflow:hidden;border:1px solid #e2e7f0}\n.cdv-table th{background:#132a4a;color:#eef3f9!important;font-family:'Space Grotesk','Inter',sans-serif;font-size:13px;text-align:left;padding:10px 14px}\n.cdv-table td{padding:10px 14px;font-size:15px;border-top:1px solid #e2e7f0}\n.cdv-table tr:nth-child(even) td{background:#f7f9fc}\n.cdv-retain{background:#132a4a;color:#eef3f9;border-radius:14px;padding:22px 26px;margin:34px 0}\n.cdv-retain-title{font-family:'Space Grotesk','Inter',sans-serif;font-weight:700;font-size:18px;color:#fff!important;margin-bottom:12px}\n.cdv-retain ul{margin:0;padding-left:20px}\n.cdv-retain li{color:#eef3f9!important;margin:8px 0}\n.cdv-retain strong{color:#fff!important}\n.cdv-faq{margin:14px 0}\n.cdv-faq details{border:1px solid #e2e7f0;border-radius:10px;padding:14px 18px;margin:10px 0;transition:.2s ease}\n.cdv-faq details[open]{border-color:#2f6fed;background:#fafbfd}\n.cdv-faq summary{font-family:'Space Grotesk','Inter',sans-serif;font-weight:600;font-size:16px;color:#132a4a;cursor:pointer;list-style:none;display:flex;align-items:center;gap:10px}\n.cdv-faq summary::before{content:\"\u2192\";color:#2f6fed;font-weight:700}\n.cdv-faq .cdv-faq-a{margin-top:10px;font-size:15px;color:#3a4657;padding-left:22px}\n.cdv-links{list-style:none;margin:14px 0;padding:0}\n.cdv-links li{margin:8px 0}\n.cdv-links a{color:#2f6fed;font-weight:600;text-decoration:none;border-bottom:1px solid #b7cdf7}\n.cdv-links a:hover{border-bottom-color:#2f6fed}\n.cdv-wrap img{border-radius:12px;margin:22px 0}\n@media(max-width:640px){.cdv-grid{grid-template-columns:1fr}}\n<\/style>\n<div class=\"cdv-wrap\">\n<p class=\"cdv-lead\">\u00ab Horizontale \u00bb ou \u00ab verticale \u00bb : ce ne sont pas deux cat\u00e9gories de verbes, mais deux fa\u00e7ons de lire un tableau de conjugaison. La premi\u00e8re fait d\u00e9filer une m\u00eame personne (je, tu, il\u2026) \u00e0 travers plusieurs verbes ; la seconde suit un seul verbe \u00e0 travers toutes ses personnes. Voici ce que change ce choix de pr\u00e9sentation, et o\u00f9 il peut vous tromper.<\/p>\n<div class=\"cdv-brief\">\n<span class=\"cdv-brief-kicker\">En bref<\/span><\/p>\n<div class=\"cdv-brief-txt\">La conjugaison horizontale est une mani\u00e8re d&rsquo;organiser l&rsquo;\u00e9tude de la conjugaison, pas une r\u00e8gle de grammaire ni une cat\u00e9gorie de verbes. Elle consiste \u00e0 regarder une seule personne (par exemple \u00ab nous \u00bb) sur plusieurs verbes et plusieurs temps, pour rep\u00e9rer ce qui se r\u00e9p\u00e8te et ce qui change.<\/div>\n<ul>\n<li>C&rsquo;est une m\u00e9thode de travail, au m\u00eame titre qu&rsquo;un plan de r\u00e9vision \u2014 pas une propri\u00e9t\u00e9 de la langue.<\/li>\n<li>Elle s&rsquo;oppose \u00e0 la lecture \u00ab verticale \u00bb : un verbe, toutes ses personnes.<\/li>\n<li>Elle sert surtout \u00e0 comparer des terminaisons, pas \u00e0 m\u00e9moriser un verbe isol\u00e9.<\/li>\n<li>Elle peut induire en erreur si on l&rsquo;utilise pour deviner une forme au lieu de la v\u00e9rifier.<\/li>\n<\/ul>\n<\/div>\n<h2>Ce que la conjugaison horizontale d\u00e9signe exactement<\/h2>\n<p>Un tableau de conjugaison classique se lit verticalement : on prend un verbe, et on descend colonne par colonne \u2014 je, tu, il, nous, vous, ils \u2014 pour un m\u00eame temps. La lecture horizontale fait l&rsquo;inverse : on fixe une personne et un temps, et on regarde comment plusieurs verbes se comportent \u00e0 cet endroit pr\u00e9cis.<\/p>\n<div class=\"cdv-example\">\n<span class=\"cdv-example-kicker\">Exemple de lecture horizontale<\/span><\/p>\n<table class=\"cdv-table\">\n<tr>\n<th>Verbe<\/th>\n<th>Pr\u00e9sent, 1\u02b3\u1d49 personne du pluriel<\/th>\n<\/tr>\n<tr>\n<td>parler<\/td>\n<td>nous parlons<\/td>\n<\/tr>\n<tr>\n<td>aimer<\/td>\n<td>nous aimons<\/td>\n<\/tr>\n<tr>\n<td>manger<\/td>\n<td>nous mangeons<\/td>\n<\/tr>\n<\/table>\n<\/div>\n<p>Sur cette ligne, la terminaison \u00ab -ons \u00bb revient presque partout, sauf une petite variation d&rsquo;orthographe pour les verbes en \u00ab -ger \u00bb. C&rsquo;est pr\u00e9cis\u00e9ment ce type de comparaison que la lecture verticale, centr\u00e9e sur un seul verbe, ne montre pas.<\/p>\n<h2>\u00c0 quoi elle sert concr\u00e8tement<\/h2>\n<p>L&rsquo;int\u00e9r\u00eat de cette lecture est de faire appara\u00eetre des r\u00e9gularit\u00e9s qu&rsquo;une \u00e9tude verbe par verbe laisse invisibles. En observant plusieurs verbes \u00e0 la m\u00eame personne et au m\u00eame temps, on voit plus vite quelles terminaisons sont communes \u00e0 tout un groupe, et lesquelles s&rsquo;en \u00e9cartent. C&rsquo;est un outil de comparaison, pas un outil de m\u00e9morisation d&rsquo;un verbe pr\u00e9cis.<\/p>\n<div class=\"cdv-grid\">\n<div class=\"cdv-card\">\n<div class=\"cdv-card-title\">Ce qu&rsquo;elle montre<\/div>\n<div class=\"cdv-card-txt\">Les terminaisons partag\u00e9es par plusieurs verbes \u00e0 une personne donn\u00e9e.<\/div>\n<\/div>\n<div class=\"cdv-card\">\n<div class=\"cdv-card-title\">Ce qu&rsquo;elle ne montre pas<\/div>\n<div class=\"cdv-card-txt\">La conjugaison compl\u00e8te d&rsquo;un seul verbe, du d\u00e9but \u00e0 la fin.<\/div>\n<\/div>\n<div class=\"cdv-card\">\n<div class=\"cdv-card-title\">Ce qu&rsquo;elle compl\u00e8te<\/div>\n<div class=\"cdv-card-txt\">La lecture verticale classique, sans la remplacer.<\/div>\n<\/div>\n<\/div>\n<h2>Quand elle aide, quand elle g\u00eane<\/h2>\n<p>Elle aide quand l&rsquo;objectif est de comparer : rep\u00e9rer qu&rsquo;un groupe de verbes partage la m\u00eame terminaison \u00e0 une personne donn\u00e9e, ou remarquer qu&rsquo;un verbe se d\u00e9tache des autres. Elle est en revanche moins adapt\u00e9e quand l&rsquo;objectif est de retenir un verbe pr\u00e9cis dans son ensemble : dans ce cas, la lecture verticale, qui garde le verbe entier sous les yeux, reste plus directe.<\/p>\n<p>Elle g\u00eane surtout quand elle est utilis\u00e9e seule, sans jamais revenir \u00e0 la vue verticale : on finit par bien conna\u00eetre des fragments de plusieurs verbes, sans avoir une vue d&rsquo;ensemble d&rsquo;aucun d&rsquo;entre eux.<\/p>\n<h2>Comment s&rsquo;en servir sans se tromper<\/h2>\n<p>Le principe de cette lecture est de comparer des verbes qu&rsquo;on ma\u00eetrise d\u00e9j\u00e0, pas de deviner une forme par ressemblance avec les autres lignes du tableau. C&rsquo;est exactement le pi\u00e8ge de cette approche : elle invite \u00e0 g\u00e9n\u00e9raliser une terminaison d&rsquo;une ligne \u00e0 l&rsquo;autre, alors que les verbes irr\u00e9guliers ne suivent justement pas la r\u00e8gle commune.<\/p>\n<p>Deux r\u00e9flexes limitent ce risque : partir toujours de verbes dont la forme est s\u00fbre, et v\u00e9rifier une forme dans une r\u00e9f\u00e9rence de conjugaison plut\u00f4t que la d\u00e9duire par analogie avec la ligne du dessus ou du dessous.<\/p>\n<div class=\"cdv-example\">\n<span class=\"cdv-example-kicker\">V\u00e9rifier, ne pas d\u00e9duire<\/span><\/p>\n<table class=\"cdv-table\">\n<tr>\n<th>Verbe<\/th>\n<th>Pr\u00e9sent, 3\u1d49 personne du singulier<\/th>\n<\/tr>\n<tr>\n<td>\u00eatre<\/td>\n<td>il est<\/td>\n<\/tr>\n<tr>\n<td>avoir<\/td>\n<td>il a<\/td>\n<\/tr>\n<tr>\n<td>aller<\/td>\n<td>il va<\/td>\n<\/tr>\n<\/table>\n<\/div>\n<p>Ces trois verbes, pourtant tr\u00e8s courants, ne partagent aucune terminaison commune \u00e0 cette personne : une preuve simple que la g\u00e9n\u00e9ralisation par analogie ne fonctionne pas de fa\u00e7on syst\u00e9matique.<\/p>\n<h2>Ce qu&rsquo;elle ne remplace pas<\/h2>\n<p>Cette lecture reste un outil de comparaison, pas une m\u00e9thode compl\u00e8te d&rsquo;apprentissage de la conjugaison. Elle ne remplace ni la pratique r\u00e9guli\u00e8re de l&rsquo;\u00e9criture, ni la lecture, ni le r\u00e9flexe de v\u00e9rifier une forme dont on n&rsquo;est pas certain plut\u00f4t que de la supposer correcte.<\/p>\n<ul class=\"cdv-links\">\n<li><a href=\"https:\/\/conjugaison-de-verbes.com\/blog\/a-la-une\/apprendre-la-conjugaison-francaise-par-des-exercices-pratiques\/\">S&rsquo;entra\u00eener avec des exercices pratiques de conjugaison<\/a><\/li>\n<li><a href=\"https:\/\/conjugaison-de-verbes.com\/blog\/a-la-une\/les-regles-de-conjugaison-francaise-a-connaitre-absolument\/\">Revoir les r\u00e8gles de conjugaison \u00e0 conna\u00eetre<\/a><\/li>\n<\/ul>\n<p><img width=\"1024\" height=\"576\" src=\"https:\/\/conjugaison-de-verbes.com\/blog\/wp-content\/uploads\/2025\/02\/stability-la-conjugaison-horizontale-comprendre-et-appliquer-1.png\" class=\"aligncenter\" alt=\"Illustration d\u00e9taill\u00e9e sur La conjugaison horizontale : Comprendre et Appliquer\" title=\"La conjugaison horizontale : Comprendre et Appliquer\" decoding=\"async\" loading=\"lazy\" \/><\/p>\n<div class=\"cdv-retain\">\n<div class=\"cdv-retain-title\">\u00c0 retenir<\/div>\n<ul>\n<li>La conjugaison horizontale est une mani\u00e8re de <strong>pr\u00e9senter<\/strong> un tableau, pas une cat\u00e9gorie grammaticale.<\/li>\n<li>Elle consiste \u00e0 comparer une m\u00eame personne sur plusieurs verbes, pour rep\u00e9rer les r\u00e9gularit\u00e9s.<\/li>\n<li>Elle compl\u00e8te la lecture verticale classique, elle ne la remplace pas.<\/li>\n<li>Son risque principal : g\u00e9n\u00e9raliser une terminaison par analogie au lieu de la v\u00e9rifier.<\/li>\n<li>Elle ne dispense jamais de v\u00e9rifier une forme dont on n&rsquo;est pas s\u00fbr.<\/li>\n<\/ul>\n<\/div>\n<h3>FAQ<\/h3>\n<div class=\"cdv-faq\">\n<details>\n<summary>La conjugaison horizontale est-elle une r\u00e8gle de grammaire ?<\/summary>\n<div class=\"cdv-faq-a\">Non. C&rsquo;est une fa\u00e7on d&rsquo;organiser la lecture d&rsquo;un tableau de conjugaison, pas une propri\u00e9t\u00e9 de la langue ni une cat\u00e9gorie de verbes.<\/div>\n<\/details>\n<details>\n<summary>Quelle est la diff\u00e9rence avec la conjugaison verticale ?<\/summary>\n<div class=\"cdv-faq-a\">La lecture verticale suit un seul verbe \u00e0 travers toutes ses personnes. La lecture horizontale suit une seule personne \u00e0 travers plusieurs verbes.<\/div>\n<\/details>\n<details>\n<summary>Cette lecture peut-elle induire en erreur ?<\/summary>\n<div class=\"cdv-faq-a\">Oui, si elle sert \u00e0 deviner une forme par ressemblance avec les autres lignes du tableau. Les verbes irr\u00e9guliers ne suivent pas la terminaison commune, d&rsquo;o\u00f9 l&rsquo;int\u00e9r\u00eat de toujours v\u00e9rifier.<\/div>\n<\/details>\n<details>\n<summary>Faut-il choisir entre les deux lectures ?<\/summary>\n<div class=\"cdv-faq-a\">Non, elles sont compl\u00e9mentaires : l&rsquo;une aide \u00e0 comparer des terminaisons, l&rsquo;autre \u00e0 m\u00e9moriser un verbe dans son ensemble.<\/div>\n<\/details>\n<\/div>\n<\/div>\n","protected":false},"excerpt":{"rendered":"","protected":false},"author":34,"featured_media":7510,"comment_status":"open","ping_status":"open","sticky":false,"template":"","format":"standard","meta":{"_acf_changed":false,"manual_indexmenow":false,"indexmenow_id_project":0,"footnotes":""},"categories":[1],"tags":[4539],"class_list":["post-7509","post","type-post","status-publish","format-standard","has-post-thumbnail","hentry","category-a-la-une","tag-conjugaison","generate-columns","tablet-grid-50","mobile-grid-100","grid-parent","grid-25"],"acf":[],"yoast_head":"<!-- This site is optimized with the Yoast SEO Premium plugin v21.3 (Yoast SEO v25.6) - https:\/\/yoast.com\/wordpress\/plugins\/seo\/ -->\n<title>La conjugaison horizontale : lire un tableau autrement<\/title>\n<meta name=\"description\" content=\"Ce que d\u00e9signe la conjugaison horizontale, une mani\u00e8re de comparer plusieurs verbes plut\u00f4t qu&#039;une cat\u00e9gorie de la langue, et comment l&#039;utiliser sans se tromper.\" \/>\n<meta name=\"robots\" content=\"index, follow, max-snippet:-1, max-image-preview:large, max-video-preview:-1\" \/>\n<link rel=\"canonical\" href=\"https:\/\/conjugaison-de-verbes.com\/blog\/a-la-une\/la-conjugaison-horizontale-comprendre-et-appliquer\/\" \/>\n<meta property=\"og:locale\" content=\"fr_FR\" \/>\n<meta property=\"og:type\" content=\"article\" \/>\n<meta property=\"og:title\" content=\"La conjugaison horizontale : lire un tableau autrement\" \/>\n<meta property=\"og:description\" content=\"Ce que d\u00e9signe la conjugaison horizontale, une mani\u00e8re de comparer plusieurs verbes plut\u00f4t qu&#039;une cat\u00e9gorie de la langue, et comment l&#039;utiliser sans se tromper.\" \/>\n<meta property=\"og:url\" content=\"https:\/\/conjugaison-de-verbes.com\/blog\/a-la-une\/la-conjugaison-horizontale-comprendre-et-appliquer\/\" \/>\n<meta property=\"og:site_name\" content=\"conjugaison-de-verbes\" \/>\n<meta property=\"og:image\" content=\"https:\/\/conjugaison-de-verbes.com\/blog\/wp-content\/uploads\/2025\/02\/stability-la-conjugaison-horizontale-comprendre-et-appliquer.png\" \/>\n\t<meta property=\"og:image:width\" content=\"1024\" \/>\n\t<meta property=\"og:image:height\" content=\"576\" \/>\n\t<meta property=\"og:image:type\" content=\"image\/png\" \/>\n<meta name=\"author\" content=\"Rapha\u00ebl D.\" \/>\n<meta name=\"twitter:card\" content=\"summary_large_image\" \/>\n<script type=\"application\/ld+json\" class=\"yoast-schema-graph\">{\"@context\":\"https:\/\/schema.org\",\"@graph\":[{\"@type\":\"NewsArticle\",\"@id\":\"https:\/\/conjugaison-de-verbes.com\/blog\/a-la-une\/la-conjugaison-horizontale-comprendre-et-appliquer\/#article\",\"isPartOf\":{\"@id\":\"https:\/\/conjugaison-de-verbes.com\/blog\/a-la-une\/la-conjugaison-horizontale-comprendre-et-appliquer\/\"},\"author\":{\"name\":\"Rapha\u00ebl D.\",\"@id\":\"https:\/\/conjugaison-de-verbes.com\/blog\/#\/schema\/person\/3c864cdc320801e3db34b663e7e3f816\"},\"headline\":\"La conjugaison horizontale : Comprendre et Appliquer\",\"datePublished\":\"2026-08-31T15:38:35+00:00\",\"mainEntityOfPage\":{\"@id\":\"https:\/\/conjugaison-de-verbes.com\/blog\/a-la-une\/la-conjugaison-horizontale-comprendre-et-appliquer\/\"},\"wordCount\":1011,\"commentCount\":24,\"publisher\":{\"@id\":\"https:\/\/conjugaison-de-verbes.com\/blog\/#organization\"},\"image\":{\"@id\":\"https:\/\/conjugaison-de-verbes.com\/blog\/a-la-une\/la-conjugaison-horizontale-comprendre-et-appliquer\/#primaryimage\"},\"thumbnailUrl\":\"https:\/\/conjugaison-de-verbes.com\/blog\/wp-content\/uploads\/2025\/02\/stability-la-conjugaison-horizontale-comprendre-et-appliquer.png\",\"keywords\":[\"Conjugaison\"],\"articleSection\":[\"\u00c0 la une\"],\"inLanguage\":\"fr-FR\",\"potentialAction\":[{\"@type\":\"CommentAction\",\"name\":\"Comment\",\"target\":[\"https:\/\/conjugaison-de-verbes.com\/blog\/a-la-une\/la-conjugaison-horizontale-comprendre-et-appliquer\/#respond\"]}]},{\"@type\":\"WebPage\",\"@id\":\"https:\/\/conjugaison-de-verbes.com\/blog\/a-la-une\/la-conjugaison-horizontale-comprendre-et-appliquer\/\",\"url\":\"https:\/\/conjugaison-de-verbes.com\/blog\/a-la-une\/la-conjugaison-horizontale-comprendre-et-appliquer\/\",\"name\":\"La conjugaison horizontale : lire un tableau autrement\",\"isPartOf\":{\"@id\":\"https:\/\/conjugaison-de-verbes.com\/blog\/#website\"},\"primaryImageOfPage\":{\"@id\":\"https:\/\/conjugaison-de-verbes.com\/blog\/a-la-une\/la-conjugaison-horizontale-comprendre-et-appliquer\/#primaryimage\"},\"image\":{\"@id\":\"https:\/\/conjugaison-de-verbes.com\/blog\/a-la-une\/la-conjugaison-horizontale-comprendre-et-appliquer\/#primaryimage\"},\"thumbnailUrl\":\"https:\/\/conjugaison-de-verbes.com\/blog\/wp-content\/uploads\/2025\/02\/stability-la-conjugaison-horizontale-comprendre-et-appliquer.png\",\"datePublished\":\"2026-08-31T15:38:35+00:00\",\"description\":\"Ce que d\u00e9signe la conjugaison horizontale, une mani\u00e8re de comparer plusieurs verbes plut\u00f4t qu'une cat\u00e9gorie de la langue, et comment l'utiliser sans se tromper.\",\"inLanguage\":\"fr-FR\",\"potentialAction\":[{\"@type\":\"ReadAction\",\"target\":[\"https:\/\/conjugaison-de-verbes.com\/blog\/a-la-une\/la-conjugaison-horizontale-comprendre-et-appliquer\/\"]}]},{\"@type\":\"ImageObject\",\"inLanguage\":\"fr-FR\",\"@id\":\"https:\/\/conjugaison-de-verbes.com\/blog\/a-la-une\/la-conjugaison-horizontale-comprendre-et-appliquer\/#primaryimage\",\"url\":\"https:\/\/conjugaison-de-verbes.com\/blog\/wp-content\/uploads\/2025\/02\/stability-la-conjugaison-horizontale-comprendre-et-appliquer.png\",\"contentUrl\":\"https:\/\/conjugaison-de-verbes.com\/blog\/wp-content\/uploads\/2025\/02\/stability-la-conjugaison-horizontale-comprendre-et-appliquer.png\",\"width\":1024,\"height\":576},{\"@type\":\"WebSite\",\"@id\":\"https:\/\/conjugaison-de-verbes.com\/blog\/#website\",\"url\":\"https:\/\/conjugaison-de-verbes.com\/blog\/\",\"name\":\"conjugaison-de-verbes.com\",\"description\":\"Conjugaison de Verbes, ma\u00eetrisez la langue fran\u00e7aise\",\"publisher\":{\"@id\":\"https:\/\/conjugaison-de-verbes.com\/blog\/#organization\"},\"alternateName\":\"Conjugaison de Verbes, ma\u00eetrisez la langue fran\u00e7aise\",\"potentialAction\":[{\"@type\":\"SearchAction\",\"target\":{\"@type\":\"EntryPoint\",\"urlTemplate\":\"https:\/\/conjugaison-de-verbes.com\/blog\/?s={search_term_string}\"},\"query-input\":{\"@type\":\"PropertyValueSpecification\",\"valueRequired\":true,\"valueName\":\"search_term_string\"}}],\"inLanguage\":\"fr-FR\"},{\"@type\":\"Organization\",\"@id\":\"https:\/\/conjugaison-de-verbes.com\/blog\/#organization\",\"name\":\"Foretsensations.fr\",\"url\":\"https:\/\/conjugaison-de-verbes.com\/blog\/\",\"logo\":{\"@type\":\"ImageObject\",\"inLanguage\":\"fr-FR\",\"@id\":\"https:\/\/conjugaison-de-verbes.com\/blog\/#\/schema\/logo\/image\/\",\"url\":\"https:\/\/conjugaison-de-verbes.com\/blog\/wp-content\/uploads\/2024\/12\/10.png\",\"contentUrl\":\"https:\/\/conjugaison-de-verbes.com\/blog\/wp-content\/uploads\/2024\/12\/10.png\",\"width\":500,\"height\":500,\"caption\":\"Foretsensations.fr\"},\"image\":{\"@id\":\"https:\/\/conjugaison-de-verbes.com\/blog\/#\/schema\/logo\/image\/\"}},{\"@type\":\"Person\",\"@id\":\"https:\/\/conjugaison-de-verbes.com\/blog\/#\/schema\/person\/3c864cdc320801e3db34b663e7e3f816\",\"name\":\"Rapha\u00ebl D.\",\"image\":{\"@type\":\"ImageObject\",\"inLanguage\":\"fr-FR\",\"@id\":\"https:\/\/conjugaison-de-verbes.com\/blog\/#\/schema\/person\/image\/\",\"url\":\"https:\/\/conjugaison-de-verbes.com\/blog\/wp-content\/uploads\/2026\/06\/persona_raphael-d-150x150.jpg\",\"contentUrl\":\"https:\/\/conjugaison-de-verbes.com\/blog\/wp-content\/uploads\/2026\/06\/persona_raphael-d-150x150.jpg\",\"caption\":\"Rapha\u00ebl D.\"},\"description\":\"La culture est mon terrain de jeu depuis une dizaine d'ann\u00e9es : arts visuels, s\u00e9ries, cr\u00e9ation et tout ce qui nourrit l'imaginaire. J'\u00e9cris aussi bien sur l'actualit\u00e9 des \u0153uvres que sur les coulisses de la cr\u00e9ation, avec l'envie de relier l'amateur curieux \u00e0 des univers parfois jug\u00e9s intimidants. J'aime analyser une s\u00e9rie ou une d\u00e9marche artistique sans p\u00e9dantisme, replacer une \u0153uvre dans son contexte et donner des cl\u00e9s de lecture accessibles. Avant de publier, je v\u00e9rifie mes r\u00e9f\u00e9rences, je recoupe les sources et je distingue clairement le fait de mon interpr\u00e9tation subjective. Je crois qu'une critique vaut surtout par les arguments qu'elle expose, pas par la sentence qu'elle rend. Mon angle : transmettre l'envie de d\u00e9couvrir, de regarder autrement et de se forger son propre go\u00fbt. La culture n'appartient pas qu'aux initi\u00e9s, et c'est tout l'enjeu de mon \u00e9criture.\",\"url\":\"https:\/\/conjugaison-de-verbes.com\/blog\/auteur\/raphael-d\/\",\"jobTitle\":\"R\u00e9dacteur en chef \u00b7 Culture & Cr\u00e9ation\",\"knowsAbout\":[\"Culture\",\"Cr\u00e9ation\"],\"email\":\"raphael.d@a-l-asso-de-l-art.fr\"}]}<\/script>\n<!-- \/ Yoast SEO Premium plugin. -->","yoast_head_json":{"title":"La conjugaison horizontale : lire un tableau autrement","description":"Ce que d\u00e9signe la conjugaison horizontale, une mani\u00e8re de comparer plusieurs verbes plut\u00f4t qu'une cat\u00e9gorie de la langue, et comment l'utiliser sans se tromper.","robots":{"index":"index","follow":"follow","max-snippet":"max-snippet:-1","max-image-preview":"max-image-preview:large","max-video-preview":"max-video-preview:-1"},"canonical":"https:\/\/conjugaison-de-verbes.com\/blog\/a-la-une\/la-conjugaison-horizontale-comprendre-et-appliquer\/","og_locale":"fr_FR","og_type":"article","og_title":"La conjugaison horizontale : lire un tableau autrement","og_description":"Ce que d\u00e9signe la conjugaison horizontale, une mani\u00e8re de comparer plusieurs verbes plut\u00f4t qu'une cat\u00e9gorie de la langue, et comment l'utiliser sans se tromper.","og_url":"https:\/\/conjugaison-de-verbes.com\/blog\/a-la-une\/la-conjugaison-horizontale-comprendre-et-appliquer\/","og_site_name":"conjugaison-de-verbes","og_image":[{"width":1024,"height":576,"url":"https:\/\/conjugaison-de-verbes.com\/blog\/wp-content\/uploads\/2025\/02\/stability-la-conjugaison-horizontale-comprendre-et-appliquer.png","type":"image\/png"}],"author":"Rapha\u00ebl D.","twitter_card":"summary_large_image","schema":{"@context":"https:\/\/schema.org","@graph":[{"@type":"NewsArticle","@id":"https:\/\/conjugaison-de-verbes.com\/blog\/a-la-une\/la-conjugaison-horizontale-comprendre-et-appliquer\/#article","isPartOf":{"@id":"https:\/\/conjugaison-de-verbes.com\/blog\/a-la-une\/la-conjugaison-horizontale-comprendre-et-appliquer\/"},"author":{"name":"Rapha\u00ebl D.","@id":"https:\/\/conjugaison-de-verbes.com\/blog\/#\/schema\/person\/3c864cdc320801e3db34b663e7e3f816"},"headline":"La conjugaison horizontale : Comprendre et Appliquer","datePublished":"2026-08-31T15:38:35+00:00","mainEntityOfPage":{"@id":"https:\/\/conjugaison-de-verbes.com\/blog\/a-la-une\/la-conjugaison-horizontale-comprendre-et-appliquer\/"},"wordCount":1011,"commentCount":24,"publisher":{"@id":"https:\/\/conjugaison-de-verbes.com\/blog\/#organization"},"image":{"@id":"https:\/\/conjugaison-de-verbes.com\/blog\/a-la-une\/la-conjugaison-horizontale-comprendre-et-appliquer\/#primaryimage"},"thumbnailUrl":"https:\/\/conjugaison-de-verbes.com\/blog\/wp-content\/uploads\/2025\/02\/stability-la-conjugaison-horizontale-comprendre-et-appliquer.png","keywords":["Conjugaison"],"articleSection":["\u00c0 la une"],"inLanguage":"fr-FR","potentialAction":[{"@type":"CommentAction","name":"Comment","target":["https:\/\/conjugaison-de-verbes.com\/blog\/a-la-une\/la-conjugaison-horizontale-comprendre-et-appliquer\/#respond"]}]},{"@type":"WebPage","@id":"https:\/\/conjugaison-de-verbes.com\/blog\/a-la-une\/la-conjugaison-horizontale-comprendre-et-appliquer\/","url":"https:\/\/conjugaison-de-verbes.com\/blog\/a-la-une\/la-conjugaison-horizontale-comprendre-et-appliquer\/","name":"La conjugaison horizontale : lire un tableau autrement","isPartOf":{"@id":"https:\/\/conjugaison-de-verbes.com\/blog\/#website"},"primaryImageOfPage":{"@id":"https:\/\/conjugaison-de-verbes.com\/blog\/a-la-une\/la-conjugaison-horizontale-comprendre-et-appliquer\/#primaryimage"},"image":{"@id":"https:\/\/conjugaison-de-verbes.com\/blog\/a-la-une\/la-conjugaison-horizontale-comprendre-et-appliquer\/#primaryimage"},"thumbnailUrl":"https:\/\/conjugaison-de-verbes.com\/blog\/wp-content\/uploads\/2025\/02\/stability-la-conjugaison-horizontale-comprendre-et-appliquer.png","datePublished":"2026-08-31T15:38:35+00:00","description":"Ce que d\u00e9signe la conjugaison horizontale, une mani\u00e8re de comparer plusieurs verbes plut\u00f4t qu'une cat\u00e9gorie de la langue, et comment l'utiliser sans se tromper.","inLanguage":"fr-FR","potentialAction":[{"@type":"ReadAction","target":["https:\/\/conjugaison-de-verbes.com\/blog\/a-la-une\/la-conjugaison-horizontale-comprendre-et-appliquer\/"]}]},{"@type":"ImageObject","inLanguage":"fr-FR","@id":"https:\/\/conjugaison-de-verbes.com\/blog\/a-la-une\/la-conjugaison-horizontale-comprendre-et-appliquer\/#primaryimage","url":"https:\/\/conjugaison-de-verbes.com\/blog\/wp-content\/uploads\/2025\/02\/stability-la-conjugaison-horizontale-comprendre-et-appliquer.png","contentUrl":"https:\/\/conjugaison-de-verbes.com\/blog\/wp-content\/uploads\/2025\/02\/stability-la-conjugaison-horizontale-comprendre-et-appliquer.png","width":1024,"height":576},{"@type":"WebSite","@id":"https:\/\/conjugaison-de-verbes.com\/blog\/#website","url":"https:\/\/conjugaison-de-verbes.com\/blog\/","name":"conjugaison-de-verbes.com","description":"Conjugaison de Verbes, ma\u00eetrisez la langue fran\u00e7aise","publisher":{"@id":"https:\/\/conjugaison-de-verbes.com\/blog\/#organization"},"alternateName":"Conjugaison de Verbes, ma\u00eetrisez la langue fran\u00e7aise","potentialAction":[{"@type":"SearchAction","target":{"@type":"EntryPoint","urlTemplate":"https:\/\/conjugaison-de-verbes.com\/blog\/?s={search_term_string}"},"query-input":{"@type":"PropertyValueSpecification","valueRequired":true,"valueName":"search_term_string"}}],"inLanguage":"fr-FR"},{"@type":"Organization","@id":"https:\/\/conjugaison-de-verbes.com\/blog\/#organization","name":"Foretsensations.fr","url":"https:\/\/conjugaison-de-verbes.com\/blog\/","logo":{"@type":"ImageObject","inLanguage":"fr-FR","@id":"https:\/\/conjugaison-de-verbes.com\/blog\/#\/schema\/logo\/image\/","url":"https:\/\/conjugaison-de-verbes.com\/blog\/wp-content\/uploads\/2024\/12\/10.png","contentUrl":"https:\/\/conjugaison-de-verbes.com\/blog\/wp-content\/uploads\/2024\/12\/10.png","width":500,"height":500,"caption":"Foretsensations.fr"},"image":{"@id":"https:\/\/conjugaison-de-verbes.com\/blog\/#\/schema\/logo\/image\/"}},{"@type":"Person","@id":"https:\/\/conjugaison-de-verbes.com\/blog\/#\/schema\/person\/3c864cdc320801e3db34b663e7e3f816","name":"Rapha\u00ebl D.","image":{"@type":"ImageObject","inLanguage":"fr-FR","@id":"https:\/\/conjugaison-de-verbes.com\/blog\/#\/schema\/person\/image\/","url":"https:\/\/conjugaison-de-verbes.com\/blog\/wp-content\/uploads\/2026\/06\/persona_raphael-d-150x150.jpg","contentUrl":"https:\/\/conjugaison-de-verbes.com\/blog\/wp-content\/uploads\/2026\/06\/persona_raphael-d-150x150.jpg","caption":"Rapha\u00ebl D."},"description":"La culture est mon terrain de jeu depuis une dizaine d'ann\u00e9es : arts visuels, s\u00e9ries, cr\u00e9ation et tout ce qui nourrit l'imaginaire. J'\u00e9cris aussi bien sur l'actualit\u00e9 des \u0153uvres que sur les coulisses de la cr\u00e9ation, avec l'envie de relier l'amateur curieux \u00e0 des univers parfois jug\u00e9s intimidants. J'aime analyser une s\u00e9rie ou une d\u00e9marche artistique sans p\u00e9dantisme, replacer une \u0153uvre dans son contexte et donner des cl\u00e9s de lecture accessibles. Avant de publier, je v\u00e9rifie mes r\u00e9f\u00e9rences, je recoupe les sources et je distingue clairement le fait de mon interpr\u00e9tation subjective. Je crois qu'une critique vaut surtout par les arguments qu'elle expose, pas par la sentence qu'elle rend. Mon angle : transmettre l'envie de d\u00e9couvrir, de regarder autrement et de se forger son propre go\u00fbt. La culture n'appartient pas qu'aux initi\u00e9s, et c'est tout l'enjeu de mon \u00e9criture.","url":"https:\/\/conjugaison-de-verbes.com\/blog\/auteur\/raphael-d\/","jobTitle":"R\u00e9dacteur en chef \u00b7 Culture & Cr\u00e9ation","knowsAbout":["Culture","Cr\u00e9ation"],"email":"raphael.d@a-l-asso-de-l-art.fr"}]}},"_links":{"self":[{"href":"https:\/\/conjugaison-de-verbes.com\/blog\/wp-json\/wp\/v2\/posts\/7509","targetHints":{"allow":["GET"]}}],"collection":[{"href":"https:\/\/conjugaison-de-verbes.com\/blog\/wp-json\/wp\/v2\/posts"}],"about":[{"href":"https:\/\/conjugaison-de-verbes.com\/blog\/wp-json\/wp\/v2\/types\/post"}],"author":[{"embeddable":true,"href":"https:\/\/conjugaison-de-verbes.com\/blog\/wp-json\/wp\/v2\/users\/34"}],"replies":[{"embeddable":true,"href":"https:\/\/conjugaison-de-verbes.com\/blog\/wp-json\/wp\/v2\/comments?post=7509"}],"version-history":[{"count":2,"href":"https:\/\/conjugaison-de-verbes.com\/blog\/wp-json\/wp\/v2\/posts\/7509\/revisions"}],"predecessor-version":[{"id":8079,"href":"https:\/\/conjugaison-de-verbes.com\/blog\/wp-json\/wp\/v2\/posts\/7509\/revisions\/8079"}],"wp:featuredmedia":[{"embeddable":true,"href":"https:\/\/conjugaison-de-verbes.com\/blog\/wp-json\/wp\/v2\/media\/7510"}],"wp:attachment":[{"href":"https:\/\/conjugaison-de-verbes.com\/blog\/wp-json\/wp\/v2\/media?parent=7509"}],"wp:term":[{"taxonomy":"category","embeddable":true,"href":"https:\/\/conjugaison-de-verbes.com\/blog\/wp-json\/wp\/v2\/categories?post=7509"},{"taxonomy":"post_tag","embeddable":true,"href":"https:\/\/conjugaison-de-verbes.com\/blog\/wp-json\/wp\/v2\/tags?post=7509"}],"curies":[{"name":"wp","href":"https:\/\/api.w.org\/{rel}","templated":true}]}}