{"id":7495,"date":"2026-08-31T21:18:10","date_gmt":"2026-08-31T19:18:10","guid":{"rendered":"https:\/\/conjugaison-de-verbes.com\/blog\/?p=7495"},"modified":"2026-08-31T21:18:10","modified_gmt":"2026-08-31T19:18:10","slug":"comprendre-les-ceintures-de-conjugaison-guide-complet-et-pratique","status":"publish","type":"post","link":"https:\/\/conjugaison-de-verbes.com\/blog\/a-la-une\/comprendre-les-ceintures-de-conjugaison-guide-complet-et-pratique\/","title":{"rendered":"Comprendre les ceintures de conjugaison : Guide complet et pratique"},"content":{"rendered":"<link rel=\"stylesheet\" href=\"https:\/\/fonts.googleapis.com\/css2?family=Space+Grotesk:wght@600;700&amp;family=Inter:wght@400;500;600&amp;family=JetBrains+Mono:wght@500&amp;display=swap\">\n<style>\n.cdv-info-wrap{font-family:'Inter',-apple-system,BlinkMacSystemFont,sans-serif;color:#1c1d24;line-height:1.68;font-size:17px;}\n.cdv-info-wrap h2{font-family:'Space Grotesk','Inter',-apple-system,sans-serif;font-weight:700;font-size:clamp(22px,3vw,29px);letter-spacing:-0.01em;color:#14151a;margin:46px 0 16px;}\n.cdv-info-wrap h3{font-family:'Space Grotesk','Inter',-apple-system,sans-serif;font-weight:600;font-size:18px;color:#14151a;margin:22px 0 10px;}\n.cdv-info-mono{font-family:'JetBrains Mono',monospace;}\n.cdv-info-brief{background:#F5F3FF;border-left:5px solid #4C3BCF;border-radius:0 12px 12px 0;padding:24px 26px;margin:24px 0 32px;}\n.cdv-info-brief .cdv-info-kicker{font-family:'JetBrains Mono',monospace;font-size:11px;font-weight:700;letter-spacing:.08em;text-transform:uppercase;color:#4C3BCF;margin-bottom:10px;}\n.cdv-info-brief .cdv-info-answer{font-size:18px;font-weight:500;color:#14151a;line-height:1.5;margin-bottom:14px;}\n.cdv-info-brief ul{margin:0;padding-left:20px;}\n.cdv-info-brief li{margin:7px 0;font-size:15px;color:#2a2b33;}\n.cdv-info-grid{display:grid;grid-template-columns:repeat(auto-fit,minmax(220px,1fr));gap:16px;margin:26px 0;}\n.cdv-info-card{background:#fff;border:1px solid #e6e4f0;border-top:3px solid #4C3BCF;border-radius:10px;padding:20px 20px 18px;box-shadow:0 1px 2px rgba(20,21,26,.05);transition:.25s ease;}\n.cdv-info-card:hover{transform:translateY(-3px);box-shadow:0 14px 26px -16px rgba(76,59,207,.4);}\n.cdv-info-card .cdv-info-num{display:inline-flex;width:30px;height:30px;border-radius:50%;background:#F5F3FF;color:#4C3BCF;align-items:center;justify-content:center;font-family:'JetBrains Mono',monospace;font-weight:700;font-size:13px;margin-bottom:10px;}\n.cdv-info-card h3{margin:0 0 6px 0;font-size:15.5px;}\n.cdv-info-card .cdv-info-txt{font-size:13.8px;line-height:1.55;color:#4a4b57;}\n.cdv-info-steps{counter-reset:cdvstep;margin:24px 0;padding:0;list-style:none;}\n.cdv-info-steps li{counter-increment:cdvstep;position:relative;background:#fff;border:1px solid #e6e4f0;border-radius:10px;padding:16px 18px 16px 56px;margin-bottom:12px;}\n.cdv-info-steps li::before{content:counter(cdvstep);position:absolute;left:16px;top:16px;width:26px;height:26px;border-radius:50%;background:#4C3BCF;color:#fff;font-family:'JetBrains Mono',monospace;font-size:13px;font-weight:700;display:flex;align-items:center;justify-content:center;}\n.cdv-info-steps strong{color:#14151a;}\n.cdv-info-note{border-left:4px solid #4C3BCF;background:#F5F3FF;padding:14px 18px;margin:20px 0;border-radius:0 8px 8px 0;}\n.cdv-info-note .cdv-info-label{display:inline-block;font-family:'JetBrains Mono',monospace;font-size:11px;font-weight:700;letter-spacing:.05em;text-transform:uppercase;color:#4C3BCF;margin-bottom:6px;}\n.cdv-info-note .cdv-info-txt{font-size:14.5px;line-height:1.6;color:#2a2b33;}\n.cdv-info-duo{display:grid;grid-template-columns:repeat(auto-fit,minmax(240px,1fr));gap:14px;margin:24px 0;}\n.cdv-info-duo .ok, .cdv-info-duo .ko{border-radius:10px;padding:18px 20px;}\n.cdv-info-duo .ok{background:#F0FBF4;border:1px solid #c8ecd4;}\n.cdv-info-duo .ko{background:#FDF0F0;border:1px solid #f3cccc;}\n.cdv-info-duo h3{margin:0 0 10px 0;font-size:15px;}\n.cdv-info-duo .ok h3{color:#1d6b3f;}\n.cdv-info-duo .ko h3{color:#a13a3a;}\n.cdv-info-duo ul{margin:0;padding-left:18px;font-size:13.8px;line-height:1.65;color:#2a2b33;}\n.cdv-info-retain{background:#14151a;color:#eef3f9;border-radius:12px;padding:24px 26px;margin:32px 0;}\n.cdv-info-retain .cdv-info-kicker{font-family:'JetBrains Mono',monospace;font-size:11px;font-weight:700;letter-spacing:.08em;text-transform:uppercase;color:#a89bf5;margin-bottom:12px;}\n.cdv-info-retain ul{margin:0;padding-left:20px;}\n.cdv-info-retain li{margin:8px 0;font-size:14.8px;color:#eef3f9!important;}\n.cdv-info-retain strong{color:#fff!important;}\n.cdv-info-quote{margin:34px auto;padding:26px 24px;text-align:center;border-top:1px solid #d8d5ea;border-bottom:1px solid #d8d5ea;max-width:640px;}\n.cdv-info-quote blockquote{margin:0;font-family:'Space Grotesk','Inter',sans-serif;font-size:21px;font-weight:600;line-height:1.4;color:#14151a;font-style:normal;}\n.cdv-info-quote figcaption{margin-top:10px;font-family:'JetBrains Mono',monospace;font-size:12px;letter-spacing:.05em;text-transform:uppercase;color:#6a6b78;}\n.cdv-info-faq{border:1px solid #e6e4f0;border-radius:10px;margin:10px 0;overflow:hidden;}\n.cdv-info-faq summary{cursor:pointer;list-style:none;padding:15px 18px;font-weight:600;font-size:15px;color:#14151a;background:#fafaFD;}\n.cdv-info-faq summary::-webkit-details-marker{display:none;}\n.cdv-info-faq summary::before{content:\"+\";color:#4C3BCF;font-weight:800;margin-right:10px;}\n.cdv-info-faq[open] summary::before{content:\"\u2013\";}\n.cdv-info-faq .cdv-info-a{padding:2px 18px 16px 42px;font-size:14.5px;line-height:1.6;color:#3a3b45;}\n<\/style>\n<div class=\"cdv-info-wrap\">\n<p>Derri\u00e8re ce nom qui \u00e9voque un dojo, les <strong>ceintures de conjugaison<\/strong> d\u00e9signent un outil de progression color\u00e9 que des enseignants du primaire et du coll\u00e8ge utilisent pour faire avancer leurs \u00e9l\u00e8ves dans les temps verbaux, \u00e0 leur propre rythme. D&rsquo;o\u00f9 vient vraiment ce dispositif, comment fonctionne-t-il, et que faut-il en attendre sans se fier \u00e0 un bar\u00e8me tout fait ?<\/p>\n<div class=\"cdv-info-brief\">\n<div class=\"cdv-info-kicker\">En bref<\/div>\n<div class=\"cdv-info-answer\">Une ceinture de conjugaison est un support de progression par paliers color\u00e9s, inspir\u00e9 des ceintures de judo, qu&rsquo;un enseignant construit lui-m\u00eame pour faire avancer ses \u00e9l\u00e8ves temps verbal apr\u00e8s temps verbal.<\/div>\n<ul>\n<li>Le principe vient de la p\u00e9dagogie institutionnelle et du p\u00e9dagogue Fernand Oury, qui s&rsquo;inspirait de son exp\u00e9rience de judoka.<\/li>\n<li>Il n&rsquo;existe aucun bar\u00e8me national : le nombre de niveaux, les couleurs et les temps associ\u00e9s sont fix\u00e9s par chaque enseignant.<\/li>\n<li>L&rsquo;\u00e9l\u00e8ve progresse \u00e0 son rythme et mat\u00e9rialise ses acquis par un changement de couleur.<\/li>\n<li>L&rsquo;outil sert \u00e0 visualiser la progression et responsabiliser l&rsquo;\u00e9l\u00e8ve \u2014 il ne remplace pas l&rsquo;\u00e9valuation du professeur.<\/li>\n<\/ul>\n<\/div>\n<h2>Introduction aux ceintures de conjugaison<\/h2>\n<p>Dans de nombreuses classes, la conjugaison se travaille d\u00e9sormais avec des \u00ab ceintures \u00bb : un rep\u00e8re visuel et color\u00e9 qui permet \u00e0 chaque \u00e9l\u00e8ve de savoir o\u00f9 il en est et ce qu&rsquo;il lui reste \u00e0 ma\u00eetriser. L&rsquo;id\u00e9e est d&rsquo;avancer de mani\u00e8re progressive et ludique dans les diff\u00e9rentes formes verbales, sans attendre que toute la classe soit au m\u00eame niveau au m\u00eame moment.<\/p>\n<h2>D\u00e9finition et fonctionnement des ceintures de conjugaison<\/h2>\n<p>Une ceinture de conjugaison est un outil visuel de suivi des apprentissages : chaque couleur repr\u00e9sente un palier, et chaque palier correspond \u00e0 un ensemble de comp\u00e9tences que l&rsquo;enseignant a choisi de regrouper \u2014 le plus souvent un ou plusieurs temps verbaux. L&rsquo;\u00e9l\u00e8ve change de couleur lorsqu&rsquo;il d\u00e9montre qu&rsquo;il ma\u00eetrise le palier en cours, g\u00e9n\u00e9ralement lors d&rsquo;une \u00e9valuation courte et cibl\u00e9e.<\/p>\n<p>Ce principe n&rsquo;est pas une invention r\u00e9cente : il descend directement des <strong>ceintures de comp\u00e9tences<\/strong> de la p\u00e9dagogie institutionnelle, port\u00e9es dans les ann\u00e9es 1960 par le p\u00e9dagogue <strong>Fernand Oury<\/strong>, qui s&rsquo;est explicitement inspir\u00e9 de son exp\u00e9rience de judoka pour organiser une classe o\u00f9 tous les \u00e9l\u00e8ves n&rsquo;avancent pas au m\u00eame rythme (source : Wikip\u00e9dia, article \u00ab P\u00e9dagogie institutionnelle \u00bb). Des g\u00e9n\u00e9rations d&rsquo;enseignants ont depuis d\u00e9clin\u00e9 cette logique \u00e0 toutes sortes de comp\u00e9tences \u2014 dont la conjugaison.<\/p>\n<blockquote class=\"wp-embedded-content\" data-secret=\"ZpcheKaBvB\"><p><a href=\"https:\/\/conjugaison-de-verbes.com\/blog\/a-la-une\/ressources-gratuites-pour-pratiquer-la-conjugaison-francaise\/\">Ressources gratuites pour pratiquer la conjugaison fran\u00e7aise<\/a><\/p><\/blockquote>\n<p><iframe loading=\"lazy\" class=\"wp-embedded-content\" sandbox=\"allow-scripts\" security=\"restricted\" style=\"position: absolute; visibility: hidden;\" title=\"\u00ab\u00a0Ressources gratuites pour pratiquer la conjugaison fran\u00e7aise\u00a0\u00bb &#8212; conjugaison-de-verbes\" src=\"https:\/\/conjugaison-de-verbes.com\/blog\/a-la-une\/ressources-gratuites-pour-pratiquer-la-conjugaison-francaise\/embed\/#?secret=yx5qAPtKF5#?secret=ZpcheKaBvB\" data-secret=\"ZpcheKaBvB\" width=\"600\" height=\"338\" frameborder=\"0\" marginwidth=\"0\" marginheight=\"0\" scrolling=\"no\"><\/iframe><\/p>\n<p>Cette m\u00e9thode ludique incite les \u00e9l\u00e8ves \u00e0 progresser \u00e0 leur rythme. Chaque fois qu&rsquo;un \u00e9l\u00e8ve franchit un palier, il \u00ab change \u00bb de couleur, ce qui favorise l&rsquo;engagement et la motivation.<img width=\"1024\" height=\"576\" src=\"https:\/\/conjugaison-de-verbes.com\/blog\/wp-content\/uploads\/2025\/02\/stability-comprendre-les-ceintures-de-conjugaison-guide-complet-et-pratique-1.png\" class=\"aligncenter\" alt=\"Illustration d\u00e9taill\u00e9e sur Comprendre les ceintures de conjugaison : Guide complet et pratique\" title=\"Comprendre les ceintures de conjugaison : Guide complet et pratique\" decoding=\"async\" loading=\"lazy\" \/><\/p>\n<h2>Les avantages des ceintures de conjugaison pour l&rsquo;apprentissage<\/h2>\n<p>Les ceintures de conjugaison offrent plusieurs b\u00e9n\u00e9fices notables pour les apprenants : elles facilitent la m\u00e9morisation en rendant la progression visuellement accessible, et permettent \u00e0 chaque \u00e9l\u00e8ve de suivre ses propres acquis plut\u00f4t que de se comparer en permanence au reste de la classe.<\/p>\n<blockquote class=\"wp-embedded-content\" data-secret=\"AbVyM5Hp23\"><p><a href=\"https:\/\/conjugaison-de-verbes.com\/blog\/a-la-une\/les-conjugaisons-des-verbes-pronominaux-en-francais\/\">Les conjugaisons des verbes pronominaux en fran\u00e7ais<\/a><\/p><\/blockquote>\n<p><iframe loading=\"lazy\" class=\"wp-embedded-content\" sandbox=\"allow-scripts\" security=\"restricted\" style=\"position: absolute; visibility: hidden;\" title=\"\u00ab\u00a0Les conjugaisons des verbes pronominaux en fran\u00e7ais\u00a0\u00bb &#8212; conjugaison-de-verbes\" src=\"https:\/\/conjugaison-de-verbes.com\/blog\/a-la-une\/les-conjugaisons-des-verbes-pronominaux-en-francais\/embed\/#?secret=vL6tzb0ZUO#?secret=AbVyM5Hp23\" data-secret=\"AbVyM5Hp23\" width=\"600\" height=\"338\" frameborder=\"0\" marginwidth=\"0\" marginheight=\"0\" scrolling=\"no\"><\/iframe><\/p>\n<div class=\"cdv-info-grid\">\n<div class=\"cdv-info-card\">\n    <span class=\"cdv-info-num\">01<\/span><\/p>\n<h3>M\u00e9morisation visuelle<\/h3>\n<div class=\"cdv-info-txt\">La couleur rend la progression concr\u00e8te et facile \u00e0 se repr\u00e9senter, plut\u00f4t qu&rsquo;une liste de temps verbaux abstraite.<\/div>\n<\/p><\/div>\n<div class=\"cdv-info-card\">\n    <span class=\"cdv-info-num\">02<\/span><\/p>\n<h3>Autonomie de l&rsquo;\u00e9l\u00e8ve<\/h3>\n<div class=\"cdv-info-txt\">Responsable de sa propre progression, l&rsquo;\u00e9l\u00e8ve d\u00e9veloppe des r\u00e9flexes d&rsquo;auto-\u00e9valuation et de gestion de son travail.<\/div>\n<\/p><\/div>\n<div class=\"cdv-info-card\">\n    <span class=\"cdv-info-num\">03<\/span><\/p>\n<h3>Rep\u00e9rage pour l&rsquo;enseignant<\/h3>\n<div class=\"cdv-info-txt\">D&rsquo;un coup d&rsquo;\u0153il sur le mur des ceintures, l&rsquo;enseignant identifie qui a besoin d&rsquo;\u00eatre accompagn\u00e9 sur quel temps verbal.<\/div>\n<\/p><\/div>\n<\/div>\n<figure class=\"cdv-info-quote\">\n<blockquote><p>\u00ab L&rsquo;apprentissage doit \u00eatre un voyage, et non une destination. \u00bb<\/blockquote><figcaption>\u2014 Anonyme<\/figcaption><\/figure>\n<h2>Comment mettre en place des ceintures de conjugaison en classe<\/h2>\n<p>Pour int\u00e9grer les ceintures de conjugaison dans son enseignement, quatre \u00e9tapes reviennent le plus souvent :<\/p>\n<ol class=\"cdv-info-steps\">\n<li><strong>Choisir les verbes \u00e0 \u00e9tudier :<\/strong> d\u00e9terminer les verbes les plus courants ou les plus pertinents pour le niveau des \u00e9l\u00e8ves.<\/li>\n<li><strong>Cr\u00e9er les niveaux :<\/strong> d\u00e9finir clairement les diff\u00e9rents paliers de conjugaison, en pr\u00e9cisant les temps et les modes \u00e0 aborder \u00e0 chaque \u00e9tape.<\/li>\n<li><strong>Concevoir les ceintures :<\/strong> fabriquer un support (bandes de couleur, badges, tableau d&rsquo;affichage&#8230;) que les \u00e9l\u00e8ves peuvent voir progresser au fil de l&rsquo;ann\u00e9e.<\/li>\n<li><strong>\u00c9valuer et c\u00e9l\u00e9brer les r\u00e9ussites :<\/strong> organiser des \u00e9valuations courtes et r\u00e9guli\u00e8res, et marquer chaque changement de couleur comme une r\u00e9ussite.<\/li>\n<\/ol>\n<h2>Niveaux et couleurs : un syst\u00e8me qui varie selon les enseignants<\/h2>\n<p>Combien de ceintures faut-il pr\u00e9voir ? Quelles couleurs, pour quels temps ? Il n&rsquo;existe pas de r\u00e9ponse unique. Contrairement au judo, o\u00f9 la progression des couleurs est codifi\u00e9e au niveau national, <strong>aucun bar\u00e8me officiel<\/strong> ne fixe le nombre de paliers ni les temps verbaux associ\u00e9s \u00e0 chaque ceinture de conjugaison : chaque enseignant construit sa propre \u00e9chelle, en fonction du niveau de sa classe et de sa programmation annuelle.<\/p>\n<div class=\"cdv-info-duo\">\n<div class=\"ok\">\n<h3>Ce qui varie d&rsquo;une classe \u00e0 l&rsquo;autre<\/h3>\n<ul>\n<li>Le nombre de paliers (souvent entre 3 et une dizaine)<\/li>\n<li>Les couleurs retenues et leur ordre<\/li>\n<li>Les temps et modes regroup\u00e9s par palier<\/li>\n<li>Le seuil de r\u00e9ussite exig\u00e9 pour changer de couleur<\/li>\n<\/ul><\/div>\n<div class=\"ko\">\n<h3>Avant d&rsquo;adopter un syst\u00e8me trouv\u00e9 en ligne<\/h3>\n<ul>\n<li>V\u00e9rifier qu&rsquo;il correspond \u00e0 la progression r\u00e9ellement enseign\u00e9e dans la classe<\/li>\n<li>L&rsquo;adapter au niveau r\u00e9el des \u00e9l\u00e8ves plut\u00f4t que le suivre \u00e0 la lettre<\/li>\n<li>Se m\u00e9fier d&rsquo;un bar\u00e8me pr\u00e9sent\u00e9 comme \u00ab officiel \u00bb \u2014 il ne l&rsquo;est pas<\/li>\n<\/ul><\/div>\n<\/div>\n<div class=\"cdv-info-retain\">\n<div class=\"cdv-info-kicker\">\u00c0 retenir<\/div>\n<ul>\n<li>La ceinture de conjugaison est un <strong>vrai<\/strong> outil p\u00e9dagogique, h\u00e9rit\u00e9 de la p\u00e9dagogie institutionnelle et de Fernand Oury.<\/li>\n<li>Elle mat\u00e9rialise une progression par paliers color\u00e9s, temps verbal apr\u00e8s temps verbal.<\/li>\n<li>Il n&rsquo;y a <strong>pas de bar\u00e8me national<\/strong> : chaque enseignant fixe son propre nombre de niveaux et ses propres couleurs.<\/li>\n<li>Sa valeur tient \u00e0 la visualisation des progr\u00e8s et \u00e0 l&rsquo;autonomie qu&rsquo;elle donne \u00e0 l&rsquo;\u00e9l\u00e8ve, pas \u00e0 un classement entre \u00e9l\u00e8ves.<\/li>\n<\/ul>\n<\/div>\n<h2>FAQ :<\/h2>\n<details class=\"cdv-info-faq\">\n<summary>Quel est l&rsquo;objectif principal des ceintures de conjugaison ?<\/summary>\n<div class=\"cdv-info-a\">Faciliter l&rsquo;apprentissage et la m\u00e9morisation des diff\u00e9rentes conjugaisons verbales, en rendant la progression visible pour l&rsquo;\u00e9l\u00e8ve comme pour l&rsquo;enseignant.<\/div>\n<\/details>\n<details class=\"cdv-info-faq\">\n<summary>\u00c0 quel \u00e2ge peut-on commencer \u00e0 utiliser les ceintures de conjugaison ?<\/summary>\n<div class=\"cdv-info-a\">Elles peuvent \u00eatre introduites d\u00e8s les premiers apprentissages de la conjugaison \u00e0 l&rsquo;\u00e9cole primaire ; l&rsquo;\u00e2ge exact et le nombre de paliers d\u00e9pendent de la progression choisie par chaque enseignant, il n&rsquo;y a pas de r\u00e8gle unique.<\/div>\n<\/details>\n<details class=\"cdv-info-faq\">\n<summary>Comment \u00e9valuer les progr\u00e8s des \u00e9l\u00e8ves avec les ceintures ?<\/summary>\n<div class=\"cdv-info-a\">Les enseignants organisent en g\u00e9n\u00e9ral des \u00e9valuations courtes et cibl\u00e9es pour v\u00e9rifier la ma\u00eetrise des temps verbaux associ\u00e9s \u00e0 chaque palier, avant de faire passer l&rsquo;\u00e9l\u00e8ve au niveau suivant.<\/div>\n<\/details>\n<details class=\"cdv-info-faq\">\n<summary>Les ceintures de conjugaison conviennent-elles \u00e0 tous les \u00e9l\u00e8ves ?<\/summary>\n<div class=\"cdv-info-a\">Oui, c&rsquo;est justement leur int\u00e9r\u00eat : chaque \u00e9l\u00e8ve progresse \u00e0 son propre rythme, ce qui permet d&rsquo;adapter l&rsquo;outil \u00e0 des niveaux d&rsquo;apprentissage diff\u00e9rents au sein d&rsquo;une m\u00eame classe.<\/div>\n<\/details>\n<h2>Conclusion : un outil pr\u00e9cieux pour enseigner la conjugaison<\/h2>\n<p>Les ceintures de conjugaison s&rsquo;av\u00e8rent \u00eatre un moyen efficace d&rsquo;apprendre la conjugaison fran\u00e7aise, \u00e0 condition de garder \u00e0 l&rsquo;esprit qu&rsquo;il ne s&rsquo;agit pas d&rsquo;un standard fig\u00e9 : chaque enseignant les construit et les adapte \u00e0 sa classe. Bien utilis\u00e9es, elles engagent les \u00e9l\u00e8ves, favorisent leur autonomie et rendent l&rsquo;apprentissage plus ludique, tout au long de leur parcours.<\/p>\n<\/div>\n","protected":false},"excerpt":{"rendered":"","protected":false},"author":34,"featured_media":7498,"comment_status":"open","ping_status":"open","sticky":false,"template":"","format":"standard","meta":{"_acf_changed":false,"manual_indexmenow":false,"indexmenow_id_project":0,"footnotes":""},"categories":[1],"tags":[4570,4646,4539,4620,4647,4648],"class_list":["post-7495","post","type-post","status-publish","format-standard","has-post-thumbnail","hentry","category-a-la-une","tag-apprentissage","tag-ceintures","tag-conjugaison","tag-eleves","tag-memorisation","tag-progression","generate-columns","tablet-grid-50","mobile-grid-100","grid-parent","grid-25"],"acf":[],"yoast_head":"<!-- This site is optimized with the Yoast SEO Premium plugin v21.3 (Yoast SEO v25.6) - https:\/\/yoast.com\/wordpress\/plugins\/seo\/ -->\n<title>Les ceintures de conjugaison : guide complet et pratique<\/title>\n<meta name=\"description\" content=\"D\u00e9couvrez les ceintures de conjugaison : une m\u00e9thode progressive et ludique pour aider les \u00e9l\u00e8ves \u00e0 acqu\u00e9rir les formes verbales.\" \/>\n<meta name=\"robots\" content=\"index, follow, max-snippet:-1, max-image-preview:large, max-video-preview:-1\" \/>\n<link rel=\"canonical\" href=\"https:\/\/conjugaison-de-verbes.com\/blog\/a-la-une\/comprendre-les-ceintures-de-conjugaison-guide-complet-et-pratique\/\" \/>\n<meta property=\"og:locale\" content=\"fr_FR\" \/>\n<meta property=\"og:type\" content=\"article\" \/>\n<meta property=\"og:title\" content=\"Les ceintures de conjugaison : guide complet et pratique\" \/>\n<meta property=\"og:description\" content=\"D\u00e9couvrez les ceintures de conjugaison : une m\u00e9thode progressive et ludique pour aider les \u00e9l\u00e8ves \u00e0 acqu\u00e9rir les formes verbales.\" \/>\n<meta property=\"og:url\" content=\"https:\/\/conjugaison-de-verbes.com\/blog\/a-la-une\/comprendre-les-ceintures-de-conjugaison-guide-complet-et-pratique\/\" \/>\n<meta property=\"og:site_name\" content=\"conjugaison-de-verbes\" \/>\n<meta property=\"og:image\" content=\"https:\/\/conjugaison-de-verbes.com\/blog\/wp-content\/uploads\/2025\/02\/stability-comprendre-les-ceintures-de-conjugaison-guide-complet-et-pratique.png\" \/>\n\t<meta property=\"og:image:width\" content=\"1024\" \/>\n\t<meta property=\"og:image:height\" content=\"576\" \/>\n\t<meta property=\"og:image:type\" content=\"image\/png\" \/>\n<meta name=\"author\" content=\"Rapha\u00ebl D.\" \/>\n<meta name=\"twitter:card\" content=\"summary_large_image\" \/>\n<script type=\"application\/ld+json\" class=\"yoast-schema-graph\">{\"@context\":\"https:\/\/schema.org\",\"@graph\":[{\"@type\":\"NewsArticle\",\"@id\":\"https:\/\/conjugaison-de-verbes.com\/blog\/a-la-une\/comprendre-les-ceintures-de-conjugaison-guide-complet-et-pratique\/#article\",\"isPartOf\":{\"@id\":\"https:\/\/conjugaison-de-verbes.com\/blog\/a-la-une\/comprendre-les-ceintures-de-conjugaison-guide-complet-et-pratique\/\"},\"author\":{\"name\":\"Rapha\u00ebl D.\",\"@id\":\"https:\/\/conjugaison-de-verbes.com\/blog\/#\/schema\/person\/3c864cdc320801e3db34b663e7e3f816\"},\"headline\":\"Comprendre les ceintures de conjugaison : Guide complet et pratique\",\"datePublished\":\"2026-08-31T19:18:10+00:00\",\"mainEntityOfPage\":{\"@id\":\"https:\/\/conjugaison-de-verbes.com\/blog\/a-la-une\/comprendre-les-ceintures-de-conjugaison-guide-complet-et-pratique\/\"},\"wordCount\":1256,\"commentCount\":28,\"publisher\":{\"@id\":\"https:\/\/conjugaison-de-verbes.com\/blog\/#organization\"},\"image\":{\"@id\":\"https:\/\/conjugaison-de-verbes.com\/blog\/a-la-une\/comprendre-les-ceintures-de-conjugaison-guide-complet-et-pratique\/#primaryimage\"},\"thumbnailUrl\":\"https:\/\/conjugaison-de-verbes.com\/blog\/wp-content\/uploads\/2025\/02\/stability-comprendre-les-ceintures-de-conjugaison-guide-complet-et-pratique.png\",\"keywords\":[\"Apprentissage\",\"Ceintures\",\"Conjugaison\",\"\u00c9l\u00e8ves\",\"M\u00e9morisation\",\"Progression\"],\"articleSection\":[\"\u00c0 la une\"],\"inLanguage\":\"fr-FR\",\"potentialAction\":[{\"@type\":\"CommentAction\",\"name\":\"Comment\",\"target\":[\"https:\/\/conjugaison-de-verbes.com\/blog\/a-la-une\/comprendre-les-ceintures-de-conjugaison-guide-complet-et-pratique\/#respond\"]}]},{\"@type\":\"WebPage\",\"@id\":\"https:\/\/conjugaison-de-verbes.com\/blog\/a-la-une\/comprendre-les-ceintures-de-conjugaison-guide-complet-et-pratique\/\",\"url\":\"https:\/\/conjugaison-de-verbes.com\/blog\/a-la-une\/comprendre-les-ceintures-de-conjugaison-guide-complet-et-pratique\/\",\"name\":\"Les ceintures de conjugaison : guide complet et pratique\",\"isPartOf\":{\"@id\":\"https:\/\/conjugaison-de-verbes.com\/blog\/#website\"},\"primaryImageOfPage\":{\"@id\":\"https:\/\/conjugaison-de-verbes.com\/blog\/a-la-une\/comprendre-les-ceintures-de-conjugaison-guide-complet-et-pratique\/#primaryimage\"},\"image\":{\"@id\":\"https:\/\/conjugaison-de-verbes.com\/blog\/a-la-une\/comprendre-les-ceintures-de-conjugaison-guide-complet-et-pratique\/#primaryimage\"},\"thumbnailUrl\":\"https:\/\/conjugaison-de-verbes.com\/blog\/wp-content\/uploads\/2025\/02\/stability-comprendre-les-ceintures-de-conjugaison-guide-complet-et-pratique.png\",\"datePublished\":\"2026-08-31T19:18:10+00:00\",\"description\":\"D\u00e9couvrez les ceintures de conjugaison : une m\u00e9thode progressive et ludique pour aider les \u00e9l\u00e8ves \u00e0 acqu\u00e9rir les formes verbales.\",\"inLanguage\":\"fr-FR\",\"potentialAction\":[{\"@type\":\"ReadAction\",\"target\":[\"https:\/\/conjugaison-de-verbes.com\/blog\/a-la-une\/comprendre-les-ceintures-de-conjugaison-guide-complet-et-pratique\/\"]}]},{\"@type\":\"ImageObject\",\"inLanguage\":\"fr-FR\",\"@id\":\"https:\/\/conjugaison-de-verbes.com\/blog\/a-la-une\/comprendre-les-ceintures-de-conjugaison-guide-complet-et-pratique\/#primaryimage\",\"url\":\"https:\/\/conjugaison-de-verbes.com\/blog\/wp-content\/uploads\/2025\/02\/stability-comprendre-les-ceintures-de-conjugaison-guide-complet-et-pratique.png\",\"contentUrl\":\"https:\/\/conjugaison-de-verbes.com\/blog\/wp-content\/uploads\/2025\/02\/stability-comprendre-les-ceintures-de-conjugaison-guide-complet-et-pratique.png\",\"width\":1024,\"height\":576},{\"@type\":\"WebSite\",\"@id\":\"https:\/\/conjugaison-de-verbes.com\/blog\/#website\",\"url\":\"https:\/\/conjugaison-de-verbes.com\/blog\/\",\"name\":\"conjugaison-de-verbes.com\",\"description\":\"Conjugaison de Verbes, ma\u00eetrisez la langue fran\u00e7aise\",\"publisher\":{\"@id\":\"https:\/\/conjugaison-de-verbes.com\/blog\/#organization\"},\"alternateName\":\"Conjugaison de Verbes, ma\u00eetrisez la langue fran\u00e7aise\",\"potentialAction\":[{\"@type\":\"SearchAction\",\"target\":{\"@type\":\"EntryPoint\",\"urlTemplate\":\"https:\/\/conjugaison-de-verbes.com\/blog\/?s={search_term_string}\"},\"query-input\":{\"@type\":\"PropertyValueSpecification\",\"valueRequired\":true,\"valueName\":\"search_term_string\"}}],\"inLanguage\":\"fr-FR\"},{\"@type\":\"Organization\",\"@id\":\"https:\/\/conjugaison-de-verbes.com\/blog\/#organization\",\"name\":\"Foretsensations.fr\",\"url\":\"https:\/\/conjugaison-de-verbes.com\/blog\/\",\"logo\":{\"@type\":\"ImageObject\",\"inLanguage\":\"fr-FR\",\"@id\":\"https:\/\/conjugaison-de-verbes.com\/blog\/#\/schema\/logo\/image\/\",\"url\":\"https:\/\/conjugaison-de-verbes.com\/blog\/wp-content\/uploads\/2024\/12\/10.png\",\"contentUrl\":\"https:\/\/conjugaison-de-verbes.com\/blog\/wp-content\/uploads\/2024\/12\/10.png\",\"width\":500,\"height\":500,\"caption\":\"Foretsensations.fr\"},\"image\":{\"@id\":\"https:\/\/conjugaison-de-verbes.com\/blog\/#\/schema\/logo\/image\/\"}},{\"@type\":\"Person\",\"@id\":\"https:\/\/conjugaison-de-verbes.com\/blog\/#\/schema\/person\/3c864cdc320801e3db34b663e7e3f816\",\"name\":\"Rapha\u00ebl D.\",\"image\":{\"@type\":\"ImageObject\",\"inLanguage\":\"fr-FR\",\"@id\":\"https:\/\/conjugaison-de-verbes.com\/blog\/#\/schema\/person\/image\/\",\"url\":\"https:\/\/conjugaison-de-verbes.com\/blog\/wp-content\/uploads\/2026\/06\/persona_raphael-d-150x150.jpg\",\"contentUrl\":\"https:\/\/conjugaison-de-verbes.com\/blog\/wp-content\/uploads\/2026\/06\/persona_raphael-d-150x150.jpg\",\"caption\":\"Rapha\u00ebl D.\"},\"description\":\"La culture est mon terrain de jeu depuis une dizaine d'ann\u00e9es : arts visuels, s\u00e9ries, cr\u00e9ation et tout ce qui nourrit l'imaginaire. J'\u00e9cris aussi bien sur l'actualit\u00e9 des \u0153uvres que sur les coulisses de la cr\u00e9ation, avec l'envie de relier l'amateur curieux \u00e0 des univers parfois jug\u00e9s intimidants. J'aime analyser une s\u00e9rie ou une d\u00e9marche artistique sans p\u00e9dantisme, replacer une \u0153uvre dans son contexte et donner des cl\u00e9s de lecture accessibles. Avant de publier, je v\u00e9rifie mes r\u00e9f\u00e9rences, je recoupe les sources et je distingue clairement le fait de mon interpr\u00e9tation subjective. Je crois qu'une critique vaut surtout par les arguments qu'elle expose, pas par la sentence qu'elle rend. Mon angle : transmettre l'envie de d\u00e9couvrir, de regarder autrement et de se forger son propre go\u00fbt. La culture n'appartient pas qu'aux initi\u00e9s, et c'est tout l'enjeu de mon \u00e9criture.\",\"url\":\"https:\/\/conjugaison-de-verbes.com\/blog\/auteur\/raphael-d\/\",\"jobTitle\":\"R\u00e9dacteur en chef \u00b7 Culture & Cr\u00e9ation\",\"knowsAbout\":[\"Culture\",\"Cr\u00e9ation\"],\"email\":\"raphael.d@a-l-asso-de-l-art.fr\"}]}<\/script>\n<!-- \/ Yoast SEO Premium plugin. -->","yoast_head_json":{"title":"Les ceintures de conjugaison : guide complet et pratique","description":"D\u00e9couvrez les ceintures de conjugaison : une m\u00e9thode progressive et ludique pour aider les \u00e9l\u00e8ves \u00e0 acqu\u00e9rir les formes verbales.","robots":{"index":"index","follow":"follow","max-snippet":"max-snippet:-1","max-image-preview":"max-image-preview:large","max-video-preview":"max-video-preview:-1"},"canonical":"https:\/\/conjugaison-de-verbes.com\/blog\/a-la-une\/comprendre-les-ceintures-de-conjugaison-guide-complet-et-pratique\/","og_locale":"fr_FR","og_type":"article","og_title":"Les ceintures de conjugaison : guide complet et pratique","og_description":"D\u00e9couvrez les ceintures de conjugaison : une m\u00e9thode progressive et ludique pour aider les \u00e9l\u00e8ves \u00e0 acqu\u00e9rir les formes verbales.","og_url":"https:\/\/conjugaison-de-verbes.com\/blog\/a-la-une\/comprendre-les-ceintures-de-conjugaison-guide-complet-et-pratique\/","og_site_name":"conjugaison-de-verbes","og_image":[{"width":1024,"height":576,"url":"https:\/\/conjugaison-de-verbes.com\/blog\/wp-content\/uploads\/2025\/02\/stability-comprendre-les-ceintures-de-conjugaison-guide-complet-et-pratique.png","type":"image\/png"}],"author":"Rapha\u00ebl D.","twitter_card":"summary_large_image","schema":{"@context":"https:\/\/schema.org","@graph":[{"@type":"NewsArticle","@id":"https:\/\/conjugaison-de-verbes.com\/blog\/a-la-une\/comprendre-les-ceintures-de-conjugaison-guide-complet-et-pratique\/#article","isPartOf":{"@id":"https:\/\/conjugaison-de-verbes.com\/blog\/a-la-une\/comprendre-les-ceintures-de-conjugaison-guide-complet-et-pratique\/"},"author":{"name":"Rapha\u00ebl D.","@id":"https:\/\/conjugaison-de-verbes.com\/blog\/#\/schema\/person\/3c864cdc320801e3db34b663e7e3f816"},"headline":"Comprendre les ceintures de conjugaison : Guide complet et pratique","datePublished":"2026-08-31T19:18:10+00:00","mainEntityOfPage":{"@id":"https:\/\/conjugaison-de-verbes.com\/blog\/a-la-une\/comprendre-les-ceintures-de-conjugaison-guide-complet-et-pratique\/"},"wordCount":1256,"commentCount":28,"publisher":{"@id":"https:\/\/conjugaison-de-verbes.com\/blog\/#organization"},"image":{"@id":"https:\/\/conjugaison-de-verbes.com\/blog\/a-la-une\/comprendre-les-ceintures-de-conjugaison-guide-complet-et-pratique\/#primaryimage"},"thumbnailUrl":"https:\/\/conjugaison-de-verbes.com\/blog\/wp-content\/uploads\/2025\/02\/stability-comprendre-les-ceintures-de-conjugaison-guide-complet-et-pratique.png","keywords":["Apprentissage","Ceintures","Conjugaison","\u00c9l\u00e8ves","M\u00e9morisation","Progression"],"articleSection":["\u00c0 la une"],"inLanguage":"fr-FR","potentialAction":[{"@type":"CommentAction","name":"Comment","target":["https:\/\/conjugaison-de-verbes.com\/blog\/a-la-une\/comprendre-les-ceintures-de-conjugaison-guide-complet-et-pratique\/#respond"]}]},{"@type":"WebPage","@id":"https:\/\/conjugaison-de-verbes.com\/blog\/a-la-une\/comprendre-les-ceintures-de-conjugaison-guide-complet-et-pratique\/","url":"https:\/\/conjugaison-de-verbes.com\/blog\/a-la-une\/comprendre-les-ceintures-de-conjugaison-guide-complet-et-pratique\/","name":"Les ceintures de conjugaison : guide complet et pratique","isPartOf":{"@id":"https:\/\/conjugaison-de-verbes.com\/blog\/#website"},"primaryImageOfPage":{"@id":"https:\/\/conjugaison-de-verbes.com\/blog\/a-la-une\/comprendre-les-ceintures-de-conjugaison-guide-complet-et-pratique\/#primaryimage"},"image":{"@id":"https:\/\/conjugaison-de-verbes.com\/blog\/a-la-une\/comprendre-les-ceintures-de-conjugaison-guide-complet-et-pratique\/#primaryimage"},"thumbnailUrl":"https:\/\/conjugaison-de-verbes.com\/blog\/wp-content\/uploads\/2025\/02\/stability-comprendre-les-ceintures-de-conjugaison-guide-complet-et-pratique.png","datePublished":"2026-08-31T19:18:10+00:00","description":"D\u00e9couvrez les ceintures de conjugaison : une m\u00e9thode progressive et ludique pour aider les \u00e9l\u00e8ves \u00e0 acqu\u00e9rir les formes verbales.","inLanguage":"fr-FR","potentialAction":[{"@type":"ReadAction","target":["https:\/\/conjugaison-de-verbes.com\/blog\/a-la-une\/comprendre-les-ceintures-de-conjugaison-guide-complet-et-pratique\/"]}]},{"@type":"ImageObject","inLanguage":"fr-FR","@id":"https:\/\/conjugaison-de-verbes.com\/blog\/a-la-une\/comprendre-les-ceintures-de-conjugaison-guide-complet-et-pratique\/#primaryimage","url":"https:\/\/conjugaison-de-verbes.com\/blog\/wp-content\/uploads\/2025\/02\/stability-comprendre-les-ceintures-de-conjugaison-guide-complet-et-pratique.png","contentUrl":"https:\/\/conjugaison-de-verbes.com\/blog\/wp-content\/uploads\/2025\/02\/stability-comprendre-les-ceintures-de-conjugaison-guide-complet-et-pratique.png","width":1024,"height":576},{"@type":"WebSite","@id":"https:\/\/conjugaison-de-verbes.com\/blog\/#website","url":"https:\/\/conjugaison-de-verbes.com\/blog\/","name":"conjugaison-de-verbes.com","description":"Conjugaison de Verbes, ma\u00eetrisez la langue fran\u00e7aise","publisher":{"@id":"https:\/\/conjugaison-de-verbes.com\/blog\/#organization"},"alternateName":"Conjugaison de Verbes, ma\u00eetrisez la langue fran\u00e7aise","potentialAction":[{"@type":"SearchAction","target":{"@type":"EntryPoint","urlTemplate":"https:\/\/conjugaison-de-verbes.com\/blog\/?s={search_term_string}"},"query-input":{"@type":"PropertyValueSpecification","valueRequired":true,"valueName":"search_term_string"}}],"inLanguage":"fr-FR"},{"@type":"Organization","@id":"https:\/\/conjugaison-de-verbes.com\/blog\/#organization","name":"Foretsensations.fr","url":"https:\/\/conjugaison-de-verbes.com\/blog\/","logo":{"@type":"ImageObject","inLanguage":"fr-FR","@id":"https:\/\/conjugaison-de-verbes.com\/blog\/#\/schema\/logo\/image\/","url":"https:\/\/conjugaison-de-verbes.com\/blog\/wp-content\/uploads\/2024\/12\/10.png","contentUrl":"https:\/\/conjugaison-de-verbes.com\/blog\/wp-content\/uploads\/2024\/12\/10.png","width":500,"height":500,"caption":"Foretsensations.fr"},"image":{"@id":"https:\/\/conjugaison-de-verbes.com\/blog\/#\/schema\/logo\/image\/"}},{"@type":"Person","@id":"https:\/\/conjugaison-de-verbes.com\/blog\/#\/schema\/person\/3c864cdc320801e3db34b663e7e3f816","name":"Rapha\u00ebl D.","image":{"@type":"ImageObject","inLanguage":"fr-FR","@id":"https:\/\/conjugaison-de-verbes.com\/blog\/#\/schema\/person\/image\/","url":"https:\/\/conjugaison-de-verbes.com\/blog\/wp-content\/uploads\/2026\/06\/persona_raphael-d-150x150.jpg","contentUrl":"https:\/\/conjugaison-de-verbes.com\/blog\/wp-content\/uploads\/2026\/06\/persona_raphael-d-150x150.jpg","caption":"Rapha\u00ebl D."},"description":"La culture est mon terrain de jeu depuis une dizaine d'ann\u00e9es : arts visuels, s\u00e9ries, cr\u00e9ation et tout ce qui nourrit l'imaginaire. J'\u00e9cris aussi bien sur l'actualit\u00e9 des \u0153uvres que sur les coulisses de la cr\u00e9ation, avec l'envie de relier l'amateur curieux \u00e0 des univers parfois jug\u00e9s intimidants. J'aime analyser une s\u00e9rie ou une d\u00e9marche artistique sans p\u00e9dantisme, replacer une \u0153uvre dans son contexte et donner des cl\u00e9s de lecture accessibles. Avant de publier, je v\u00e9rifie mes r\u00e9f\u00e9rences, je recoupe les sources et je distingue clairement le fait de mon interpr\u00e9tation subjective. Je crois qu'une critique vaut surtout par les arguments qu'elle expose, pas par la sentence qu'elle rend. Mon angle : transmettre l'envie de d\u00e9couvrir, de regarder autrement et de se forger son propre go\u00fbt. La culture n'appartient pas qu'aux initi\u00e9s, et c'est tout l'enjeu de mon \u00e9criture.","url":"https:\/\/conjugaison-de-verbes.com\/blog\/auteur\/raphael-d\/","jobTitle":"R\u00e9dacteur en chef \u00b7 Culture & Cr\u00e9ation","knowsAbout":["Culture","Cr\u00e9ation"],"email":"raphael.d@a-l-asso-de-l-art.fr"}]}},"_links":{"self":[{"href":"https:\/\/conjugaison-de-verbes.com\/blog\/wp-json\/wp\/v2\/posts\/7495","targetHints":{"allow":["GET"]}}],"collection":[{"href":"https:\/\/conjugaison-de-verbes.com\/blog\/wp-json\/wp\/v2\/posts"}],"about":[{"href":"https:\/\/conjugaison-de-verbes.com\/blog\/wp-json\/wp\/v2\/types\/post"}],"author":[{"embeddable":true,"href":"https:\/\/conjugaison-de-verbes.com\/blog\/wp-json\/wp\/v2\/users\/34"}],"replies":[{"embeddable":true,"href":"https:\/\/conjugaison-de-verbes.com\/blog\/wp-json\/wp\/v2\/comments?post=7495"}],"version-history":[{"count":3,"href":"https:\/\/conjugaison-de-verbes.com\/blog\/wp-json\/wp\/v2\/posts\/7495\/revisions"}],"predecessor-version":[{"id":8108,"href":"https:\/\/conjugaison-de-verbes.com\/blog\/wp-json\/wp\/v2\/posts\/7495\/revisions\/8108"}],"wp:featuredmedia":[{"embeddable":true,"href":"https:\/\/conjugaison-de-verbes.com\/blog\/wp-json\/wp\/v2\/media\/7498"}],"wp:attachment":[{"href":"https:\/\/conjugaison-de-verbes.com\/blog\/wp-json\/wp\/v2\/media?parent=7495"}],"wp:term":[{"taxonomy":"category","embeddable":true,"href":"https:\/\/conjugaison-de-verbes.com\/blog\/wp-json\/wp\/v2\/categories?post=7495"},{"taxonomy":"post_tag","embeddable":true,"href":"https:\/\/conjugaison-de-verbes.com\/blog\/wp-json\/wp\/v2\/tags?post=7495"}],"curies":[{"name":"wp","href":"https:\/\/api.w.org\/{rel}","templated":true}]}}