{"id":7493,"date":"2026-08-31T20:39:06","date_gmt":"2026-08-31T18:39:06","guid":{"rendered":"https:\/\/conjugaison-de-verbes.com\/blog\/?p=7493"},"modified":"2026-08-31T20:39:22","modified_gmt":"2026-08-31T18:39:22","slug":"comprendre-le-trou-de-conjugaison-definition-exemples-et-solutions","status":"publish","type":"post","link":"https:\/\/conjugaison-de-verbes.com\/blog\/a-la-une\/comprendre-le-trou-de-conjugaison-definition-exemples-et-solutions\/","title":{"rendered":"Difficult\u00e9s de Conjugaison : Causes, Exemples et Solutions"},"content":{"rendered":"<link rel=\"stylesheet\" href=\"https:\/\/fonts.googleapis.com\/css2?family=Space+Grotesk:wght@600;700&#038;family=Inter:wght@400;500;600&#038;family=JetBrains+Mono:wght@500&#038;display=swap\">\n<style>\n.cdv-ib-wrap{font-family:'Inter',-apple-system,BlinkMacSystemFont,sans-serif;font-size:17px;line-height:1.65;color:#1a2233;max-width:100%;}\n.cdv-ib-wrap h2{font-family:'Space Grotesk',-apple-system,sans-serif;font-weight:700;font-size:clamp(22px,3vw,28px);letter-spacing:-.01em;color:#141a29;margin:48px 0 18px;}\n.cdv-ib-wrap h3{font-family:'Space Grotesk',-apple-system,sans-serif;font-weight:600;font-size:19px;color:#141a29;margin:26px 0 10px;}\n.cdv-ib-wrap p{margin:0 0 16px;}\n.cdv-ib-wrap a{color:#2f54eb;text-decoration:underline;text-decoration-color:#b9c6f7;text-underline-offset:2px;font-weight:600;}\n.cdv-ib-wrap a:hover{text-decoration-color:#2f54eb;}\n.cdv-ib-brief{background:#eef2fc;border-left:5px solid #2f54eb;border-radius:10px;padding:22px 26px;margin:8px 0 36px;}\n.cdv-ib-brief .cdv-ib-kicker{font-family:'JetBrains Mono',monospace;font-size:12px;font-weight:500;letter-spacing:.08em;text-transform:uppercase;color:#2f54eb;margin-bottom:10px;display:block;}\n.cdv-ib-brief .cdv-ib-txt{margin:0 0 14px;color:#1a2233;}\n.cdv-ib-brief ul{margin:0;padding:0;list-style:none;}\n.cdv-ib-brief li{position:relative;padding-left:24px;margin:8px 0;color:#2a3352;}\n.cdv-ib-brief li::before{content:\"\u2192\";position:absolute;left:0;color:#2f54eb;font-weight:700;}\n.cdv-ib-figure{margin:26px 0;padding:0;}\n.cdv-ib-figure img{width:100%;height:auto;display:block;border-radius:12px;box-shadow:0 1px 2px rgba(16,24,40,.06),0 14px 30px -18px rgba(16,24,40,.25);}\n.cdv-ib-figure figcaption{font-family:'JetBrains Mono',monospace;font-size:12px;color:#667085;margin-top:8px;}\n.cdv-ib-card{background:#fff;border:1px solid #e2e6f0;border-top:3px solid #2f54eb;border-radius:12px;padding:22px 24px;margin:22px 0;box-shadow:0 1px 2px rgba(16,24,40,.04);transition:.25s ease;}\n.cdv-ib-card:hover{transform:translateY(-3px);box-shadow:0 14px 26px -16px rgba(16,24,40,.22);}\n.cdv-ib-card ul{margin:0;padding:0;list-style:none;}\n.cdv-ib-card li{position:relative;padding-left:26px;margin:12px 0;color:#2a3352;}\n.cdv-ib-card li::before{content:\"\u2713\";position:absolute;left:0;top:0;color:#2f54eb;font-weight:700;}\n.cdv-ib-card li strong{color:#141a29;}\n.cdv-ib-note{background:#fff8ec;border:1px solid #f3dfae;border-radius:12px;padding:20px 24px;margin:26px 0;}\n.cdv-ib-note .cdv-ib-kicker{font-family:'JetBrains Mono',monospace;font-size:12px;font-weight:500;letter-spacing:.08em;text-transform:uppercase;color:#9a6b12;margin-bottom:8px;display:block;}\n.cdv-ib-note .cdv-ib-txt{margin:0;color:#5a4413;}\n.cdv-ib-table-wrap{margin:24px 0;border:1px solid #e2e6f0;border-radius:12px;overflow:hidden;}\n.cdv-ib-table-wrap table{width:100%;border-collapse:collapse;font-size:15.5px;}\n.cdv-ib-table-wrap th{background:#2f54eb;color:#fff;font-family:'Space Grotesk',sans-serif;font-weight:600;text-align:left;padding:12px 16px;font-size:13.5px;letter-spacing:.02em;}\n.cdv-ib-table-wrap td{padding:12px 16px;border-top:1px solid #eceff5;}\n.cdv-ib-table-wrap tr:nth-child(even) td{background:#f7f9fd;}\n.cdv-ib-table-wrap td:first-child{font-weight:600;color:#141a29;}\n.cdv-ib-retain{background:#f7f9fd;border:1px solid #dbe3f7;border-radius:12px;padding:22px 24px;margin:32px 0;}\n.cdv-ib-retain .cdv-ib-kicker{font-family:'JetBrains Mono',monospace;font-size:12px;font-weight:500;letter-spacing:.08em;text-transform:uppercase;color:#2f54eb;margin-bottom:10px;display:block;}\n.cdv-ib-retain ul{margin:0;padding:0;list-style:none;}\n.cdv-ib-retain li{position:relative;padding-left:24px;margin:10px 0;color:#1a2233;}\n.cdv-ib-retain li::before{content:\"\u2605\";position:absolute;left:0;color:#2f54eb;}\n.cdv-ib-faq{margin:32px 0;}\n.cdv-ib-faq details{border-bottom:1px solid #e2e6f0;padding:0;}\n.cdv-ib-faq summary{cursor:pointer;padding:18px 0;font-family:'Space Grotesk',sans-serif;font-size:16.5px;font-weight:600;color:#141a29;list-style:none;display:flex;justify-content:space-between;align-items:center;gap:14px;}\n.cdv-ib-faq summary::-webkit-details-marker{display:none;}\n.cdv-ib-faq summary::after{content:\"+\";font-size:22px;color:#2f54eb;flex:none;transition:.2s ease;}\n.cdv-ib-faq details[open] summary::after{content:\"\u2013\";}\n.cdv-ib-faq .cdv-ib-a{padding:0 0 18px;color:#3a4460;}\n<\/style>\n<div class=\"cdv-ib-wrap\">\n<p>Confondre l&rsquo;imparfait et le pass\u00e9 compos\u00e9, h\u00e9siter entre le futur simple et le conditionnel, m\u00e9langer les personnes d&rsquo;un verbe du troisi\u00e8me groupe : ces difficult\u00e9s de conjugaison touchent aussi bien les \u00e9l\u00e8ves francophones que les apprenants du fran\u00e7ais langue \u00e9trang\u00e8re. Voici pourquoi elles apparaissent, comment les rep\u00e9rer et comment progresser durablement.<\/p>\n<div class=\"cdv-ib-brief\">\n  <span class=\"cdv-ib-kicker\">En bref<\/span><\/p>\n<div class=\"cdv-ib-txt\">Une difficult\u00e9 de conjugaison, c&rsquo;est le fait de choisir ou de produire la mauvaise forme verbale dans un contexte donn\u00e9 \u2014 le plus souvent une confusion entre deux temps existants (imparfait \/ pass\u00e9 compos\u00e9, futur \/ conditionnel), pas l&rsquo;absence d&rsquo;une forme. Elle se corrige par la pratique r\u00e9guli\u00e8re et l&rsquo;observation d&rsquo;exemples contrast\u00e9s, pas par une \u00ab\u00a0r\u00e8gle secr\u00e8te\u00a0\u00bb.<\/div>\n<ul>\n<li>La confusion la plus fr\u00e9quente : imparfait contre pass\u00e9 compos\u00e9<\/li>\n<li>Concerne autant les francophones que les apprenants du FLE<\/li>\n<li>Se travaille avec des exercices cibl\u00e9s et de la lecture r\u00e9guli\u00e8re<\/li>\n<li>Un accompagnement (professeur, tuteur) acc\u00e9l\u00e8re la correction des erreurs r\u00e9currentes<\/li>\n<\/ul>\n<\/div>\n<h2>Qu&rsquo;est-ce qu&rsquo;une difficult\u00e9 de conjugaison ?<\/h2>\n<p>Elle se manifeste lorsqu&rsquo;un \u00e9l\u00e8ve \u00e9prouve du mal \u00e0 choisir ou \u00e0 produire la conjugaison correcte d&rsquo;un verbe selon le contexte. C&rsquo;est un ph\u00e9nom\u00e8ne fr\u00e9quent chez les apprenants de la langue fran\u00e7aise, qu&rsquo;ils soient francophones ou non, et il engendre des confusions dans les \u00e9crits comme \u00e0 l&rsquo;oral.<\/p>\n<p>Elle appara\u00eet le plus souvent lors de l&rsquo;apprentissage des temps du pass\u00e9, comme le pass\u00e9 compos\u00e9 et l&rsquo;imparfait \u2014 deux formes qui existent toutes les deux, mais dont l&#8217;emploi d\u00e9pend du sens vis\u00e9. Par exemple, dire \u00ab Hier, je mangeais \u00bb l\u00e0 o\u00f9 l&rsquo;on voulait dire \u00ab Hier, j&rsquo;ai mang\u00e9 \u00bb ne change rien \u00e0 la conjugaison en elle-m\u00eame (les deux formes sont correctes), mais change le sens de la phrase : l&rsquo;imparfait d\u00e9crit une action habituelle ou en cours, le pass\u00e9 compos\u00e9 une action ponctuelle et achev\u00e9e. Ce type de confusion touche aussi les <a href=\"https:\/\/conjugaison-de-verbes.com\/blog\/a-la-une\/les-temps-composes-en-francais-principes-et-exemples\/\">temps compos\u00e9s<\/a> dans leur ensemble.<\/p>\n<h2>Les causes des difficult\u00e9s de conjugaison<\/h2>\n<p>Plusieurs raisons expliquent l&rsquo;apparition de ces difficult\u00e9s. D&rsquo;abord, le manque de pratique : les \u00e9l\u00e8ves qui n&rsquo;exercent pas r\u00e9guli\u00e8rement leurs comp\u00e9tences en conjugaison risquent de perdre leurs acquis. <strong>La pratique r\u00e9guli\u00e8re reste le levier le plus efficace pour les consolider.<\/strong><\/p>\n<figure class=\"cdv-ib-figure\">\n  <img width=\"1024\" height=\"576\" src=\"https:\/\/conjugaison-de-verbes.com\/blog\/wp-content\/uploads\/2025\/02\/stability-comprendre-le-trou-de-conjugaison-definition-exemples-et-solutions-1.png\" alt=\"Illustration sur les causes des difficult\u00e9s de conjugaison en fran\u00e7ais\" title=\"Les causes des difficult\u00e9s de conjugaison\" decoding=\"async\" loading=\"lazy\" \/><figcaption>La pratique r\u00e9guli\u00e8re est le facteur le plus d\u00e9terminant contre les erreurs de conjugaison.<\/figcaption><\/figure>\n<p>Ensuite, la complexit\u00e9 de la langue fran\u00e7aise joue un r\u00f4le important : ses nombreux temps et modes peuvent d\u00e9stabiliser m\u00eame des locuteurs natifs, et distinguer le subjonctif du conditionnel s&rsquo;av\u00e8re parfois d\u00e9licat. Les <a href=\"https:\/\/conjugaison-de-verbes.com\/blog\/a-la-une\/les-conjugaisons-des-verbes-du-troisieme-groupe-un-defi\/\">verbes du troisi\u00e8me groupe<\/a>, avec leurs radicaux irr\u00e9guliers, concentrent une bonne part des h\u00e9sitations. Enfin, un enseignement qui ne tient pas compte des besoins individuels de l&rsquo;\u00e9l\u00e8ve peut laisser durablement s&rsquo;installer des lacunes.<\/p>\n<h2>Comment progresser en conjugaison ?<\/h2>\n<p>Pour venir \u00e0 bout d&rsquo;une difficult\u00e9 de conjugaison, mieux vaut une m\u00e9thode r\u00e9guli\u00e8re qu&rsquo;une r\u00e9vision ponctuelle avant un contr\u00f4le.<\/p>\n<div class=\"cdv-ib-card\">\n<ul>\n<li><strong>Pratiquer r\u00e9guli\u00e8rement<\/strong> \u2014 des exercices de conjugaison courts mais fr\u00e9quents renforcent les acquis mieux qu&rsquo;une longue session isol\u00e9e.<\/li>\n<li><strong>S&rsquo;appuyer sur des outils<\/strong> \u2014 applications et sites de conjugaison permettent de s&rsquo;entra\u00eener dans un cadre ludique et de v\u00e9rifier une forme en cas de doute.<\/li>\n<li><strong>Lire et \u00e9crire<\/strong> \u2014 la lecture r\u00e9guli\u00e8re et la r\u00e9daction de textes courts (journal, lettres) permettent d&rsquo;observer les temps verbaux en contexte r\u00e9el.<\/li>\n<li><strong>Demander de l&rsquo;aide<\/strong> \u2014 un professeur ou un tuteur identifie les erreurs r\u00e9currentes pr\u00e9cises et propose un travail cibl\u00e9 dessus.<\/li>\n<\/ul>\n<\/div>\n<h2>Des erreurs qui changent le sens de la phrase<\/h2>\n<p>Les difficult\u00e9s de conjugaison ne sont pas anodines : une erreur de temps peut cr\u00e9er un vrai malentendu. Confondre le futur proche et le pass\u00e9 compos\u00e9, par exemple, inverse compl\u00e8tement l&rsquo;information transmise : dire \u00ab Je vais aller au cin\u00e9ma \u00bb l\u00e0 o\u00f9 l&rsquo;on voulait dire \u00ab Je suis all\u00e9 au cin\u00e9ma \u00bb ne d\u00e9crit plus du tout le m\u00eame moment de l&rsquo;action.<\/p>\n<p>Des erreurs r\u00e9p\u00e9t\u00e9es peuvent aussi peser sur la confiance de l&rsquo;\u00e9l\u00e8ve : quand les conjugaisons ne sont pas ma\u00eetris\u00e9es, on h\u00e9site davantage \u00e0 s&rsquo;exprimer, \u00e0 l&rsquo;oral comme \u00e0 l&rsquo;\u00e9crit, ce qui peut freiner la participation en classe ou la r\u00e9daction d&rsquo;un travail.<\/p>\n<h2>Tableau r\u00e9capitulatif des temps verbaux<\/h2>\n<p>Trois temps concentrent l&rsquo;essentiel des confusions ; les revoir c\u00f4te \u00e0 c\u00f4te aide \u00e0 fixer leur usage.<\/p>\n<div class=\"cdv-ib-table-wrap\">\n<table>\n<tr>\n<th>Temps<\/th>\n<th>Usage<\/th>\n<th>Exemple<\/th>\n<\/tr>\n<tr>\n<td>Pass\u00e9 compos\u00e9<\/td>\n<td>Action achev\u00e9e, ponctuelle, dans le pass\u00e9<\/td>\n<td>J&rsquo;ai mang\u00e9 une pomme.<\/td>\n<\/tr>\n<tr>\n<td>Imparfait<\/td>\n<td>Action habituelle ou description dans le pass\u00e9<\/td>\n<td>Je mangeais une pomme tous les jours.<\/td>\n<\/tr>\n<tr>\n<td>Futur simple<\/td>\n<td>Action qui se d\u00e9roulera dans le futur<\/td>\n<td>Je mangerai une pomme demain.<\/td>\n<\/tr>\n<\/table>\n<\/div>\n<div class=\"cdv-ib-retain\">\n  <span class=\"cdv-ib-kicker\">\u00c0 retenir<\/span><\/p>\n<ul>\n<li>Une difficult\u00e9 de conjugaison est une confusion d&rsquo;usage entre deux formes qui existent, pas une forme manquante.<\/li>\n<li>L&rsquo;imparfait \/ pass\u00e9 compos\u00e9 et le futur \/ conditionnel concentrent la majorit\u00e9 des erreurs.<\/li>\n<li>La r\u00e9gularit\u00e9 de la pratique compte plus que le volume d&rsquo;un seul exercice.<\/li>\n<li>Un accompagnement cibl\u00e9 (professeur, tuteur) acc\u00e9l\u00e8re la correction des erreurs r\u00e9currentes.<\/li>\n<\/ul>\n<\/div>\n<h3>FAQ<\/h3>\n<div class=\"cdv-ib-faq\">\n<details>\n<summary>Comment rep\u00e9rer une difficult\u00e9 de conjugaison ?<\/summary>\n<div class=\"cdv-ib-a\">En \u00e9coutant ou en relisant attentivement une phrase pour v\u00e9rifier que le temps employ\u00e9 correspond bien au moment ou au type d&rsquo;action d\u00e9crit (ponctuel, habituel, \u00e0 venir).<\/div>\n<\/details>\n<details>\n<summary>Quels outils peuvent aider \u00e0 progresser en conjugaison ?<\/summary>\n<div class=\"cdv-ib-a\">Des applications et des sites de conjugaison en ligne permettent de s&rsquo;entra\u00eener r\u00e9guli\u00e8rement et de v\u00e9rifier une forme en cas de doute, en compl\u00e9ment de la lecture et de l&rsquo;\u00e9criture.<\/div>\n<\/details>\n<details>\n<summary>Peut-on corriger une erreur de conjugaison r\u00e9currente rapidement ?<\/summary>\n<div class=\"cdv-ib-a\">Avec une pratique r\u00e9guli\u00e8re et cibl\u00e9e sur l&rsquo;erreur pr\u00e9cise, des progr\u00e8s notables peuvent \u00eatre r\u00e9alis\u00e9s en quelques semaines.<\/div>\n<\/details>\n<details>\n<summary>Quel r\u00f4le joue l&rsquo;enseignant dans la correction des erreurs de conjugaison ?<\/summary>\n<div class=\"cdv-ib-a\">Il identifie les erreurs r\u00e9currentes de l&rsquo;\u00e9l\u00e8ve, propose des exercices adapt\u00e9s et assure un suivi personnalis\u00e9 sur les points \u00e0 travailler.<\/div>\n<\/details>\n<\/div>\n<\/div>\n","protected":false},"excerpt":{"rendered":"","protected":false},"author":34,"featured_media":7494,"comment_status":"open","ping_status":"open","sticky":false,"template":"","format":"standard","meta":{"_acf_changed":false,"manual_indexmenow":false,"indexmenow_id_project":0,"footnotes":""},"categories":[1],"tags":[4539,4643,4645,4644,4537,4538],"class_list":["post-7493","post","type-post","status-publish","format-standard","has-post-thumbnail","hentry","category-a-la-une","tag-conjugaison","tag-trou-de-conjugaison","tag-erreurs-de-conjugaison","tag-langue-francaise","tag-pratique-reguliere","tag-temps-verbaux","generate-columns","tablet-grid-50","mobile-grid-100","grid-parent","grid-25"],"acf":[],"yoast_head":"<!-- This site is optimized with the Yoast SEO Premium plugin v21.3 (Yoast SEO v25.6) - https:\/\/yoast.com\/wordpress\/plugins\/seo\/ -->\n<title>Difficult\u00e9s de conjugaison : causes, exemples et solutions<\/title>\n<meta name=\"description\" content=\"Pourquoi confond-on les temps de conjugaison ? Causes des erreurs, exemples corrig\u00e9s et m\u00e9thodes concr\u00e8tes pour progresser en fran\u00e7ais.\" \/>\n<meta name=\"robots\" content=\"index, follow, max-snippet:-1, max-image-preview:large, max-video-preview:-1\" \/>\n<link rel=\"canonical\" href=\"https:\/\/conjugaison-de-verbes.com\/blog\/a-la-une\/comprendre-le-trou-de-conjugaison-definition-exemples-et-solutions\/\" \/>\n<meta property=\"og:locale\" content=\"fr_FR\" \/>\n<meta property=\"og:type\" content=\"article\" \/>\n<meta property=\"og:title\" content=\"Difficult\u00e9s de conjugaison : causes, exemples et solutions\" \/>\n<meta property=\"og:description\" content=\"Pourquoi confond-on les temps de conjugaison ? Causes des erreurs, exemples corrig\u00e9s et m\u00e9thodes concr\u00e8tes pour progresser en fran\u00e7ais.\" \/>\n<meta property=\"og:url\" content=\"https:\/\/conjugaison-de-verbes.com\/blog\/a-la-une\/comprendre-le-trou-de-conjugaison-definition-exemples-et-solutions\/\" \/>\n<meta property=\"og:site_name\" content=\"conjugaison-de-verbes\" \/>\n<meta property=\"og:image\" content=\"https:\/\/conjugaison-de-verbes.com\/blog\/wp-content\/uploads\/2025\/02\/stability-comprendre-le-trou-de-conjugaison-definition-exemples-et-solutions.png\" \/>\n\t<meta property=\"og:image:width\" content=\"1024\" \/>\n\t<meta property=\"og:image:height\" content=\"576\" \/>\n\t<meta property=\"og:image:type\" content=\"image\/png\" \/>\n<meta name=\"author\" content=\"Rapha\u00ebl D.\" \/>\n<meta name=\"twitter:card\" content=\"summary_large_image\" \/>\n<script type=\"application\/ld+json\" class=\"yoast-schema-graph\">{\"@context\":\"https:\/\/schema.org\",\"@graph\":[{\"@type\":\"NewsArticle\",\"@id\":\"https:\/\/conjugaison-de-verbes.com\/blog\/a-la-une\/comprendre-le-trou-de-conjugaison-definition-exemples-et-solutions\/#article\",\"isPartOf\":{\"@id\":\"https:\/\/conjugaison-de-verbes.com\/blog\/a-la-une\/comprendre-le-trou-de-conjugaison-definition-exemples-et-solutions\/\"},\"author\":{\"name\":\"Rapha\u00ebl D.\",\"@id\":\"https:\/\/conjugaison-de-verbes.com\/blog\/#\/schema\/person\/3c864cdc320801e3db34b663e7e3f816\"},\"headline\":\"Difficult\u00e9s de Conjugaison : Causes, Exemples et Solutions\",\"datePublished\":\"2026-08-31T18:39:06+00:00\",\"dateModified\":\"2026-08-31T18:39:22+00:00\",\"mainEntityOfPage\":{\"@id\":\"https:\/\/conjugaison-de-verbes.com\/blog\/a-la-une\/comprendre-le-trou-de-conjugaison-definition-exemples-et-solutions\/\"},\"wordCount\":1038,\"commentCount\":22,\"publisher\":{\"@id\":\"https:\/\/conjugaison-de-verbes.com\/blog\/#organization\"},\"image\":{\"@id\":\"https:\/\/conjugaison-de-verbes.com\/blog\/a-la-une\/comprendre-le-trou-de-conjugaison-definition-exemples-et-solutions\/#primaryimage\"},\"thumbnailUrl\":\"https:\/\/conjugaison-de-verbes.com\/blog\/wp-content\/uploads\/2025\/02\/stability-comprendre-le-trou-de-conjugaison-definition-exemples-et-solutions.png\",\"keywords\":[\"Conjugaison\",\"Difficult\u00e9s de Conjugaison\",\"Erreurs de Conjugaison\",\"Langue Fran\u00e7aise\",\"Pratique R\u00e9guli\u00e8re\",\"Temps Verbaux\"],\"articleSection\":[\"\u00c0 la une\"],\"inLanguage\":\"fr-FR\",\"potentialAction\":[{\"@type\":\"CommentAction\",\"name\":\"Comment\",\"target\":[\"https:\/\/conjugaison-de-verbes.com\/blog\/a-la-une\/comprendre-le-trou-de-conjugaison-definition-exemples-et-solutions\/#respond\"]}]},{\"@type\":\"WebPage\",\"@id\":\"https:\/\/conjugaison-de-verbes.com\/blog\/a-la-une\/comprendre-le-trou-de-conjugaison-definition-exemples-et-solutions\/\",\"url\":\"https:\/\/conjugaison-de-verbes.com\/blog\/a-la-une\/comprendre-le-trou-de-conjugaison-definition-exemples-et-solutions\/\",\"name\":\"Difficult\u00e9s de conjugaison : causes, exemples et solutions\",\"isPartOf\":{\"@id\":\"https:\/\/conjugaison-de-verbes.com\/blog\/#website\"},\"primaryImageOfPage\":{\"@id\":\"https:\/\/conjugaison-de-verbes.com\/blog\/a-la-une\/comprendre-le-trou-de-conjugaison-definition-exemples-et-solutions\/#primaryimage\"},\"image\":{\"@id\":\"https:\/\/conjugaison-de-verbes.com\/blog\/a-la-une\/comprendre-le-trou-de-conjugaison-definition-exemples-et-solutions\/#primaryimage\"},\"thumbnailUrl\":\"https:\/\/conjugaison-de-verbes.com\/blog\/wp-content\/uploads\/2025\/02\/stability-comprendre-le-trou-de-conjugaison-definition-exemples-et-solutions.png\",\"datePublished\":\"2026-08-31T18:39:06+00:00\",\"dateModified\":\"2026-08-31T18:39:22+00:00\",\"description\":\"Pourquoi confond-on les temps de conjugaison ? Causes des erreurs, exemples corrig\u00e9s et m\u00e9thodes concr\u00e8tes pour progresser en fran\u00e7ais.\",\"inLanguage\":\"fr-FR\",\"potentialAction\":[{\"@type\":\"ReadAction\",\"target\":[\"https:\/\/conjugaison-de-verbes.com\/blog\/a-la-une\/comprendre-le-trou-de-conjugaison-definition-exemples-et-solutions\/\"]}]},{\"@type\":\"ImageObject\",\"inLanguage\":\"fr-FR\",\"@id\":\"https:\/\/conjugaison-de-verbes.com\/blog\/a-la-une\/comprendre-le-trou-de-conjugaison-definition-exemples-et-solutions\/#primaryimage\",\"url\":\"https:\/\/conjugaison-de-verbes.com\/blog\/wp-content\/uploads\/2025\/02\/stability-comprendre-le-trou-de-conjugaison-definition-exemples-et-solutions.png\",\"contentUrl\":\"https:\/\/conjugaison-de-verbes.com\/blog\/wp-content\/uploads\/2025\/02\/stability-comprendre-le-trou-de-conjugaison-definition-exemples-et-solutions.png\",\"width\":1024,\"height\":576},{\"@type\":\"WebSite\",\"@id\":\"https:\/\/conjugaison-de-verbes.com\/blog\/#website\",\"url\":\"https:\/\/conjugaison-de-verbes.com\/blog\/\",\"name\":\"conjugaison-de-verbes.com\",\"description\":\"Conjugaison de Verbes, ma\u00eetrisez la langue fran\u00e7aise\",\"publisher\":{\"@id\":\"https:\/\/conjugaison-de-verbes.com\/blog\/#organization\"},\"alternateName\":\"Conjugaison de Verbes, ma\u00eetrisez la langue fran\u00e7aise\",\"potentialAction\":[{\"@type\":\"SearchAction\",\"target\":{\"@type\":\"EntryPoint\",\"urlTemplate\":\"https:\/\/conjugaison-de-verbes.com\/blog\/?s={search_term_string}\"},\"query-input\":{\"@type\":\"PropertyValueSpecification\",\"valueRequired\":true,\"valueName\":\"search_term_string\"}}],\"inLanguage\":\"fr-FR\"},{\"@type\":\"Organization\",\"@id\":\"https:\/\/conjugaison-de-verbes.com\/blog\/#organization\",\"name\":\"Foretsensations.fr\",\"url\":\"https:\/\/conjugaison-de-verbes.com\/blog\/\",\"logo\":{\"@type\":\"ImageObject\",\"inLanguage\":\"fr-FR\",\"@id\":\"https:\/\/conjugaison-de-verbes.com\/blog\/#\/schema\/logo\/image\/\",\"url\":\"https:\/\/conjugaison-de-verbes.com\/blog\/wp-content\/uploads\/2024\/12\/10.png\",\"contentUrl\":\"https:\/\/conjugaison-de-verbes.com\/blog\/wp-content\/uploads\/2024\/12\/10.png\",\"width\":500,\"height\":500,\"caption\":\"Foretsensations.fr\"},\"image\":{\"@id\":\"https:\/\/conjugaison-de-verbes.com\/blog\/#\/schema\/logo\/image\/\"}},{\"@type\":\"Person\",\"@id\":\"https:\/\/conjugaison-de-verbes.com\/blog\/#\/schema\/person\/3c864cdc320801e3db34b663e7e3f816\",\"name\":\"Rapha\u00ebl D.\",\"image\":{\"@type\":\"ImageObject\",\"inLanguage\":\"fr-FR\",\"@id\":\"https:\/\/conjugaison-de-verbes.com\/blog\/#\/schema\/person\/image\/\",\"url\":\"https:\/\/conjugaison-de-verbes.com\/blog\/wp-content\/uploads\/2026\/06\/persona_raphael-d-150x150.jpg\",\"contentUrl\":\"https:\/\/conjugaison-de-verbes.com\/blog\/wp-content\/uploads\/2026\/06\/persona_raphael-d-150x150.jpg\",\"caption\":\"Rapha\u00ebl D.\"},\"description\":\"La culture est mon terrain de jeu depuis une dizaine d'ann\u00e9es : arts visuels, s\u00e9ries, cr\u00e9ation et tout ce qui nourrit l'imaginaire. J'\u00e9cris aussi bien sur l'actualit\u00e9 des \u0153uvres que sur les coulisses de la cr\u00e9ation, avec l'envie de relier l'amateur curieux \u00e0 des univers parfois jug\u00e9s intimidants. J'aime analyser une s\u00e9rie ou une d\u00e9marche artistique sans p\u00e9dantisme, replacer une \u0153uvre dans son contexte et donner des cl\u00e9s de lecture accessibles. Avant de publier, je v\u00e9rifie mes r\u00e9f\u00e9rences, je recoupe les sources et je distingue clairement le fait de mon interpr\u00e9tation subjective. Je crois qu'une critique vaut surtout par les arguments qu'elle expose, pas par la sentence qu'elle rend. Mon angle : transmettre l'envie de d\u00e9couvrir, de regarder autrement et de se forger son propre go\u00fbt. La culture n'appartient pas qu'aux initi\u00e9s, et c'est tout l'enjeu de mon \u00e9criture.\",\"url\":\"https:\/\/conjugaison-de-verbes.com\/blog\/auteur\/raphael-d\/\",\"jobTitle\":\"R\u00e9dacteur en chef \u00b7 Culture & Cr\u00e9ation\",\"knowsAbout\":[\"Culture\",\"Cr\u00e9ation\"],\"email\":\"raphael.d@a-l-asso-de-l-art.fr\"}]}<\/script>\n<!-- \/ Yoast SEO Premium plugin. -->","yoast_head_json":{"title":"Difficult\u00e9s de conjugaison : causes, exemples et solutions","description":"Pourquoi confond-on les temps de conjugaison ? Causes des erreurs, exemples corrig\u00e9s et m\u00e9thodes concr\u00e8tes pour progresser en fran\u00e7ais.","robots":{"index":"index","follow":"follow","max-snippet":"max-snippet:-1","max-image-preview":"max-image-preview:large","max-video-preview":"max-video-preview:-1"},"canonical":"https:\/\/conjugaison-de-verbes.com\/blog\/a-la-une\/comprendre-le-trou-de-conjugaison-definition-exemples-et-solutions\/","og_locale":"fr_FR","og_type":"article","og_title":"Difficult\u00e9s de conjugaison : causes, exemples et solutions","og_description":"Pourquoi confond-on les temps de conjugaison ? Causes des erreurs, exemples corrig\u00e9s et m\u00e9thodes concr\u00e8tes pour progresser en fran\u00e7ais.","og_url":"https:\/\/conjugaison-de-verbes.com\/blog\/a-la-une\/comprendre-le-trou-de-conjugaison-definition-exemples-et-solutions\/","og_site_name":"conjugaison-de-verbes","og_image":[{"width":1024,"height":576,"url":"https:\/\/conjugaison-de-verbes.com\/blog\/wp-content\/uploads\/2025\/02\/stability-comprendre-le-trou-de-conjugaison-definition-exemples-et-solutions.png","type":"image\/png"}],"author":"Rapha\u00ebl D.","twitter_card":"summary_large_image","schema":{"@context":"https:\/\/schema.org","@graph":[{"@type":"NewsArticle","@id":"https:\/\/conjugaison-de-verbes.com\/blog\/a-la-une\/comprendre-le-trou-de-conjugaison-definition-exemples-et-solutions\/#article","isPartOf":{"@id":"https:\/\/conjugaison-de-verbes.com\/blog\/a-la-une\/comprendre-le-trou-de-conjugaison-definition-exemples-et-solutions\/"},"author":{"name":"Rapha\u00ebl D.","@id":"https:\/\/conjugaison-de-verbes.com\/blog\/#\/schema\/person\/3c864cdc320801e3db34b663e7e3f816"},"headline":"Difficult\u00e9s de Conjugaison : Causes, Exemples et Solutions","datePublished":"2026-08-31T18:39:06+00:00","dateModified":"2026-08-31T18:39:22+00:00","mainEntityOfPage":{"@id":"https:\/\/conjugaison-de-verbes.com\/blog\/a-la-une\/comprendre-le-trou-de-conjugaison-definition-exemples-et-solutions\/"},"wordCount":1038,"commentCount":22,"publisher":{"@id":"https:\/\/conjugaison-de-verbes.com\/blog\/#organization"},"image":{"@id":"https:\/\/conjugaison-de-verbes.com\/blog\/a-la-une\/comprendre-le-trou-de-conjugaison-definition-exemples-et-solutions\/#primaryimage"},"thumbnailUrl":"https:\/\/conjugaison-de-verbes.com\/blog\/wp-content\/uploads\/2025\/02\/stability-comprendre-le-trou-de-conjugaison-definition-exemples-et-solutions.png","keywords":["Conjugaison","Difficult\u00e9s de Conjugaison","Erreurs de Conjugaison","Langue Fran\u00e7aise","Pratique R\u00e9guli\u00e8re","Temps Verbaux"],"articleSection":["\u00c0 la une"],"inLanguage":"fr-FR","potentialAction":[{"@type":"CommentAction","name":"Comment","target":["https:\/\/conjugaison-de-verbes.com\/blog\/a-la-une\/comprendre-le-trou-de-conjugaison-definition-exemples-et-solutions\/#respond"]}]},{"@type":"WebPage","@id":"https:\/\/conjugaison-de-verbes.com\/blog\/a-la-une\/comprendre-le-trou-de-conjugaison-definition-exemples-et-solutions\/","url":"https:\/\/conjugaison-de-verbes.com\/blog\/a-la-une\/comprendre-le-trou-de-conjugaison-definition-exemples-et-solutions\/","name":"Difficult\u00e9s de conjugaison : causes, exemples et solutions","isPartOf":{"@id":"https:\/\/conjugaison-de-verbes.com\/blog\/#website"},"primaryImageOfPage":{"@id":"https:\/\/conjugaison-de-verbes.com\/blog\/a-la-une\/comprendre-le-trou-de-conjugaison-definition-exemples-et-solutions\/#primaryimage"},"image":{"@id":"https:\/\/conjugaison-de-verbes.com\/blog\/a-la-une\/comprendre-le-trou-de-conjugaison-definition-exemples-et-solutions\/#primaryimage"},"thumbnailUrl":"https:\/\/conjugaison-de-verbes.com\/blog\/wp-content\/uploads\/2025\/02\/stability-comprendre-le-trou-de-conjugaison-definition-exemples-et-solutions.png","datePublished":"2026-08-31T18:39:06+00:00","dateModified":"2026-08-31T18:39:22+00:00","description":"Pourquoi confond-on les temps de conjugaison ? Causes des erreurs, exemples corrig\u00e9s et m\u00e9thodes concr\u00e8tes pour progresser en fran\u00e7ais.","inLanguage":"fr-FR","potentialAction":[{"@type":"ReadAction","target":["https:\/\/conjugaison-de-verbes.com\/blog\/a-la-une\/comprendre-le-trou-de-conjugaison-definition-exemples-et-solutions\/"]}]},{"@type":"ImageObject","inLanguage":"fr-FR","@id":"https:\/\/conjugaison-de-verbes.com\/blog\/a-la-une\/comprendre-le-trou-de-conjugaison-definition-exemples-et-solutions\/#primaryimage","url":"https:\/\/conjugaison-de-verbes.com\/blog\/wp-content\/uploads\/2025\/02\/stability-comprendre-le-trou-de-conjugaison-definition-exemples-et-solutions.png","contentUrl":"https:\/\/conjugaison-de-verbes.com\/blog\/wp-content\/uploads\/2025\/02\/stability-comprendre-le-trou-de-conjugaison-definition-exemples-et-solutions.png","width":1024,"height":576},{"@type":"WebSite","@id":"https:\/\/conjugaison-de-verbes.com\/blog\/#website","url":"https:\/\/conjugaison-de-verbes.com\/blog\/","name":"conjugaison-de-verbes.com","description":"Conjugaison de Verbes, ma\u00eetrisez la langue fran\u00e7aise","publisher":{"@id":"https:\/\/conjugaison-de-verbes.com\/blog\/#organization"},"alternateName":"Conjugaison de Verbes, ma\u00eetrisez la langue fran\u00e7aise","potentialAction":[{"@type":"SearchAction","target":{"@type":"EntryPoint","urlTemplate":"https:\/\/conjugaison-de-verbes.com\/blog\/?s={search_term_string}"},"query-input":{"@type":"PropertyValueSpecification","valueRequired":true,"valueName":"search_term_string"}}],"inLanguage":"fr-FR"},{"@type":"Organization","@id":"https:\/\/conjugaison-de-verbes.com\/blog\/#organization","name":"Foretsensations.fr","url":"https:\/\/conjugaison-de-verbes.com\/blog\/","logo":{"@type":"ImageObject","inLanguage":"fr-FR","@id":"https:\/\/conjugaison-de-verbes.com\/blog\/#\/schema\/logo\/image\/","url":"https:\/\/conjugaison-de-verbes.com\/blog\/wp-content\/uploads\/2024\/12\/10.png","contentUrl":"https:\/\/conjugaison-de-verbes.com\/blog\/wp-content\/uploads\/2024\/12\/10.png","width":500,"height":500,"caption":"Foretsensations.fr"},"image":{"@id":"https:\/\/conjugaison-de-verbes.com\/blog\/#\/schema\/logo\/image\/"}},{"@type":"Person","@id":"https:\/\/conjugaison-de-verbes.com\/blog\/#\/schema\/person\/3c864cdc320801e3db34b663e7e3f816","name":"Rapha\u00ebl D.","image":{"@type":"ImageObject","inLanguage":"fr-FR","@id":"https:\/\/conjugaison-de-verbes.com\/blog\/#\/schema\/person\/image\/","url":"https:\/\/conjugaison-de-verbes.com\/blog\/wp-content\/uploads\/2026\/06\/persona_raphael-d-150x150.jpg","contentUrl":"https:\/\/conjugaison-de-verbes.com\/blog\/wp-content\/uploads\/2026\/06\/persona_raphael-d-150x150.jpg","caption":"Rapha\u00ebl D."},"description":"La culture est mon terrain de jeu depuis une dizaine d'ann\u00e9es : arts visuels, s\u00e9ries, cr\u00e9ation et tout ce qui nourrit l'imaginaire. J'\u00e9cris aussi bien sur l'actualit\u00e9 des \u0153uvres que sur les coulisses de la cr\u00e9ation, avec l'envie de relier l'amateur curieux \u00e0 des univers parfois jug\u00e9s intimidants. J'aime analyser une s\u00e9rie ou une d\u00e9marche artistique sans p\u00e9dantisme, replacer une \u0153uvre dans son contexte et donner des cl\u00e9s de lecture accessibles. Avant de publier, je v\u00e9rifie mes r\u00e9f\u00e9rences, je recoupe les sources et je distingue clairement le fait de mon interpr\u00e9tation subjective. Je crois qu'une critique vaut surtout par les arguments qu'elle expose, pas par la sentence qu'elle rend. Mon angle : transmettre l'envie de d\u00e9couvrir, de regarder autrement et de se forger son propre go\u00fbt. La culture n'appartient pas qu'aux initi\u00e9s, et c'est tout l'enjeu de mon \u00e9criture.","url":"https:\/\/conjugaison-de-verbes.com\/blog\/auteur\/raphael-d\/","jobTitle":"R\u00e9dacteur en chef \u00b7 Culture & Cr\u00e9ation","knowsAbout":["Culture","Cr\u00e9ation"],"email":"raphael.d@a-l-asso-de-l-art.fr"}]}},"_links":{"self":[{"href":"https:\/\/conjugaison-de-verbes.com\/blog\/wp-json\/wp\/v2\/posts\/7493","targetHints":{"allow":["GET"]}}],"collection":[{"href":"https:\/\/conjugaison-de-verbes.com\/blog\/wp-json\/wp\/v2\/posts"}],"about":[{"href":"https:\/\/conjugaison-de-verbes.com\/blog\/wp-json\/wp\/v2\/types\/post"}],"author":[{"embeddable":true,"href":"https:\/\/conjugaison-de-verbes.com\/blog\/wp-json\/wp\/v2\/users\/34"}],"replies":[{"embeddable":true,"href":"https:\/\/conjugaison-de-verbes.com\/blog\/wp-json\/wp\/v2\/comments?post=7493"}],"version-history":[{"count":4,"href":"https:\/\/conjugaison-de-verbes.com\/blog\/wp-json\/wp\/v2\/posts\/7493\/revisions"}],"predecessor-version":[{"id":8102,"href":"https:\/\/conjugaison-de-verbes.com\/blog\/wp-json\/wp\/v2\/posts\/7493\/revisions\/8102"}],"wp:featuredmedia":[{"embeddable":true,"href":"https:\/\/conjugaison-de-verbes.com\/blog\/wp-json\/wp\/v2\/media\/7494"}],"wp:attachment":[{"href":"https:\/\/conjugaison-de-verbes.com\/blog\/wp-json\/wp\/v2\/media?parent=7493"}],"wp:term":[{"taxonomy":"category","embeddable":true,"href":"https:\/\/conjugaison-de-verbes.com\/blog\/wp-json\/wp\/v2\/categories?post=7493"},{"taxonomy":"post_tag","embeddable":true,"href":"https:\/\/conjugaison-de-verbes.com\/blog\/wp-json\/wp\/v2\/tags?post=7493"}],"curies":[{"name":"wp","href":"https:\/\/api.w.org\/{rel}","templated":true}]}}