{"id":7463,"date":"2026-08-31T22:41:47","date_gmt":"2026-08-31T20:41:47","guid":{"rendered":"https:\/\/conjugaison-de-verbes.com\/blog\/?p=7463"},"modified":"2026-08-31T22:41:47","modified_gmt":"2026-08-31T20:41:47","slug":"maitriser-le-tableau-de-conjugaison-au-present-guide-pratique-et-astuces","status":"publish","type":"post","link":"https:\/\/conjugaison-de-verbes.com\/blog\/a-la-une\/maitriser-le-tableau-de-conjugaison-au-present-guide-pratique-et-astuces\/","title":{"rendered":"Ma\u00eetriser le tableau de conjugaison au pr\u00e9sent : guide pratique et astuces"},"content":{"rendered":"<link rel=\"stylesheet\" href=\"https:\/\/fonts.googleapis.com\/css2?family=Space+Grotesk:wght@600;700&#038;family=Inter:wght@400;500;600&#038;family=JetBrains+Mono:wght@500&#038;display=swap\">\n<style>\n.cdv-info-wrap{--ink:#181a2e;--accent:#3a4de0;--accent-dark:#1c2568;--tint:#eef0fd;--surface:#ffffff;--border:#dfe2f5;font-family:'Inter',-apple-system,BlinkMacSystemFont,sans-serif;color:var(--ink);line-height:1.65;font-size:17px;max-width:100%;}\n.cdv-info-wrap h2{font-family:'Space Grotesk',-apple-system,sans-serif;font-weight:700;font-size:clamp(22px,3vw,29px);letter-spacing:-0.01em;color:var(--ink);margin:48px 0 16px;}\n.cdv-info-wrap h3{font-family:'Space Grotesk',-apple-system,sans-serif;font-weight:600;font-size:18px;color:var(--ink);margin:0 0 8px;}\n.cdv-info-lead{font-size:18.5px;line-height:1.6;color:#3a3d55;margin:0 0 24px;}\n.cdv-info-brief{background:var(--tint);border-left:5px solid var(--accent);border-radius:0 12px 12px 0;padding:22px 24px;margin:0 0 36px;}\n.cdv-info-kicker{display:inline-block;font-family:'JetBrains Mono',monospace;font-size:11.5px;font-weight:500;letter-spacing:.08em;text-transform:uppercase;color:var(--accent);background:#fff;border:1px solid var(--border);padding:3px 10px;border-radius:20px;margin-bottom:12px;}\n.cdv-info-brief div.cdv-info-txt{font-size:16.5px;color:#2b2e46;margin-bottom:12px;}\n.cdv-info-brief ul{margin:0;padding-left:0;list-style:none;display:grid;gap:8px;}\n.cdv-info-brief li{position:relative;padding-left:24px;font-size:15.5px;color:#2b2e46;}\n.cdv-info-brief li::before{content:\"\u2192\";position:absolute;left:0;color:var(--accent);font-weight:700;}\n.cdv-info-cards{display:grid;grid-template-columns:repeat(auto-fit,minmax(210px,1fr));gap:18px;margin:22px 0 30px;}\n.cdv-info-card{background:var(--surface);border:1px solid var(--border);border-top:3px solid var(--accent);border-radius:10px;padding:18px 20px;box-shadow:0 1px 2px rgba(24,26,46,.04);transition:.25s ease;}\n.cdv-info-card:hover{transform:translateY(-3px);box-shadow:0 12px 24px -14px rgba(24,26,46,.28);}\n.cdv-info-card .cdv-info-num{font-family:'JetBrains Mono',monospace;font-size:11px;font-weight:500;letter-spacing:.06em;color:var(--accent);text-transform:uppercase;}\n.cdv-info-card .cdv-info-ctit{font-family:'Space Grotesk',sans-serif;font-weight:700;font-size:16.5px;margin:6px 0 6px;color:var(--ink);}\n.cdv-info-card .cdv-info-ctxt{font-size:14.5px;color:#4a4d66;}\n.cdv-info-card .cdv-info-cform{font-family:'JetBrains Mono',monospace;font-size:14px;color:var(--accent-dark);background:var(--tint);display:inline-block;padding:2px 8px;border-radius:5px;margin-top:6px;}\n.cdv-info-tablewrap{overflow-x:auto;border:1px solid var(--border);border-radius:10px;margin:20px 0 28px;}\n.cdv-info-wrap table{width:100%;border-collapse:collapse;font-size:15.5px;}\n.cdv-info-wrap table th{background:var(--tint);color:var(--accent-dark);font-family:'Space Grotesk',sans-serif;font-weight:700;text-align:left;padding:11px 16px;font-size:13.5px;text-transform:uppercase;letter-spacing:.04em;}\n.cdv-info-wrap table td{padding:10px 16px;border-top:1px solid var(--border);}\n.cdv-info-wrap table tr:nth-child(even) td{background:#fafbff;}\n.cdv-info-wrap table td:last-child{font-family:'JetBrains Mono',monospace;color:var(--accent-dark);font-weight:500;}\n.cdv-info-retain{background:var(--accent-dark);color:#eef1ff;border-radius:12px;padding:24px 26px;margin:38px 0;}\n.cdv-info-retain .cdv-info-kicker{background:rgba(255,255,255,.12);border-color:rgba(255,255,255,.25);color:#c7d0ff;}\n.cdv-info-retain ul{list-style:none;padding:0;margin:14px 0 0;display:grid;gap:10px;}\n.cdv-info-retain li{position:relative;padding-left:26px;font-size:15.5px;color:#eef1ff!important;}\n.cdv-info-retain li::before{content:\"\u2713\";position:absolute;left:0;color:#8fa0ff!important;font-weight:700;}\n.cdv-info-retain strong,.cdv-info-retain b{color:#ffffff!important;}\n.cdv-info-astuces{list-style:none;padding:0;margin:16px 0;display:grid;gap:12px;}\n.cdv-info-astuces li{position:relative;padding-left:26px;font-size:16px;color:#2b2e46;}\n.cdv-info-astuces li::before{content:\"\u2726\";position:absolute;left:0;color:var(--accent);}\n.cdv-info-pquote{font-family:'Space Grotesk',sans-serif;font-weight:600;font-size:19px;color:var(--accent-dark);border-left:4px solid var(--accent);background:var(--tint);padding:18px 24px;border-radius:0 10px 10px 0;margin:26px 0;font-style:italic;}\n.cdv-info-faq{margin:20px 0;border-top:1px solid var(--border);}\n.cdv-info-faq details{border-bottom:1px solid var(--border);padding:0;}\n.cdv-info-faq summary{cursor:pointer;padding:16px 4px;font-family:'Space Grotesk',sans-serif;font-weight:700;font-size:16.5px;color:var(--ink);list-style:none;display:flex;justify-content:space-between;align-items:center;gap:14px;}\n.cdv-info-faq summary::-webkit-details-marker{display:none;}\n.cdv-info-faq summary .cdv-info-plus{font-size:22px;font-weight:300;color:var(--accent);line-height:1;flex:none;}\n.cdv-info-faq .cdv-info-a{padding:0 4px 16px;font-size:15px;line-height:1.7;color:#4a4d66;}\n.cdv-info-wrap img{border-radius:10px;}\n<\/style>\n<div class=\"cdv-info-wrap\">\n<p class=\"cdv-info-lead\">Le tableau de conjugaison au pr\u00e9sent est le premier r\u00e9flexe pour v\u00e9rifier une forme verbale en fran\u00e7ais. Encore faut-il conna\u00eetre le groupe du verbe, ses terminaisons et les quelques pi\u00e8ges orthographiques qui font tr\u00e9bucher m\u00eame les locuteurs confirm\u00e9s. Ce guide reprend les bases, une conjugaison compl\u00e8te et v\u00e9rifi\u00e9e, et les cas particuliers \u00e0 conna\u00eetre.<\/p>\n<div class=\"cdv-info-brief\">\n  <span class=\"cdv-info-kicker\">En bref<\/span><\/p>\n<div class=\"cdv-info-txt\">Au pr\u00e9sent de l&rsquo;indicatif, chaque verbe fran\u00e7ais appartient \u00e0 l&rsquo;un des trois groupes (-er, -ir, irr\u00e9guliers), avec des terminaisons propres \u00e0 chaque groupe et \u00e0 chaque personne (je, tu, il\/elle\/on, nous, vous, ils\/elles).<\/div>\n<ul>\n<li>1\u1d49\u02b3 groupe (-er) : terminaisons -e, -es, -e, -ons, -ez, -ent<\/li>\n<li>2\u1d49 groupe (-ir) : terminaisons -is, -is, -it, -issons, -issez, -issent<\/li>\n<li>3\u1d49 groupe : verbes irr\u00e9guliers, formes \u00e0 m\u00e9moriser au cas par cas<\/li>\n<li>Quatre pi\u00e8ges reviennent souvent : -cer, -ger, -yer, -eler\/-eter<\/li>\n<\/ul>\n<\/div>\n<h2>Les bases du tableau de conjugaison au pr\u00e9sent<\/h2>\n<p>Le tableau de conjugaison pr\u00e9sente les diff\u00e9rentes formes que prennent les verbes au pr\u00e9sent. En fran\u00e7ais, les verbes se divisent principalement en trois groupes :<\/p>\n<div class=\"cdv-info-cards\">\n<div class=\"cdv-info-card\">\n    <span class=\"cdv-info-num\">Groupe 1<\/span><\/p>\n<div class=\"cdv-info-ctit\">Verbes en -er<\/div>\n<div class=\"cdv-info-ctxt\">La grande majorit\u00e9 des verbes fran\u00e7ais : parler, aimer, jouer. Conjugaison r\u00e9guli\u00e8re.<\/div>\n<\/p><\/div>\n<div class=\"cdv-info-card\">\n    <span class=\"cdv-info-num\">Groupe 2<\/span><\/p>\n<div class=\"cdv-info-ctit\">Verbes en -ir (type finir)<\/div>\n<div class=\"cdv-info-ctxt\">finir, choisir, grandir. Se reconnaissent au radical \u00e9largi en -iss- au pluriel.<\/div>\n<\/p><\/div>\n<div class=\"cdv-info-card\">\n    <span class=\"cdv-info-num\">Groupe 3<\/span><\/p>\n<div class=\"cdv-info-ctit\">Verbes irr\u00e9guliers<\/div>\n<div class=\"cdv-info-ctxt\">\u00eatre, avoir, aller, faire, et la plupart des verbes en -ir\/-oir\/-re restants. Formes \u00e0 apprendre par c\u0153ur.<\/div>\n<\/p><\/div>\n<\/div>\n<p>Chacun de ces groupes a des terminaisons sp\u00e9cifiques qui varient selon le sujet. Exemple avec le verbe \u00ab parler \u00bb, conjugaison compl\u00e8te et v\u00e9rifi\u00e9e :<img width=\"1024\" height=\"576\" src=\"https:\/\/conjugaison-de-verbes.com\/blog\/wp-content\/uploads\/2025\/02\/stability-maitriser-le-tableau-de-conjugaison-au-present-guide-pratique-et-astuces-1.png\" class=\"aligncenter\" alt=\"Illustration d\u00e9taill\u00e9e sur Ma\u00eetriser le tableau de conjugaison au pr\u00e9sent : guide pratique et astuces\" title=\"Ma\u00eetriser le tableau de conjugaison au pr\u00e9sent : guide pratique et astuces\" decoding=\"async\" loading=\"lazy\" \/><\/p>\n<div class=\"cdv-info-tablewrap\">\n<table>\n<tr>\n<th>Sujet<\/th>\n<th>Conjugaison<\/th>\n<\/tr>\n<tr>\n<td>Je<\/td>\n<td>parle<\/td>\n<\/tr>\n<tr>\n<td>Tu<\/td>\n<td>parles<\/td>\n<\/tr>\n<tr>\n<td>Il \/ Elle \/ On<\/td>\n<td>parle<\/td>\n<\/tr>\n<tr>\n<td>Nous<\/td>\n<td>parlons<\/td>\n<\/tr>\n<tr>\n<td>Vous<\/td>\n<td>parlez<\/td>\n<\/tr>\n<tr>\n<td>Ils \/ Elles<\/td>\n<td>parlent<\/td>\n<\/tr>\n<\/table>\n<\/div>\n<p>Pour aller plus loin sur les r\u00e8gles g\u00e9n\u00e9rales, notre article sur <a href=\"https:\/\/conjugaison-de-verbes.com\/blog\/a-la-une\/les-regles-de-conjugaison-francaise-a-connaitre-absolument\/\">les r\u00e8gles de conjugaison fran\u00e7aise \u00e0 conna\u00eetre absolument<\/a> reprend les fondamentaux dans le d\u00e9tail.<\/p>\n<h2>Les verbes irr\u00e9guliers : un d\u00e9fi \u00e0 relever<\/h2>\n<p>Les verbes irr\u00e9guliers repr\u00e9sentent un v\u00e9ritable d\u00e9fi pour les apprenants. Contrairement aux verbes r\u00e9guliers, leurs formes ne suivent pas toujours les sch\u00e9mas habituels. Par exemple, le verbe \u00ab \u00eatre \u00bb se conjugue ainsi :<\/p>\n<div class=\"cdv-info-tablewrap\">\n<table>\n<tr>\n<th>Sujet<\/th>\n<th>Conjugaison<\/th>\n<\/tr>\n<tr>\n<td>Je<\/td>\n<td>suis<\/td>\n<\/tr>\n<tr>\n<td>Tu<\/td>\n<td>es<\/td>\n<\/tr>\n<tr>\n<td>Il \/ Elle \/ On<\/td>\n<td>est<\/td>\n<\/tr>\n<tr>\n<td>Nous<\/td>\n<td>sommes<\/td>\n<\/tr>\n<tr>\n<td>Vous<\/td>\n<td>\u00eates<\/td>\n<\/tr>\n<tr>\n<td>Ils \/ Elles<\/td>\n<td>sont<\/td>\n<\/tr>\n<\/table>\n<\/div>\n<p>Ma\u00eetriser ces conjugaisons n\u00e9cessite une pratique r\u00e9guli\u00e8re. Relire la forme conjugu\u00e9e \u00e0 voix haute et la r\u00e9utiliser dans une phrase courte aide \u00e0 la fixer durablement.<\/p>\n<p>Pour vous entra\u00eener sur d&rsquo;autres verbes, direction notre article <a href=\"https:\/\/conjugaison-de-verbes.com\/blog\/a-la-une\/apprendre-la-conjugaison-francaise-par-des-exercices-pratiques\/\">apprendre la conjugaison fran\u00e7aise par des exercices pratiques<\/a>.<\/p>\n<h2>Les pi\u00e8ges du pr\u00e9sent \u00e0 conna\u00eetre : -cer, -ger, -yer, -eler\/-eter<\/h2>\n<p>Quatre familles de verbes en -er changent l\u00e9g\u00e8rement de graphie au pr\u00e9sent pour pr\u00e9server leur prononciation. Elles concentrent la majorit\u00e9 des fautes constat\u00e9es sur ce temps :<\/p>\n<div class=\"cdv-info-cards\">\n<div class=\"cdv-info-card\">\n    <span class=\"cdv-info-num\">Verbes en -cer<\/span><\/p>\n<div class=\"cdv-info-ctit\">placer<\/div>\n<div class=\"cdv-info-ctxt\">Le c prend une c\u00e9dille devant a\/o pour garder le son doux \u00ab s \u00bb.<\/div>\n<p>    <span class=\"cdv-info-cform\">nous pla\u00e7ons<\/span>\n  <\/div>\n<div class=\"cdv-info-card\">\n    <span class=\"cdv-info-num\">Verbes en -ger<\/span><\/p>\n<div class=\"cdv-info-ctit\">manger<\/div>\n<div class=\"cdv-info-ctxt\">Le g est suivi d&rsquo;un e devant a\/o pour garder le son [\u0292].<\/div>\n<p>    <span class=\"cdv-info-cform\">nous mangeons<\/span>\n  <\/div>\n<div class=\"cdv-info-card\">\n    <span class=\"cdv-info-num\">Verbes en -yer<\/span><\/p>\n<div class=\"cdv-info-ctit\">payer<\/div>\n<div class=\"cdv-info-ctxt\">Devant un e muet, le y peut devenir i ou rester y : les deux formes sont admises.<\/div>\n<p>    <span class=\"cdv-info-cform\">il paie \/ il paye<\/span>\n  <\/div>\n<div class=\"cdv-info-card\">\n    <span class=\"cdv-info-num\">Verbes en -eler \/ -eter<\/span><\/p>\n<div class=\"cdv-info-ctit\">appeler et amonceler<\/div>\n<div class=\"cdv-info-ctxt\">Deux normes coexistent depuis les rectifications orthographiques de 1990. \u00ab Appeler \u00bb (et \u00ab jeter \u00bb) gardent le doublement de consonne dans les deux orthographes. La plupart des autres verbes en -eler\/-eter, comme \u00ab amonceler \u00bb, prennent d\u00e9sormais un accent grave dans l&rsquo;orthographe recommand\u00e9e.<\/div>\n<p>    <span class=\"cdv-info-cform\">il appelle \u00b7 il amoncelle (trad.) \/ il amonc\u00e8le (1990)<\/span>\n  <\/div>\n<\/div>\n<h2>Les astuces pour m\u00e9moriser le tableau de conjugaison<\/h2>\n<p>M\u00e9moriser les conjugaisons peut para\u00eetre ardu, mais plusieurs techniques peuvent vous aider \u00e0 rendre ce processus plus amusant :<\/p>\n<ul class=\"cdv-info-astuces\">\n<li><strong>Utilisez des chansons :<\/strong> les chansons en fran\u00e7ais contiennent souvent des verbes conjugu\u00e9s au pr\u00e9sent. \u00c9couter et chanter vous aidera \u00e0 m\u00e9moriser les formes.<\/li>\n<li><strong>Cr\u00e9ez des histoires :<\/strong> inventez des phrases ou des courtes histoires en int\u00e9grant les verbes que vous souhaitez pratiquer.<\/li>\n<li><strong>Pratiquez \u00e0 voix haute :<\/strong> r\u00e9p\u00e9ter une conjugaison compl\u00e8te \u00e0 voix haute, personne par personne, ancre le rythme et les terminaisons mieux qu&rsquo;une lecture silencieuse.<\/li>\n<li><strong>Regroupez par famille de pi\u00e8ges :<\/strong> r\u00e9viser ensemble tous les verbes en -cer, puis tous ceux en -ger, plut\u00f4t qu&rsquo;un m\u00e9lange al\u00e9atoire, aide le cerveau \u00e0 fixer la r\u00e8gle plut\u00f4t que le mot isol\u00e9.<\/li>\n<\/ul>\n<div class=\"cdv-info-pquote\">\u00ab La r\u00e9p\u00e9tition est la m\u00e8re de l&rsquo;apprentissage. \u00bb \u2014 Proverbe populaire<\/div>\n<div class=\"cdv-info-retain\">\n  <span class=\"cdv-info-kicker\">\u00c0 retenir<\/span><\/p>\n<ul>\n<li>Le pr\u00e9sent se conjugue diff\u00e9remment selon le groupe du verbe (1\u1d49\u02b3, 2\u1d49, 3\u1d49) et selon la personne.<\/li>\n<li>\u00ab Parler \u00bb et \u00ab \u00eatre \u00bb suivent des sch\u00e9mas fiables une fois les 6 personnes m\u00e9moris\u00e9es.<\/li>\n<li>Les verbes en -cer et -ger changent de graphie devant a\/o (nous pla\u00e7ons, nous mangeons).<\/li>\n<li>\u00ab Payer \u00bb admet deux formes correctes : il paie et il paye.<\/li>\n<li>Sur les verbes en -eler\/-eter, les rectifications de 1990 ont introduit une seconde orthographe admise (amonc\u00e8le) \u00e0 c\u00f4t\u00e9 de la forme traditionnelle (amoncelle) \u2014 \u00ab appeler \u00bb et \u00ab jeter \u00bb restent des exceptions.<\/li>\n<\/ul>\n<\/div>\n<h2>Questions fr\u00e9quentes<\/h2>\n<div class=\"cdv-info-faq\">\n<details>\n<summary><span>Comment savoir \u00e0 quel groupe appartient un verbe ?<\/span><span class=\"cdv-info-plus\">+<\/span><\/summary>\n<div class=\"cdv-info-a\">En g\u00e9n\u00e9ral, les verbes se terminant par -er appartiennent au premier groupe, ceux en -ir (type finir) au deuxi\u00e8me, et ceux qui ne suivent pas ces r\u00e8gles au troisi\u00e8me groupe (verbes irr\u00e9guliers).<\/div>\n<\/details>\n<details>\n<summary><span>Quels sont les verbes irr\u00e9guliers les plus utilis\u00e9s ?<\/span><span class=\"cdv-info-plus\">+<\/span><\/summary>\n<div class=\"cdv-info-a\">\u00catre, avoir, aller et faire sont parmi les plus courants et doivent \u00eatre m\u00e9moris\u00e9s en priorit\u00e9, car ils servent aussi d&rsquo;auxiliaires ou de verbes support dans de nombreuses tournures.<\/div>\n<\/details>\n<details>\n<summary><span>Comment am\u00e9liorer ma conjugaison au pr\u00e9sent ?<\/span><span class=\"cdv-info-plus\">+<\/span><\/summary>\n<div class=\"cdv-info-a\">Pratiquez r\u00e9guli\u00e8rement avec des exercices, des lectures et des conversations en fran\u00e7ais, en isolant les familles de pi\u00e8ges (verbes en -cer, -ger, -yer, -eler\/-eter) plut\u00f4t qu&rsquo;en r\u00e9visant au hasard.<\/div>\n<\/details>\n<details>\n<summary><span>Y a-t-il des ressources fiables pour v\u00e9rifier une conjugaison ?<\/span><span class=\"cdv-info-plus\">+<\/span><\/summary>\n<div class=\"cdv-info-a\">Oui : le Wiktionnaire propose une page de conjugaison compl\u00e8te pour chaque verbe fran\u00e7ais, et l&rsquo;Acad\u00e9mie fran\u00e7aise fait r\u00e9f\u00e9rence sur les r\u00e8gles orthographiques, y compris les rectifications de 1990.<\/div>\n<\/details>\n<\/div>\n<h2>Conclusion<\/h2>\n<p>Ma\u00eetriser le tableau de conjugaison au pr\u00e9sent est un passage oblig\u00e9 pour quiconque d\u00e9sire parler fran\u00e7ais couramment. Avec un peu de pratique et les bonnes techniques, vous pouvez transformer cette t\u00e2che ardue en un jeu d&rsquo;enfant. N&rsquo;oubliez pas, chaque petit pas compte dans votre apprentissage. Alors, pr\u00eat \u00e0 conjuguer comme un pro ?<\/p>\n<\/div>\n","protected":false},"excerpt":{"rendered":"","protected":false},"author":34,"featured_media":7466,"comment_status":"open","ping_status":"open","sticky":false,"template":"","format":"standard","meta":{"_acf_changed":false,"manual_indexmenow":false,"indexmenow_id_project":0,"footnotes":""},"categories":[1],"tags":[4570,2996,4539,4610,4600,4546],"class_list":["post-7463","post","type-post","status-publish","format-standard","has-post-thumbnail","hentry","category-a-la-une","tag-apprentissage","tag-astuces","tag-conjugaison","tag-irreguliers","tag-present","tag-verbes","generate-columns","tablet-grid-50","mobile-grid-100","grid-parent","grid-25"],"acf":[],"yoast_head":"<!-- This site is optimized with the Yoast SEO Premium plugin v21.3 (Yoast SEO v25.6) - https:\/\/yoast.com\/wordpress\/plugins\/seo\/ -->\n<title>Tableau de conjugaison au pr\u00e9sent : guide et astuces<\/title>\n<meta name=\"description\" content=\"Ma\u00eetrisez le tableau de conjugaison au pr\u00e9sent : formes verbales, rep\u00e8res et astuces pratiques pour bien conjuguer au quotidien.\" \/>\n<meta name=\"robots\" content=\"index, follow, max-snippet:-1, max-image-preview:large, max-video-preview:-1\" \/>\n<link rel=\"canonical\" href=\"https:\/\/conjugaison-de-verbes.com\/blog\/a-la-une\/maitriser-le-tableau-de-conjugaison-au-present-guide-pratique-et-astuces\/\" \/>\n<meta property=\"og:locale\" content=\"fr_FR\" \/>\n<meta property=\"og:type\" content=\"article\" \/>\n<meta property=\"og:title\" content=\"Tableau de conjugaison au pr\u00e9sent : guide et astuces\" \/>\n<meta property=\"og:description\" content=\"Ma\u00eetrisez le tableau de conjugaison au pr\u00e9sent : formes verbales, rep\u00e8res et astuces pratiques pour bien conjuguer au quotidien.\" \/>\n<meta property=\"og:url\" content=\"https:\/\/conjugaison-de-verbes.com\/blog\/a-la-une\/maitriser-le-tableau-de-conjugaison-au-present-guide-pratique-et-astuces\/\" \/>\n<meta property=\"og:site_name\" content=\"conjugaison-de-verbes\" \/>\n<meta property=\"og:image\" content=\"https:\/\/conjugaison-de-verbes.com\/blog\/wp-content\/uploads\/2025\/02\/stability-maitriser-le-tableau-de-conjugaison-au-present-guide-pratique-et-astuces.png\" \/>\n\t<meta property=\"og:image:width\" content=\"1024\" \/>\n\t<meta property=\"og:image:height\" content=\"576\" \/>\n\t<meta property=\"og:image:type\" content=\"image\/png\" \/>\n<meta name=\"author\" content=\"Rapha\u00ebl D.\" \/>\n<meta name=\"twitter:card\" content=\"summary_large_image\" \/>\n<script type=\"application\/ld+json\" class=\"yoast-schema-graph\">{\"@context\":\"https:\/\/schema.org\",\"@graph\":[{\"@type\":\"NewsArticle\",\"@id\":\"https:\/\/conjugaison-de-verbes.com\/blog\/a-la-une\/maitriser-le-tableau-de-conjugaison-au-present-guide-pratique-et-astuces\/#article\",\"isPartOf\":{\"@id\":\"https:\/\/conjugaison-de-verbes.com\/blog\/a-la-une\/maitriser-le-tableau-de-conjugaison-au-present-guide-pratique-et-astuces\/\"},\"author\":{\"name\":\"Rapha\u00ebl D.\",\"@id\":\"https:\/\/conjugaison-de-verbes.com\/blog\/#\/schema\/person\/3c864cdc320801e3db34b663e7e3f816\"},\"headline\":\"Ma\u00eetriser le tableau de conjugaison au pr\u00e9sent : guide pratique et astuces\",\"datePublished\":\"2026-08-31T20:41:47+00:00\",\"mainEntityOfPage\":{\"@id\":\"https:\/\/conjugaison-de-verbes.com\/blog\/a-la-une\/maitriser-le-tableau-de-conjugaison-au-present-guide-pratique-et-astuces\/\"},\"wordCount\":1089,\"commentCount\":23,\"publisher\":{\"@id\":\"https:\/\/conjugaison-de-verbes.com\/blog\/#organization\"},\"image\":{\"@id\":\"https:\/\/conjugaison-de-verbes.com\/blog\/a-la-une\/maitriser-le-tableau-de-conjugaison-au-present-guide-pratique-et-astuces\/#primaryimage\"},\"thumbnailUrl\":\"https:\/\/conjugaison-de-verbes.com\/blog\/wp-content\/uploads\/2025\/02\/stability-maitriser-le-tableau-de-conjugaison-au-present-guide-pratique-et-astuces.png\",\"keywords\":[\"Apprentissage\",\"Astuces\",\"Conjugaison\",\"Irr\u00e9guliers\",\"Pr\u00e9sent\",\"Verbes\"],\"articleSection\":[\"\u00c0 la une\"],\"inLanguage\":\"fr-FR\",\"potentialAction\":[{\"@type\":\"CommentAction\",\"name\":\"Comment\",\"target\":[\"https:\/\/conjugaison-de-verbes.com\/blog\/a-la-une\/maitriser-le-tableau-de-conjugaison-au-present-guide-pratique-et-astuces\/#respond\"]}]},{\"@type\":\"WebPage\",\"@id\":\"https:\/\/conjugaison-de-verbes.com\/blog\/a-la-une\/maitriser-le-tableau-de-conjugaison-au-present-guide-pratique-et-astuces\/\",\"url\":\"https:\/\/conjugaison-de-verbes.com\/blog\/a-la-une\/maitriser-le-tableau-de-conjugaison-au-present-guide-pratique-et-astuces\/\",\"name\":\"Tableau de conjugaison au pr\u00e9sent : guide et astuces\",\"isPartOf\":{\"@id\":\"https:\/\/conjugaison-de-verbes.com\/blog\/#website\"},\"primaryImageOfPage\":{\"@id\":\"https:\/\/conjugaison-de-verbes.com\/blog\/a-la-une\/maitriser-le-tableau-de-conjugaison-au-present-guide-pratique-et-astuces\/#primaryimage\"},\"image\":{\"@id\":\"https:\/\/conjugaison-de-verbes.com\/blog\/a-la-une\/maitriser-le-tableau-de-conjugaison-au-present-guide-pratique-et-astuces\/#primaryimage\"},\"thumbnailUrl\":\"https:\/\/conjugaison-de-verbes.com\/blog\/wp-content\/uploads\/2025\/02\/stability-maitriser-le-tableau-de-conjugaison-au-present-guide-pratique-et-astuces.png\",\"datePublished\":\"2026-08-31T20:41:47+00:00\",\"description\":\"Ma\u00eetrisez le tableau de conjugaison au pr\u00e9sent : formes verbales, rep\u00e8res et astuces pratiques pour bien conjuguer au quotidien.\",\"inLanguage\":\"fr-FR\",\"potentialAction\":[{\"@type\":\"ReadAction\",\"target\":[\"https:\/\/conjugaison-de-verbes.com\/blog\/a-la-une\/maitriser-le-tableau-de-conjugaison-au-present-guide-pratique-et-astuces\/\"]}]},{\"@type\":\"ImageObject\",\"inLanguage\":\"fr-FR\",\"@id\":\"https:\/\/conjugaison-de-verbes.com\/blog\/a-la-une\/maitriser-le-tableau-de-conjugaison-au-present-guide-pratique-et-astuces\/#primaryimage\",\"url\":\"https:\/\/conjugaison-de-verbes.com\/blog\/wp-content\/uploads\/2025\/02\/stability-maitriser-le-tableau-de-conjugaison-au-present-guide-pratique-et-astuces.png\",\"contentUrl\":\"https:\/\/conjugaison-de-verbes.com\/blog\/wp-content\/uploads\/2025\/02\/stability-maitriser-le-tableau-de-conjugaison-au-present-guide-pratique-et-astuces.png\",\"width\":1024,\"height\":576},{\"@type\":\"WebSite\",\"@id\":\"https:\/\/conjugaison-de-verbes.com\/blog\/#website\",\"url\":\"https:\/\/conjugaison-de-verbes.com\/blog\/\",\"name\":\"conjugaison-de-verbes.com\",\"description\":\"Conjugaison de Verbes, ma\u00eetrisez la langue fran\u00e7aise\",\"publisher\":{\"@id\":\"https:\/\/conjugaison-de-verbes.com\/blog\/#organization\"},\"alternateName\":\"Conjugaison de Verbes, ma\u00eetrisez la langue fran\u00e7aise\",\"potentialAction\":[{\"@type\":\"SearchAction\",\"target\":{\"@type\":\"EntryPoint\",\"urlTemplate\":\"https:\/\/conjugaison-de-verbes.com\/blog\/?s={search_term_string}\"},\"query-input\":{\"@type\":\"PropertyValueSpecification\",\"valueRequired\":true,\"valueName\":\"search_term_string\"}}],\"inLanguage\":\"fr-FR\"},{\"@type\":\"Organization\",\"@id\":\"https:\/\/conjugaison-de-verbes.com\/blog\/#organization\",\"name\":\"Foretsensations.fr\",\"url\":\"https:\/\/conjugaison-de-verbes.com\/blog\/\",\"logo\":{\"@type\":\"ImageObject\",\"inLanguage\":\"fr-FR\",\"@id\":\"https:\/\/conjugaison-de-verbes.com\/blog\/#\/schema\/logo\/image\/\",\"url\":\"https:\/\/conjugaison-de-verbes.com\/blog\/wp-content\/uploads\/2024\/12\/10.png\",\"contentUrl\":\"https:\/\/conjugaison-de-verbes.com\/blog\/wp-content\/uploads\/2024\/12\/10.png\",\"width\":500,\"height\":500,\"caption\":\"Foretsensations.fr\"},\"image\":{\"@id\":\"https:\/\/conjugaison-de-verbes.com\/blog\/#\/schema\/logo\/image\/\"}},{\"@type\":\"Person\",\"@id\":\"https:\/\/conjugaison-de-verbes.com\/blog\/#\/schema\/person\/3c864cdc320801e3db34b663e7e3f816\",\"name\":\"Rapha\u00ebl D.\",\"image\":{\"@type\":\"ImageObject\",\"inLanguage\":\"fr-FR\",\"@id\":\"https:\/\/conjugaison-de-verbes.com\/blog\/#\/schema\/person\/image\/\",\"url\":\"https:\/\/conjugaison-de-verbes.com\/blog\/wp-content\/uploads\/2026\/06\/persona_raphael-d-150x150.jpg\",\"contentUrl\":\"https:\/\/conjugaison-de-verbes.com\/blog\/wp-content\/uploads\/2026\/06\/persona_raphael-d-150x150.jpg\",\"caption\":\"Rapha\u00ebl D.\"},\"description\":\"La culture est mon terrain de jeu depuis une dizaine d'ann\u00e9es : arts visuels, s\u00e9ries, cr\u00e9ation et tout ce qui nourrit l'imaginaire. J'\u00e9cris aussi bien sur l'actualit\u00e9 des \u0153uvres que sur les coulisses de la cr\u00e9ation, avec l'envie de relier l'amateur curieux \u00e0 des univers parfois jug\u00e9s intimidants. J'aime analyser une s\u00e9rie ou une d\u00e9marche artistique sans p\u00e9dantisme, replacer une \u0153uvre dans son contexte et donner des cl\u00e9s de lecture accessibles. Avant de publier, je v\u00e9rifie mes r\u00e9f\u00e9rences, je recoupe les sources et je distingue clairement le fait de mon interpr\u00e9tation subjective. Je crois qu'une critique vaut surtout par les arguments qu'elle expose, pas par la sentence qu'elle rend. Mon angle : transmettre l'envie de d\u00e9couvrir, de regarder autrement et de se forger son propre go\u00fbt. La culture n'appartient pas qu'aux initi\u00e9s, et c'est tout l'enjeu de mon \u00e9criture.\",\"url\":\"https:\/\/conjugaison-de-verbes.com\/blog\/auteur\/raphael-d\/\",\"jobTitle\":\"R\u00e9dacteur en chef \u00b7 Culture & Cr\u00e9ation\",\"knowsAbout\":[\"Culture\",\"Cr\u00e9ation\"],\"email\":\"raphael.d@a-l-asso-de-l-art.fr\"}]}<\/script>\n<!-- \/ Yoast SEO Premium plugin. -->","yoast_head_json":{"title":"Tableau de conjugaison au pr\u00e9sent : guide et astuces","description":"Ma\u00eetrisez le tableau de conjugaison au pr\u00e9sent : formes verbales, rep\u00e8res et astuces pratiques pour bien conjuguer au quotidien.","robots":{"index":"index","follow":"follow","max-snippet":"max-snippet:-1","max-image-preview":"max-image-preview:large","max-video-preview":"max-video-preview:-1"},"canonical":"https:\/\/conjugaison-de-verbes.com\/blog\/a-la-une\/maitriser-le-tableau-de-conjugaison-au-present-guide-pratique-et-astuces\/","og_locale":"fr_FR","og_type":"article","og_title":"Tableau de conjugaison au pr\u00e9sent : guide et astuces","og_description":"Ma\u00eetrisez le tableau de conjugaison au pr\u00e9sent : formes verbales, rep\u00e8res et astuces pratiques pour bien conjuguer au quotidien.","og_url":"https:\/\/conjugaison-de-verbes.com\/blog\/a-la-une\/maitriser-le-tableau-de-conjugaison-au-present-guide-pratique-et-astuces\/","og_site_name":"conjugaison-de-verbes","og_image":[{"width":1024,"height":576,"url":"https:\/\/conjugaison-de-verbes.com\/blog\/wp-content\/uploads\/2025\/02\/stability-maitriser-le-tableau-de-conjugaison-au-present-guide-pratique-et-astuces.png","type":"image\/png"}],"author":"Rapha\u00ebl D.","twitter_card":"summary_large_image","schema":{"@context":"https:\/\/schema.org","@graph":[{"@type":"NewsArticle","@id":"https:\/\/conjugaison-de-verbes.com\/blog\/a-la-une\/maitriser-le-tableau-de-conjugaison-au-present-guide-pratique-et-astuces\/#article","isPartOf":{"@id":"https:\/\/conjugaison-de-verbes.com\/blog\/a-la-une\/maitriser-le-tableau-de-conjugaison-au-present-guide-pratique-et-astuces\/"},"author":{"name":"Rapha\u00ebl D.","@id":"https:\/\/conjugaison-de-verbes.com\/blog\/#\/schema\/person\/3c864cdc320801e3db34b663e7e3f816"},"headline":"Ma\u00eetriser le tableau de conjugaison au pr\u00e9sent : guide pratique et astuces","datePublished":"2026-08-31T20:41:47+00:00","mainEntityOfPage":{"@id":"https:\/\/conjugaison-de-verbes.com\/blog\/a-la-une\/maitriser-le-tableau-de-conjugaison-au-present-guide-pratique-et-astuces\/"},"wordCount":1089,"commentCount":23,"publisher":{"@id":"https:\/\/conjugaison-de-verbes.com\/blog\/#organization"},"image":{"@id":"https:\/\/conjugaison-de-verbes.com\/blog\/a-la-une\/maitriser-le-tableau-de-conjugaison-au-present-guide-pratique-et-astuces\/#primaryimage"},"thumbnailUrl":"https:\/\/conjugaison-de-verbes.com\/blog\/wp-content\/uploads\/2025\/02\/stability-maitriser-le-tableau-de-conjugaison-au-present-guide-pratique-et-astuces.png","keywords":["Apprentissage","Astuces","Conjugaison","Irr\u00e9guliers","Pr\u00e9sent","Verbes"],"articleSection":["\u00c0 la une"],"inLanguage":"fr-FR","potentialAction":[{"@type":"CommentAction","name":"Comment","target":["https:\/\/conjugaison-de-verbes.com\/blog\/a-la-une\/maitriser-le-tableau-de-conjugaison-au-present-guide-pratique-et-astuces\/#respond"]}]},{"@type":"WebPage","@id":"https:\/\/conjugaison-de-verbes.com\/blog\/a-la-une\/maitriser-le-tableau-de-conjugaison-au-present-guide-pratique-et-astuces\/","url":"https:\/\/conjugaison-de-verbes.com\/blog\/a-la-une\/maitriser-le-tableau-de-conjugaison-au-present-guide-pratique-et-astuces\/","name":"Tableau de conjugaison au pr\u00e9sent : guide et astuces","isPartOf":{"@id":"https:\/\/conjugaison-de-verbes.com\/blog\/#website"},"primaryImageOfPage":{"@id":"https:\/\/conjugaison-de-verbes.com\/blog\/a-la-une\/maitriser-le-tableau-de-conjugaison-au-present-guide-pratique-et-astuces\/#primaryimage"},"image":{"@id":"https:\/\/conjugaison-de-verbes.com\/blog\/a-la-une\/maitriser-le-tableau-de-conjugaison-au-present-guide-pratique-et-astuces\/#primaryimage"},"thumbnailUrl":"https:\/\/conjugaison-de-verbes.com\/blog\/wp-content\/uploads\/2025\/02\/stability-maitriser-le-tableau-de-conjugaison-au-present-guide-pratique-et-astuces.png","datePublished":"2026-08-31T20:41:47+00:00","description":"Ma\u00eetrisez le tableau de conjugaison au pr\u00e9sent : formes verbales, rep\u00e8res et astuces pratiques pour bien conjuguer au quotidien.","inLanguage":"fr-FR","potentialAction":[{"@type":"ReadAction","target":["https:\/\/conjugaison-de-verbes.com\/blog\/a-la-une\/maitriser-le-tableau-de-conjugaison-au-present-guide-pratique-et-astuces\/"]}]},{"@type":"ImageObject","inLanguage":"fr-FR","@id":"https:\/\/conjugaison-de-verbes.com\/blog\/a-la-une\/maitriser-le-tableau-de-conjugaison-au-present-guide-pratique-et-astuces\/#primaryimage","url":"https:\/\/conjugaison-de-verbes.com\/blog\/wp-content\/uploads\/2025\/02\/stability-maitriser-le-tableau-de-conjugaison-au-present-guide-pratique-et-astuces.png","contentUrl":"https:\/\/conjugaison-de-verbes.com\/blog\/wp-content\/uploads\/2025\/02\/stability-maitriser-le-tableau-de-conjugaison-au-present-guide-pratique-et-astuces.png","width":1024,"height":576},{"@type":"WebSite","@id":"https:\/\/conjugaison-de-verbes.com\/blog\/#website","url":"https:\/\/conjugaison-de-verbes.com\/blog\/","name":"conjugaison-de-verbes.com","description":"Conjugaison de Verbes, ma\u00eetrisez la langue fran\u00e7aise","publisher":{"@id":"https:\/\/conjugaison-de-verbes.com\/blog\/#organization"},"alternateName":"Conjugaison de Verbes, ma\u00eetrisez la langue fran\u00e7aise","potentialAction":[{"@type":"SearchAction","target":{"@type":"EntryPoint","urlTemplate":"https:\/\/conjugaison-de-verbes.com\/blog\/?s={search_term_string}"},"query-input":{"@type":"PropertyValueSpecification","valueRequired":true,"valueName":"search_term_string"}}],"inLanguage":"fr-FR"},{"@type":"Organization","@id":"https:\/\/conjugaison-de-verbes.com\/blog\/#organization","name":"Foretsensations.fr","url":"https:\/\/conjugaison-de-verbes.com\/blog\/","logo":{"@type":"ImageObject","inLanguage":"fr-FR","@id":"https:\/\/conjugaison-de-verbes.com\/blog\/#\/schema\/logo\/image\/","url":"https:\/\/conjugaison-de-verbes.com\/blog\/wp-content\/uploads\/2024\/12\/10.png","contentUrl":"https:\/\/conjugaison-de-verbes.com\/blog\/wp-content\/uploads\/2024\/12\/10.png","width":500,"height":500,"caption":"Foretsensations.fr"},"image":{"@id":"https:\/\/conjugaison-de-verbes.com\/blog\/#\/schema\/logo\/image\/"}},{"@type":"Person","@id":"https:\/\/conjugaison-de-verbes.com\/blog\/#\/schema\/person\/3c864cdc320801e3db34b663e7e3f816","name":"Rapha\u00ebl D.","image":{"@type":"ImageObject","inLanguage":"fr-FR","@id":"https:\/\/conjugaison-de-verbes.com\/blog\/#\/schema\/person\/image\/","url":"https:\/\/conjugaison-de-verbes.com\/blog\/wp-content\/uploads\/2026\/06\/persona_raphael-d-150x150.jpg","contentUrl":"https:\/\/conjugaison-de-verbes.com\/blog\/wp-content\/uploads\/2026\/06\/persona_raphael-d-150x150.jpg","caption":"Rapha\u00ebl D."},"description":"La culture est mon terrain de jeu depuis une dizaine d'ann\u00e9es : arts visuels, s\u00e9ries, cr\u00e9ation et tout ce qui nourrit l'imaginaire. J'\u00e9cris aussi bien sur l'actualit\u00e9 des \u0153uvres que sur les coulisses de la cr\u00e9ation, avec l'envie de relier l'amateur curieux \u00e0 des univers parfois jug\u00e9s intimidants. J'aime analyser une s\u00e9rie ou une d\u00e9marche artistique sans p\u00e9dantisme, replacer une \u0153uvre dans son contexte et donner des cl\u00e9s de lecture accessibles. Avant de publier, je v\u00e9rifie mes r\u00e9f\u00e9rences, je recoupe les sources et je distingue clairement le fait de mon interpr\u00e9tation subjective. Je crois qu'une critique vaut surtout par les arguments qu'elle expose, pas par la sentence qu'elle rend. Mon angle : transmettre l'envie de d\u00e9couvrir, de regarder autrement et de se forger son propre go\u00fbt. La culture n'appartient pas qu'aux initi\u00e9s, et c'est tout l'enjeu de mon \u00e9criture.","url":"https:\/\/conjugaison-de-verbes.com\/blog\/auteur\/raphael-d\/","jobTitle":"R\u00e9dacteur en chef \u00b7 Culture & Cr\u00e9ation","knowsAbout":["Culture","Cr\u00e9ation"],"email":"raphael.d@a-l-asso-de-l-art.fr"}]}},"_links":{"self":[{"href":"https:\/\/conjugaison-de-verbes.com\/blog\/wp-json\/wp\/v2\/posts\/7463","targetHints":{"allow":["GET"]}}],"collection":[{"href":"https:\/\/conjugaison-de-verbes.com\/blog\/wp-json\/wp\/v2\/posts"}],"about":[{"href":"https:\/\/conjugaison-de-verbes.com\/blog\/wp-json\/wp\/v2\/types\/post"}],"author":[{"embeddable":true,"href":"https:\/\/conjugaison-de-verbes.com\/blog\/wp-json\/wp\/v2\/users\/34"}],"replies":[{"embeddable":true,"href":"https:\/\/conjugaison-de-verbes.com\/blog\/wp-json\/wp\/v2\/comments?post=7463"}],"version-history":[{"count":3,"href":"https:\/\/conjugaison-de-verbes.com\/blog\/wp-json\/wp\/v2\/posts\/7463\/revisions"}],"predecessor-version":[{"id":8116,"href":"https:\/\/conjugaison-de-verbes.com\/blog\/wp-json\/wp\/v2\/posts\/7463\/revisions\/8116"}],"wp:featuredmedia":[{"embeddable":true,"href":"https:\/\/conjugaison-de-verbes.com\/blog\/wp-json\/wp\/v2\/media\/7466"}],"wp:attachment":[{"href":"https:\/\/conjugaison-de-verbes.com\/blog\/wp-json\/wp\/v2\/media?parent=7463"}],"wp:term":[{"taxonomy":"category","embeddable":true,"href":"https:\/\/conjugaison-de-verbes.com\/blog\/wp-json\/wp\/v2\/categories?post=7463"},{"taxonomy":"post_tag","embeddable":true,"href":"https:\/\/conjugaison-de-verbes.com\/blog\/wp-json\/wp\/v2\/tags?post=7463"}],"curies":[{"name":"wp","href":"https:\/\/api.w.org\/{rel}","templated":true}]}}