{"id":7459,"date":"2026-08-31T20:19:48","date_gmt":"2026-08-31T18:19:48","guid":{"rendered":"https:\/\/conjugaison-de-verbes.com\/blog\/?p=7459"},"modified":"2026-08-31T20:19:48","modified_gmt":"2026-08-31T18:19:48","slug":"evaluer-la-conjugaison-en-ce1-un-guide-pratique-pour-les-enseignants","status":"publish","type":"post","link":"https:\/\/conjugaison-de-verbes.com\/blog\/a-la-une\/evaluer-la-conjugaison-en-ce1-un-guide-pratique-pour-les-enseignants\/","title":{"rendered":"\u00c9valuer la conjugaison en CE1 : un guide pratique pour les enseignants"},"content":{"rendered":"<link rel=\"stylesheet\" href=\"https:\/\/fonts.googleapis.com\/css2?family=Space+Grotesk:wght@600;700&#038;family=Inter:wght@400;500;600&#038;family=JetBrains+Mono:wght@500&#038;display=swap\">\n<style>\n.cdv-info-wrap{font-family:'Inter',-apple-system,BlinkMacSystemFont,sans-serif;color:#1a2233;line-height:1.65;font-size:17px;max-width:100%;}\n.cdv-info-wrap h2{font-family:'Space Grotesk','Inter',sans-serif;font-weight:700;font-size:clamp(22px,3vw,28px);letter-spacing:-0.01em;color:#182140;margin:48px 0 18px;}\n.cdv-info-wrap h3{font-family:'Space Grotesk','Inter',sans-serif;font-weight:600;font-size:clamp(18px,2.4vw,21px);color:#182140;margin:34px 0 14px;}\n.cdv-info-wrap p{margin:0 0 16px;}\n.cdv-info-wrap a{color:#3457d5;font-weight:600;text-decoration:underline;text-underline-offset:2px;}\n.cdv-info-brief{background:#eef2fb;border-left:5px solid #3457d5;border-radius:10px;padding:22px 24px;margin:24px 0 32px;box-shadow:0 1px 2px rgba(16,24,40,.05),0 12px 28px -16px rgba(16,24,40,.18);}\n.cdv-info-brief .cdv-kicker{font-family:'JetBrains Mono',monospace;font-size:12px;font-weight:500;letter-spacing:.08em;text-transform:uppercase;color:#3457d5;margin-bottom:10px;display:block;}\n.cdv-info-brief .cdv-lead{font-size:17px;color:#1a2233;margin-bottom:14px;}\n.cdv-info-brief ul{margin:0;padding-left:20px;}\n.cdv-info-brief li{margin-bottom:6px;}\n.cdv-info-grid{display:grid;grid-template-columns:repeat(auto-fit,minmax(220px,1fr));gap:20px;margin:22px 0 30px;}\n.cdv-info-card{background:#fff;border:1px solid #e2e6f0;border-top:3px solid #3457d5;border-radius:12px;padding:20px 22px;transition:.25s ease;box-shadow:0 1px 2px rgba(16,24,40,.04);}\n.cdv-info-card:hover{transform:translateY(-3px);box-shadow:0 12px 24px -14px rgba(16,24,40,.28);border-color:#3457d5;}\n.cdv-info-card .cdv-card-title{font-family:'Space Grotesk',sans-serif;font-weight:700;font-size:16px;color:#182140;margin-bottom:8px;display:block;}\n.cdv-info-card .cdv-card-txt{font-size:15px;color:#3b4256;}\n.cdv-info-table-wrap{overflow-x:auto;border-radius:12px;border:1px solid #e2e6f0;margin:22px 0 30px;}\n.cdv-info-wrap table{width:100%;border-collapse:collapse;font-size:15px;}\n.cdv-info-wrap th{background:#eef2fb;color:#182140;font-family:'JetBrains Mono',monospace;font-weight:500;font-size:12.5px;letter-spacing:.04em;text-transform:uppercase;text-align:left;padding:12px 16px;}\n.cdv-info-wrap td{padding:12px 16px;border-top:1px solid #eef0f5;}\n.cdv-info-wrap tr:nth-child(even) td{background:#fafbfd;}\n.cdv-info-retain{background:#f6f8ff;border:1px solid #dbe2f7;border-left:5px solid #3457d5;border-radius:10px;padding:22px 24px;margin:34px 0;}\n.cdv-info-retain .cdv-kicker{font-family:'JetBrains Mono',monospace;font-size:12px;font-weight:500;letter-spacing:.08em;text-transform:uppercase;color:#3457d5;margin-bottom:10px;display:block;}\n.cdv-info-retain ul{margin:0;padding-left:20px;}\n.cdv-info-retain li{margin-bottom:8px;}\n.cdv-info-retain li::marker{color:#3457d5;}\n.cdv-info-faq details{border:1px solid #e2e6f0;border-radius:10px;padding:14px 18px;margin-bottom:12px;background:#fff;}\n.cdv-info-faq summary{font-family:'Space Grotesk',sans-serif;font-weight:600;font-size:16px;color:#182140;cursor:pointer;}\n.cdv-info-faq summary::marker{color:#3457d5;}\n.cdv-info-faq .cdv-answer{margin-top:10px;font-size:15px;color:#3b4256;}\n.cdv-info-wrap img{border-radius:12px;margin:6px 0 26px;}\n<\/style>\n<div class=\"cdv-info-wrap\">\n<p>\u00c9valuer la conjugaison n&rsquo;est pas un exercice \u00e0 part : c&rsquo;est ce qui permet de v\u00e9rifier, tout au long de l&rsquo;ann\u00e9e de CE1, que chaque \u00e9l\u00e8ve progresse vraiment dans sa ma\u00eetrise du verbe. Ce guide reprend les comp\u00e9tences vis\u00e9es, les m\u00e9thodes d&rsquo;\u00e9valuation les plus utiles en classe et un tableau r\u00e9capitulatif des temps \u00e0 travailler \u00e0 ce niveau.<\/p>\n<div class=\"cdv-info-brief\">\n<span class=\"cdv-kicker\">En bref<\/span><\/p>\n<div class=\"cdv-lead\">\u00c9valuer la conjugaison en CE1 consiste \u00e0 v\u00e9rifier que l&rsquo;\u00e9l\u00e8ve identifie un verbe dans une phrase et le conjugue correctement au pr\u00e9sent de l&rsquo;indicatif, avec les auxiliaires \u00eatre et avoir, tout en commen\u00e7ant \u00e0 distinguer temps simples et temps compos\u00e9s. Cela passe par des exercices \u00e9crits, des dict\u00e9es cibl\u00e9es et des mises en situation orales, plut\u00f4t que par un seul contr\u00f4le isol\u00e9.<\/div>\n<ul>\n<li>Identifier les verbes dans une phrase<\/li>\n<li>Conjuguer les verbes au pr\u00e9sent de l&rsquo;indicatif<\/li>\n<li>Utiliser correctement les auxiliaires \u00ab \u00eatre \u00bb et \u00ab avoir \u00bb<\/li>\n<li>Reconna\u00eetre les temps simples et les temps compos\u00e9s<\/li>\n<\/ul>\n<\/div>\n<h2>D\u00e9finition de la conjugaison et comp\u00e9tences vis\u00e9es<\/h2>\n<p>La conjugaison est l&rsquo;ensemble des r\u00e8gles qui r\u00e9gissent les variations d&rsquo;un verbe selon le temps, le mode et la personne. En CE1, les \u00e9l\u00e8ves doivent acqu\u00e9rir plusieurs comp\u00e9tences cl\u00e9s, notamment :<\/p>\n<ul>\n<li>Identifier les verbes dans une phrase.<\/li>\n<li>Conjuguer les verbes au pr\u00e9sent de l&rsquo;indicatif.<\/li>\n<li>Utiliser les auxiliaires \u00ab \u00eatre \u00bb et \u00ab avoir \u00bb.<\/li>\n<li>Reconna\u00eetre les temps simples et compos\u00e9s.<\/li>\n<\/ul>\n<p>Ces comp\u00e9tences permettent aux \u00e9l\u00e8ves de structurer leurs pens\u00e9es et de communiquer clairement. De plus, elles posent les bases pour des apprentissages futurs en grammaire et en orthographe. Pour approfondir la notion de verbe elle-m\u00eame, vous pouvez consulter notre <a href=\"https:\/\/conjugaison-de-verbes.com\/blog\/a-la-une\/comparaison-entre-les-verbes-reguliers-et-irreguliers-en-francais\/\" rel=\"noopener\">comparaison entre les verbes r\u00e9guliers et irr\u00e9guliers en fran\u00e7ais<\/a>, utile pour comprendre pourquoi certaines erreurs reviennent plus souvent que d&rsquo;autres chez les \u00e9l\u00e8ves.<\/p>\n<p><img width=\"1024\" height=\"576\" src=\"https:\/\/conjugaison-de-verbes.com\/blog\/wp-content\/uploads\/2025\/02\/stability-evaluer-la-conjugaison-en-ce1-un-guide-pratique-pour-les-enseignants-1.png\" class=\"aligncenter\" alt=\"Illustration d\u00e9taill\u00e9e sur \u00c9valuer la conjugaison en CE1 : un guide pratique pour les enseignants\" title=\"\u00c9valuer la conjugaison en CE1 : un guide pratique pour les enseignants\" decoding=\"async\" loading=\"lazy\" \/><\/p>\n<h2>Les trois moments de l&rsquo;\u00e9valuation<\/h2>\n<p>Dans la pratique p\u00e9dagogique, on distingue g\u00e9n\u00e9ralement trois temps d&rsquo;\u00e9valuation, compl\u00e9mentaires les uns des autres : l&rsquo;\u00e9valuation <strong>diagnostique<\/strong>, r\u00e9alis\u00e9e en amont pour situer les acquis de chaque \u00e9l\u00e8ve ; l&rsquo;\u00e9valuation <strong>formative<\/strong>, men\u00e9e en cours d&rsquo;apprentissage pour ajuster l&rsquo;accompagnement ; et l&rsquo;\u00e9valuation <strong>sommative<\/strong>, qui fait le bilan des comp\u00e9tences acquises \u00e0 un moment donn\u00e9. Pour la conjugaison en CE1, ces trois temps peuvent s&rsquo;appuyer sur les m\u00eames outils, pr\u00e9sent\u00e9s ci-dessous.<\/p>\n<h2>M\u00e9thodes d&rsquo;\u00e9valuation de la conjugaison<\/h2>\n<p>\u00c9valuer la conjugaison peut se faire de plusieurs mani\u00e8res. Voici quelques m\u00e9thodes efficaces \u2014 vous trouverez aussi des supports compl\u00e9mentaires dans nos <a href=\"https:\/\/conjugaison-de-verbes.com\/blog\/a-la-une\/ressources-gratuites-pour-pratiquer-la-conjugaison-francaise\/\" rel=\"noopener\">ressources gratuites pour pratiquer la conjugaison fran\u00e7aise<\/a> :<\/p>\n<div class=\"cdv-info-grid\">\n<div class=\"cdv-info-card\">\n<span class=\"cdv-card-title\">Exercices \u00e9crits<\/span><\/p>\n<div class=\"cdv-card-txt\">Proposez des phrases \u00e0 compl\u00e9ter, o\u00f9 les \u00e9l\u00e8ves doivent conjuguer correctement les verbes.<\/div>\n<\/div>\n<div class=\"cdv-info-card\">\n<span class=\"cdv-card-title\">Dict\u00e9es<\/span><\/p>\n<div class=\"cdv-card-txt\">Utilisez des dict\u00e9es cibl\u00e9es pour observer comment les \u00e9l\u00e8ves appliquent les r\u00e8gles de conjugaison en contexte.<\/div>\n<\/div>\n<div class=\"cdv-info-card\">\n<span class=\"cdv-card-title\">Jeux de r\u00f4les<\/span><\/p>\n<div class=\"cdv-card-txt\">Mettez en place des situations o\u00f9 les \u00e9l\u00e8ves doivent utiliser les verbes dans des dialogues.<\/div>\n<\/div>\n<\/div>\n<p>Ces approches vari\u00e9es permettent d&rsquo;\u00e9valuer les comp\u00e9tences de mani\u00e8re ludique et engageante, tout en s&rsquo;assurant que chaque \u00e9l\u00e8ve peut montrer ses connaissances.<\/p>\n<h2>Tableau r\u00e9capitulatif des temps verbaux \u00e0 enseigner en CE1<\/h2>\n<div class=\"cdv-info-table-wrap\">\n<table>\n<tr>\n<th>Temps<\/th>\n<th>Exemples<\/th>\n<th>Utilisation<\/th>\n<\/tr>\n<tr>\n<td>Pr\u00e9sent<\/td>\n<td>Je mange, tu bois<\/td>\n<td>Pour exprimer une action en cours.<\/td>\n<\/tr>\n<tr>\n<td>Pass\u00e9 compos\u00e9<\/td>\n<td>J&rsquo;ai mang\u00e9, tu as bu<\/td>\n<td>Pour parler d&rsquo;une action termin\u00e9e.<\/td>\n<\/tr>\n<tr>\n<td>Futur proche<\/td>\n<td>Je vais manger, tu vas boire<\/td>\n<td>Pour annoncer une action \u00e0 venir proche.<\/td>\n<\/tr>\n<\/table>\n<\/div>\n<h2>Cons\u00e9quences d&rsquo;une \u00e9valuation personnalis\u00e9e<\/h2>\n<p>\u00c9valuer la conjugaison de mani\u00e8re personnalis\u00e9e a des r\u00e9percussions significatives sur l&rsquo;apprentissage des \u00e9l\u00e8ves. Voici quelques b\u00e9n\u00e9fices :<\/p>\n<ul>\n<li>Identification des forces et faiblesses : Une \u00e9valuation cibl\u00e9e permet de rep\u00e9rer les difficult\u00e9s sp\u00e9cifiques des \u00e9l\u00e8ves.<\/li>\n<li>Adaptation des m\u00e9thodes p\u00e9dagogiques : En fonction des r\u00e9sultats, les enseignants peuvent ajuster leurs approches d&rsquo;enseignement.<\/li>\n<li>Motivation accrue : Les \u00e9l\u00e8ves se sentent valoris\u00e9s lorsque leurs progr\u00e8s sont reconnus et c\u00e9l\u00e9br\u00e9s.<\/li>\n<\/ul>\n<p>En int\u00e9grant ces \u00e9l\u00e9ments dans votre pratique quotidienne, vous contribuez \u00e0 cr\u00e9er un environnement d&rsquo;apprentissage positif et encourageant.<\/p>\n<div class=\"cdv-info-retain\">\n<span class=\"cdv-kicker\">\u00c0 retenir<\/span><\/p>\n<ul>\n<li>En CE1, l&rsquo;\u00e9valuation de la conjugaison porte sur le pr\u00e9sent de l&rsquo;indicatif, les auxiliaires \u00eatre\/avoir et la distinction temps simples \/ temps compos\u00e9s.<\/li>\n<li>Exercices \u00e9crits, dict\u00e9es cibl\u00e9es et jeux de r\u00f4les permettent de varier les formats sans multiplier les contr\u00f4les isol\u00e9s.<\/li>\n<li>Une \u00e9valuation r\u00e9guli\u00e8re, plut\u00f4t qu&rsquo;un contr\u00f4le unique, aide \u00e0 rep\u00e9rer les difficult\u00e9s au bon moment.<\/li>\n<li>Le feedback donn\u00e9 \u00e0 l&rsquo;\u00e9l\u00e8ve compte autant que la note : il oriente la suite du travail.<\/li>\n<\/ul>\n<\/div>\n<h3>FAQ :<\/h3>\n<div class=\"cdv-info-faq\">\n<details>\n<summary>Pourquoi est-il crucial d&rsquo;\u00e9valuer la conjugaison en CE1 ?<\/summary>\n<div class=\"cdv-answer\">Cela permet de s&rsquo;assurer que les \u00e9l\u00e8ves ma\u00eetrisent les bases du fran\u00e7ais, essentielles pour leur progression.<\/div>\n<\/details>\n<details>\n<summary>Quels outils puis-je utiliser pour \u00e9valuer la conjugaison ?<\/summary>\n<div class=\"cdv-answer\">Des fiches d&rsquo;exercices, des dict\u00e9es et des jeux \u00e9ducatifs peuvent \u00eatre tr\u00e8s efficaces.<\/div>\n<\/details>\n<details>\n<summary>Comment rendre l&rsquo;\u00e9valuation ludique ?<\/summary>\n<div class=\"cdv-answer\">Incorporez des jeux de r\u00f4le et des activit\u00e9s interactives pour rendre l&rsquo;apprentissage plus engageant.<\/div>\n<\/details>\n<details>\n<summary>Quelle est la meilleure mani\u00e8re de donner du feedback ?<\/summary>\n<div class=\"cdv-answer\">Offrez des retours constructifs et encourageants pour aider les \u00e9l\u00e8ves \u00e0 progresser.<\/div>\n<\/details>\n<\/div>\n<\/div>\n","protected":false},"excerpt":{"rendered":"","protected":false},"author":34,"featured_media":7462,"comment_status":"open","ping_status":"open","sticky":false,"template":"","format":"standard","meta":{"_acf_changed":false,"manual_indexmenow":false,"indexmenow_id_project":0,"footnotes":""},"categories":[1],"tags":[4570,4622,4578,4539,4557,4635],"class_list":["post-7459","post","type-post","status-publish","format-standard","has-post-thumbnail","hentry","category-a-la-une","tag-apprentissage","tag-ce1","tag-competences","tag-conjugaison","tag-evaluation","tag-methodes","generate-columns","tablet-grid-50","mobile-grid-100","grid-parent","grid-25"],"acf":[],"yoast_head":"<!-- This site is optimized with the Yoast SEO Premium plugin v21.3 (Yoast SEO v25.6) - https:\/\/yoast.com\/wordpress\/plugins\/seo\/ -->\n<title>\u00c9valuer la conjugaison en CE1 : guide pour enseignants<\/title>\n<meta name=\"description\" content=\"Un guide pratique pour \u00e9valuer la conjugaison en CE1 : m\u00e9thodes et rep\u00e8res pour accompagner les \u00e9l\u00e8ves dans l&#039;expression de leurs id\u00e9es.\" \/>\n<meta name=\"robots\" content=\"index, follow, max-snippet:-1, max-image-preview:large, max-video-preview:-1\" \/>\n<link rel=\"canonical\" href=\"https:\/\/conjugaison-de-verbes.com\/blog\/a-la-une\/evaluer-la-conjugaison-en-ce1-un-guide-pratique-pour-les-enseignants\/\" \/>\n<meta property=\"og:locale\" content=\"fr_FR\" \/>\n<meta property=\"og:type\" content=\"article\" \/>\n<meta property=\"og:title\" content=\"\u00c9valuer la conjugaison en CE1 : guide pour enseignants\" \/>\n<meta property=\"og:description\" content=\"Un guide pratique pour \u00e9valuer la conjugaison en CE1 : m\u00e9thodes et rep\u00e8res pour accompagner les \u00e9l\u00e8ves dans l&#039;expression de leurs id\u00e9es.\" \/>\n<meta property=\"og:url\" content=\"https:\/\/conjugaison-de-verbes.com\/blog\/a-la-une\/evaluer-la-conjugaison-en-ce1-un-guide-pratique-pour-les-enseignants\/\" \/>\n<meta property=\"og:site_name\" content=\"conjugaison-de-verbes\" \/>\n<meta property=\"og:image\" content=\"https:\/\/conjugaison-de-verbes.com\/blog\/wp-content\/uploads\/2025\/02\/stability-evaluer-la-conjugaison-en-ce1-un-guide-pratique-pour-les-enseignants.png\" \/>\n\t<meta property=\"og:image:width\" content=\"1024\" \/>\n\t<meta property=\"og:image:height\" content=\"576\" \/>\n\t<meta property=\"og:image:type\" content=\"image\/png\" \/>\n<meta name=\"author\" content=\"Rapha\u00ebl D.\" \/>\n<meta name=\"twitter:card\" content=\"summary_large_image\" \/>\n<script type=\"application\/ld+json\" class=\"yoast-schema-graph\">{\"@context\":\"https:\/\/schema.org\",\"@graph\":[{\"@type\":\"NewsArticle\",\"@id\":\"https:\/\/conjugaison-de-verbes.com\/blog\/a-la-une\/evaluer-la-conjugaison-en-ce1-un-guide-pratique-pour-les-enseignants\/#article\",\"isPartOf\":{\"@id\":\"https:\/\/conjugaison-de-verbes.com\/blog\/a-la-une\/evaluer-la-conjugaison-en-ce1-un-guide-pratique-pour-les-enseignants\/\"},\"author\":{\"name\":\"Rapha\u00ebl D.\",\"@id\":\"https:\/\/conjugaison-de-verbes.com\/blog\/#\/schema\/person\/3c864cdc320801e3db34b663e7e3f816\"},\"headline\":\"\u00c9valuer la conjugaison en CE1 : un guide pratique pour les enseignants\",\"datePublished\":\"2026-08-31T18:19:48+00:00\",\"mainEntityOfPage\":{\"@id\":\"https:\/\/conjugaison-de-verbes.com\/blog\/a-la-une\/evaluer-la-conjugaison-en-ce1-un-guide-pratique-pour-les-enseignants\/\"},\"wordCount\":897,\"commentCount\":24,\"publisher\":{\"@id\":\"https:\/\/conjugaison-de-verbes.com\/blog\/#organization\"},\"image\":{\"@id\":\"https:\/\/conjugaison-de-verbes.com\/blog\/a-la-une\/evaluer-la-conjugaison-en-ce1-un-guide-pratique-pour-les-enseignants\/#primaryimage\"},\"thumbnailUrl\":\"https:\/\/conjugaison-de-verbes.com\/blog\/wp-content\/uploads\/2025\/02\/stability-evaluer-la-conjugaison-en-ce1-un-guide-pratique-pour-les-enseignants.png\",\"keywords\":[\"Apprentissage\",\"CE1\",\"Comp\u00e9tences\",\"Conjugaison\",\"\u00c9valuation\",\"M\u00e9thodes\"],\"articleSection\":[\"\u00c0 la une\"],\"inLanguage\":\"fr-FR\",\"potentialAction\":[{\"@type\":\"CommentAction\",\"name\":\"Comment\",\"target\":[\"https:\/\/conjugaison-de-verbes.com\/blog\/a-la-une\/evaluer-la-conjugaison-en-ce1-un-guide-pratique-pour-les-enseignants\/#respond\"]}]},{\"@type\":\"WebPage\",\"@id\":\"https:\/\/conjugaison-de-verbes.com\/blog\/a-la-une\/evaluer-la-conjugaison-en-ce1-un-guide-pratique-pour-les-enseignants\/\",\"url\":\"https:\/\/conjugaison-de-verbes.com\/blog\/a-la-une\/evaluer-la-conjugaison-en-ce1-un-guide-pratique-pour-les-enseignants\/\",\"name\":\"\u00c9valuer la conjugaison en CE1 : guide pour enseignants\",\"isPartOf\":{\"@id\":\"https:\/\/conjugaison-de-verbes.com\/blog\/#website\"},\"primaryImageOfPage\":{\"@id\":\"https:\/\/conjugaison-de-verbes.com\/blog\/a-la-une\/evaluer-la-conjugaison-en-ce1-un-guide-pratique-pour-les-enseignants\/#primaryimage\"},\"image\":{\"@id\":\"https:\/\/conjugaison-de-verbes.com\/blog\/a-la-une\/evaluer-la-conjugaison-en-ce1-un-guide-pratique-pour-les-enseignants\/#primaryimage\"},\"thumbnailUrl\":\"https:\/\/conjugaison-de-verbes.com\/blog\/wp-content\/uploads\/2025\/02\/stability-evaluer-la-conjugaison-en-ce1-un-guide-pratique-pour-les-enseignants.png\",\"datePublished\":\"2026-08-31T18:19:48+00:00\",\"description\":\"Un guide pratique pour \u00e9valuer la conjugaison en CE1 : m\u00e9thodes et rep\u00e8res pour accompagner les \u00e9l\u00e8ves dans l'expression de leurs id\u00e9es.\",\"inLanguage\":\"fr-FR\",\"potentialAction\":[{\"@type\":\"ReadAction\",\"target\":[\"https:\/\/conjugaison-de-verbes.com\/blog\/a-la-une\/evaluer-la-conjugaison-en-ce1-un-guide-pratique-pour-les-enseignants\/\"]}]},{\"@type\":\"ImageObject\",\"inLanguage\":\"fr-FR\",\"@id\":\"https:\/\/conjugaison-de-verbes.com\/blog\/a-la-une\/evaluer-la-conjugaison-en-ce1-un-guide-pratique-pour-les-enseignants\/#primaryimage\",\"url\":\"https:\/\/conjugaison-de-verbes.com\/blog\/wp-content\/uploads\/2025\/02\/stability-evaluer-la-conjugaison-en-ce1-un-guide-pratique-pour-les-enseignants.png\",\"contentUrl\":\"https:\/\/conjugaison-de-verbes.com\/blog\/wp-content\/uploads\/2025\/02\/stability-evaluer-la-conjugaison-en-ce1-un-guide-pratique-pour-les-enseignants.png\",\"width\":1024,\"height\":576},{\"@type\":\"WebSite\",\"@id\":\"https:\/\/conjugaison-de-verbes.com\/blog\/#website\",\"url\":\"https:\/\/conjugaison-de-verbes.com\/blog\/\",\"name\":\"conjugaison-de-verbes.com\",\"description\":\"Conjugaison de Verbes, ma\u00eetrisez la langue fran\u00e7aise\",\"publisher\":{\"@id\":\"https:\/\/conjugaison-de-verbes.com\/blog\/#organization\"},\"alternateName\":\"Conjugaison de Verbes, ma\u00eetrisez la langue fran\u00e7aise\",\"potentialAction\":[{\"@type\":\"SearchAction\",\"target\":{\"@type\":\"EntryPoint\",\"urlTemplate\":\"https:\/\/conjugaison-de-verbes.com\/blog\/?s={search_term_string}\"},\"query-input\":{\"@type\":\"PropertyValueSpecification\",\"valueRequired\":true,\"valueName\":\"search_term_string\"}}],\"inLanguage\":\"fr-FR\"},{\"@type\":\"Organization\",\"@id\":\"https:\/\/conjugaison-de-verbes.com\/blog\/#organization\",\"name\":\"Foretsensations.fr\",\"url\":\"https:\/\/conjugaison-de-verbes.com\/blog\/\",\"logo\":{\"@type\":\"ImageObject\",\"inLanguage\":\"fr-FR\",\"@id\":\"https:\/\/conjugaison-de-verbes.com\/blog\/#\/schema\/logo\/image\/\",\"url\":\"https:\/\/conjugaison-de-verbes.com\/blog\/wp-content\/uploads\/2024\/12\/10.png\",\"contentUrl\":\"https:\/\/conjugaison-de-verbes.com\/blog\/wp-content\/uploads\/2024\/12\/10.png\",\"width\":500,\"height\":500,\"caption\":\"Foretsensations.fr\"},\"image\":{\"@id\":\"https:\/\/conjugaison-de-verbes.com\/blog\/#\/schema\/logo\/image\/\"}},{\"@type\":\"Person\",\"@id\":\"https:\/\/conjugaison-de-verbes.com\/blog\/#\/schema\/person\/3c864cdc320801e3db34b663e7e3f816\",\"name\":\"Rapha\u00ebl D.\",\"image\":{\"@type\":\"ImageObject\",\"inLanguage\":\"fr-FR\",\"@id\":\"https:\/\/conjugaison-de-verbes.com\/blog\/#\/schema\/person\/image\/\",\"url\":\"https:\/\/conjugaison-de-verbes.com\/blog\/wp-content\/uploads\/2026\/06\/persona_raphael-d-150x150.jpg\",\"contentUrl\":\"https:\/\/conjugaison-de-verbes.com\/blog\/wp-content\/uploads\/2026\/06\/persona_raphael-d-150x150.jpg\",\"caption\":\"Rapha\u00ebl D.\"},\"description\":\"La culture est mon terrain de jeu depuis une dizaine d'ann\u00e9es : arts visuels, s\u00e9ries, cr\u00e9ation et tout ce qui nourrit l'imaginaire. J'\u00e9cris aussi bien sur l'actualit\u00e9 des \u0153uvres que sur les coulisses de la cr\u00e9ation, avec l'envie de relier l'amateur curieux \u00e0 des univers parfois jug\u00e9s intimidants. J'aime analyser une s\u00e9rie ou une d\u00e9marche artistique sans p\u00e9dantisme, replacer une \u0153uvre dans son contexte et donner des cl\u00e9s de lecture accessibles. Avant de publier, je v\u00e9rifie mes r\u00e9f\u00e9rences, je recoupe les sources et je distingue clairement le fait de mon interpr\u00e9tation subjective. Je crois qu'une critique vaut surtout par les arguments qu'elle expose, pas par la sentence qu'elle rend. Mon angle : transmettre l'envie de d\u00e9couvrir, de regarder autrement et de se forger son propre go\u00fbt. La culture n'appartient pas qu'aux initi\u00e9s, et c'est tout l'enjeu de mon \u00e9criture.\",\"url\":\"https:\/\/conjugaison-de-verbes.com\/blog\/auteur\/raphael-d\/\",\"jobTitle\":\"R\u00e9dacteur en chef \u00b7 Culture & Cr\u00e9ation\",\"knowsAbout\":[\"Culture\",\"Cr\u00e9ation\"],\"email\":\"raphael.d@a-l-asso-de-l-art.fr\"}]}<\/script>\n<!-- \/ Yoast SEO Premium plugin. -->","yoast_head_json":{"title":"\u00c9valuer la conjugaison en CE1 : guide pour enseignants","description":"Un guide pratique pour \u00e9valuer la conjugaison en CE1 : m\u00e9thodes et rep\u00e8res pour accompagner les \u00e9l\u00e8ves dans l'expression de leurs id\u00e9es.","robots":{"index":"index","follow":"follow","max-snippet":"max-snippet:-1","max-image-preview":"max-image-preview:large","max-video-preview":"max-video-preview:-1"},"canonical":"https:\/\/conjugaison-de-verbes.com\/blog\/a-la-une\/evaluer-la-conjugaison-en-ce1-un-guide-pratique-pour-les-enseignants\/","og_locale":"fr_FR","og_type":"article","og_title":"\u00c9valuer la conjugaison en CE1 : guide pour enseignants","og_description":"Un guide pratique pour \u00e9valuer la conjugaison en CE1 : m\u00e9thodes et rep\u00e8res pour accompagner les \u00e9l\u00e8ves dans l'expression de leurs id\u00e9es.","og_url":"https:\/\/conjugaison-de-verbes.com\/blog\/a-la-une\/evaluer-la-conjugaison-en-ce1-un-guide-pratique-pour-les-enseignants\/","og_site_name":"conjugaison-de-verbes","og_image":[{"width":1024,"height":576,"url":"https:\/\/conjugaison-de-verbes.com\/blog\/wp-content\/uploads\/2025\/02\/stability-evaluer-la-conjugaison-en-ce1-un-guide-pratique-pour-les-enseignants.png","type":"image\/png"}],"author":"Rapha\u00ebl D.","twitter_card":"summary_large_image","schema":{"@context":"https:\/\/schema.org","@graph":[{"@type":"NewsArticle","@id":"https:\/\/conjugaison-de-verbes.com\/blog\/a-la-une\/evaluer-la-conjugaison-en-ce1-un-guide-pratique-pour-les-enseignants\/#article","isPartOf":{"@id":"https:\/\/conjugaison-de-verbes.com\/blog\/a-la-une\/evaluer-la-conjugaison-en-ce1-un-guide-pratique-pour-les-enseignants\/"},"author":{"name":"Rapha\u00ebl D.","@id":"https:\/\/conjugaison-de-verbes.com\/blog\/#\/schema\/person\/3c864cdc320801e3db34b663e7e3f816"},"headline":"\u00c9valuer la conjugaison en CE1 : un guide pratique pour les enseignants","datePublished":"2026-08-31T18:19:48+00:00","mainEntityOfPage":{"@id":"https:\/\/conjugaison-de-verbes.com\/blog\/a-la-une\/evaluer-la-conjugaison-en-ce1-un-guide-pratique-pour-les-enseignants\/"},"wordCount":897,"commentCount":24,"publisher":{"@id":"https:\/\/conjugaison-de-verbes.com\/blog\/#organization"},"image":{"@id":"https:\/\/conjugaison-de-verbes.com\/blog\/a-la-une\/evaluer-la-conjugaison-en-ce1-un-guide-pratique-pour-les-enseignants\/#primaryimage"},"thumbnailUrl":"https:\/\/conjugaison-de-verbes.com\/blog\/wp-content\/uploads\/2025\/02\/stability-evaluer-la-conjugaison-en-ce1-un-guide-pratique-pour-les-enseignants.png","keywords":["Apprentissage","CE1","Comp\u00e9tences","Conjugaison","\u00c9valuation","M\u00e9thodes"],"articleSection":["\u00c0 la une"],"inLanguage":"fr-FR","potentialAction":[{"@type":"CommentAction","name":"Comment","target":["https:\/\/conjugaison-de-verbes.com\/blog\/a-la-une\/evaluer-la-conjugaison-en-ce1-un-guide-pratique-pour-les-enseignants\/#respond"]}]},{"@type":"WebPage","@id":"https:\/\/conjugaison-de-verbes.com\/blog\/a-la-une\/evaluer-la-conjugaison-en-ce1-un-guide-pratique-pour-les-enseignants\/","url":"https:\/\/conjugaison-de-verbes.com\/blog\/a-la-une\/evaluer-la-conjugaison-en-ce1-un-guide-pratique-pour-les-enseignants\/","name":"\u00c9valuer la conjugaison en CE1 : guide pour enseignants","isPartOf":{"@id":"https:\/\/conjugaison-de-verbes.com\/blog\/#website"},"primaryImageOfPage":{"@id":"https:\/\/conjugaison-de-verbes.com\/blog\/a-la-une\/evaluer-la-conjugaison-en-ce1-un-guide-pratique-pour-les-enseignants\/#primaryimage"},"image":{"@id":"https:\/\/conjugaison-de-verbes.com\/blog\/a-la-une\/evaluer-la-conjugaison-en-ce1-un-guide-pratique-pour-les-enseignants\/#primaryimage"},"thumbnailUrl":"https:\/\/conjugaison-de-verbes.com\/blog\/wp-content\/uploads\/2025\/02\/stability-evaluer-la-conjugaison-en-ce1-un-guide-pratique-pour-les-enseignants.png","datePublished":"2026-08-31T18:19:48+00:00","description":"Un guide pratique pour \u00e9valuer la conjugaison en CE1 : m\u00e9thodes et rep\u00e8res pour accompagner les \u00e9l\u00e8ves dans l'expression de leurs id\u00e9es.","inLanguage":"fr-FR","potentialAction":[{"@type":"ReadAction","target":["https:\/\/conjugaison-de-verbes.com\/blog\/a-la-une\/evaluer-la-conjugaison-en-ce1-un-guide-pratique-pour-les-enseignants\/"]}]},{"@type":"ImageObject","inLanguage":"fr-FR","@id":"https:\/\/conjugaison-de-verbes.com\/blog\/a-la-une\/evaluer-la-conjugaison-en-ce1-un-guide-pratique-pour-les-enseignants\/#primaryimage","url":"https:\/\/conjugaison-de-verbes.com\/blog\/wp-content\/uploads\/2025\/02\/stability-evaluer-la-conjugaison-en-ce1-un-guide-pratique-pour-les-enseignants.png","contentUrl":"https:\/\/conjugaison-de-verbes.com\/blog\/wp-content\/uploads\/2025\/02\/stability-evaluer-la-conjugaison-en-ce1-un-guide-pratique-pour-les-enseignants.png","width":1024,"height":576},{"@type":"WebSite","@id":"https:\/\/conjugaison-de-verbes.com\/blog\/#website","url":"https:\/\/conjugaison-de-verbes.com\/blog\/","name":"conjugaison-de-verbes.com","description":"Conjugaison de Verbes, ma\u00eetrisez la langue fran\u00e7aise","publisher":{"@id":"https:\/\/conjugaison-de-verbes.com\/blog\/#organization"},"alternateName":"Conjugaison de Verbes, ma\u00eetrisez la langue fran\u00e7aise","potentialAction":[{"@type":"SearchAction","target":{"@type":"EntryPoint","urlTemplate":"https:\/\/conjugaison-de-verbes.com\/blog\/?s={search_term_string}"},"query-input":{"@type":"PropertyValueSpecification","valueRequired":true,"valueName":"search_term_string"}}],"inLanguage":"fr-FR"},{"@type":"Organization","@id":"https:\/\/conjugaison-de-verbes.com\/blog\/#organization","name":"Foretsensations.fr","url":"https:\/\/conjugaison-de-verbes.com\/blog\/","logo":{"@type":"ImageObject","inLanguage":"fr-FR","@id":"https:\/\/conjugaison-de-verbes.com\/blog\/#\/schema\/logo\/image\/","url":"https:\/\/conjugaison-de-verbes.com\/blog\/wp-content\/uploads\/2024\/12\/10.png","contentUrl":"https:\/\/conjugaison-de-verbes.com\/blog\/wp-content\/uploads\/2024\/12\/10.png","width":500,"height":500,"caption":"Foretsensations.fr"},"image":{"@id":"https:\/\/conjugaison-de-verbes.com\/blog\/#\/schema\/logo\/image\/"}},{"@type":"Person","@id":"https:\/\/conjugaison-de-verbes.com\/blog\/#\/schema\/person\/3c864cdc320801e3db34b663e7e3f816","name":"Rapha\u00ebl D.","image":{"@type":"ImageObject","inLanguage":"fr-FR","@id":"https:\/\/conjugaison-de-verbes.com\/blog\/#\/schema\/person\/image\/","url":"https:\/\/conjugaison-de-verbes.com\/blog\/wp-content\/uploads\/2026\/06\/persona_raphael-d-150x150.jpg","contentUrl":"https:\/\/conjugaison-de-verbes.com\/blog\/wp-content\/uploads\/2026\/06\/persona_raphael-d-150x150.jpg","caption":"Rapha\u00ebl D."},"description":"La culture est mon terrain de jeu depuis une dizaine d'ann\u00e9es : arts visuels, s\u00e9ries, cr\u00e9ation et tout ce qui nourrit l'imaginaire. J'\u00e9cris aussi bien sur l'actualit\u00e9 des \u0153uvres que sur les coulisses de la cr\u00e9ation, avec l'envie de relier l'amateur curieux \u00e0 des univers parfois jug\u00e9s intimidants. J'aime analyser une s\u00e9rie ou une d\u00e9marche artistique sans p\u00e9dantisme, replacer une \u0153uvre dans son contexte et donner des cl\u00e9s de lecture accessibles. Avant de publier, je v\u00e9rifie mes r\u00e9f\u00e9rences, je recoupe les sources et je distingue clairement le fait de mon interpr\u00e9tation subjective. Je crois qu'une critique vaut surtout par les arguments qu'elle expose, pas par la sentence qu'elle rend. Mon angle : transmettre l'envie de d\u00e9couvrir, de regarder autrement et de se forger son propre go\u00fbt. La culture n'appartient pas qu'aux initi\u00e9s, et c'est tout l'enjeu de mon \u00e9criture.","url":"https:\/\/conjugaison-de-verbes.com\/blog\/auteur\/raphael-d\/","jobTitle":"R\u00e9dacteur en chef \u00b7 Culture & Cr\u00e9ation","knowsAbout":["Culture","Cr\u00e9ation"],"email":"raphael.d@a-l-asso-de-l-art.fr"}]}},"_links":{"self":[{"href":"https:\/\/conjugaison-de-verbes.com\/blog\/wp-json\/wp\/v2\/posts\/7459","targetHints":{"allow":["GET"]}}],"collection":[{"href":"https:\/\/conjugaison-de-verbes.com\/blog\/wp-json\/wp\/v2\/posts"}],"about":[{"href":"https:\/\/conjugaison-de-verbes.com\/blog\/wp-json\/wp\/v2\/types\/post"}],"author":[{"embeddable":true,"href":"https:\/\/conjugaison-de-verbes.com\/blog\/wp-json\/wp\/v2\/users\/34"}],"replies":[{"embeddable":true,"href":"https:\/\/conjugaison-de-verbes.com\/blog\/wp-json\/wp\/v2\/comments?post=7459"}],"version-history":[{"count":3,"href":"https:\/\/conjugaison-de-verbes.com\/blog\/wp-json\/wp\/v2\/posts\/7459\/revisions"}],"predecessor-version":[{"id":8098,"href":"https:\/\/conjugaison-de-verbes.com\/blog\/wp-json\/wp\/v2\/posts\/7459\/revisions\/8098"}],"wp:featuredmedia":[{"embeddable":true,"href":"https:\/\/conjugaison-de-verbes.com\/blog\/wp-json\/wp\/v2\/media\/7462"}],"wp:attachment":[{"href":"https:\/\/conjugaison-de-verbes.com\/blog\/wp-json\/wp\/v2\/media?parent=7459"}],"wp:term":[{"taxonomy":"category","embeddable":true,"href":"https:\/\/conjugaison-de-verbes.com\/blog\/wp-json\/wp\/v2\/categories?post=7459"},{"taxonomy":"post_tag","embeddable":true,"href":"https:\/\/conjugaison-de-verbes.com\/blog\/wp-json\/wp\/v2\/tags?post=7459"}],"curies":[{"name":"wp","href":"https:\/\/api.w.org\/{rel}","templated":true}]}}