{"id":7445,"date":"2026-08-31T19:27:58","date_gmt":"2026-08-31T17:27:58","guid":{"rendered":"https:\/\/conjugaison-de-verbes.com\/blog\/?p=7445"},"modified":"2026-08-31T19:27:58","modified_gmt":"2026-08-31T17:27:58","slug":"comprendre-le-trou-de-conjugaison-et-ses-symptomes-guide-complet","status":"publish","type":"post","link":"https:\/\/conjugaison-de-verbes.com\/blog\/a-la-une\/comprendre-le-trou-de-conjugaison-et-ses-symptomes-guide-complet\/","title":{"rendered":"Comprendre le trou de conjugaison et ses sympt\u00f4mes : Guide complet"},"content":{"rendered":"<link rel=\"stylesheet\" href=\"https:\/\/fonts.googleapis.com\/css2?family=Space+Grotesk:wght@600;700&#038;family=Inter:wght@400;500;600&#038;family=JetBrains+Mono:wght@500&#038;display=swap\">\n<style>\n.cdv-wrap{font-family:'Inter',-apple-system,sans-serif;font-size:17px;line-height:1.65;color:#1f2430;}\n.cdv-wrap h2{font-family:'Space Grotesk','Inter',sans-serif;font-size:clamp(22px,3vw,30px);font-weight:700;letter-spacing:-0.01em;color:#171b26;margin:48px 0 16px;}\n.cdv-wrap h3{font-family:'Space Grotesk','Inter',sans-serif;font-size:19px;font-weight:700;color:#171b26;margin:22px 0 10px;}\n.cdv-wrap p{margin:0 0 16px;}\n.cdv-wrap strong{color:#171b26;}\n.cdv-lead{font-size:19px;line-height:1.6;color:#3a4152;margin:0 0 22px;}\n.cdv-brief{background:#eef2fb;border-left:5px solid #3a5fc4;border-radius:8px;padding:22px 26px;margin:0 0 32px;}\n.cdv-brief-kicker{font-family:'JetBrains Mono',monospace;font-size:12px;font-weight:500;letter-spacing:1.5px;text-transform:uppercase;color:#3a5fc4;margin-bottom:8px;display:block;}\n.cdv-brief-txt{font-size:18px;line-height:1.55;color:#1f2430;font-weight:500;margin-bottom:14px;}\n.cdv-brief ul{margin:0;padding-left:20px;}\n.cdv-brief li{margin-bottom:6px;}\n.cdv-cards{display:grid;grid-template-columns:repeat(auto-fit,minmax(220px,1fr));gap:18px;margin:20px 0 28px;}\n.cdv-card{background:#fff;border:1px solid #e2e6ef;border-top:3px solid #3a5fc4;border-radius:8px;padding:18px 20px;box-shadow:0 1px 2px rgba(16,24,40,.05),0 12px 24px -18px rgba(16,24,40,.2);transition:.25s ease;}\n.cdv-card:hover{transform:translateY(-3px);box-shadow:0 4px 10px rgba(16,24,40,.1),0 16px 28px -16px rgba(16,24,40,.25);}\n.cdv-card-h{font-family:'Space Grotesk','Inter',sans-serif;font-weight:700;font-size:15.5px;color:#171b26;margin-bottom:6px;}\n.cdv-card-t{font-size:15px;color:#4a5162;line-height:1.5;}\n.cdv-quote{background:#171b26;color:#eef1f9;border-radius:8px;padding:24px 28px;margin:28px 0;}\n.cdv-quote-txt{font-family:'Space Grotesk','Inter',sans-serif;font-size:19px;font-style:italic;font-weight:600;color:#fff!important;line-height:1.5;}\n.cdv-table-wrap{overflow-x:auto;border-radius:8px;border:1px solid #e2e6ef;margin:20px 0 28px;}\n.cdv-table-wrap table{width:100%;border-collapse:collapse;font-size:15px;}\n.cdv-table-wrap th{background:#3a5fc4;color:#fff;text-align:left;padding:12px 14px;font-family:'JetBrains Mono',monospace;font-size:12.5px;letter-spacing:.5px;text-transform:uppercase;font-weight:500;}\n.cdv-table-wrap td{padding:12px 14px;border-top:1px solid #e2e6ef;}\n.cdv-table-wrap tr:nth-child(even) td{background:#f7f9fd;}\n.cdv-retain{background:#171b26;color:#eef1f9;border-radius:10px;padding:26px 28px;margin:36px 0;}\n.cdv-retain-h{font-family:'Space Grotesk','Inter',sans-serif;font-weight:700;font-size:19px;color:#fff!important;margin-bottom:14px;display:block;}\n.cdv-retain ul{margin:0;padding-left:20px;}\n.cdv-retain li{color:#eef1f9!important;margin-bottom:8px;line-height:1.5;}\n.cdv-retain strong{color:#fff!important;}\n.cdv-faq{margin:28px 0;}\n.cdv-faq details{background:#fff;border:1px solid #e2e6ef;border-radius:8px;padding:16px 20px;margin-bottom:10px;}\n.cdv-faq summary{font-family:'Space Grotesk','Inter',sans-serif;font-weight:700;font-size:16px;color:#171b26;cursor:pointer;list-style:none;}\n.cdv-faq summary::-webkit-details-marker{display:none;}\n.cdv-faq summary::before{content:\"+ \";color:#3a5fc4;font-weight:700;}\n.cdv-faq details[open] summary::before{content:\"\u2013 \";}\n.cdv-faq-a{margin-top:10px;font-size:15.5px;color:#3a4152;line-height:1.55;}\n.cdv-links{background:#f7f9fd;border:1px solid #e2e6ef;border-radius:8px;padding:16px 20px;margin:20px 0;}\n.cdv-links-h{font-family:'JetBrains Mono',monospace;font-size:12px;letter-spacing:1px;text-transform:uppercase;color:#3a5fc4;margin-bottom:8px;display:block;}\n.cdv-links a{color:#3a5fc4;font-weight:600;text-decoration:underline;}\n<\/style>\n<div class=\"cdv-wrap\">\n<p class=\"cdv-lead\">Un enfant qui conna\u00eet pourtant bien ses r\u00e8gles de grammaire peut soudain \u00ab\u00a0s\u00e9cher\u00a0\u00bb devant un verbe \u00e0 conjuguer. Ce blocage a un nom courant chez les enseignants et les parents : le trou de conjugaison. Voici ce qu&rsquo;il recouvre, comment le rep\u00e9rer et comment aider un \u00e9l\u00e8ve \u00e0 le surmonter.<\/p>\n<aside class=\"cdv-brief\">\n  <span class=\"cdv-brief-kicker\">En bref<\/span><\/p>\n<div class=\"cdv-brief-txt\">Le trou de conjugaison, c&rsquo;est le moment o\u00f9 un \u00e9l\u00e8ve, malgr\u00e9 une bonne ma\u00eetrise de la grammaire et de la syntaxe, n&rsquo;arrive plus \u00e0 retrouver la bonne forme d&rsquo;un verbe. Il se manifeste par des oublis, des confusions de temps ou des terminaisons erron\u00e9es.<\/div>\n<ul>\n<li>Touche des enfants qui ma\u00eetrisent par ailleurs bien la langue<\/li>\n<li>Peut affecter la confiance en soi et la motivation \u00e0 apprendre<\/li>\n<li>Se travaille par la pratique r\u00e9guli\u00e8re, la lecture et les supports visuels<\/li>\n<\/ul>\n<\/aside>\n<h2>Qu&rsquo;est-ce qu&rsquo;un trou de conjugaison ?<\/h2>\n<p>Ce ph\u00e9nom\u00e8ne se manifeste souvent par des erreurs fr\u00e9quentes, des oublis ou des confusions lors de la conjugaison des verbes. En gros, un trou de conjugaison se produit lorsque l&rsquo;\u00e9l\u00e8ve ne parvient pas \u00e0 se souvenir des r\u00e8gles de conjugaison qu&rsquo;il a apprises.<\/p>\n<p>Cette probl\u00e9matique peut \u00eatre frustrante, tant pour les \u00e9l\u00e8ves que pour les enseignants. Les enfants peuvent avoir une ma\u00eetrise parfaite de la grammaire et de la syntaxe, mais \u00eatre incapables de conjuguer correctement des verbes. Cela peut \u00e9galement affecter leur confiance en soi et leur motivation \u00e0 apprendre. Pour revoir les bases avant d&rsquo;aller plus loin, direction notre <a href=\"https:\/\/conjugaison-de-verbes.com\/blog\/a-la-une\/les-conjugaisons-des-verbes-pronominaux-en-francais\/\">guide sur les conjugaisons des verbes pronominaux<\/a>.<\/p>\n<h2>Les sympt\u00f4mes associ\u00e9s au trou de conjugaison<\/h2>\n<p>Les sympt\u00f4mes d&rsquo;un trou de conjugaison peuvent varier, mais on observe g\u00e9n\u00e9ralement les \u00e9l\u00e9ments suivants :<\/p>\n<div class=\"cdv-cards\">\n<div class=\"cdv-card\">\n<div class=\"cdv-card-h\">Confusion verbale<\/div>\n<div class=\"cdv-card-t\">L&rsquo;enfant m\u00e9lange les temps du verbe, passant d&rsquo;un temps \u00e0 l&rsquo;autre sans raison.<\/div>\n<\/p><\/div>\n<div class=\"cdv-card\">\n<div class=\"cdv-card-h\">Oublis fr\u00e9quents<\/div>\n<div class=\"cdv-card-t\">Des verbes sont souvent omis ou oubli\u00e9s dans des phrases.<\/div>\n<\/p><\/div>\n<div class=\"cdv-card\">\n<div class=\"cdv-card-h\">Terminaisons incorrectes<\/div>\n<div class=\"cdv-card-t\">L&rsquo;\u00e9l\u00e8ve peut utiliser des terminaisons qui ne correspondent pas au temps ou au sujet.<\/div>\n<\/p><\/div>\n<\/div>\n<p>Ces sympt\u00f4mes peuvent survenir dans diff\u00e9rents contextes, que ce soit \u00e0 l&rsquo;\u00e9cole, \u00e0 la maison ou lors d&rsquo;exercices de r\u00e9daction. Cela peut \u00e9galement entra\u00eener des difficult\u00e9s d&rsquo;apprentissage plus larges si le probl\u00e8me n&rsquo;est pas abord\u00e9.<\/p>\n<p><img width=\"1024\" height=\"576\" src=\"https:\/\/conjugaison-de-verbes.com\/blog\/wp-content\/uploads\/2025\/02\/stability-comprendre-le-trou-de-conjugaison-et-ses-symptomes-guide-complet-1.png\" class=\"aligncenter\" alt=\"Illustration d\u00e9taill\u00e9e sur Comprendre le trou de conjugaison et ses sympt\u00f4mes : Guide complet\" title=\"Comprendre le trou de conjugaison et ses sympt\u00f4mes : Guide complet\" decoding=\"async\" loading=\"lazy\" \/><\/p>\n<h2>Causes du trou de conjugaison<\/h2>\n<p>Plusieurs facteurs peuvent contribuer \u00e0 l&rsquo;apparition d&rsquo;un trou de conjugaison :<\/p>\n<div class=\"cdv-cards\">\n<div class=\"cdv-card\">\n<div class=\"cdv-card-h\">Manque de pratique<\/div>\n<div class=\"cdv-card-t\">Une exposition insuffisante \u00e0 des exercices de conjugaison peut limiter la ma\u00eetrise des r\u00e8gles.<\/div>\n<\/p><\/div>\n<div class=\"cdv-card\">\n<div class=\"cdv-card-h\">Stress ou anxi\u00e9t\u00e9<\/div>\n<div class=\"cdv-card-t\">La pression lors des \u00e9valuations peut amener les \u00e9l\u00e8ves \u00e0 oublier ce qu&rsquo;ils ont appris.<\/div>\n<\/p><\/div>\n<div class=\"cdv-card\">\n<div class=\"cdv-card-h\">Difficult\u00e9s cognitives<\/div>\n<div class=\"cdv-card-t\">Certains enfants peuvent avoir des troubles d&rsquo;apprentissage qui affectent leur capacit\u00e9 \u00e0 assimiler les r\u00e8gles de conjugaison.<\/div>\n<\/p><\/div>\n<\/div>\n<p>Pour consolider les fondamentaux et limiter ces blocages, un d\u00e9tour par nos <a href=\"https:\/\/conjugaison-de-verbes.com\/blog\/a-la-une\/les-regles-de-conjugaison-francaise-a-connaitre-absolument\/\">r\u00e8gles de conjugaison fran\u00e7aise \u00e0 conna\u00eetre absolument<\/a> aide souvent \u00e0 combler les lacunes \u00e0 la source.<\/p>\n<h2>Comment surmonter le trou de conjugaison ?<\/h2>\n<p>Surmonter un trou de conjugaison n\u00e9cessite une approche m\u00e9thodique et patiente. Voici quelques \u00e9tapes \u00e0 suivre :<\/p>\n<div class=\"cdv-cards\">\n<div class=\"cdv-card\">\n<div class=\"cdv-card-h\">Pratiquer r\u00e9guli\u00e8rement<\/div>\n<div class=\"cdv-card-t\">Proposer des exercices vari\u00e9s de conjugaison peut aider \u00e0 renforcer les comp\u00e9tences. Utilisez des jeux \u00e9ducatifs, des applications et des livres sp\u00e9cialis\u00e9s.<\/div>\n<\/p><\/div>\n<div class=\"cdv-card\">\n<div class=\"cdv-card-h\">Encourager la lecture<\/div>\n<div class=\"cdv-card-t\">La lecture de livres adapt\u00e9s au niveau de l&rsquo;enfant expose celui-ci \u00e0 des structures verbales correctes et renforce l&rsquo;apprentissage.<\/div>\n<\/p><\/div>\n<div class=\"cdv-card\">\n<div class=\"cdv-card-h\">Utiliser des supports visuels<\/div>\n<div class=\"cdv-card-t\">Les tableaux de conjugaison, les cartes et les infographies peuvent faciliter la m\u00e9morisation des r\u00e8gles.<\/div>\n<\/p><\/div>\n<\/div>\n<div class=\"cdv-quote\">\n<div class=\"cdv-quote-txt\">&laquo; L&rsquo;apprentissage est un voyage, pas une destination. &raquo;<\/div>\n<\/div>\n<h2>Tableau r\u00e9capitulatif des sympt\u00f4mes et solutions<\/h2>\n<div class=\"cdv-table-wrap\">\n<table>\n<tr>\n<th>Sympt\u00f4mes<\/th>\n<th>Solutions<\/th>\n<th>Conseils suppl\u00e9mentaires<\/th>\n<\/tr>\n<tr>\n<td>Confusion verbale<\/td>\n<td>Exercices de conjugaison cibl\u00e9s<\/td>\n<td>Faire des jeux de r\u00f4le pour pratiquer<\/td>\n<\/tr>\n<tr>\n<td>Oublis fr\u00e9quents<\/td>\n<td>Utiliser des supports visuels<\/td>\n<td>Encourager la cr\u00e9ation de phrases<\/td>\n<\/tr>\n<tr>\n<td>Utilisation incorrecte des terminaisons<\/td>\n<td>R\u00e9visions r\u00e9guli\u00e8res<\/td>\n<td>Valoriser les progr\u00e8s, m\u00eame petits<\/td>\n<\/tr>\n<\/table>\n<\/div>\n<p>En somme, le trou de conjugaison peut sembler un d\u00e9fi, mais avec les bonnes strat\u00e9gies et un soutien ad\u00e9quat, il est tout \u00e0 fait possible de surmonter cette difficult\u00e9. Chaque enfant apprend \u00e0 son rythme, et chaque progr\u00e8s m\u00e9rite d&rsquo;\u00eatre c\u00e9l\u00e9br\u00e9. L&rsquo;apprentissage des conjugaisons ouvre la voie \u00e0 une meilleure expression \u00e9crite et orale, et contribue \u00e0 renforcer la confiance en soi des \u00e9l\u00e8ves.<\/p>\n<div class=\"cdv-retain\">\n  <span class=\"cdv-retain-h\">\u00c0 retenir<\/span><\/p>\n<ul>\n<li>Le trou de conjugaison n&rsquo;est pas un manque de niveau g\u00e9n\u00e9ral : il touche parfois des enfants tr\u00e8s \u00e0 l&rsquo;aise en grammaire.<\/li>\n<li>Ses signes principaux : confusion des temps, oublis de verbes, mauvaises terminaisons.<\/li>\n<li>Il s&rsquo;explique le plus souvent par le manque de pratique, le stress ou des difficult\u00e9s d&rsquo;apprentissage.<\/li>\n<li>La pratique r\u00e9guli\u00e8re, la lecture et les supports visuels restent les leviers les plus efficaces.<\/li>\n<li>Un soutien patient et valorisant conditionne autant les progr\u00e8s que les exercices eux-m\u00eames.<\/li>\n<\/ul>\n<\/div>\n<div class=\"cdv-faq\">\n<details>\n<summary>Quels types d&rsquo;exercices peuvent aider \u00e0 r\u00e9duire les trous de conjugaison ?<\/summary>\n<div class=\"cdv-faq-a\">Les jeux de soci\u00e9t\u00e9, les applications \u00e9ducatives et les fiches de r\u00e9vision sont efficaces.<\/div>\n<\/details>\n<details>\n<summary>Quel r\u00f4le joue le soutien parental dans l&rsquo;apprentissage des conjugaisons ?<\/summary>\n<div class=\"cdv-faq-a\">Un soutien actif motive l&rsquo;enfant et renforce ses comp\u00e9tences linguistiques.<\/div>\n<\/details>\n<details>\n<summary>Est-ce que tous les enfants rencontrent des trous de conjugaison ?<\/summary>\n<div class=\"cdv-faq-a\">Non, cela varie d&rsquo;un enfant \u00e0 l&rsquo;autre : certains peuvent ma\u00eetriser les conjugaisons sans difficult\u00e9 particuli\u00e8re.<\/div>\n<\/details>\n<details>\n<summary>\u00c0 quel \u00e2ge les enfants commencent-ils \u00e0 apprendre la conjugaison ?<\/summary>\n<div class=\"cdv-faq-a\">Les bases de la conjugaison sont g\u00e9n\u00e9ralement introduites d\u00e8s le CE1.<\/div>\n<\/details>\n<details>\n<summary>Peut-on pr\u00e9venir un trou de conjugaison avant qu&rsquo;il n&rsquo;apparaisse ?<\/summary>\n<div class=\"cdv-faq-a\">La pr\u00e9vention passe surtout par la r\u00e9gularit\u00e9 : exercices courts mais fr\u00e9quents, lecture partag\u00e9e et supports visuels d\u00e8s les premi\u00e8res le\u00e7ons de conjugaison, plut\u00f4t qu&rsquo;un rattrapage une fois le blocage install\u00e9.<\/div>\n<\/details>\n<\/div>\n<div class=\"cdv-links\">\n  <span class=\"cdv-links-h\">Pour aller plus loin<\/span><br \/>\n  <a href=\"https:\/\/conjugaison-de-verbes.com\/blog\/a-la-une\/les-conjugaisons-des-verbes-pronominaux-en-francais\/\">Les conjugaisons des verbes pronominaux en fran\u00e7ais<\/a><br \/>\n  <a href=\"https:\/\/conjugaison-de-verbes.com\/blog\/a-la-une\/les-regles-de-conjugaison-francaise-a-connaitre-absolument\/\">Les r\u00e8gles de conjugaison fran\u00e7aise \u00e0 conna\u00eetre absolument<\/a>\n<\/div>\n<\/div>\n","protected":false},"excerpt":{"rendered":"","protected":false},"author":34,"featured_media":7446,"comment_status":"open","ping_status":"open","sticky":false,"template":"","format":"standard","meta":{"_acf_changed":false,"manual_indexmenow":false,"indexmenow_id_project":0,"footnotes":""},"categories":[1],"tags":[4595,4537,4624,2756,4623,4625],"class_list":["post-7445","post","type-post","status-publish","format-standard","has-post-thumbnail","hentry","category-a-la-une","tag-erreurs-frequentes","tag-pratique-reguliere","tag-soutien-parental","tag-symptomes","tag-trois-de-conjugaison","tag-utilisation-incorrecte","generate-columns","tablet-grid-50","mobile-grid-100","grid-parent","grid-25"],"acf":[],"yoast_head":"<!-- This site is optimized with the Yoast SEO Premium plugin v21.3 (Yoast SEO v25.6) - https:\/\/yoast.com\/wordpress\/plugins\/seo\/ -->\n<title>Le trou de conjugaison et ses sympt\u00f4mes : guide complet<\/title>\n<meta name=\"description\" content=\"Qu&#039;est-ce qu&#039;un trou de conjugaison ? Comprenez ce ph\u00e9nom\u00e8ne, ses signes (erreurs, oublis, confusions) et comment y rem\u00e9dier efficacement.\" \/>\n<meta name=\"robots\" content=\"index, follow, max-snippet:-1, max-image-preview:large, max-video-preview:-1\" \/>\n<link rel=\"canonical\" href=\"https:\/\/conjugaison-de-verbes.com\/blog\/a-la-une\/comprendre-le-trou-de-conjugaison-et-ses-symptomes-guide-complet\/\" \/>\n<meta property=\"og:locale\" content=\"fr_FR\" \/>\n<meta property=\"og:type\" content=\"article\" \/>\n<meta property=\"og:title\" content=\"Le trou de conjugaison et ses sympt\u00f4mes : guide complet\" \/>\n<meta property=\"og:description\" content=\"Qu&#039;est-ce qu&#039;un trou de conjugaison ? Comprenez ce ph\u00e9nom\u00e8ne, ses signes (erreurs, oublis, confusions) et comment y rem\u00e9dier efficacement.\" \/>\n<meta property=\"og:url\" content=\"https:\/\/conjugaison-de-verbes.com\/blog\/a-la-une\/comprendre-le-trou-de-conjugaison-et-ses-symptomes-guide-complet\/\" \/>\n<meta property=\"og:site_name\" content=\"conjugaison-de-verbes\" \/>\n<meta property=\"og:image\" content=\"https:\/\/conjugaison-de-verbes.com\/blog\/wp-content\/uploads\/2025\/02\/stability-comprendre-le-trou-de-conjugaison-et-ses-symptomes-guide-complet.png\" \/>\n\t<meta property=\"og:image:width\" content=\"1024\" \/>\n\t<meta property=\"og:image:height\" content=\"576\" \/>\n\t<meta property=\"og:image:type\" content=\"image\/png\" \/>\n<meta name=\"author\" content=\"Rapha\u00ebl D.\" \/>\n<meta name=\"twitter:card\" content=\"summary_large_image\" \/>\n<script type=\"application\/ld+json\" class=\"yoast-schema-graph\">{\"@context\":\"https:\/\/schema.org\",\"@graph\":[{\"@type\":\"NewsArticle\",\"@id\":\"https:\/\/conjugaison-de-verbes.com\/blog\/a-la-une\/comprendre-le-trou-de-conjugaison-et-ses-symptomes-guide-complet\/#article\",\"isPartOf\":{\"@id\":\"https:\/\/conjugaison-de-verbes.com\/blog\/a-la-une\/comprendre-le-trou-de-conjugaison-et-ses-symptomes-guide-complet\/\"},\"author\":{\"name\":\"Rapha\u00ebl D.\",\"@id\":\"https:\/\/conjugaison-de-verbes.com\/blog\/#\/schema\/person\/3c864cdc320801e3db34b663e7e3f816\"},\"headline\":\"Comprendre le trou de conjugaison et ses sympt\u00f4mes : Guide complet\",\"datePublished\":\"2026-08-31T17:27:58+00:00\",\"mainEntityOfPage\":{\"@id\":\"https:\/\/conjugaison-de-verbes.com\/blog\/a-la-une\/comprendre-le-trou-de-conjugaison-et-ses-symptomes-guide-complet\/\"},\"wordCount\":998,\"commentCount\":25,\"publisher\":{\"@id\":\"https:\/\/conjugaison-de-verbes.com\/blog\/#organization\"},\"image\":{\"@id\":\"https:\/\/conjugaison-de-verbes.com\/blog\/a-la-une\/comprendre-le-trou-de-conjugaison-et-ses-symptomes-guide-complet\/#primaryimage\"},\"thumbnailUrl\":\"https:\/\/conjugaison-de-verbes.com\/blog\/wp-content\/uploads\/2025\/02\/stability-comprendre-le-trou-de-conjugaison-et-ses-symptomes-guide-complet.png\",\"keywords\":[\"Erreurs Fr\u00e9quentes\",\"Pratique R\u00e9guli\u00e8re\",\"Soutien Parental\",\"Sympt\u00f4mes\",\"Trois De Conjugaison\",\"Utilisation Incorrecte\"],\"articleSection\":[\"\u00c0 la une\"],\"inLanguage\":\"fr-FR\",\"potentialAction\":[{\"@type\":\"CommentAction\",\"name\":\"Comment\",\"target\":[\"https:\/\/conjugaison-de-verbes.com\/blog\/a-la-une\/comprendre-le-trou-de-conjugaison-et-ses-symptomes-guide-complet\/#respond\"]}]},{\"@type\":\"WebPage\",\"@id\":\"https:\/\/conjugaison-de-verbes.com\/blog\/a-la-une\/comprendre-le-trou-de-conjugaison-et-ses-symptomes-guide-complet\/\",\"url\":\"https:\/\/conjugaison-de-verbes.com\/blog\/a-la-une\/comprendre-le-trou-de-conjugaison-et-ses-symptomes-guide-complet\/\",\"name\":\"Le trou de conjugaison et ses sympt\u00f4mes : guide complet\",\"isPartOf\":{\"@id\":\"https:\/\/conjugaison-de-verbes.com\/blog\/#website\"},\"primaryImageOfPage\":{\"@id\":\"https:\/\/conjugaison-de-verbes.com\/blog\/a-la-une\/comprendre-le-trou-de-conjugaison-et-ses-symptomes-guide-complet\/#primaryimage\"},\"image\":{\"@id\":\"https:\/\/conjugaison-de-verbes.com\/blog\/a-la-une\/comprendre-le-trou-de-conjugaison-et-ses-symptomes-guide-complet\/#primaryimage\"},\"thumbnailUrl\":\"https:\/\/conjugaison-de-verbes.com\/blog\/wp-content\/uploads\/2025\/02\/stability-comprendre-le-trou-de-conjugaison-et-ses-symptomes-guide-complet.png\",\"datePublished\":\"2026-08-31T17:27:58+00:00\",\"description\":\"Qu'est-ce qu'un trou de conjugaison ? Comprenez ce ph\u00e9nom\u00e8ne, ses signes (erreurs, oublis, confusions) et comment y rem\u00e9dier efficacement.\",\"inLanguage\":\"fr-FR\",\"potentialAction\":[{\"@type\":\"ReadAction\",\"target\":[\"https:\/\/conjugaison-de-verbes.com\/blog\/a-la-une\/comprendre-le-trou-de-conjugaison-et-ses-symptomes-guide-complet\/\"]}]},{\"@type\":\"ImageObject\",\"inLanguage\":\"fr-FR\",\"@id\":\"https:\/\/conjugaison-de-verbes.com\/blog\/a-la-une\/comprendre-le-trou-de-conjugaison-et-ses-symptomes-guide-complet\/#primaryimage\",\"url\":\"https:\/\/conjugaison-de-verbes.com\/blog\/wp-content\/uploads\/2025\/02\/stability-comprendre-le-trou-de-conjugaison-et-ses-symptomes-guide-complet.png\",\"contentUrl\":\"https:\/\/conjugaison-de-verbes.com\/blog\/wp-content\/uploads\/2025\/02\/stability-comprendre-le-trou-de-conjugaison-et-ses-symptomes-guide-complet.png\",\"width\":1024,\"height\":576},{\"@type\":\"WebSite\",\"@id\":\"https:\/\/conjugaison-de-verbes.com\/blog\/#website\",\"url\":\"https:\/\/conjugaison-de-verbes.com\/blog\/\",\"name\":\"conjugaison-de-verbes.com\",\"description\":\"Conjugaison de Verbes, ma\u00eetrisez la langue fran\u00e7aise\",\"publisher\":{\"@id\":\"https:\/\/conjugaison-de-verbes.com\/blog\/#organization\"},\"alternateName\":\"Conjugaison de Verbes, ma\u00eetrisez la langue fran\u00e7aise\",\"potentialAction\":[{\"@type\":\"SearchAction\",\"target\":{\"@type\":\"EntryPoint\",\"urlTemplate\":\"https:\/\/conjugaison-de-verbes.com\/blog\/?s={search_term_string}\"},\"query-input\":{\"@type\":\"PropertyValueSpecification\",\"valueRequired\":true,\"valueName\":\"search_term_string\"}}],\"inLanguage\":\"fr-FR\"},{\"@type\":\"Organization\",\"@id\":\"https:\/\/conjugaison-de-verbes.com\/blog\/#organization\",\"name\":\"Foretsensations.fr\",\"url\":\"https:\/\/conjugaison-de-verbes.com\/blog\/\",\"logo\":{\"@type\":\"ImageObject\",\"inLanguage\":\"fr-FR\",\"@id\":\"https:\/\/conjugaison-de-verbes.com\/blog\/#\/schema\/logo\/image\/\",\"url\":\"https:\/\/conjugaison-de-verbes.com\/blog\/wp-content\/uploads\/2024\/12\/10.png\",\"contentUrl\":\"https:\/\/conjugaison-de-verbes.com\/blog\/wp-content\/uploads\/2024\/12\/10.png\",\"width\":500,\"height\":500,\"caption\":\"Foretsensations.fr\"},\"image\":{\"@id\":\"https:\/\/conjugaison-de-verbes.com\/blog\/#\/schema\/logo\/image\/\"}},{\"@type\":\"Person\",\"@id\":\"https:\/\/conjugaison-de-verbes.com\/blog\/#\/schema\/person\/3c864cdc320801e3db34b663e7e3f816\",\"name\":\"Rapha\u00ebl D.\",\"image\":{\"@type\":\"ImageObject\",\"inLanguage\":\"fr-FR\",\"@id\":\"https:\/\/conjugaison-de-verbes.com\/blog\/#\/schema\/person\/image\/\",\"url\":\"https:\/\/conjugaison-de-verbes.com\/blog\/wp-content\/uploads\/2026\/06\/persona_raphael-d-150x150.jpg\",\"contentUrl\":\"https:\/\/conjugaison-de-verbes.com\/blog\/wp-content\/uploads\/2026\/06\/persona_raphael-d-150x150.jpg\",\"caption\":\"Rapha\u00ebl D.\"},\"description\":\"La culture est mon terrain de jeu depuis une dizaine d'ann\u00e9es : arts visuels, s\u00e9ries, cr\u00e9ation et tout ce qui nourrit l'imaginaire. J'\u00e9cris aussi bien sur l'actualit\u00e9 des \u0153uvres que sur les coulisses de la cr\u00e9ation, avec l'envie de relier l'amateur curieux \u00e0 des univers parfois jug\u00e9s intimidants. J'aime analyser une s\u00e9rie ou une d\u00e9marche artistique sans p\u00e9dantisme, replacer une \u0153uvre dans son contexte et donner des cl\u00e9s de lecture accessibles. Avant de publier, je v\u00e9rifie mes r\u00e9f\u00e9rences, je recoupe les sources et je distingue clairement le fait de mon interpr\u00e9tation subjective. Je crois qu'une critique vaut surtout par les arguments qu'elle expose, pas par la sentence qu'elle rend. Mon angle : transmettre l'envie de d\u00e9couvrir, de regarder autrement et de se forger son propre go\u00fbt. La culture n'appartient pas qu'aux initi\u00e9s, et c'est tout l'enjeu de mon \u00e9criture.\",\"url\":\"https:\/\/conjugaison-de-verbes.com\/blog\/auteur\/raphael-d\/\",\"jobTitle\":\"R\u00e9dacteur en chef \u00b7 Culture & Cr\u00e9ation\",\"knowsAbout\":[\"Culture\",\"Cr\u00e9ation\"],\"email\":\"raphael.d@a-l-asso-de-l-art.fr\"}]}<\/script>\n<!-- \/ Yoast SEO Premium plugin. -->","yoast_head_json":{"title":"Le trou de conjugaison et ses sympt\u00f4mes : guide complet","description":"Qu'est-ce qu'un trou de conjugaison ? Comprenez ce ph\u00e9nom\u00e8ne, ses signes (erreurs, oublis, confusions) et comment y rem\u00e9dier efficacement.","robots":{"index":"index","follow":"follow","max-snippet":"max-snippet:-1","max-image-preview":"max-image-preview:large","max-video-preview":"max-video-preview:-1"},"canonical":"https:\/\/conjugaison-de-verbes.com\/blog\/a-la-une\/comprendre-le-trou-de-conjugaison-et-ses-symptomes-guide-complet\/","og_locale":"fr_FR","og_type":"article","og_title":"Le trou de conjugaison et ses sympt\u00f4mes : guide complet","og_description":"Qu'est-ce qu'un trou de conjugaison ? Comprenez ce ph\u00e9nom\u00e8ne, ses signes (erreurs, oublis, confusions) et comment y rem\u00e9dier efficacement.","og_url":"https:\/\/conjugaison-de-verbes.com\/blog\/a-la-une\/comprendre-le-trou-de-conjugaison-et-ses-symptomes-guide-complet\/","og_site_name":"conjugaison-de-verbes","og_image":[{"width":1024,"height":576,"url":"https:\/\/conjugaison-de-verbes.com\/blog\/wp-content\/uploads\/2025\/02\/stability-comprendre-le-trou-de-conjugaison-et-ses-symptomes-guide-complet.png","type":"image\/png"}],"author":"Rapha\u00ebl D.","twitter_card":"summary_large_image","schema":{"@context":"https:\/\/schema.org","@graph":[{"@type":"NewsArticle","@id":"https:\/\/conjugaison-de-verbes.com\/blog\/a-la-une\/comprendre-le-trou-de-conjugaison-et-ses-symptomes-guide-complet\/#article","isPartOf":{"@id":"https:\/\/conjugaison-de-verbes.com\/blog\/a-la-une\/comprendre-le-trou-de-conjugaison-et-ses-symptomes-guide-complet\/"},"author":{"name":"Rapha\u00ebl D.","@id":"https:\/\/conjugaison-de-verbes.com\/blog\/#\/schema\/person\/3c864cdc320801e3db34b663e7e3f816"},"headline":"Comprendre le trou de conjugaison et ses sympt\u00f4mes : Guide complet","datePublished":"2026-08-31T17:27:58+00:00","mainEntityOfPage":{"@id":"https:\/\/conjugaison-de-verbes.com\/blog\/a-la-une\/comprendre-le-trou-de-conjugaison-et-ses-symptomes-guide-complet\/"},"wordCount":998,"commentCount":25,"publisher":{"@id":"https:\/\/conjugaison-de-verbes.com\/blog\/#organization"},"image":{"@id":"https:\/\/conjugaison-de-verbes.com\/blog\/a-la-une\/comprendre-le-trou-de-conjugaison-et-ses-symptomes-guide-complet\/#primaryimage"},"thumbnailUrl":"https:\/\/conjugaison-de-verbes.com\/blog\/wp-content\/uploads\/2025\/02\/stability-comprendre-le-trou-de-conjugaison-et-ses-symptomes-guide-complet.png","keywords":["Erreurs Fr\u00e9quentes","Pratique R\u00e9guli\u00e8re","Soutien Parental","Sympt\u00f4mes","Trois De Conjugaison","Utilisation Incorrecte"],"articleSection":["\u00c0 la une"],"inLanguage":"fr-FR","potentialAction":[{"@type":"CommentAction","name":"Comment","target":["https:\/\/conjugaison-de-verbes.com\/blog\/a-la-une\/comprendre-le-trou-de-conjugaison-et-ses-symptomes-guide-complet\/#respond"]}]},{"@type":"WebPage","@id":"https:\/\/conjugaison-de-verbes.com\/blog\/a-la-une\/comprendre-le-trou-de-conjugaison-et-ses-symptomes-guide-complet\/","url":"https:\/\/conjugaison-de-verbes.com\/blog\/a-la-une\/comprendre-le-trou-de-conjugaison-et-ses-symptomes-guide-complet\/","name":"Le trou de conjugaison et ses sympt\u00f4mes : guide complet","isPartOf":{"@id":"https:\/\/conjugaison-de-verbes.com\/blog\/#website"},"primaryImageOfPage":{"@id":"https:\/\/conjugaison-de-verbes.com\/blog\/a-la-une\/comprendre-le-trou-de-conjugaison-et-ses-symptomes-guide-complet\/#primaryimage"},"image":{"@id":"https:\/\/conjugaison-de-verbes.com\/blog\/a-la-une\/comprendre-le-trou-de-conjugaison-et-ses-symptomes-guide-complet\/#primaryimage"},"thumbnailUrl":"https:\/\/conjugaison-de-verbes.com\/blog\/wp-content\/uploads\/2025\/02\/stability-comprendre-le-trou-de-conjugaison-et-ses-symptomes-guide-complet.png","datePublished":"2026-08-31T17:27:58+00:00","description":"Qu'est-ce qu'un trou de conjugaison ? Comprenez ce ph\u00e9nom\u00e8ne, ses signes (erreurs, oublis, confusions) et comment y rem\u00e9dier efficacement.","inLanguage":"fr-FR","potentialAction":[{"@type":"ReadAction","target":["https:\/\/conjugaison-de-verbes.com\/blog\/a-la-une\/comprendre-le-trou-de-conjugaison-et-ses-symptomes-guide-complet\/"]}]},{"@type":"ImageObject","inLanguage":"fr-FR","@id":"https:\/\/conjugaison-de-verbes.com\/blog\/a-la-une\/comprendre-le-trou-de-conjugaison-et-ses-symptomes-guide-complet\/#primaryimage","url":"https:\/\/conjugaison-de-verbes.com\/blog\/wp-content\/uploads\/2025\/02\/stability-comprendre-le-trou-de-conjugaison-et-ses-symptomes-guide-complet.png","contentUrl":"https:\/\/conjugaison-de-verbes.com\/blog\/wp-content\/uploads\/2025\/02\/stability-comprendre-le-trou-de-conjugaison-et-ses-symptomes-guide-complet.png","width":1024,"height":576},{"@type":"WebSite","@id":"https:\/\/conjugaison-de-verbes.com\/blog\/#website","url":"https:\/\/conjugaison-de-verbes.com\/blog\/","name":"conjugaison-de-verbes.com","description":"Conjugaison de Verbes, ma\u00eetrisez la langue fran\u00e7aise","publisher":{"@id":"https:\/\/conjugaison-de-verbes.com\/blog\/#organization"},"alternateName":"Conjugaison de Verbes, ma\u00eetrisez la langue fran\u00e7aise","potentialAction":[{"@type":"SearchAction","target":{"@type":"EntryPoint","urlTemplate":"https:\/\/conjugaison-de-verbes.com\/blog\/?s={search_term_string}"},"query-input":{"@type":"PropertyValueSpecification","valueRequired":true,"valueName":"search_term_string"}}],"inLanguage":"fr-FR"},{"@type":"Organization","@id":"https:\/\/conjugaison-de-verbes.com\/blog\/#organization","name":"Foretsensations.fr","url":"https:\/\/conjugaison-de-verbes.com\/blog\/","logo":{"@type":"ImageObject","inLanguage":"fr-FR","@id":"https:\/\/conjugaison-de-verbes.com\/blog\/#\/schema\/logo\/image\/","url":"https:\/\/conjugaison-de-verbes.com\/blog\/wp-content\/uploads\/2024\/12\/10.png","contentUrl":"https:\/\/conjugaison-de-verbes.com\/blog\/wp-content\/uploads\/2024\/12\/10.png","width":500,"height":500,"caption":"Foretsensations.fr"},"image":{"@id":"https:\/\/conjugaison-de-verbes.com\/blog\/#\/schema\/logo\/image\/"}},{"@type":"Person","@id":"https:\/\/conjugaison-de-verbes.com\/blog\/#\/schema\/person\/3c864cdc320801e3db34b663e7e3f816","name":"Rapha\u00ebl D.","image":{"@type":"ImageObject","inLanguage":"fr-FR","@id":"https:\/\/conjugaison-de-verbes.com\/blog\/#\/schema\/person\/image\/","url":"https:\/\/conjugaison-de-verbes.com\/blog\/wp-content\/uploads\/2026\/06\/persona_raphael-d-150x150.jpg","contentUrl":"https:\/\/conjugaison-de-verbes.com\/blog\/wp-content\/uploads\/2026\/06\/persona_raphael-d-150x150.jpg","caption":"Rapha\u00ebl D."},"description":"La culture est mon terrain de jeu depuis une dizaine d'ann\u00e9es : arts visuels, s\u00e9ries, cr\u00e9ation et tout ce qui nourrit l'imaginaire. J'\u00e9cris aussi bien sur l'actualit\u00e9 des \u0153uvres que sur les coulisses de la cr\u00e9ation, avec l'envie de relier l'amateur curieux \u00e0 des univers parfois jug\u00e9s intimidants. J'aime analyser une s\u00e9rie ou une d\u00e9marche artistique sans p\u00e9dantisme, replacer une \u0153uvre dans son contexte et donner des cl\u00e9s de lecture accessibles. Avant de publier, je v\u00e9rifie mes r\u00e9f\u00e9rences, je recoupe les sources et je distingue clairement le fait de mon interpr\u00e9tation subjective. Je crois qu'une critique vaut surtout par les arguments qu'elle expose, pas par la sentence qu'elle rend. Mon angle : transmettre l'envie de d\u00e9couvrir, de regarder autrement et de se forger son propre go\u00fbt. La culture n'appartient pas qu'aux initi\u00e9s, et c'est tout l'enjeu de mon \u00e9criture.","url":"https:\/\/conjugaison-de-verbes.com\/blog\/auteur\/raphael-d\/","jobTitle":"R\u00e9dacteur en chef \u00b7 Culture & Cr\u00e9ation","knowsAbout":["Culture","Cr\u00e9ation"],"email":"raphael.d@a-l-asso-de-l-art.fr"}]}},"_links":{"self":[{"href":"https:\/\/conjugaison-de-verbes.com\/blog\/wp-json\/wp\/v2\/posts\/7445","targetHints":{"allow":["GET"]}}],"collection":[{"href":"https:\/\/conjugaison-de-verbes.com\/blog\/wp-json\/wp\/v2\/posts"}],"about":[{"href":"https:\/\/conjugaison-de-verbes.com\/blog\/wp-json\/wp\/v2\/types\/post"}],"author":[{"embeddable":true,"href":"https:\/\/conjugaison-de-verbes.com\/blog\/wp-json\/wp\/v2\/users\/34"}],"replies":[{"embeddable":true,"href":"https:\/\/conjugaison-de-verbes.com\/blog\/wp-json\/wp\/v2\/comments?post=7445"}],"version-history":[{"count":3,"href":"https:\/\/conjugaison-de-verbes.com\/blog\/wp-json\/wp\/v2\/posts\/7445\/revisions"}],"predecessor-version":[{"id":8090,"href":"https:\/\/conjugaison-de-verbes.com\/blog\/wp-json\/wp\/v2\/posts\/7445\/revisions\/8090"}],"wp:featuredmedia":[{"embeddable":true,"href":"https:\/\/conjugaison-de-verbes.com\/blog\/wp-json\/wp\/v2\/media\/7446"}],"wp:attachment":[{"href":"https:\/\/conjugaison-de-verbes.com\/blog\/wp-json\/wp\/v2\/media?parent=7445"}],"wp:term":[{"taxonomy":"category","embeddable":true,"href":"https:\/\/conjugaison-de-verbes.com\/blog\/wp-json\/wp\/v2\/categories?post=7445"},{"taxonomy":"post_tag","embeddable":true,"href":"https:\/\/conjugaison-de-verbes.com\/blog\/wp-json\/wp\/v2\/tags?post=7445"}],"curies":[{"name":"wp","href":"https:\/\/api.w.org\/{rel}","templated":true}]}}