{"id":7417,"date":"2025-02-08T00:19:00","date_gmt":"2025-02-07T23:19:00","guid":{"rendered":"https:\/\/conjugaison-de-verbes.com\/blog\/?p=7417"},"modified":"2025-02-07T23:30:34","modified_gmt":"2025-02-07T22:30:34","slug":"guide-complet-sur-le-tableau-de-conjugaison-en-hebreu-apprenez-avec-efficacite","status":"publish","type":"post","link":"https:\/\/conjugaison-de-verbes.com\/blog\/a-la-une\/guide-complet-sur-le-tableau-de-conjugaison-en-hebreu-apprenez-avec-efficacite\/","title":{"rendered":"Guide Complet sur le Tableau de Conjugaison en H\u00e9breu : Apprenez avec Efficacit\u00e9"},"content":{"rendered":"<h2>Introduction \u00e0 la conjugaison h\u00e9bra\u00efque<\/h2>\n<p>La conjugaison est un \u00e9l\u00e9ment fondamental pour ma\u00eetriser cette langue s\u00e9mitique. En effet, comprendre comment les verbes s&rsquo;accordent avec les sujets et les temps est crucial pour communiquer efficacement. Dans cet article, nous explorerons le tableau de conjugaison en h\u00e9breu, ses particularit\u00e9s, et comment l&rsquo;utiliser pour am\u00e9liorer votre apprentissage.<\/p>\n<h2>Les bases de la conjugaison h\u00e9bra\u00efque<\/h2>\n<p>En h\u00e9breu, chaque verbe change en fonction du temps, de la personne et du genre. Cette flexibilit\u00e9 rend la langue riche mais complexe. Voici quelques \u00e9l\u00e9ments cl\u00e9s \u00e0 retenir :<\/p>\n<blockquote class=\"wp-embedded-content\" data-secret=\"YDYQfsld1F\"><p><a href=\"https:\/\/conjugaison-de-verbes.com\/blog\/a-la-une\/une-methode-efficace-pour-apprendre-la-conjugaison-francaise\/\">Une m\u00e9thode efficace pour apprendre la conjugaison fran\u00e7aise<\/a><\/p><\/blockquote>\n<p><iframe loading=\"lazy\" class=\"wp-embedded-content\" sandbox=\"allow-scripts\" security=\"restricted\" style=\"position: absolute; visibility: hidden;\" title=\"\u00ab\u00a0Une m\u00e9thode efficace pour apprendre la conjugaison fran\u00e7aise\u00a0\u00bb &#8212; conjugaison-de-verbes\" src=\"https:\/\/conjugaison-de-verbes.com\/blog\/a-la-une\/une-methode-efficace-pour-apprendre-la-conjugaison-francaise\/embed\/#?secret=HWideGCtVK#?secret=YDYQfsld1F\" data-secret=\"YDYQfsld1F\" width=\"600\" height=\"338\" frameborder=\"0\" marginwidth=\"0\" marginheight=\"0\" scrolling=\"no\"><\/iframe><\/p>\n<ul>\n<li><strong>Les temps verbaux :<\/strong> Pr\u00e9sent, pass\u00e9 et futur sont les trois temps principaux.<\/li>\n<li><strong>Les personnes :<\/strong> Les verbes se conjuguent diff\u00e9remment selon la premi\u00e8re, deuxi\u00e8me ou troisi\u00e8me personne.<\/li>\n<li><strong>Le genre :<\/strong> L&rsquo;h\u00e9breu distingue le masculin et le f\u00e9minin, ce qui influence la conjugaison.<\/li>\n<\/ul>\n<p>Voici un tableau r\u00e9capitulatif des conjugaisons pour le verbe \u00ab \u00e9crire \u00bb (\u05dc\u05db\u05ea\u05d5\u05d1) :<img width=\"1024\" height=\"576\" src=\"https:\/\/conjugaison-de-verbes.com\/blog\/wp-content\/uploads\/2025\/02\/stability-guide-complet-sur-le-tableau-de-conjugaison-en-hebreu-apprenez-avec-efficacite-1.png\" class=\"aligncenter\" alt=\"Illustration d\u00e9taill\u00e9e sur Guide Complet sur le Tableau de Conjugaison en H\u00e9breu : Apprenez avec Efficacit\u00e9\" title=\"Guide Complet sur le Tableau de Conjugaison en H\u00e9breu : Apprenez avec Efficacit\u00e9\" decoding=\"async\" loading=\"lazy\" \/><\/p>\n<table>\n<tr>\n<th>Temps<\/th>\n<th>Masculin<\/th>\n<th>F\u00e9minin<\/th>\n<\/tr>\n<tr>\n<td>Pr\u00e9sent<\/td>\n<td>\u05db\u05d5\u05ea\u05d1<\/td>\n<td>\u05db\u05d5\u05ea\u05d1\u05ea<\/td>\n<\/tr>\n<tr>\n<td>Pass\u00e9<\/td>\n<td>\u05db\u05ea\u05d1<\/td>\n<td>\u05db\u05ea\u05d1\u05d4<\/td>\n<\/tr>\n<tr>\n<td>Futur<\/td>\n<td>\u05d9\u05db\u05ea\u05d5\u05d1<\/td>\n<td>\u05ea\u05db\u05ea\u05d5\u05d1<\/td>\n<\/tr>\n<\/table>\n<h2>L&rsquo;impact de la conjugaison sur la communication<\/h2>\n<p>Ma\u00eetriser la conjugaison h\u00e9bra\u00efque facilite grandement la communication. Chaque modification verbale peut changer le sens d&rsquo;une phrase. Par exemple, dire \u00ab \u05d4\u05d5\u05d0 \u05db\u05ea\u05d1 \u00bb (il a \u00e9crit) diff\u00e8re de \u00ab \u05d4\u05d9\u05d0 \u05db\u05ea\u05d1\u05d4 \u00bb (elle a \u00e9crit). Ces nuances sont essentielles pour \u00e9viter les malentendus.<\/p>\n<blockquote class=\"wp-embedded-content\" data-secret=\"JFr1FoHppD\"><p><a href=\"https:\/\/conjugaison-de-verbes.com\/blog\/a-la-une\/les-outils-en-ligne-pour-tester-vos-competences-en-conjugaison\/\">Les outils en ligne pour tester vos comp\u00e9tences en conjugaison<\/a><\/p><\/blockquote>\n<p><iframe loading=\"lazy\" class=\"wp-embedded-content\" sandbox=\"allow-scripts\" security=\"restricted\" style=\"position: absolute; visibility: hidden;\" title=\"\u00ab\u00a0Les outils en ligne pour tester vos comp\u00e9tences en conjugaison\u00a0\u00bb &#8212; conjugaison-de-verbes\" src=\"https:\/\/conjugaison-de-verbes.com\/blog\/a-la-une\/les-outils-en-ligne-pour-tester-vos-competences-en-conjugaison\/embed\/#?secret=2z1EY0CVy6#?secret=JFr1FoHppD\" data-secret=\"JFr1FoHppD\" width=\"600\" height=\"338\" frameborder=\"0\" marginwidth=\"0\" marginheight=\"0\" scrolling=\"no\"><\/iframe><\/p>\n<blockquote><p>\u00ab La langue est un miroir de la culture. Comprendre la conjugaison, c&rsquo;est embrasser l&rsquo;h\u00e9ritage h\u00e9bra\u00efque. \u00bb<\/p><\/blockquote>\n<h2>Comment pratiquer la conjugaison h\u00e9bra\u00efque efficacement<\/h2>\n<p>Pour devenir comp\u00e9tent en conjugaison, il est recommand\u00e9 d&rsquo;adopter plusieurs m\u00e9thodes d&rsquo;apprentissage :<\/p>\n<ul>\n<li>Utiliser des applications mobiles d\u00e9di\u00e9es \u00e0 l&rsquo;apprentissage de l&rsquo;h\u00e9breu.<\/li>\n<li>Pratiquer avec des locuteurs natifs pour renforcer la compr\u00e9hension.<\/li>\n<li>Cr\u00e9er des flashcards pour m\u00e9moriser les diff\u00e9rentes conjugaisons.<\/li>\n<li>Consulter des ressources en ligne, comme des vid\u00e9os explicatives et des exercices interactifs.<\/li>\n<\/ul>\n<p>En int\u00e9grant ces pratiques dans votre routine d&rsquo;apprentissage, vous serez en mesure d&rsquo;am\u00e9liorer votre aisance \u00e0 conjuguer les verbes en h\u00e9breu.<\/p>\n<h3>FAQ :<\/h3>\n<blockquote>\n<ul>\n<li><strong>Quelles sont les principales difficult\u00e9s de la conjugaison h\u00e9bra\u00efque ?<\/strong>Les principales difficult\u00e9s incluent les changements de genre et les diff\u00e9rentes conjugaisons selon la personne.<\/li>\n<li><strong>Y a-t-il des exceptions dans la conjugaison des verbes h\u00e9breux ?<\/strong>Oui, certains verbes irr\u00e9guliers ne suivent pas les r\u00e8gles standards de conjugaison.<\/li>\n<li><strong>Comment puis-je m\u00e9moriser les conjugaisons ?<\/strong>Utilisez des techniques de r\u00e9p\u00e9tition espac\u00e9e et des jeux de r\u00f4le pour mieux retenir les conjugaisons.<\/li>\n<li><strong>La conjugaison en h\u00e9breu est-elle similaire \u00e0 d&rsquo;autres langues ?<\/strong>Bien que chaque langue ait ses sp\u00e9cificit\u00e9s, la conjugaison en h\u00e9breu peut rappeler celle des langues s\u00e9mitiques comme l&rsquo;arabe.<\/li>\n<\/ul>\n<\/blockquote>\n<h2>Conclusion<\/h2>\n<p>Ma\u00eetriser le tableau de conjugaison en h\u00e9breu est une \u00e9tape cruciale pour quiconque souhaite parler cette langue avec aisance. Avec de la pratique et les bonnes ressources, vous pouvez surmonter les d\u00e9fis d&rsquo;apprentissage. N&rsquo;oubliez pas que l&rsquo;important est de pratiquer r\u00e9guli\u00e8rement et de ne pas h\u00e9siter \u00e0 demander de l&rsquo;aide lorsque n\u00e9cessaire. En vous immergeant dans la langue, vous d\u00e9couvrirez une richesse culturelle profonde et fascinante.<\/p>\n","protected":false},"excerpt":{"rendered":"","protected":false},"author":34,"featured_media":7418,"comment_status":"open","ping_status":"open","sticky":false,"template":"","format":"standard","meta":{"_acf_changed":false,"manual_indexmenow":false,"indexmenow_id_project":0,"footnotes":""},"categories":[1],"tags":[4564,4539,4608,4607,4580,4546],"class_list":["post-7417","post","type-post","status-publish","format-standard","has-post-thumbnail","hentry","category-a-la-une","tag-communication","tag-conjugaison","tag-genre","tag-hebraique","tag-temps","tag-verbes","generate-columns","tablet-grid-50","mobile-grid-100","grid-parent","grid-25"],"acf":[],"yoast_head":"<!-- This site is optimized with the Yoast SEO Premium plugin v21.3 (Yoast SEO v25.6) - https:\/\/yoast.com\/wordpress\/plugins\/seo\/ -->\n<title>Tableau de conjugaison en h\u00e9breu : guide pratique<\/title>\n<meta name=\"description\" content=\"Apprenez la conjugaison h\u00e9bra\u00efque avec un tableau pratique : comment les verbes s&#039;accordent avec le sujet et le temps, expliqu\u00e9 simplement.\" \/>\n<meta name=\"robots\" content=\"index, follow, max-snippet:-1, max-image-preview:large, max-video-preview:-1\" \/>\n<link rel=\"canonical\" href=\"https:\/\/conjugaison-de-verbes.com\/blog\/a-la-une\/guide-complet-sur-le-tableau-de-conjugaison-en-hebreu-apprenez-avec-efficacite\/\" \/>\n<meta property=\"og:locale\" content=\"fr_FR\" \/>\n<meta property=\"og:type\" content=\"article\" \/>\n<meta property=\"og:title\" content=\"Tableau de conjugaison en h\u00e9breu : guide pratique\" \/>\n<meta property=\"og:description\" content=\"Apprenez la conjugaison h\u00e9bra\u00efque avec un tableau pratique : comment les verbes s&#039;accordent avec le sujet et le temps, expliqu\u00e9 simplement.\" \/>\n<meta property=\"og:url\" content=\"https:\/\/conjugaison-de-verbes.com\/blog\/a-la-une\/guide-complet-sur-le-tableau-de-conjugaison-en-hebreu-apprenez-avec-efficacite\/\" \/>\n<meta property=\"og:site_name\" content=\"conjugaison-de-verbes\" \/>\n<meta property=\"og:image\" content=\"https:\/\/conjugaison-de-verbes.com\/blog\/wp-content\/uploads\/2025\/02\/stability-guide-complet-sur-le-tableau-de-conjugaison-en-hebreu-apprenez-avec-efficacite.png\" \/>\n\t<meta property=\"og:image:width\" content=\"1024\" \/>\n\t<meta property=\"og:image:height\" content=\"576\" \/>\n\t<meta property=\"og:image:type\" content=\"image\/png\" \/>\n<meta name=\"author\" content=\"Rapha\u00ebl D.\" \/>\n<meta name=\"twitter:card\" content=\"summary_large_image\" \/>\n<script type=\"application\/ld+json\" class=\"yoast-schema-graph\">{\"@context\":\"https:\/\/schema.org\",\"@graph\":[{\"@type\":\"NewsArticle\",\"@id\":\"https:\/\/conjugaison-de-verbes.com\/blog\/a-la-une\/guide-complet-sur-le-tableau-de-conjugaison-en-hebreu-apprenez-avec-efficacite\/#article\",\"isPartOf\":{\"@id\":\"https:\/\/conjugaison-de-verbes.com\/blog\/a-la-une\/guide-complet-sur-le-tableau-de-conjugaison-en-hebreu-apprenez-avec-efficacite\/\"},\"author\":{\"name\":\"Rapha\u00ebl D.\",\"@id\":\"https:\/\/conjugaison-de-verbes.com\/blog\/#\/schema\/person\/3c864cdc320801e3db34b663e7e3f816\"},\"headline\":\"Guide Complet sur le Tableau de Conjugaison en H\u00e9breu : Apprenez avec Efficacit\u00e9\",\"datePublished\":\"2025-02-07T23:19:00+00:00\",\"mainEntityOfPage\":{\"@id\":\"https:\/\/conjugaison-de-verbes.com\/blog\/a-la-une\/guide-complet-sur-le-tableau-de-conjugaison-en-hebreu-apprenez-avec-efficacite\/\"},\"wordCount\":553,\"commentCount\":25,\"publisher\":{\"@id\":\"https:\/\/conjugaison-de-verbes.com\/blog\/#organization\"},\"image\":{\"@id\":\"https:\/\/conjugaison-de-verbes.com\/blog\/a-la-une\/guide-complet-sur-le-tableau-de-conjugaison-en-hebreu-apprenez-avec-efficacite\/#primaryimage\"},\"thumbnailUrl\":\"https:\/\/conjugaison-de-verbes.com\/blog\/wp-content\/uploads\/2025\/02\/stability-guide-complet-sur-le-tableau-de-conjugaison-en-hebreu-apprenez-avec-efficacite.png\",\"keywords\":[\"Communication\",\"Conjugaison\",\"Genre\",\"H\u00e9bra\u00efque\",\"Temps\",\"Verbes\"],\"articleSection\":[\"\u00c0 la une\"],\"inLanguage\":\"fr-FR\",\"potentialAction\":[{\"@type\":\"CommentAction\",\"name\":\"Comment\",\"target\":[\"https:\/\/conjugaison-de-verbes.com\/blog\/a-la-une\/guide-complet-sur-le-tableau-de-conjugaison-en-hebreu-apprenez-avec-efficacite\/#respond\"]}]},{\"@type\":\"WebPage\",\"@id\":\"https:\/\/conjugaison-de-verbes.com\/blog\/a-la-une\/guide-complet-sur-le-tableau-de-conjugaison-en-hebreu-apprenez-avec-efficacite\/\",\"url\":\"https:\/\/conjugaison-de-verbes.com\/blog\/a-la-une\/guide-complet-sur-le-tableau-de-conjugaison-en-hebreu-apprenez-avec-efficacite\/\",\"name\":\"Tableau de conjugaison en h\u00e9breu : guide pratique\",\"isPartOf\":{\"@id\":\"https:\/\/conjugaison-de-verbes.com\/blog\/#website\"},\"primaryImageOfPage\":{\"@id\":\"https:\/\/conjugaison-de-verbes.com\/blog\/a-la-une\/guide-complet-sur-le-tableau-de-conjugaison-en-hebreu-apprenez-avec-efficacite\/#primaryimage\"},\"image\":{\"@id\":\"https:\/\/conjugaison-de-verbes.com\/blog\/a-la-une\/guide-complet-sur-le-tableau-de-conjugaison-en-hebreu-apprenez-avec-efficacite\/#primaryimage\"},\"thumbnailUrl\":\"https:\/\/conjugaison-de-verbes.com\/blog\/wp-content\/uploads\/2025\/02\/stability-guide-complet-sur-le-tableau-de-conjugaison-en-hebreu-apprenez-avec-efficacite.png\",\"datePublished\":\"2025-02-07T23:19:00+00:00\",\"description\":\"Apprenez la conjugaison h\u00e9bra\u00efque avec un tableau pratique : comment les verbes s'accordent avec le sujet et le temps, expliqu\u00e9 simplement.\",\"inLanguage\":\"fr-FR\",\"potentialAction\":[{\"@type\":\"ReadAction\",\"target\":[\"https:\/\/conjugaison-de-verbes.com\/blog\/a-la-une\/guide-complet-sur-le-tableau-de-conjugaison-en-hebreu-apprenez-avec-efficacite\/\"]}]},{\"@type\":\"ImageObject\",\"inLanguage\":\"fr-FR\",\"@id\":\"https:\/\/conjugaison-de-verbes.com\/blog\/a-la-une\/guide-complet-sur-le-tableau-de-conjugaison-en-hebreu-apprenez-avec-efficacite\/#primaryimage\",\"url\":\"https:\/\/conjugaison-de-verbes.com\/blog\/wp-content\/uploads\/2025\/02\/stability-guide-complet-sur-le-tableau-de-conjugaison-en-hebreu-apprenez-avec-efficacite.png\",\"contentUrl\":\"https:\/\/conjugaison-de-verbes.com\/blog\/wp-content\/uploads\/2025\/02\/stability-guide-complet-sur-le-tableau-de-conjugaison-en-hebreu-apprenez-avec-efficacite.png\",\"width\":1024,\"height\":576},{\"@type\":\"WebSite\",\"@id\":\"https:\/\/conjugaison-de-verbes.com\/blog\/#website\",\"url\":\"https:\/\/conjugaison-de-verbes.com\/blog\/\",\"name\":\"conjugaison-de-verbes.com\",\"description\":\"Conjugaison de Verbes, ma\u00eetrisez la langue fran\u00e7aise\",\"publisher\":{\"@id\":\"https:\/\/conjugaison-de-verbes.com\/blog\/#organization\"},\"alternateName\":\"Conjugaison de Verbes, ma\u00eetrisez la langue fran\u00e7aise\",\"potentialAction\":[{\"@type\":\"SearchAction\",\"target\":{\"@type\":\"EntryPoint\",\"urlTemplate\":\"https:\/\/conjugaison-de-verbes.com\/blog\/?s={search_term_string}\"},\"query-input\":{\"@type\":\"PropertyValueSpecification\",\"valueRequired\":true,\"valueName\":\"search_term_string\"}}],\"inLanguage\":\"fr-FR\"},{\"@type\":\"Organization\",\"@id\":\"https:\/\/conjugaison-de-verbes.com\/blog\/#organization\",\"name\":\"Foretsensations.fr\",\"url\":\"https:\/\/conjugaison-de-verbes.com\/blog\/\",\"logo\":{\"@type\":\"ImageObject\",\"inLanguage\":\"fr-FR\",\"@id\":\"https:\/\/conjugaison-de-verbes.com\/blog\/#\/schema\/logo\/image\/\",\"url\":\"https:\/\/conjugaison-de-verbes.com\/blog\/wp-content\/uploads\/2024\/12\/10.png\",\"contentUrl\":\"https:\/\/conjugaison-de-verbes.com\/blog\/wp-content\/uploads\/2024\/12\/10.png\",\"width\":500,\"height\":500,\"caption\":\"Foretsensations.fr\"},\"image\":{\"@id\":\"https:\/\/conjugaison-de-verbes.com\/blog\/#\/schema\/logo\/image\/\"}},{\"@type\":\"Person\",\"@id\":\"https:\/\/conjugaison-de-verbes.com\/blog\/#\/schema\/person\/3c864cdc320801e3db34b663e7e3f816\",\"name\":\"Rapha\u00ebl D.\",\"image\":{\"@type\":\"ImageObject\",\"inLanguage\":\"fr-FR\",\"@id\":\"https:\/\/conjugaison-de-verbes.com\/blog\/#\/schema\/person\/image\/\",\"url\":\"https:\/\/conjugaison-de-verbes.com\/blog\/wp-content\/uploads\/2026\/06\/persona_raphael-d-150x150.jpg\",\"contentUrl\":\"https:\/\/conjugaison-de-verbes.com\/blog\/wp-content\/uploads\/2026\/06\/persona_raphael-d-150x150.jpg\",\"caption\":\"Rapha\u00ebl D.\"},\"description\":\"La culture est mon terrain de jeu depuis une dizaine d'ann\u00e9es : arts visuels, s\u00e9ries, cr\u00e9ation et tout ce qui nourrit l'imaginaire. J'\u00e9cris aussi bien sur l'actualit\u00e9 des \u0153uvres que sur les coulisses de la cr\u00e9ation, avec l'envie de relier l'amateur curieux \u00e0 des univers parfois jug\u00e9s intimidants. J'aime analyser une s\u00e9rie ou une d\u00e9marche artistique sans p\u00e9dantisme, replacer une \u0153uvre dans son contexte et donner des cl\u00e9s de lecture accessibles. Avant de publier, je v\u00e9rifie mes r\u00e9f\u00e9rences, je recoupe les sources et je distingue clairement le fait de mon interpr\u00e9tation subjective. Je crois qu'une critique vaut surtout par les arguments qu'elle expose, pas par la sentence qu'elle rend. Mon angle : transmettre l'envie de d\u00e9couvrir, de regarder autrement et de se forger son propre go\u00fbt. La culture n'appartient pas qu'aux initi\u00e9s, et c'est tout l'enjeu de mon \u00e9criture.\",\"url\":\"https:\/\/conjugaison-de-verbes.com\/blog\/auteur\/raphael-d\/\",\"jobTitle\":\"R\u00e9dacteur en chef \u00b7 Culture & Cr\u00e9ation\",\"knowsAbout\":[\"Culture\",\"Cr\u00e9ation\"],\"email\":\"raphael.d@a-l-asso-de-l-art.fr\"}]}<\/script>\n<!-- \/ Yoast SEO Premium plugin. -->","yoast_head_json":{"title":"Tableau de conjugaison en h\u00e9breu : guide pratique","description":"Apprenez la conjugaison h\u00e9bra\u00efque avec un tableau pratique : comment les verbes s'accordent avec le sujet et le temps, expliqu\u00e9 simplement.","robots":{"index":"index","follow":"follow","max-snippet":"max-snippet:-1","max-image-preview":"max-image-preview:large","max-video-preview":"max-video-preview:-1"},"canonical":"https:\/\/conjugaison-de-verbes.com\/blog\/a-la-une\/guide-complet-sur-le-tableau-de-conjugaison-en-hebreu-apprenez-avec-efficacite\/","og_locale":"fr_FR","og_type":"article","og_title":"Tableau de conjugaison en h\u00e9breu : guide pratique","og_description":"Apprenez la conjugaison h\u00e9bra\u00efque avec un tableau pratique : comment les verbes s'accordent avec le sujet et le temps, expliqu\u00e9 simplement.","og_url":"https:\/\/conjugaison-de-verbes.com\/blog\/a-la-une\/guide-complet-sur-le-tableau-de-conjugaison-en-hebreu-apprenez-avec-efficacite\/","og_site_name":"conjugaison-de-verbes","og_image":[{"width":1024,"height":576,"url":"https:\/\/conjugaison-de-verbes.com\/blog\/wp-content\/uploads\/2025\/02\/stability-guide-complet-sur-le-tableau-de-conjugaison-en-hebreu-apprenez-avec-efficacite.png","type":"image\/png"}],"author":"Rapha\u00ebl D.","twitter_card":"summary_large_image","schema":{"@context":"https:\/\/schema.org","@graph":[{"@type":"NewsArticle","@id":"https:\/\/conjugaison-de-verbes.com\/blog\/a-la-une\/guide-complet-sur-le-tableau-de-conjugaison-en-hebreu-apprenez-avec-efficacite\/#article","isPartOf":{"@id":"https:\/\/conjugaison-de-verbes.com\/blog\/a-la-une\/guide-complet-sur-le-tableau-de-conjugaison-en-hebreu-apprenez-avec-efficacite\/"},"author":{"name":"Rapha\u00ebl D.","@id":"https:\/\/conjugaison-de-verbes.com\/blog\/#\/schema\/person\/3c864cdc320801e3db34b663e7e3f816"},"headline":"Guide Complet sur le Tableau de Conjugaison en H\u00e9breu : Apprenez avec Efficacit\u00e9","datePublished":"2025-02-07T23:19:00+00:00","mainEntityOfPage":{"@id":"https:\/\/conjugaison-de-verbes.com\/blog\/a-la-une\/guide-complet-sur-le-tableau-de-conjugaison-en-hebreu-apprenez-avec-efficacite\/"},"wordCount":553,"commentCount":25,"publisher":{"@id":"https:\/\/conjugaison-de-verbes.com\/blog\/#organization"},"image":{"@id":"https:\/\/conjugaison-de-verbes.com\/blog\/a-la-une\/guide-complet-sur-le-tableau-de-conjugaison-en-hebreu-apprenez-avec-efficacite\/#primaryimage"},"thumbnailUrl":"https:\/\/conjugaison-de-verbes.com\/blog\/wp-content\/uploads\/2025\/02\/stability-guide-complet-sur-le-tableau-de-conjugaison-en-hebreu-apprenez-avec-efficacite.png","keywords":["Communication","Conjugaison","Genre","H\u00e9bra\u00efque","Temps","Verbes"],"articleSection":["\u00c0 la une"],"inLanguage":"fr-FR","potentialAction":[{"@type":"CommentAction","name":"Comment","target":["https:\/\/conjugaison-de-verbes.com\/blog\/a-la-une\/guide-complet-sur-le-tableau-de-conjugaison-en-hebreu-apprenez-avec-efficacite\/#respond"]}]},{"@type":"WebPage","@id":"https:\/\/conjugaison-de-verbes.com\/blog\/a-la-une\/guide-complet-sur-le-tableau-de-conjugaison-en-hebreu-apprenez-avec-efficacite\/","url":"https:\/\/conjugaison-de-verbes.com\/blog\/a-la-une\/guide-complet-sur-le-tableau-de-conjugaison-en-hebreu-apprenez-avec-efficacite\/","name":"Tableau de conjugaison en h\u00e9breu : guide pratique","isPartOf":{"@id":"https:\/\/conjugaison-de-verbes.com\/blog\/#website"},"primaryImageOfPage":{"@id":"https:\/\/conjugaison-de-verbes.com\/blog\/a-la-une\/guide-complet-sur-le-tableau-de-conjugaison-en-hebreu-apprenez-avec-efficacite\/#primaryimage"},"image":{"@id":"https:\/\/conjugaison-de-verbes.com\/blog\/a-la-une\/guide-complet-sur-le-tableau-de-conjugaison-en-hebreu-apprenez-avec-efficacite\/#primaryimage"},"thumbnailUrl":"https:\/\/conjugaison-de-verbes.com\/blog\/wp-content\/uploads\/2025\/02\/stability-guide-complet-sur-le-tableau-de-conjugaison-en-hebreu-apprenez-avec-efficacite.png","datePublished":"2025-02-07T23:19:00+00:00","description":"Apprenez la conjugaison h\u00e9bra\u00efque avec un tableau pratique : comment les verbes s'accordent avec le sujet et le temps, expliqu\u00e9 simplement.","inLanguage":"fr-FR","potentialAction":[{"@type":"ReadAction","target":["https:\/\/conjugaison-de-verbes.com\/blog\/a-la-une\/guide-complet-sur-le-tableau-de-conjugaison-en-hebreu-apprenez-avec-efficacite\/"]}]},{"@type":"ImageObject","inLanguage":"fr-FR","@id":"https:\/\/conjugaison-de-verbes.com\/blog\/a-la-une\/guide-complet-sur-le-tableau-de-conjugaison-en-hebreu-apprenez-avec-efficacite\/#primaryimage","url":"https:\/\/conjugaison-de-verbes.com\/blog\/wp-content\/uploads\/2025\/02\/stability-guide-complet-sur-le-tableau-de-conjugaison-en-hebreu-apprenez-avec-efficacite.png","contentUrl":"https:\/\/conjugaison-de-verbes.com\/blog\/wp-content\/uploads\/2025\/02\/stability-guide-complet-sur-le-tableau-de-conjugaison-en-hebreu-apprenez-avec-efficacite.png","width":1024,"height":576},{"@type":"WebSite","@id":"https:\/\/conjugaison-de-verbes.com\/blog\/#website","url":"https:\/\/conjugaison-de-verbes.com\/blog\/","name":"conjugaison-de-verbes.com","description":"Conjugaison de Verbes, ma\u00eetrisez la langue fran\u00e7aise","publisher":{"@id":"https:\/\/conjugaison-de-verbes.com\/blog\/#organization"},"alternateName":"Conjugaison de Verbes, ma\u00eetrisez la langue fran\u00e7aise","potentialAction":[{"@type":"SearchAction","target":{"@type":"EntryPoint","urlTemplate":"https:\/\/conjugaison-de-verbes.com\/blog\/?s={search_term_string}"},"query-input":{"@type":"PropertyValueSpecification","valueRequired":true,"valueName":"search_term_string"}}],"inLanguage":"fr-FR"},{"@type":"Organization","@id":"https:\/\/conjugaison-de-verbes.com\/blog\/#organization","name":"Foretsensations.fr","url":"https:\/\/conjugaison-de-verbes.com\/blog\/","logo":{"@type":"ImageObject","inLanguage":"fr-FR","@id":"https:\/\/conjugaison-de-verbes.com\/blog\/#\/schema\/logo\/image\/","url":"https:\/\/conjugaison-de-verbes.com\/blog\/wp-content\/uploads\/2024\/12\/10.png","contentUrl":"https:\/\/conjugaison-de-verbes.com\/blog\/wp-content\/uploads\/2024\/12\/10.png","width":500,"height":500,"caption":"Foretsensations.fr"},"image":{"@id":"https:\/\/conjugaison-de-verbes.com\/blog\/#\/schema\/logo\/image\/"}},{"@type":"Person","@id":"https:\/\/conjugaison-de-verbes.com\/blog\/#\/schema\/person\/3c864cdc320801e3db34b663e7e3f816","name":"Rapha\u00ebl D.","image":{"@type":"ImageObject","inLanguage":"fr-FR","@id":"https:\/\/conjugaison-de-verbes.com\/blog\/#\/schema\/person\/image\/","url":"https:\/\/conjugaison-de-verbes.com\/blog\/wp-content\/uploads\/2026\/06\/persona_raphael-d-150x150.jpg","contentUrl":"https:\/\/conjugaison-de-verbes.com\/blog\/wp-content\/uploads\/2026\/06\/persona_raphael-d-150x150.jpg","caption":"Rapha\u00ebl D."},"description":"La culture est mon terrain de jeu depuis une dizaine d'ann\u00e9es : arts visuels, s\u00e9ries, cr\u00e9ation et tout ce qui nourrit l'imaginaire. J'\u00e9cris aussi bien sur l'actualit\u00e9 des \u0153uvres que sur les coulisses de la cr\u00e9ation, avec l'envie de relier l'amateur curieux \u00e0 des univers parfois jug\u00e9s intimidants. J'aime analyser une s\u00e9rie ou une d\u00e9marche artistique sans p\u00e9dantisme, replacer une \u0153uvre dans son contexte et donner des cl\u00e9s de lecture accessibles. Avant de publier, je v\u00e9rifie mes r\u00e9f\u00e9rences, je recoupe les sources et je distingue clairement le fait de mon interpr\u00e9tation subjective. Je crois qu'une critique vaut surtout par les arguments qu'elle expose, pas par la sentence qu'elle rend. Mon angle : transmettre l'envie de d\u00e9couvrir, de regarder autrement et de se forger son propre go\u00fbt. La culture n'appartient pas qu'aux initi\u00e9s, et c'est tout l'enjeu de mon \u00e9criture.","url":"https:\/\/conjugaison-de-verbes.com\/blog\/auteur\/raphael-d\/","jobTitle":"R\u00e9dacteur en chef \u00b7 Culture & Cr\u00e9ation","knowsAbout":["Culture","Cr\u00e9ation"],"email":"raphael.d@a-l-asso-de-l-art.fr"}]}},"_links":{"self":[{"href":"https:\/\/conjugaison-de-verbes.com\/blog\/wp-json\/wp\/v2\/posts\/7417","targetHints":{"allow":["GET"]}}],"collection":[{"href":"https:\/\/conjugaison-de-verbes.com\/blog\/wp-json\/wp\/v2\/posts"}],"about":[{"href":"https:\/\/conjugaison-de-verbes.com\/blog\/wp-json\/wp\/v2\/types\/post"}],"author":[{"embeddable":true,"href":"https:\/\/conjugaison-de-verbes.com\/blog\/wp-json\/wp\/v2\/users\/34"}],"replies":[{"embeddable":true,"href":"https:\/\/conjugaison-de-verbes.com\/blog\/wp-json\/wp\/v2\/comments?post=7417"}],"version-history":[{"count":2,"href":"https:\/\/conjugaison-de-verbes.com\/blog\/wp-json\/wp\/v2\/posts\/7417\/revisions"}],"predecessor-version":[{"id":7562,"href":"https:\/\/conjugaison-de-verbes.com\/blog\/wp-json\/wp\/v2\/posts\/7417\/revisions\/7562"}],"wp:featuredmedia":[{"embeddable":true,"href":"https:\/\/conjugaison-de-verbes.com\/blog\/wp-json\/wp\/v2\/media\/7418"}],"wp:attachment":[{"href":"https:\/\/conjugaison-de-verbes.com\/blog\/wp-json\/wp\/v2\/media?parent=7417"}],"wp:term":[{"taxonomy":"category","embeddable":true,"href":"https:\/\/conjugaison-de-verbes.com\/blog\/wp-json\/wp\/v2\/categories?post=7417"},{"taxonomy":"post_tag","embeddable":true,"href":"https:\/\/conjugaison-de-verbes.com\/blog\/wp-json\/wp\/v2\/tags?post=7417"}],"curies":[{"name":"wp","href":"https:\/\/api.w.org\/{rel}","templated":true}]}}