{"id":7389,"date":"2026-08-31T17:53:30","date_gmt":"2026-08-31T15:53:30","guid":{"rendered":"https:\/\/conjugaison-de-verbes.com\/blog\/?p=7389"},"modified":"2026-08-31T17:53:30","modified_gmt":"2026-08-31T15:53:30","slug":"apprendre-la-conjugaison-au-cm1-guide-pratique-et-astuces","status":"publish","type":"post","link":"https:\/\/conjugaison-de-verbes.com\/blog\/a-la-une\/apprendre-la-conjugaison-au-cm1-guide-pratique-et-astuces\/","title":{"rendered":"Apprendre la conjugaison au CM1 : Guide pratique et astuces"},"content":{"rendered":"<link rel=\"stylesheet\" href=\"https:\/\/fonts.googleapis.com\/css2?family=Space+Grotesk:wght@600;700&#038;family=Inter:wght@400;500;600&#038;family=JetBrains+Mono:wght@500&#038;display=swap\">\n<style>\n.cdv7389-wrap{font-family:'Inter',-apple-system,sans-serif;color:#1c2230;line-height:1.65;font-size:17px;max-width:100%;}\n.cdv7389-wrap h2{font-family:'Space Grotesk',sans-serif;font-weight:700;font-size:clamp(22px,3vw,30px);color:#1c2230;letter-spacing:-.01em;margin:48px 0 16px;}\n.cdv7389-wrap h3{font-family:'Space Grotesk',sans-serif;font-weight:600;font-size:19px;color:#2b3a55;margin:22px 0 10px;}\n.cdv7389-lead{font-size:18px;color:#3a4358;margin:6px 0 26px;}\n.cdv7389-kicker{display:inline-block;font-family:'JetBrains Mono',monospace;font-size:11px;font-weight:600;letter-spacing:.08em;text-transform:uppercase;color:#2559c7;background:#eaf0ff;padding:4px 10px;border-radius:6px;margin-bottom:10px;}\n.cdv7389-box{background:#eef3ff;border-left:5px solid #2559c7;border-radius:10px;padding:22px 24px;margin:26px 0;}\n.cdv7389-box .cdv7389-kicker{background:#dbe6ff;}\n.cdv7389-grid{display:grid;grid-template-columns:repeat(auto-fit,minmax(220px,1fr));gap:16px;margin:18px 0;}\n.cdv7389-card{background:#fff;border:1px solid #e3e7f0;border-top:3px solid #2559c7;border-radius:10px;padding:16px 18px;box-shadow:0 1px 2px rgba(16,24,40,.05),0 8px 20px -14px rgba(16,24,40,.25);transition:.25s ease;}\n.cdv7389-card:hover{transform:translateY(-3px);box-shadow:0 4px 10px rgba(16,24,40,.08),0 16px 28px -16px rgba(16,24,40,.3);}\n.cdv7389-card .cdv7389-t{font-family:'Space Grotesk',sans-serif;font-weight:700;font-size:15px;color:#1c2230;margin-bottom:6px;}\n.cdv7389-card .cdv7389-d{font-size:14px;color:#4a5468;}\n.cdv7389-steps{counter-reset:cdvstep;list-style:none;margin:18px 0;padding:0;}\n.cdv7389-steps>li{counter-increment:cdvstep;position:relative;padding:4px 0 4px 46px;margin:14px 0;}\n.cdv7389-steps>li::before{content:counter(cdvstep);position:absolute;left:0;top:2px;width:32px;height:32px;background:#2559c7;color:#fff;border-radius:50%;display:flex;align-items:center;justify-content:center;font-family:'JetBrains Mono',monospace;font-weight:600;font-size:14px;}\n.cdv7389-tblwrap{overflow-x:auto;border-radius:10px;border:1px solid #e3e7f0;margin:18px 0;}\n.cdv7389-tbl{width:100%;border-collapse:collapse;font-size:15px;}\n.cdv7389-tbl th{background:#1c2230;color:#eef3ff;font-family:'Space Grotesk',sans-serif;font-weight:600;text-align:left;padding:11px 14px;}\n.cdv7389-tbl td{padding:11px 14px;border-top:1px solid #eceff5;}\n.cdv7389-tbl tr:nth-child(even) td{background:#f7f9fd;}\n.cdv7389-tbl td.cdv7389-ok{font-family:'JetBrains Mono',monospace;color:#146c2e;font-weight:600;}\n.cdv7389-check{display:grid;grid-template-columns:1fr 1fr;gap:16px;margin:18px 0;}\n@media (max-width:640px){.cdv7389-check{grid-template-columns:1fr;}}\n.cdv7389-check .cdv7389-col{border-radius:10px;padding:18px 20px;}\n.cdv7389-check .cdv7389-yes{background:#eefbf1;border:1px solid #cdeed9;}\n.cdv7389-check .cdv7389-no{background:#fdecec;border:1px solid #f6cccc;}\n.cdv7389-check .cdv7389-h{font-family:'Space Grotesk',sans-serif;font-weight:700;font-size:14px;margin-bottom:10px;}\n.cdv7389-check .cdv7389-yes .cdv7389-h{color:#146c2e;}\n.cdv7389-check .cdv7389-no .cdv7389-h{color:#a11d1d;}\n.cdv7389-check ul{margin:0;padding-left:18px;font-size:14px;}\n.cdv7389-check li{margin:6px 0;}\n.cdv7389-retain{background:#1c2230;color:#eef3ff;border-radius:12px;padding:24px 26px;margin:36px 0;}\n.cdv7389-retain .cdv7389-kicker{background:#2b3a55;color:#cfe0ff;}\n.cdv7389-retain ul{margin:12px 0 0;padding-left:20px;}\n.cdv7389-retain li,.cdv7389-retain p,.cdv7389-retain strong,.cdv7389-retain span{color:#eef3ff!important;}\n.cdv7389-retain strong{color:#fff!important;}\n.cdv7389-faq{margin:24px 0;}\n.cdv7389-faq details{background:#fff;border:1px solid #e3e7f0;border-radius:10px;padding:14px 18px;margin:10px 0;}\n.cdv7389-faq summary{font-family:'Space Grotesk',sans-serif;font-weight:600;font-size:16px;cursor:pointer;color:#1c2230;}\n.cdv7389-faq summary::marker{color:#2559c7;}\n.cdv7389-faq .cdv7389-a{margin-top:10px;font-size:15px;color:#3a4358;}\n.cdv7389-src{font-size:13px;color:#697086;margin-top:8px;font-style:italic;}\n<\/style>\n<div class=\"cdv7389-wrap\">\n<p class=\"cdv7389-lead\">Le CM1 marque un tournant dans l&rsquo;apprentissage de la conjugaison : les \u00e9l\u00e8ves consolident le pr\u00e9sent, d\u00e9couvrent le pass\u00e9 compos\u00e9 et abordent le futur simple. Ce guide propose une m\u00e9thode claire, des exercices concrets et des astuces pour d\u00e9dramatiser l&rsquo;exercice \u2014 \u00e0 la maison comme en classe.<\/p>\n<div class=\"cdv7389-box\">\n  <span class=\"cdv7389-kicker\">Ce qu&rsquo;il vous faut<\/span><\/p>\n<div class=\"cdv7389-grid\">\n<div class=\"cdv7389-card\">\n<div class=\"cdv7389-t\">Niveau<\/div>\n<div class=\"cdv7389-d\">CM1 (\u00e9l\u00e8ve de 9-10 ans)<\/div>\n<\/div>\n<div class=\"cdv7389-card\">\n<div class=\"cdv7389-t\">Temps par s\u00e9ance<\/div>\n<div class=\"cdv7389-d\">15 \u00e0 20 minutes, r\u00e9guli\u00e8rement<\/div>\n<\/div>\n<div class=\"cdv7389-card\">\n<div class=\"cdv7389-t\">Mat\u00e9riel<\/div>\n<div class=\"cdv7389-d\">Cahier, flashcards, un jeu de soci\u00e9t\u00e9 si possible<\/div>\n<\/div>\n<div class=\"cdv7389-card\">\n<div class=\"cdv7389-t\">Objectif<\/div>\n<div class=\"cdv7389-d\">Reconna\u00eetre et employer pr\u00e9sent, pass\u00e9 compos\u00e9, futur simple<\/div>\n<\/div><\/div>\n<\/div>\n<h2>Introduction \u00e0 la conjugaison au CM1<\/h2>\n<p>Entre les temps, les modes et les exceptions, les jeunes apprenants peuvent se sentir perdus. Comment rendre cet apprentissage \u00e0 la fois ludique et efficace ? Ce guide explore les bases de la conjugaison au programme du CM1, des astuces concr\u00e8tes pour faciliter l&rsquo;apprentissage et des exercices pratiques pour progresser pas \u00e0 pas.<\/p>\n<h2>Les temps de la conjugaison : un aper\u00e7u<\/h2>\n<p>Au CM1, les \u00e9l\u00e8ves sont <strong>g\u00e9n\u00e9ralement<\/strong> amen\u00e9s \u00e0 travailler en priorit\u00e9 sur trois temps de l&rsquo;indicatif :<\/p>\n<ul>\n<li><strong>Le pr\u00e9sent de l&rsquo;indicatif :<\/strong> utilis\u00e9 pour exprimer des actions actuelles.<\/li>\n<li><strong>Le pass\u00e9 compos\u00e9 :<\/strong> pour parler d&rsquo;actions achev\u00e9es.<\/li>\n<li><strong>Le futur simple :<\/strong> pour \u00e9voquer des \u00e9v\u00e9nements \u00e0 venir.<\/li>\n<\/ul>\n<p>Il est crucial de bien comprendre ces temps pour construire des phrases correctes. Par exemple, la phrase \u00ab Je mange une pomme \u00bb utilise le pr\u00e9sent, tandis que \u00ab J&rsquo;ai mang\u00e9 une pomme \u00bb fait r\u00e9f\u00e9rence \u00e0 une action pass\u00e9e.<\/p>\n<div class=\"cdv7389-tblwrap\">\n<table class=\"cdv7389-tbl\">\n<tr>\n<th>Temps<\/th>\n<th>Exemple (1<sup>re<\/sup> pers. du sing.)<\/th>\n<th>\u00c0 quoi \u00e7a sert<\/th>\n<\/tr>\n<tr>\n<td>Pr\u00e9sent<\/td>\n<td class=\"cdv7389-ok\">je mange<\/td>\n<td>une action qui se passe maintenant, une habitude<\/td>\n<\/tr>\n<tr>\n<td>Pass\u00e9 compos\u00e9<\/td>\n<td class=\"cdv7389-ok\">j&rsquo;ai mang\u00e9<\/td>\n<td>une action d\u00e9j\u00e0 termin\u00e9e<\/td>\n<\/tr>\n<tr>\n<td>Futur simple<\/td>\n<td class=\"cdv7389-ok\">je mangerai<\/td>\n<td>une action \u00e0 venir<\/td>\n<\/tr>\n<\/table>\n<\/div>\n<p>Pour aller plus loin sur les r\u00e8gles g\u00e9n\u00e9rales, ce guide compl\u00e8te notre <a href=\"https:\/\/conjugaison-de-verbes.com\/blog\/a-la-une\/les-regles-de-conjugaison-francaise-a-connaitre-absolument\/\">dossier sur les r\u00e8gles de conjugaison fran\u00e7aise \u00e0 conna\u00eetre absolument<\/a>.<\/p>\n<h2>Astuces pour faciliter l&rsquo;apprentissage de la conjugaison<\/h2>\n<p>Apprendre la conjugaison peut devenir un jeu gr\u00e2ce \u00e0 quelques techniques simples :<\/p>\n<p><img width=\"1024\" height=\"576\" src=\"https:\/\/conjugaison-de-verbes.com\/blog\/wp-content\/uploads\/2025\/02\/stability-apprendre-la-conjugaison-au-cm1-guide-pratique-et-astuces-1.png\" class=\"aligncenter\" alt=\"Illustration d\u00e9taill\u00e9e sur Apprendre la conjugaison au CM1 : Guide pratique et astuces\" title=\"Apprendre la conjugaison au CM1 : Guide pratique et astuces\" decoding=\"async\" loading=\"lazy\" \/><\/p>\n<ol class=\"cdv7389-steps\">\n<li><strong>Utiliser des jeux de soci\u00e9t\u00e9 :<\/strong> des jeux comme \u00ab La bataille des verbes \u00bb permettent de rendre l&rsquo;apprentissage ludique.<\/li>\n<li><strong>Cr\u00e9er des cartes de conjugaison :<\/strong> \u00e9laborer des flashcards aide \u00e0 m\u00e9moriser les terminaisons des verbes.<\/li>\n<li><strong>Raconter des histoires :<\/strong> encourager les \u00e9l\u00e8ves \u00e0 \u00e9crire des petites histoires en utilisant diff\u00e9rents temps verbaux solidifie leur compr\u00e9hension.<\/li>\n<\/ol>\n<p>Ces m\u00e9thodes rendent l&rsquo;apprentissage plus interactif, ce qui favorise la m\u00e9morisation \u2014 sans remplacer la pratique r\u00e9guli\u00e8re.<\/p>\n<p>Notre <a href=\"https:\/\/conjugaison-de-verbes.com\/blog\/a-la-une\/ressources-gratuites-pour-pratiquer-la-conjugaison-francaise\/\">s\u00e9lection de ressources gratuites pour pratiquer la conjugaison fran\u00e7aise<\/a> compl\u00e8te bien ces astuces \u00e0 la maison.<\/p>\n<h2>Exercices pratiques pour ma\u00eetriser la conjugaison<\/h2>\n<p>Pour bien ma\u00eetriser la conjugaison, il est essentiel de pratiquer r\u00e9guli\u00e8rement. Voici quelques exercices que les enseignants et les parents peuvent utiliser :<\/p>\n<div class=\"cdv7389-tblwrap\">\n<table class=\"cdv7389-tbl\">\n<tr>\n<th>Temps verbal<\/th>\n<th>Phrase \u00e0 compl\u00e9ter<\/th>\n<th>R\u00e9ponse attendue<\/th>\n<\/tr>\n<tr>\n<td>Pass\u00e9 compos\u00e9<\/td>\n<td>Hier, je ___ (manger) une glace.<\/td>\n<td class=\"cdv7389-ok\">ai mang\u00e9<\/td>\n<\/tr>\n<tr>\n<td>Futur simple<\/td>\n<td>Demain, tu ___ (aller) au parc.<\/td>\n<td class=\"cdv7389-ok\">iras<\/td>\n<\/tr>\n<tr>\n<td>Pr\u00e9sent de l&rsquo;indicatif<\/td>\n<td>Chaque matin, nous ___ (jouer) au foot.<\/td>\n<td class=\"cdv7389-ok\">jouons<\/td>\n<\/tr>\n<\/table>\n<\/div>\n<p>Ces exercices permettent de renforcer les comp\u00e9tences des \u00e9l\u00e8ves en mati\u00e8re de conjugaison tout en les pr\u00e9parant \u00e0 des \u00e9valuations futures.<\/p>\n<div style=\"margin:22px 0;\">\n<iframe loading=\"lazy\" title=\"D\u00e9couvre LA TECHNIQUE pour CONJUGUER tous les verbes en fran\u00e7ais !\" width=\"1200\" height=\"675\" src=\"https:\/\/www.youtube.com\/embed\/joQ7dbxHxs8?feature=oembed\" frameborder=\"0\" allow=\"accelerometer; autoplay; clipboard-write; encrypted-media; gyroscope; picture-in-picture; web-share\" referrerpolicy=\"strict-origin-when-cross-origin\" allowfullscreen><\/iframe>\n<\/div>\n<div class=\"cdv7389-check\">\n<div class=\"cdv7389-col cdv7389-yes\">\n<div class=\"cdv7389-h\">\u2713 \u00c0 faire<\/div>\n<ul>\n<li>S&rsquo;entra\u00eener par petites sessions r\u00e9guli\u00e8res plut\u00f4t que de longues s\u00e9ances rares<\/li>\n<li>V\u00e9rifier chaque forme dans un Bescherelle ou un dictionnaire en cas de doute<\/li>\n<li>Faire r\u00e9p\u00e9ter la m\u00eame phrase \u00e0 plusieurs temps pour ancrer la logique<\/li>\n<\/ul><\/div>\n<div class=\"cdv7389-col cdv7389-no\">\n<div class=\"cdv7389-h\">\u2717 \u00c0 \u00e9viter<\/div>\n<ul>\n<li>Faire apprendre une terminaison par c\u0153ur sans exemple concret<\/li>\n<li>Corriger sans expliquer la r\u00e8gle derri\u00e8re l&rsquo;erreur<\/li>\n<li>Encha\u00eener les exercices \u00e9crits sans jamais passer par l&rsquo;oral<\/li>\n<\/ul><\/div>\n<\/div>\n<h2>Conclusion<\/h2>\n<p>La conjugaison est un pilier fondamental de la langue fran\u00e7aise. En utilisant des m\u00e9thodes ludiques, des exercices pratiques et une approche structur\u00e9e, les \u00e9l\u00e8ves de CM1 peuvent surmonter les difficult\u00e9s li\u00e9es \u00e0 cette mati\u00e8re. La cl\u00e9 r\u00e9side dans la pratique r\u00e9guli\u00e8re et l&rsquo;encouragement \u00e0 explorer les verbes sous diff\u00e9rents angles.<\/p>\n<div class=\"cdv7389-retain\">\n  <span class=\"cdv7389-kicker\">\u00c0 retenir<\/span><\/p>\n<ul>\n<li>Au CM1, on consolide en priorit\u00e9 pr\u00e9sent, pass\u00e9 compos\u00e9 et futur simple.<\/li>\n<li>\u00ab Je mange \u00bb (pr\u00e9sent), \u00ab j&rsquo;ai mang\u00e9 \u00bb (pass\u00e9 compos\u00e9), \u00ab je mangerai \u00bb (futur simple) : trois rep\u00e8res \u00e0 conna\u00eetre par c\u0153ur.<\/li>\n<li>Les jeux, flashcards et petites histoires facilitent la m\u00e9morisation sans remplacer la pratique \u00e9crite.<\/li>\n<li>En cas de doute sur une forme, toujours v\u00e9rifier dans un Bescherelle plut\u00f4t que de deviner.<\/li>\n<\/ul>\n<\/div>\n<h3>FAQ<\/h3>\n<div class=\"cdv7389-faq\">\n<details>\n<summary>Quelle est la diff\u00e9rence entre le pass\u00e9 compos\u00e9 et l&rsquo;imparfait ?<\/summary>\n<div class=\"cdv7389-a\">Le pass\u00e9 compos\u00e9 exprime une action ponctuelle et achev\u00e9e (\u00ab j&rsquo;ai mang\u00e9 \u00bb), tandis que l&rsquo;imparfait d\u00e9crit une action habituelle, en train de se d\u00e9rouler, ou une description dans le pass\u00e9 (\u00ab je mangeais \u00bb).<\/div>\n<\/details>\n<details>\n<summary>Comment aider un enfant en difficult\u00e9 avec la conjugaison ?<\/summary>\n<div class=\"cdv7389-a\">Utiliser des jeux, des chansons et des histoires pour rendre l&rsquo;apprentissage plus engageant, en s&rsquo;appuyant sur des phrases courtes et concr\u00e8tes plut\u00f4t que sur l&rsquo;apprentissage isol\u00e9 de terminaisons.<\/div>\n<\/details>\n<details>\n<summary>Quels sont les verbes irr\u00e9guliers les plus courants en fran\u00e7ais ?<\/summary>\n<div class=\"cdv7389-a\">\u00catre, avoir, aller et faire sont des exemples de verbes tr\u00e8s fr\u00e9quents qui ne suivent pas les terminaisons r\u00e9guli\u00e8res des verbes en -er, -ir ou -re.<\/div>\n<\/details>\n<details>\n<summary>Quel est un bon moyen de pratiquer la conjugaison \u00e0 la maison ?<\/summary>\n<div class=\"cdv7389-a\">Proposer des exercices de phrases \u00e0 compl\u00e9ter ou des petits jeux de r\u00f4le \u00e0 l&rsquo;oral : faire deviner le temps employ\u00e9 dans une phrase est un exercice simple et efficace.<\/div>\n<\/details>\n<\/div>\n<\/div>\n","protected":false},"excerpt":{"rendered":"","protected":false},"author":34,"featured_media":7392,"comment_status":"open","ping_status":"open","sticky":false,"template":"","format":"standard","meta":{"_acf_changed":false,"manual_indexmenow":false,"indexmenow_id_project":0,"footnotes":""},"categories":[1],"tags":[4570,4586,4539,4559,4587,4538],"class_list":["post-7389","post","type-post","status-publish","format-standard","has-post-thumbnail","hentry","category-a-la-une","tag-apprentissage","tag-cm1","tag-conjugaison","tag-exercices-pratiques","tag-jeux-educatifs","tag-temps-verbaux","generate-columns","tablet-grid-50","mobile-grid-100","grid-parent","grid-25"],"acf":[],"yoast_head":"<!-- This site is optimized with the Yoast SEO Premium plugin v21.3 (Yoast SEO v25.6) - https:\/\/yoast.com\/wordpress\/plugins\/seo\/ -->\n<title>Apprendre la conjugaison au CM1 : Guide pratique et astuces<\/title>\n<meta name=\"description\" content=\"Aidez les \u00e9l\u00e8ves de CM1 \u00e0 apprendre la conjugaison : un guide pratique et des astuces pour rendre l&#039;apprentissage ludique et efficace.\" \/>\n<meta name=\"robots\" content=\"index, follow, max-snippet:-1, max-image-preview:large, max-video-preview:-1\" \/>\n<link rel=\"canonical\" href=\"https:\/\/conjugaison-de-verbes.com\/blog\/a-la-une\/apprendre-la-conjugaison-au-cm1-guide-pratique-et-astuces\/\" \/>\n<meta property=\"og:locale\" content=\"fr_FR\" \/>\n<meta property=\"og:type\" content=\"article\" \/>\n<meta property=\"og:title\" content=\"Apprendre la conjugaison au CM1 : Guide pratique et astuces\" \/>\n<meta property=\"og:description\" content=\"Aidez les \u00e9l\u00e8ves de CM1 \u00e0 apprendre la conjugaison : un guide pratique et des astuces pour rendre l&#039;apprentissage ludique et efficace.\" \/>\n<meta property=\"og:url\" content=\"https:\/\/conjugaison-de-verbes.com\/blog\/a-la-une\/apprendre-la-conjugaison-au-cm1-guide-pratique-et-astuces\/\" \/>\n<meta property=\"og:site_name\" content=\"conjugaison-de-verbes\" \/>\n<meta property=\"og:image\" content=\"https:\/\/conjugaison-de-verbes.com\/blog\/wp-content\/uploads\/2025\/02\/stability-apprendre-la-conjugaison-au-cm1-guide-pratique-et-astuces.png\" \/>\n\t<meta property=\"og:image:width\" content=\"1024\" \/>\n\t<meta property=\"og:image:height\" content=\"576\" \/>\n\t<meta property=\"og:image:type\" content=\"image\/png\" \/>\n<meta name=\"author\" content=\"Rapha\u00ebl D.\" \/>\n<meta name=\"twitter:card\" content=\"summary_large_image\" \/>\n<script type=\"application\/ld+json\" class=\"yoast-schema-graph\">{\"@context\":\"https:\/\/schema.org\",\"@graph\":[{\"@type\":\"NewsArticle\",\"@id\":\"https:\/\/conjugaison-de-verbes.com\/blog\/a-la-une\/apprendre-la-conjugaison-au-cm1-guide-pratique-et-astuces\/#article\",\"isPartOf\":{\"@id\":\"https:\/\/conjugaison-de-verbes.com\/blog\/a-la-une\/apprendre-la-conjugaison-au-cm1-guide-pratique-et-astuces\/\"},\"author\":{\"name\":\"Rapha\u00ebl D.\",\"@id\":\"https:\/\/conjugaison-de-verbes.com\/blog\/#\/schema\/person\/3c864cdc320801e3db34b663e7e3f816\"},\"headline\":\"Apprendre la conjugaison au CM1 : Guide pratique et astuces\",\"datePublished\":\"2026-08-31T15:53:30+00:00\",\"mainEntityOfPage\":{\"@id\":\"https:\/\/conjugaison-de-verbes.com\/blog\/a-la-une\/apprendre-la-conjugaison-au-cm1-guide-pratique-et-astuces\/\"},\"wordCount\":919,\"commentCount\":29,\"publisher\":{\"@id\":\"https:\/\/conjugaison-de-verbes.com\/blog\/#organization\"},\"image\":{\"@id\":\"https:\/\/conjugaison-de-verbes.com\/blog\/a-la-une\/apprendre-la-conjugaison-au-cm1-guide-pratique-et-astuces\/#primaryimage\"},\"thumbnailUrl\":\"https:\/\/conjugaison-de-verbes.com\/blog\/wp-content\/uploads\/2025\/02\/stability-apprendre-la-conjugaison-au-cm1-guide-pratique-et-astuces.png\",\"keywords\":[\"Apprentissage\",\"CM1\",\"Conjugaison\",\"Exercices Pratiques\",\"Jeux \u00e9ducatifs\",\"Temps Verbaux\"],\"articleSection\":[\"\u00c0 la une\"],\"inLanguage\":\"fr-FR\",\"potentialAction\":[{\"@type\":\"CommentAction\",\"name\":\"Comment\",\"target\":[\"https:\/\/conjugaison-de-verbes.com\/blog\/a-la-une\/apprendre-la-conjugaison-au-cm1-guide-pratique-et-astuces\/#respond\"]}]},{\"@type\":\"WebPage\",\"@id\":\"https:\/\/conjugaison-de-verbes.com\/blog\/a-la-une\/apprendre-la-conjugaison-au-cm1-guide-pratique-et-astuces\/\",\"url\":\"https:\/\/conjugaison-de-verbes.com\/blog\/a-la-une\/apprendre-la-conjugaison-au-cm1-guide-pratique-et-astuces\/\",\"name\":\"Apprendre la conjugaison au CM1 : Guide pratique et astuces\",\"isPartOf\":{\"@id\":\"https:\/\/conjugaison-de-verbes.com\/blog\/#website\"},\"primaryImageOfPage\":{\"@id\":\"https:\/\/conjugaison-de-verbes.com\/blog\/a-la-une\/apprendre-la-conjugaison-au-cm1-guide-pratique-et-astuces\/#primaryimage\"},\"image\":{\"@id\":\"https:\/\/conjugaison-de-verbes.com\/blog\/a-la-une\/apprendre-la-conjugaison-au-cm1-guide-pratique-et-astuces\/#primaryimage\"},\"thumbnailUrl\":\"https:\/\/conjugaison-de-verbes.com\/blog\/wp-content\/uploads\/2025\/02\/stability-apprendre-la-conjugaison-au-cm1-guide-pratique-et-astuces.png\",\"datePublished\":\"2026-08-31T15:53:30+00:00\",\"description\":\"Aidez les \u00e9l\u00e8ves de CM1 \u00e0 apprendre la conjugaison : un guide pratique et des astuces pour rendre l'apprentissage ludique et efficace.\",\"inLanguage\":\"fr-FR\",\"potentialAction\":[{\"@type\":\"ReadAction\",\"target\":[\"https:\/\/conjugaison-de-verbes.com\/blog\/a-la-une\/apprendre-la-conjugaison-au-cm1-guide-pratique-et-astuces\/\"]}]},{\"@type\":\"ImageObject\",\"inLanguage\":\"fr-FR\",\"@id\":\"https:\/\/conjugaison-de-verbes.com\/blog\/a-la-une\/apprendre-la-conjugaison-au-cm1-guide-pratique-et-astuces\/#primaryimage\",\"url\":\"https:\/\/conjugaison-de-verbes.com\/blog\/wp-content\/uploads\/2025\/02\/stability-apprendre-la-conjugaison-au-cm1-guide-pratique-et-astuces.png\",\"contentUrl\":\"https:\/\/conjugaison-de-verbes.com\/blog\/wp-content\/uploads\/2025\/02\/stability-apprendre-la-conjugaison-au-cm1-guide-pratique-et-astuces.png\",\"width\":1024,\"height\":576},{\"@type\":\"WebSite\",\"@id\":\"https:\/\/conjugaison-de-verbes.com\/blog\/#website\",\"url\":\"https:\/\/conjugaison-de-verbes.com\/blog\/\",\"name\":\"conjugaison-de-verbes.com\",\"description\":\"Conjugaison de Verbes, ma\u00eetrisez la langue fran\u00e7aise\",\"publisher\":{\"@id\":\"https:\/\/conjugaison-de-verbes.com\/blog\/#organization\"},\"alternateName\":\"Conjugaison de Verbes, ma\u00eetrisez la langue fran\u00e7aise\",\"potentialAction\":[{\"@type\":\"SearchAction\",\"target\":{\"@type\":\"EntryPoint\",\"urlTemplate\":\"https:\/\/conjugaison-de-verbes.com\/blog\/?s={search_term_string}\"},\"query-input\":{\"@type\":\"PropertyValueSpecification\",\"valueRequired\":true,\"valueName\":\"search_term_string\"}}],\"inLanguage\":\"fr-FR\"},{\"@type\":\"Organization\",\"@id\":\"https:\/\/conjugaison-de-verbes.com\/blog\/#organization\",\"name\":\"Foretsensations.fr\",\"url\":\"https:\/\/conjugaison-de-verbes.com\/blog\/\",\"logo\":{\"@type\":\"ImageObject\",\"inLanguage\":\"fr-FR\",\"@id\":\"https:\/\/conjugaison-de-verbes.com\/blog\/#\/schema\/logo\/image\/\",\"url\":\"https:\/\/conjugaison-de-verbes.com\/blog\/wp-content\/uploads\/2024\/12\/10.png\",\"contentUrl\":\"https:\/\/conjugaison-de-verbes.com\/blog\/wp-content\/uploads\/2024\/12\/10.png\",\"width\":500,\"height\":500,\"caption\":\"Foretsensations.fr\"},\"image\":{\"@id\":\"https:\/\/conjugaison-de-verbes.com\/blog\/#\/schema\/logo\/image\/\"}},{\"@type\":\"Person\",\"@id\":\"https:\/\/conjugaison-de-verbes.com\/blog\/#\/schema\/person\/3c864cdc320801e3db34b663e7e3f816\",\"name\":\"Rapha\u00ebl D.\",\"image\":{\"@type\":\"ImageObject\",\"inLanguage\":\"fr-FR\",\"@id\":\"https:\/\/conjugaison-de-verbes.com\/blog\/#\/schema\/person\/image\/\",\"url\":\"https:\/\/conjugaison-de-verbes.com\/blog\/wp-content\/uploads\/2026\/06\/persona_raphael-d-150x150.jpg\",\"contentUrl\":\"https:\/\/conjugaison-de-verbes.com\/blog\/wp-content\/uploads\/2026\/06\/persona_raphael-d-150x150.jpg\",\"caption\":\"Rapha\u00ebl D.\"},\"description\":\"La culture est mon terrain de jeu depuis une dizaine d'ann\u00e9es : arts visuels, s\u00e9ries, cr\u00e9ation et tout ce qui nourrit l'imaginaire. J'\u00e9cris aussi bien sur l'actualit\u00e9 des \u0153uvres que sur les coulisses de la cr\u00e9ation, avec l'envie de relier l'amateur curieux \u00e0 des univers parfois jug\u00e9s intimidants. J'aime analyser une s\u00e9rie ou une d\u00e9marche artistique sans p\u00e9dantisme, replacer une \u0153uvre dans son contexte et donner des cl\u00e9s de lecture accessibles. Avant de publier, je v\u00e9rifie mes r\u00e9f\u00e9rences, je recoupe les sources et je distingue clairement le fait de mon interpr\u00e9tation subjective. Je crois qu'une critique vaut surtout par les arguments qu'elle expose, pas par la sentence qu'elle rend. Mon angle : transmettre l'envie de d\u00e9couvrir, de regarder autrement et de se forger son propre go\u00fbt. La culture n'appartient pas qu'aux initi\u00e9s, et c'est tout l'enjeu de mon \u00e9criture.\",\"url\":\"https:\/\/conjugaison-de-verbes.com\/blog\/auteur\/raphael-d\/\",\"jobTitle\":\"R\u00e9dacteur en chef \u00b7 Culture & Cr\u00e9ation\",\"knowsAbout\":[\"Culture\",\"Cr\u00e9ation\"],\"email\":\"raphael.d@a-l-asso-de-l-art.fr\"}]}<\/script>\n<!-- \/ Yoast SEO Premium plugin. -->","yoast_head_json":{"title":"Apprendre la conjugaison au CM1 : Guide pratique et astuces","description":"Aidez les \u00e9l\u00e8ves de CM1 \u00e0 apprendre la conjugaison : un guide pratique et des astuces pour rendre l'apprentissage ludique et efficace.","robots":{"index":"index","follow":"follow","max-snippet":"max-snippet:-1","max-image-preview":"max-image-preview:large","max-video-preview":"max-video-preview:-1"},"canonical":"https:\/\/conjugaison-de-verbes.com\/blog\/a-la-une\/apprendre-la-conjugaison-au-cm1-guide-pratique-et-astuces\/","og_locale":"fr_FR","og_type":"article","og_title":"Apprendre la conjugaison au CM1 : Guide pratique et astuces","og_description":"Aidez les \u00e9l\u00e8ves de CM1 \u00e0 apprendre la conjugaison : un guide pratique et des astuces pour rendre l'apprentissage ludique et efficace.","og_url":"https:\/\/conjugaison-de-verbes.com\/blog\/a-la-une\/apprendre-la-conjugaison-au-cm1-guide-pratique-et-astuces\/","og_site_name":"conjugaison-de-verbes","og_image":[{"width":1024,"height":576,"url":"https:\/\/conjugaison-de-verbes.com\/blog\/wp-content\/uploads\/2025\/02\/stability-apprendre-la-conjugaison-au-cm1-guide-pratique-et-astuces.png","type":"image\/png"}],"author":"Rapha\u00ebl D.","twitter_card":"summary_large_image","schema":{"@context":"https:\/\/schema.org","@graph":[{"@type":"NewsArticle","@id":"https:\/\/conjugaison-de-verbes.com\/blog\/a-la-une\/apprendre-la-conjugaison-au-cm1-guide-pratique-et-astuces\/#article","isPartOf":{"@id":"https:\/\/conjugaison-de-verbes.com\/blog\/a-la-une\/apprendre-la-conjugaison-au-cm1-guide-pratique-et-astuces\/"},"author":{"name":"Rapha\u00ebl D.","@id":"https:\/\/conjugaison-de-verbes.com\/blog\/#\/schema\/person\/3c864cdc320801e3db34b663e7e3f816"},"headline":"Apprendre la conjugaison au CM1 : Guide pratique et astuces","datePublished":"2026-08-31T15:53:30+00:00","mainEntityOfPage":{"@id":"https:\/\/conjugaison-de-verbes.com\/blog\/a-la-une\/apprendre-la-conjugaison-au-cm1-guide-pratique-et-astuces\/"},"wordCount":919,"commentCount":29,"publisher":{"@id":"https:\/\/conjugaison-de-verbes.com\/blog\/#organization"},"image":{"@id":"https:\/\/conjugaison-de-verbes.com\/blog\/a-la-une\/apprendre-la-conjugaison-au-cm1-guide-pratique-et-astuces\/#primaryimage"},"thumbnailUrl":"https:\/\/conjugaison-de-verbes.com\/blog\/wp-content\/uploads\/2025\/02\/stability-apprendre-la-conjugaison-au-cm1-guide-pratique-et-astuces.png","keywords":["Apprentissage","CM1","Conjugaison","Exercices Pratiques","Jeux \u00e9ducatifs","Temps Verbaux"],"articleSection":["\u00c0 la une"],"inLanguage":"fr-FR","potentialAction":[{"@type":"CommentAction","name":"Comment","target":["https:\/\/conjugaison-de-verbes.com\/blog\/a-la-une\/apprendre-la-conjugaison-au-cm1-guide-pratique-et-astuces\/#respond"]}]},{"@type":"WebPage","@id":"https:\/\/conjugaison-de-verbes.com\/blog\/a-la-une\/apprendre-la-conjugaison-au-cm1-guide-pratique-et-astuces\/","url":"https:\/\/conjugaison-de-verbes.com\/blog\/a-la-une\/apprendre-la-conjugaison-au-cm1-guide-pratique-et-astuces\/","name":"Apprendre la conjugaison au CM1 : Guide pratique et astuces","isPartOf":{"@id":"https:\/\/conjugaison-de-verbes.com\/blog\/#website"},"primaryImageOfPage":{"@id":"https:\/\/conjugaison-de-verbes.com\/blog\/a-la-une\/apprendre-la-conjugaison-au-cm1-guide-pratique-et-astuces\/#primaryimage"},"image":{"@id":"https:\/\/conjugaison-de-verbes.com\/blog\/a-la-une\/apprendre-la-conjugaison-au-cm1-guide-pratique-et-astuces\/#primaryimage"},"thumbnailUrl":"https:\/\/conjugaison-de-verbes.com\/blog\/wp-content\/uploads\/2025\/02\/stability-apprendre-la-conjugaison-au-cm1-guide-pratique-et-astuces.png","datePublished":"2026-08-31T15:53:30+00:00","description":"Aidez les \u00e9l\u00e8ves de CM1 \u00e0 apprendre la conjugaison : un guide pratique et des astuces pour rendre l'apprentissage ludique et efficace.","inLanguage":"fr-FR","potentialAction":[{"@type":"ReadAction","target":["https:\/\/conjugaison-de-verbes.com\/blog\/a-la-une\/apprendre-la-conjugaison-au-cm1-guide-pratique-et-astuces\/"]}]},{"@type":"ImageObject","inLanguage":"fr-FR","@id":"https:\/\/conjugaison-de-verbes.com\/blog\/a-la-une\/apprendre-la-conjugaison-au-cm1-guide-pratique-et-astuces\/#primaryimage","url":"https:\/\/conjugaison-de-verbes.com\/blog\/wp-content\/uploads\/2025\/02\/stability-apprendre-la-conjugaison-au-cm1-guide-pratique-et-astuces.png","contentUrl":"https:\/\/conjugaison-de-verbes.com\/blog\/wp-content\/uploads\/2025\/02\/stability-apprendre-la-conjugaison-au-cm1-guide-pratique-et-astuces.png","width":1024,"height":576},{"@type":"WebSite","@id":"https:\/\/conjugaison-de-verbes.com\/blog\/#website","url":"https:\/\/conjugaison-de-verbes.com\/blog\/","name":"conjugaison-de-verbes.com","description":"Conjugaison de Verbes, ma\u00eetrisez la langue fran\u00e7aise","publisher":{"@id":"https:\/\/conjugaison-de-verbes.com\/blog\/#organization"},"alternateName":"Conjugaison de Verbes, ma\u00eetrisez la langue fran\u00e7aise","potentialAction":[{"@type":"SearchAction","target":{"@type":"EntryPoint","urlTemplate":"https:\/\/conjugaison-de-verbes.com\/blog\/?s={search_term_string}"},"query-input":{"@type":"PropertyValueSpecification","valueRequired":true,"valueName":"search_term_string"}}],"inLanguage":"fr-FR"},{"@type":"Organization","@id":"https:\/\/conjugaison-de-verbes.com\/blog\/#organization","name":"Foretsensations.fr","url":"https:\/\/conjugaison-de-verbes.com\/blog\/","logo":{"@type":"ImageObject","inLanguage":"fr-FR","@id":"https:\/\/conjugaison-de-verbes.com\/blog\/#\/schema\/logo\/image\/","url":"https:\/\/conjugaison-de-verbes.com\/blog\/wp-content\/uploads\/2024\/12\/10.png","contentUrl":"https:\/\/conjugaison-de-verbes.com\/blog\/wp-content\/uploads\/2024\/12\/10.png","width":500,"height":500,"caption":"Foretsensations.fr"},"image":{"@id":"https:\/\/conjugaison-de-verbes.com\/blog\/#\/schema\/logo\/image\/"}},{"@type":"Person","@id":"https:\/\/conjugaison-de-verbes.com\/blog\/#\/schema\/person\/3c864cdc320801e3db34b663e7e3f816","name":"Rapha\u00ebl D.","image":{"@type":"ImageObject","inLanguage":"fr-FR","@id":"https:\/\/conjugaison-de-verbes.com\/blog\/#\/schema\/person\/image\/","url":"https:\/\/conjugaison-de-verbes.com\/blog\/wp-content\/uploads\/2026\/06\/persona_raphael-d-150x150.jpg","contentUrl":"https:\/\/conjugaison-de-verbes.com\/blog\/wp-content\/uploads\/2026\/06\/persona_raphael-d-150x150.jpg","caption":"Rapha\u00ebl D."},"description":"La culture est mon terrain de jeu depuis une dizaine d'ann\u00e9es : arts visuels, s\u00e9ries, cr\u00e9ation et tout ce qui nourrit l'imaginaire. J'\u00e9cris aussi bien sur l'actualit\u00e9 des \u0153uvres que sur les coulisses de la cr\u00e9ation, avec l'envie de relier l'amateur curieux \u00e0 des univers parfois jug\u00e9s intimidants. J'aime analyser une s\u00e9rie ou une d\u00e9marche artistique sans p\u00e9dantisme, replacer une \u0153uvre dans son contexte et donner des cl\u00e9s de lecture accessibles. Avant de publier, je v\u00e9rifie mes r\u00e9f\u00e9rences, je recoupe les sources et je distingue clairement le fait de mon interpr\u00e9tation subjective. Je crois qu'une critique vaut surtout par les arguments qu'elle expose, pas par la sentence qu'elle rend. Mon angle : transmettre l'envie de d\u00e9couvrir, de regarder autrement et de se forger son propre go\u00fbt. La culture n'appartient pas qu'aux initi\u00e9s, et c'est tout l'enjeu de mon \u00e9criture.","url":"https:\/\/conjugaison-de-verbes.com\/blog\/auteur\/raphael-d\/","jobTitle":"R\u00e9dacteur en chef \u00b7 Culture & Cr\u00e9ation","knowsAbout":["Culture","Cr\u00e9ation"],"email":"raphael.d@a-l-asso-de-l-art.fr"}]}},"_links":{"self":[{"href":"https:\/\/conjugaison-de-verbes.com\/blog\/wp-json\/wp\/v2\/posts\/7389","targetHints":{"allow":["GET"]}}],"collection":[{"href":"https:\/\/conjugaison-de-verbes.com\/blog\/wp-json\/wp\/v2\/posts"}],"about":[{"href":"https:\/\/conjugaison-de-verbes.com\/blog\/wp-json\/wp\/v2\/types\/post"}],"author":[{"embeddable":true,"href":"https:\/\/conjugaison-de-verbes.com\/blog\/wp-json\/wp\/v2\/users\/34"}],"replies":[{"embeddable":true,"href":"https:\/\/conjugaison-de-verbes.com\/blog\/wp-json\/wp\/v2\/comments?post=7389"}],"version-history":[{"count":3,"href":"https:\/\/conjugaison-de-verbes.com\/blog\/wp-json\/wp\/v2\/posts\/7389\/revisions"}],"predecessor-version":[{"id":8080,"href":"https:\/\/conjugaison-de-verbes.com\/blog\/wp-json\/wp\/v2\/posts\/7389\/revisions\/8080"}],"wp:featuredmedia":[{"embeddable":true,"href":"https:\/\/conjugaison-de-verbes.com\/blog\/wp-json\/wp\/v2\/media\/7392"}],"wp:attachment":[{"href":"https:\/\/conjugaison-de-verbes.com\/blog\/wp-json\/wp\/v2\/media?parent=7389"}],"wp:term":[{"taxonomy":"category","embeddable":true,"href":"https:\/\/conjugaison-de-verbes.com\/blog\/wp-json\/wp\/v2\/categories?post=7389"},{"taxonomy":"post_tag","embeddable":true,"href":"https:\/\/conjugaison-de-verbes.com\/blog\/wp-json\/wp\/v2\/tags?post=7389"}],"curies":[{"name":"wp","href":"https:\/\/api.w.org\/{rel}","templated":true}]}}