{"id":7359,"date":"2026-08-31T21:52:58","date_gmt":"2026-08-31T19:52:58","guid":{"rendered":"https:\/\/conjugaison-de-verbes.com\/blog\/a-la-une\/le-role-de-la-conjugaison-dans-la-comprehension-des-textes\/"},"modified":"2026-08-31T21:52:58","modified_gmt":"2026-08-31T19:52:58","slug":"le-role-de-la-conjugaison-dans-la-comprehension-des-textes","status":"publish","type":"post","link":"https:\/\/conjugaison-de-verbes.com\/blog\/a-la-une\/le-role-de-la-conjugaison-dans-la-comprehension-des-textes\/","title":{"rendered":"Le r\u00f4le de la conjugaison dans la compr\u00e9hension des textes"},"content":{"rendered":"<link rel=\"stylesheet\" href=\"https:\/\/fonts.googleapis.com\/css2?family=Space+Grotesk:wght@600;700&#038;family=Inter:wght@400;500;600&#038;family=JetBrains+Mono:wght@500&#038;display=swap\">\n<style>\n.cdv-brief-wrap{font-family:'Inter',-apple-system,BlinkMacSystemFont,'Segoe UI',sans-serif;color:#1a1a2e;line-height:1.68;font-size:17px;}\n.cdv-brief-wrap h2{font-family:'Space Grotesk',sans-serif;font-weight:700;font-size:clamp(23px,3vw,30px);letter-spacing:-0.01em;color:#1a1a2e;margin:46px 0 16px;}\n.cdv-brief-wrap h3{font-family:'Space Grotesk',sans-serif;font-weight:600;font-size:18.5px;letter-spacing:-0.005em;color:#1a1a2e;margin:0 0 8px;}\n.cdv-brief-kicker{display:inline-block;font-family:'JetBrains Mono',monospace;font-size:11px;font-weight:500;letter-spacing:1.8px;text-transform:uppercase;color:#4338ca;margin-bottom:10px;}\n.cdv-brief-lead{font-size:19px;line-height:1.6;color:#33334a;font-weight:500;margin:0 0 6px;}\n.cdv-brief-answer{background:#eef0fd;border-left:5px solid #4338ca;border-radius:0 12px 12px 0;padding:26px 28px;margin:30px 0;}\n.cdv-brief-answer-txt{font-size:18px;line-height:1.6;color:#1a1a2e;font-weight:500;margin-bottom:16px;}\n.cdv-brief-answer-list{display:grid;gap:10px;}\n.cdv-brief-answer-item{display:flex;gap:12px;align-items:flex-start;background:#fff;border:1px solid #d9dcf7;border-radius:8px;padding:12px 14px;}\n.cdv-brief-answer-item span.cdv-brief-num{flex:0 0 24px;width:24px;height:24px;border-radius:50%;background:#4338ca;color:#fff;font-family:'JetBrains Mono',monospace;font-size:12px;font-weight:500;display:inline-flex;align-items:center;justify-content:center;}\n.cdv-brief-answer-item span.cdv-brief-txt{font-size:14.5px;line-height:1.5;color:#2a2a3d;}\n.cdv-brief-grid{display:grid;grid-template-columns:repeat(auto-fit,minmax(230px,1fr));gap:16px;margin:26px 0;}\n.cdv-brief-card{background:#fff;border:1px solid #e4e4f0;border-top:3px solid #4338ca;border-radius:10px;padding:20px 20px 18px;transition:.25s ease;box-shadow:0 1px 2px rgba(16,24,40,.04);}\n.cdv-brief-card:hover{transform:translateY(-3px);box-shadow:0 14px 28px -16px rgba(67,56,202,.35);border-color:#c7cbf5;}\n.cdv-brief-card h3{margin-bottom:8px;}\n.cdv-brief-ex{font-family:'JetBrains Mono',monospace;font-size:13px;color:#4338ca;background:#f5f6fd;border-radius:6px;padding:6px 9px;display:inline-block;margin:6px 0;}\n.cdv-brief-card-txt{font-size:14px;line-height:1.55;color:#4a4a5e;}\n.cdv-brief-quote{margin:20px 0;padding:16px 22px;border-left:3px solid #4338ca;background:#f8f8fd;border-radius:0 8px 8px 0;}\n.cdv-brief-quote-txt{font-size:17px;font-style:italic;color:#1a1a2e;font-weight:500;}\n.cdv-brief-note{background:#eef0fd;border-left:4px solid #4338ca;padding:15px 18px;margin:20px 0;border-radius:0 8px 8px 0;}\n.cdv-brief-note strong{display:inline-block;color:#3730a3;font-size:12px;text-transform:uppercase;letter-spacing:1.3px;margin-right:8px;font-family:'JetBrains Mono',monospace;}\n.cdv-brief-note span.cdv-brief-note-txt{font-size:14.5px;line-height:1.55;color:#33334a;}\n.cdv-brief-retain{background:#fafafc;border:1px solid #e4e4f0;border-radius:10px;padding:24px 26px 26px;margin:30px 0;}\n.cdv-brief-retain-title{font-family:'JetBrains Mono',monospace;font-size:11px;font-weight:500;text-transform:uppercase;letter-spacing:1.8px;color:#4338ca;margin-bottom:16px;}\n.cdv-brief-retain-grid{display:grid;grid-template-columns:repeat(auto-fit,minmax(240px,1fr));gap:10px;}\n.cdv-brief-retain-item{display:flex;gap:12px;background:#fff;border:1px solid #ebebf3;padding:12px 14px;border-radius:6px;align-items:flex-start;}\n.cdv-brief-retain-item span.cdv-brief-num{flex:0 0 24px;width:24px;height:24px;background:#4338ca;color:#fff;border-radius:50%;display:inline-flex;align-items:center;justify-content:center;font-size:12px;font-weight:600;font-family:'JetBrains Mono',monospace;}\n.cdv-brief-retain-item span.cdv-brief-txt{font-size:14px;line-height:1.5;color:#2a2a3d;}\n.cdv-brief-faq{margin:34px 0;}\n.cdv-brief-faq-h{font-family:'Space Grotesk',sans-serif;font-weight:700;font-size:22px;color:#1a1a2e;margin:0 0 16px;}\n.cdv-brief-faq-list{border-top:1px solid #dcdcec;}\n.cdv-brief-faq-item{border-bottom:1px solid #dcdcec;}\n.cdv-brief-faq-item summary{cursor:pointer;padding:16px 0;font-size:16.5px;font-weight:600;color:#1a1a2e;list-style:none;display:flex;justify-content:space-between;align-items:center;gap:14px;font-family:'Space Grotesk',sans-serif;}\n.cdv-brief-faq-item summary::-webkit-details-marker{display:none;}\n.cdv-brief-faq-mark{font-size:22px;font-weight:300;color:#4338ca;line-height:1;flex:none;}\n.cdv-brief-faq-a{padding:0 0 16px 0;font-size:15px;line-height:1.7;color:#4a4a5e;}\n.cdv-brief-cta{display:flex;align-items:center;gap:14px;text-decoration:none;border:1px solid #d9dcf7;border-radius:12px;padding:16px 20px;margin:26px 0;background:linear-gradient(135deg,#f5f6ff,#fff);transition:.25s ease;}\n.cdv-brief-cta:hover{transform:translateY(-2px);box-shadow:0 12px 24px -16px rgba(67,56,202,.3);}\n.cdv-brief-cta-badge{flex:none;width:38px;height:38px;border-radius:10px;background:#4338ca;color:#fff;font-size:17px;font-weight:700;display:flex;align-items:center;justify-content:center;font-family:'Space Grotesk',sans-serif;}\n.cdv-brief-cta-txt{font-size:15px;font-weight:600;color:#1a1a2e;}\n<\/style>\n<div class=\"cdv-brief-wrap\">\n<p class=\"cdv-brief-lead\">Un m\u00eame \u00e9v\u00e9nement racont\u00e9 au pass\u00e9 compos\u00e9, \u00e0 l&rsquo;imparfait ou au pr\u00e9sent ne se lit pas de la m\u00eame fa\u00e7on : le temps du verbe indique si une action est achev\u00e9e, en cours ou \u00e0 venir, et guide silencieusement l&rsquo;interpr\u00e9tation du lecteur. Comprendre la conjugaison, c&rsquo;est donc aussi apprendre \u00e0 mieux lire.<\/p>\n<div class=\"cdv-brief-answer\">\n<div class=\"cdv-brief-answer-txt\">En bref \u2014 la conjugaison agit comme une signal\u00e9tique temporelle : chaque temps et chaque mode indique au lecteur o\u00f9 se situe une action, si elle est termin\u00e9e ou non, et quel lien logique elle entretient avec les autres. Mal identifier un temps verbal, c&rsquo;est risquer de perdre le fil chronologique ou le ton d&rsquo;un texte.<\/div>\n<div class=\"cdv-brief-answer-list\">\n<div class=\"cdv-brief-answer-item\"><span class=\"cdv-brief-num\">1<\/span><span class=\"cdv-brief-txt\">Les temps situent l&rsquo;action dans le temps : pr\u00e9sent = imm\u00e9diatet\u00e9, pass\u00e9 compos\u00e9 = action achev\u00e9e, imparfait = dur\u00e9e ou habitude.<\/span><\/div>\n<div class=\"cdv-brief-answer-item\"><span class=\"cdv-brief-num\">2<\/span><span class=\"cdv-brief-txt\">L&rsquo;opposition pass\u00e9 simple \/ imparfait s\u00e9pare traditionnellement le premier plan (les actions) et l&rsquo;arri\u00e8re-plan (les descriptions) d&rsquo;un r\u00e9cit.<\/span><\/div>\n<div class=\"cdv-brief-answer-item\"><span class=\"cdv-brief-num\">3<\/span><span class=\"cdv-brief-txt\">Les modes (subjonctif, conditionnel) signalent le doute, le souhait ou l&rsquo;hypoth\u00e8se plut\u00f4t qu&rsquo;un fait certain.<\/span><\/div>\n<div class=\"cdv-brief-answer-item\"><span class=\"cdv-brief-num\">4<\/span><span class=\"cdv-brief-txt\">Le pass\u00e9 compos\u00e9 et le plus-que-parfait permettent d&rsquo;ordonner logiquement deux \u00e9v\u00e9nements l&rsquo;un par rapport \u00e0 l&rsquo;autre.<\/span><\/div>\n<\/p><\/div>\n<\/div>\n<h2>Les temps verbaux<\/h2>\n<p>La conjugaison en fran\u00e7ais repose sur plusieurs \u00e9l\u00e9ments fondamentaux, dont les <strong>temps verbaux<\/strong>, qui jouent un r\u00f4le crucial dans l&rsquo;expression des actions, des \u00e9tats et des sentiments. Ils se divisent principalement en <strong>temps simples<\/strong> et <strong>temps compos\u00e9s<\/strong>. Les temps simples \u2014 le <strong>pr\u00e9sent<\/strong>, l&rsquo;<strong>imparfait<\/strong> et le <strong>futur<\/strong> \u2014 situent une action de fa\u00e7on directe et imm\u00e9diate : le pr\u00e9sent indique une action en cours (\u00ab Je mange \u00bb), tandis que l&rsquo;imparfait \u00e9voque une action pass\u00e9e avec une dur\u00e9e ou une habitude (\u00ab Je mangeais \u00bb).<\/p>\n<p>Les temps compos\u00e9s, comme le <strong>pass\u00e9 compos\u00e9<\/strong> et le <strong>futur ant\u00e9rieur<\/strong>, ajoutent une dimension de <strong>compl\u00e9tude<\/strong> ou de <strong>pr\u00e9c\u00e9dence<\/strong> \u00e0 l&rsquo;action. Le pass\u00e9 compos\u00e9 indique une action achev\u00e9e qui a des r\u00e9percussions sur le pr\u00e9sent (\u00ab J&rsquo;ai mang\u00e9 \u00bb), tandis que le futur ant\u00e9rieur d\u00e9crit une action qui sera termin\u00e9e avant un moment futur pr\u00e9cis (\u00ab J&rsquo;aurai mang\u00e9 \u00bb).<\/p>\n<h2>L&rsquo;impact sur le sens des phrases<\/h2>\n<p>La ma\u00eetrise des temps verbaux influence profond\u00e9ment le <strong>sens<\/strong> des phrases. Le choix d&rsquo;un temps peut modifier le contexte, le degr\u00e9 d&rsquo;urgence ou la relation temporelle entre les \u00e9v\u00e9nements : une phrase au futur laisse entendre qu&rsquo;une action est envisag\u00e9e, alors qu&rsquo;une phrase au pass\u00e9 r\u00e9f\u00e8re \u00e0 quelque chose d\u00e9j\u00e0 accompli. Ce contraste est essentiel pour l&rsquo;interpr\u00e9tation correcte d&rsquo;un texte.<\/p>\n<h2>Les modes et leurs fonctions<\/h2>\n<p>En plus des temps, les <strong>modes<\/strong> verbaux (indicatif, subjonctif, imp\u00e9ratif, conditionnel) jouent un r\u00f4le d\u00e9terminant. L&rsquo;<strong>indicatif<\/strong> exprime des faits certains (\u00ab Il pleut \u00bb), tandis que le <strong>subjonctif<\/strong> exprime le doute ou le souhait (\u00ab Il faut qu&rsquo;il pleuve \u00bb). L&rsquo;<strong>imp\u00e9ratif<\/strong> donne des ordres ou des conseils (\u00ab Mange \u00bb), et le <strong>conditionnel<\/strong> exprime une action soumise \u00e0 une condition (\u00ab Je mangerais si j&rsquo;avais faim \u00bb). Ces variations apportent une richesse au discours et aident \u00e0 nuancer les propos.<\/p>\n<h2>Le pr\u00e9sent, le pass\u00e9, le futur : ce que chaque temps signale au lecteur<\/h2>\n<p>Chaque temps verbal a son propre poids dans la structure d&rsquo;une phrase et influe sur la perception qu&rsquo;a le lecteur d&rsquo;une action. Voici comment les temps les plus utilis\u00e9s orientent la lecture.<\/p>\n<div class=\"cdv-brief-grid\">\n<article class=\"cdv-brief-card\">\n<h3>Le pr\u00e9sent<\/h3>\n<p>    <span class=\"cdv-brief-ex\">Il mange<\/span><\/p>\n<div class=\"cdv-brief-card-txt\">Exprime une action en cours ou une v\u00e9rit\u00e9 g\u00e9n\u00e9rale. L&rsquo;action se d\u00e9roule au moment m\u00eame o\u00f9 l&rsquo;on parle, ce qui cr\u00e9e un sentiment d&rsquo;imm\u00e9diatet\u00e9 et rend un texte plus vivant.<\/div>\n<\/article>\n<article class=\"cdv-brief-card\">\n<h3>Le pass\u00e9 compos\u00e9<\/h3>\n<p>    <span class=\"cdv-brief-ex\">Il a mang\u00e9<\/span><\/p>\n<div class=\"cdv-brief-card-txt\">Parle d&rsquo;une action achev\u00e9e dans le pass\u00e9. Sa construction (auxiliaire <em>avoir<\/em> ou <em>\u00eatre<\/em> + participe pass\u00e9) donne une dimension de r\u00e9cit et installe une impression de v\u00e9cu imm\u00e9diat.<\/div>\n<\/article>\n<article class=\"cdv-brief-card\">\n<h3>L&rsquo;imparfait<\/h3>\n<p>    <span class=\"cdv-brief-ex\">Il mangeait<\/span><\/p>\n<div class=\"cdv-brief-card-txt\">D\u00e9crit une action r\u00e9p\u00e9t\u00e9e ou un \u00e9tat dans le pass\u00e9. Sa continuit\u00e9 donne au lecteur une impression de d\u00e9veloppement ou de profondeur, propice \u00e0 la description.<\/div>\n<\/article>\n<article class=\"cdv-brief-card\">\n<h3>Le futur simple<\/h3>\n<p>    <span class=\"cdv-brief-ex\">Il mangera<\/span><\/p>\n<div class=\"cdv-brief-card-txt\">Se projette dans une action \u00e0 venir et ouvre la narration vers des possibilit\u00e9s, entra\u00eenant le lecteur dans l&rsquo;anticipation ou l&rsquo;attente.<\/div>\n<\/article>\n<article class=\"cdv-brief-card\">\n<h3>Le conditionnel<\/h3>\n<p>    <span class=\"cdv-brief-ex\">Il mangerait si\u2026<\/span><\/p>\n<div class=\"cdv-brief-card-txt\">Exprime une action soumise \u00e0 une condition, \u00e9voquant des sc\u00e9narios hypoth\u00e9tiques et enrichissant le texte de nuances et de possibilit\u00e9s.<\/div>\n<\/article>\n<article class=\"cdv-brief-card\">\n<h3>Le subjonctif<\/h3>\n<p>    <span class=\"cdv-brief-ex\">Il faut qu&rsquo;il mange<\/span><\/p>\n<div class=\"cdv-brief-card-txt\">Exprime des doutes, des d\u00e9sirs ou des sentiments, ajoutant une dimension \u00e9motionnelle et pouvant cr\u00e9er une tension narrative.<\/div>\n<\/article>\n<\/div>\n<h2>Fonction et impact du futur simple<\/h2>\n<p>Le pass\u00e9 compos\u00e9, employ\u00e9 pour narrer des \u00e9v\u00e9nements d\u00e9j\u00e0 produits, aide le lecteur \u00e0 <strong>situer des actions dans le temps<\/strong> : \u00ab Il a mang\u00e9 \u00bb d\u00e9limite clairement l&rsquo;horizon temporel, signalant que l&rsquo;action est compl\u00e8te. \u00c0 l&rsquo;inverse, le futur simple installe une distance temporelle et souligne qu&rsquo;une action est encore \u00e0 venir \u2014 il construit des hypoth\u00e8ses autant qu&rsquo;il projette des \u00e9v\u00e9nements. Lorsqu&rsquo;on l&rsquo;utilise, l&rsquo;auteur donne souvent un sentiment de <strong>certitude<\/strong> ou d&rsquo;<strong>anticipation<\/strong>.<\/p>\n<h3>Exemples d&rsquo;utilisation<\/h3>\n<div class=\"cdv-brief-quote\">\n<div class=\"cdv-brief-quote-txt\">Demain, il fera beau.<\/div>\n<\/div>\n<p>Cette pr\u00e9vision, fond\u00e9e sur des \u00e9l\u00e9ments tangibles (ici, m\u00e9t\u00e9orologiques), est communiqu\u00e9e avec assurance au lecteur.<\/p>\n<div class=\"cdv-brief-quote\">\n<div class=\"cdv-brief-quote-txt\">Nous partirons en vacances le mois prochain.<\/div>\n<\/div>\n<p>Cette phrase situe l&rsquo;action dans un avenir proche tout en exprimant un projet concret : le futur simple conf\u00e8re ici une dimension d&rsquo;engagement et d&rsquo;intention \u00e0 l&rsquo;\u00e9nonc\u00e9.<\/p>\n<h3>Nuances et contextes<\/h3>\n<div class=\"cdv-brief-quote\">\n<div class=\"cdv-brief-quote-txt\">Il d\u00e9couvrira le secret qui changera sa vie.<\/div>\n<\/div>\n<p>Dans un contexte narratif, cette construction suscite l&rsquo;intrigue et l&rsquo;attente chez le lecteur : en annon\u00e7ant un \u00e9v\u00e9nement futur \u00e0 fort impact, l&rsquo;auteur maintient l&rsquo;int\u00e9r\u00eat tout en posant les bases d&rsquo;un d\u00e9veloppement dramatique.<\/p>\n<h2>Ce que la conjugaison apporte \u00e0 la lecture<\/h2>\n<p>Au-del\u00e0 du simple rep\u00e9rage du moment d&rsquo;une action, la conjugaison construit la <strong>logique<\/strong> et le <strong>raisonnement<\/strong> d&rsquo;un texte : elle exprime les relations entre les id\u00e9es et les \u00e9v\u00e9nements, bien au-del\u00e0 d&rsquo;une fonction de datation.<\/p>\n<h3>Indication du temps<\/h3>\n<p>La conjugaison permet de situer les actions les unes par rapport aux autres. Dans la phrase <em>\u00ab Quand elle est arriv\u00e9e, il avait d\u00e9j\u00e0 quitt\u00e9 la maison \u00bb<\/em>, l&#8217;emploi du <strong>pass\u00e9 compos\u00e9<\/strong> pour \u00ab est arriv\u00e9e \u00bb et du <strong>plus-que-parfait<\/strong> pour \u00ab avait quitt\u00e9 \u00bb montre clairement un <strong>encha\u00eenement temporel<\/strong> : cette hi\u00e9rarchie aide le lecteur \u00e0 r\u00e9agir logiquement aux \u00e9v\u00e9nements d\u00e9crits, m\u00eame sans connecteur explicite.<\/p>\n<h3>Premier plan et arri\u00e8re-plan : pass\u00e9 simple et imparfait<\/h3>\n<p>Dans un r\u00e9cit \u00e9crit, ces deux temps ne se contentent pas de situer une action dans le pass\u00e9 : ils se r\u00e9partissent des r\u00f4les diff\u00e9rents. Le <strong>pass\u00e9 simple<\/strong> porte traditionnellement le <strong>premier plan<\/strong> \u2014 les actions ponctuelles qui font avancer l&rsquo;histoire (\u00ab Il ouvrit la porte, entra, s&rsquo;arr\u00eata \u00bb). L&rsquo;<strong>imparfait<\/strong>, lui, installe l&rsquo;<strong>arri\u00e8re-plan<\/strong> \u2014 le d\u00e9cor, les \u00e9tats, les habitudes (\u00ab Il pleuvait, la maison \u00e9tait silencieuse \u00bb). Rep\u00e9rer cette alternance permet au lecteur de distinguer, dans un m\u00eame paragraphe, ce qui fait progresser l&rsquo;intrigue de ce qui la contextualise.<\/p>\n<h3>Le pr\u00e9sent de narration<\/h3>\n<p>Un texte au pass\u00e9 peut, ponctuellement, basculer au pr\u00e9sent pour un effet d&rsquo;<strong>imm\u00e9diatet\u00e9<\/strong> \u2014 comme si l&rsquo;action se d\u00e9roulait sous les yeux du lecteur. C&rsquo;est le m\u00eame m\u00e9canisme que celui \u00e9voqu\u00e9 plus haut pour \u00ab Il mange \u00bb : appliqu\u00e9 au c\u0153ur d&rsquo;un r\u00e9cit pass\u00e9, ce pr\u00e9sent dit \u00ab de narration \u00bb resserre la distance entre le lecteur et l&rsquo;action, sans que le rep\u00e8re temporel global du texte change r\u00e9ellement.<\/p>\n<h3>Modalit\u00e9 et hypoth\u00e8ses<\/h3>\n<p>Les temps verbaux permettent aussi d&rsquo;introduire des <strong>hypoth\u00e8ses<\/strong> et des <strong>conditions<\/strong>. Dans <em>\u00ab Si j&rsquo;avais su, je serais venu \u00bb<\/em>, l&rsquo;utilisation du <strong>conditionnel pass\u00e9<\/strong> \u00ab serais venu \u00bb souligne une <strong>possibilit\u00e9 irr\u00e9elle<\/strong>, qui n&rsquo;a pas eu lieu. Ce lien logique entre condition et cons\u00e9quence aide le lecteur \u00e0 comprendre les implications r\u00e9elles \u2014 ou non \u2014 des actions d\u00e9crites.<\/p>\n<h3>Discours direct et indirect<\/h3>\n<p>La conjugaison joue aussi un r\u00f4le vital dans le passage du <strong>discours direct<\/strong> au <strong>discours indirect<\/strong>. Dire <em>\u00ab Il dit qu&rsquo;il viendra \u00bb<\/em> utilise le futur pour projeter une action \u00e0 venir au moment de la d\u00e9claration. En discours indirect, <em>\u00ab Il avait dit qu&rsquo;il viendrait \u00bb<\/em> emploie le plus-que-parfait puis le conditionnel : cette bascule offre une perspective r\u00e9trospective qui aide \u00e0 \u00e9tablir le contexte temporel dans lequel se situe le lecteur.<\/p>\n<h3>Cons\u00e9quences et causalit\u00e9<\/h3>\n<p>Les temps et modes peuvent aussi exprimer des <strong>causalit\u00e9s<\/strong>. <em>\u00ab Parce qu&rsquo;elle avait \u00e9tudi\u00e9, elle a r\u00e9ussi l&rsquo;examen \u00bb<\/em> montre une relation de cause \u00e0 effet gr\u00e2ce \u00e0 l&#8217;emploi du <strong>plus-que-parfait<\/strong> pour la cause et du <strong>pass\u00e9 compos\u00e9<\/strong> pour la cons\u00e9quence \u2014 un m\u00e9canisme de liaison qui renforce la clart\u00e9 logique du texte, sans qu&rsquo;aucun connecteur de causalit\u00e9 ne soit n\u00e9cessaire.<\/p>\n<p><a class=\"cdv-brief-cta\" href=\"https:\/\/conjugaison-de-verbes.com\/blog\/a-la-une\/apprendre-la-conjugaison-francaise-par-des-exercices-pratiques\/\"><br \/>\n  <span class=\"cdv-brief-cta-badge\">\u2192<\/span><br \/>\n  <span class=\"cdv-brief-cta-txt\">Envie de fixer ces temps par la pratique ? Notre m\u00e9thode pas-\u00e0-pas avec exercices : \u00ab Apprendre la conjugaison fran\u00e7aise par des exercices pratiques \u00bb.<\/span><br \/>\n<\/a><\/p>\n<h2>Conclusion sur la conjugaison<\/h2>\n<p>La conjugaison est un \u00e9l\u00e9ment fondamental pour saisir pleinement le sens d&rsquo;un texte. En identifiant les <strong>temps verbaux<\/strong> et les <strong>modes<\/strong> employ\u00e9s \u2014 et la fa\u00e7on dont ils s&rsquo;articulent entre premier plan et arri\u00e8re-plan, certitude et hypoth\u00e8se, cause et cons\u00e9quence \u2014 le lecteur d\u00e9chiffre les subtilit\u00e9s des phrases et appr\u00e9cie davantage la richesse de la langue fran\u00e7aise. C&rsquo;est aussi, pour qui \u00e9crit, un outil qui structure le r\u00e9cit, garde le lecteur engag\u00e9 et donne du rythme \u00e0 la prose.<\/p>\n<div class=\"cdv-brief-note\"><strong>Bon \u00e0 savoir<\/strong><span class=\"cdv-brief-note-txt\">Le choix du pass\u00e9 compos\u00e9 plut\u00f4t que du pass\u00e9 simple, tr\u00e8s fr\u00e9quent \u00e0 l&rsquo;oral et dans la presse actuelle, ne change pas la logique temporelle : il modifie surtout le registre, plus proche et plus courant que le pass\u00e9 simple, r\u00e9serv\u00e9 \u00e0 l&rsquo;\u00e9crit litt\u00e9raire.<\/span><\/div>\n<div class=\"cdv-brief-retain\">\n<div class=\"cdv-brief-retain-title\">\u00c0 retenir<\/div>\n<div class=\"cdv-brief-retain-grid\">\n<div class=\"cdv-brief-retain-item\"><span class=\"cdv-brief-num\">1<\/span><span class=\"cdv-brief-txt\">Chaque temps verbal porte une information implicite : action en cours, achev\u00e9e, habituelle ou hypoth\u00e9tique.<\/span><\/div>\n<div class=\"cdv-brief-retain-item\"><span class=\"cdv-brief-num\">2<\/span><span class=\"cdv-brief-txt\">Pass\u00e9 simple et imparfait se r\u00e9partissent premier plan (actions) et arri\u00e8re-plan (descriptions) dans un r\u00e9cit.<\/span><\/div>\n<div class=\"cdv-brief-retain-item\"><span class=\"cdv-brief-num\">3<\/span><span class=\"cdv-brief-txt\">Le pass\u00e9 compos\u00e9 et le plus-que-parfait permettent d&rsquo;ordonner deux \u00e9v\u00e9nements l&rsquo;un par rapport \u00e0 l&rsquo;autre, sans connecteur explicite.<\/span><\/div>\n<div class=\"cdv-brief-retain-item\"><span class=\"cdv-brief-num\">4<\/span><span class=\"cdv-brief-txt\">Subjonctif et conditionnel signalent le doute, le souhait ou l&rsquo;hypoth\u00e8se \u2014 jamais un fait certain.<\/span><\/div>\n<div class=\"cdv-brief-retain-item\"><span class=\"cdv-brief-num\">5<\/span><span class=\"cdv-brief-txt\">Un pr\u00e9sent ins\u00e9r\u00e9 dans un r\u00e9cit au pass\u00e9 (pr\u00e9sent de narration) resserre la distance avec le lecteur.<\/span><\/div>\n<\/p><\/div>\n<\/div>\n<div class=\"cdv-brief-faq\">\n<div class=\"cdv-brief-faq-h\">Questions fr\u00e9quentes<\/div>\n<div class=\"cdv-brief-faq-list\">\n<details class=\"cdv-brief-faq-item\">\n<summary><span>Pourquoi le choix d&rsquo;un temps verbal change-t-il la compr\u00e9hension d&rsquo;un texte ?<\/span><span class=\"cdv-brief-faq-mark\">+<\/span><\/summary>\n<div class=\"cdv-brief-faq-a\">Parce que chaque temps porte une information implicite sur le moment de l&rsquo;action et son degr\u00e9 d&rsquo;ach\u00e8vement. Confondre un pass\u00e9 compos\u00e9 (action termin\u00e9e) avec un imparfait (action en cours ou habituelle) change la mani\u00e8re dont le lecteur situe et hi\u00e9rarchise les \u00e9v\u00e9nements du texte.<\/div>\n<\/details>\n<details class=\"cdv-brief-faq-item\">\n<summary><span>Quelle diff\u00e9rence entre le pass\u00e9 compos\u00e9 et l&rsquo;imparfait dans un r\u00e9cit ?<\/span><span class=\"cdv-brief-faq-mark\">+<\/span><\/summary>\n<div class=\"cdv-brief-faq-a\">Le pass\u00e9 compos\u00e9 rapporte une action ponctuelle et achev\u00e9e (\u00ab il a mang\u00e9 \u00bb) ; l&rsquo;imparfait d\u00e9crit une action r\u00e9p\u00e9t\u00e9e, un \u00e9tat ou un d\u00e9cor (\u00ab il mangeait \u00bb). Le premier fait avancer le r\u00e9cit, le second le contextualise.<\/div>\n<\/details>\n<details class=\"cdv-brief-faq-item\">\n<summary><span>\u00c0 quoi sert le subjonctif dans une phrase ?<\/span><span class=\"cdv-brief-faq-mark\">+<\/span><\/summary>\n<div class=\"cdv-brief-faq-a\">Le subjonctif exprime un doute, un souhait ou une n\u00e9cessit\u00e9 plut\u00f4t qu&rsquo;un fait certain \u2014 par exemple \u00ab il faut qu&rsquo;il pleuve \u00bb. Il signale au lecteur que l&rsquo;action \u00e9voqu\u00e9e n&rsquo;est pas pr\u00e9sent\u00e9e comme une r\u00e9alit\u00e9 constat\u00e9e.<\/div>\n<\/details>\n<details class=\"cdv-brief-faq-item\">\n<summary><span>Le futur simple peut-il changer le ton d&rsquo;un texte ?<\/span><span class=\"cdv-brief-faq-mark\">+<\/span><\/summary>\n<div class=\"cdv-brief-faq-a\">Oui : selon le contexte, il peut exprimer une pr\u00e9vision assur\u00e9e (\u00ab demain, il fera beau \u00bb), un projet concret (\u00ab nous partirons en vacances \u00bb) ou susciter l&rsquo;attente dans un r\u00e9cit (\u00ab il d\u00e9couvrira le secret \u00bb). C&rsquo;est le contexte, pas le temps seul, qui fixe la nuance.<\/div>\n<\/details><\/div>\n<\/div>\n<\/div>\n","protected":false},"excerpt":{"rendered":"","protected":false},"author":34,"featured_media":7613,"comment_status":"open","ping_status":"open","sticky":false,"template":"","format":"standard","meta":{"_acf_changed":false,"manual_indexmenow":false,"indexmenow_id_project":0,"footnotes":""},"categories":[1],"tags":[],"class_list":["post-7359","post","type-post","status-publish","format-standard","has-post-thumbnail","hentry","category-a-la-une","generate-columns","tablet-grid-50","mobile-grid-100","grid-parent","grid-25"],"acf":[],"yoast_head":"<!-- This site is optimized with the Yoast SEO Premium plugin v21.3 (Yoast SEO v25.6) - https:\/\/yoast.com\/wordpress\/plugins\/seo\/ -->\n<title>Conjugaison : cl\u00e9 de la compr\u00e9hension textuelle<\/title>\n<meta name=\"description\" content=\"Pourquoi la conjugaison est essentielle \u00e0 la compr\u00e9hension des textes : le r\u00f4le des temps verbaux dans l&#039;interpr\u00e9tation et le sens.\" \/>\n<meta name=\"robots\" content=\"index, follow, max-snippet:-1, max-image-preview:large, max-video-preview:-1\" \/>\n<link rel=\"canonical\" href=\"https:\/\/conjugaison-de-verbes.com\/blog\/a-la-une\/le-role-de-la-conjugaison-dans-la-comprehension-des-textes\/\" \/>\n<meta property=\"og:locale\" content=\"fr_FR\" \/>\n<meta property=\"og:type\" content=\"article\" \/>\n<meta property=\"og:title\" content=\"Conjugaison : cl\u00e9 de la compr\u00e9hension textuelle\" \/>\n<meta property=\"og:description\" content=\"Pourquoi la conjugaison est essentielle \u00e0 la compr\u00e9hension des textes : le r\u00f4le des temps verbaux dans l&#039;interpr\u00e9tation et le sens.\" \/>\n<meta property=\"og:url\" content=\"https:\/\/conjugaison-de-verbes.com\/blog\/a-la-une\/le-role-de-la-conjugaison-dans-la-comprehension-des-textes\/\" \/>\n<meta property=\"og:site_name\" content=\"conjugaison-de-verbes\" \/>\n<meta property=\"og:image\" content=\"https:\/\/conjugaison-de-verbes.com\/blog\/wp-content\/uploads\/2025\/02\/sdxl-584d3a945211fd43928fe316ae974b9d.png\" \/>\n\t<meta property=\"og:image:width\" content=\"1536\" \/>\n\t<meta property=\"og:image:height\" content=\"640\" \/>\n\t<meta property=\"og:image:type\" content=\"image\/png\" \/>\n<meta name=\"author\" content=\"Rapha\u00ebl D.\" \/>\n<meta name=\"twitter:card\" content=\"summary_large_image\" \/>\n<script type=\"application\/ld+json\" class=\"yoast-schema-graph\">{\"@context\":\"https:\/\/schema.org\",\"@graph\":[{\"@type\":\"NewsArticle\",\"@id\":\"https:\/\/conjugaison-de-verbes.com\/blog\/a-la-une\/le-role-de-la-conjugaison-dans-la-comprehension-des-textes\/#article\",\"isPartOf\":{\"@id\":\"https:\/\/conjugaison-de-verbes.com\/blog\/a-la-une\/le-role-de-la-conjugaison-dans-la-comprehension-des-textes\/\"},\"author\":{\"name\":\"Rapha\u00ebl D.\",\"@id\":\"https:\/\/conjugaison-de-verbes.com\/blog\/#\/schema\/person\/3c864cdc320801e3db34b663e7e3f816\"},\"headline\":\"Le r\u00f4le de la conjugaison dans la compr\u00e9hension des textes\",\"datePublished\":\"2026-08-31T19:52:58+00:00\",\"mainEntityOfPage\":{\"@id\":\"https:\/\/conjugaison-de-verbes.com\/blog\/a-la-une\/le-role-de-la-conjugaison-dans-la-comprehension-des-textes\/\"},\"wordCount\":2004,\"commentCount\":0,\"publisher\":{\"@id\":\"https:\/\/conjugaison-de-verbes.com\/blog\/#organization\"},\"image\":{\"@id\":\"https:\/\/conjugaison-de-verbes.com\/blog\/a-la-une\/le-role-de-la-conjugaison-dans-la-comprehension-des-textes\/#primaryimage\"},\"thumbnailUrl\":\"https:\/\/conjugaison-de-verbes.com\/blog\/wp-content\/uploads\/2025\/02\/sdxl-584d3a945211fd43928fe316ae974b9d.png\",\"articleSection\":[\"\u00c0 la une\"],\"inLanguage\":\"fr-FR\",\"potentialAction\":[{\"@type\":\"CommentAction\",\"name\":\"Comment\",\"target\":[\"https:\/\/conjugaison-de-verbes.com\/blog\/a-la-une\/le-role-de-la-conjugaison-dans-la-comprehension-des-textes\/#respond\"]}]},{\"@type\":\"WebPage\",\"@id\":\"https:\/\/conjugaison-de-verbes.com\/blog\/a-la-une\/le-role-de-la-conjugaison-dans-la-comprehension-des-textes\/\",\"url\":\"https:\/\/conjugaison-de-verbes.com\/blog\/a-la-une\/le-role-de-la-conjugaison-dans-la-comprehension-des-textes\/\",\"name\":\"Conjugaison : cl\u00e9 de la compr\u00e9hension textuelle\",\"isPartOf\":{\"@id\":\"https:\/\/conjugaison-de-verbes.com\/blog\/#website\"},\"primaryImageOfPage\":{\"@id\":\"https:\/\/conjugaison-de-verbes.com\/blog\/a-la-une\/le-role-de-la-conjugaison-dans-la-comprehension-des-textes\/#primaryimage\"},\"image\":{\"@id\":\"https:\/\/conjugaison-de-verbes.com\/blog\/a-la-une\/le-role-de-la-conjugaison-dans-la-comprehension-des-textes\/#primaryimage\"},\"thumbnailUrl\":\"https:\/\/conjugaison-de-verbes.com\/blog\/wp-content\/uploads\/2025\/02\/sdxl-584d3a945211fd43928fe316ae974b9d.png\",\"datePublished\":\"2026-08-31T19:52:58+00:00\",\"description\":\"Pourquoi la conjugaison est essentielle \u00e0 la compr\u00e9hension des textes : le r\u00f4le des temps verbaux dans l'interpr\u00e9tation et le sens.\",\"inLanguage\":\"fr-FR\",\"potentialAction\":[{\"@type\":\"ReadAction\",\"target\":[\"https:\/\/conjugaison-de-verbes.com\/blog\/a-la-une\/le-role-de-la-conjugaison-dans-la-comprehension-des-textes\/\"]}]},{\"@type\":\"ImageObject\",\"inLanguage\":\"fr-FR\",\"@id\":\"https:\/\/conjugaison-de-verbes.com\/blog\/a-la-une\/le-role-de-la-conjugaison-dans-la-comprehension-des-textes\/#primaryimage\",\"url\":\"https:\/\/conjugaison-de-verbes.com\/blog\/wp-content\/uploads\/2025\/02\/sdxl-584d3a945211fd43928fe316ae974b9d.png\",\"contentUrl\":\"https:\/\/conjugaison-de-verbes.com\/blog\/wp-content\/uploads\/2025\/02\/sdxl-584d3a945211fd43928fe316ae974b9d.png\",\"width\":1536,\"height\":640},{\"@type\":\"WebSite\",\"@id\":\"https:\/\/conjugaison-de-verbes.com\/blog\/#website\",\"url\":\"https:\/\/conjugaison-de-verbes.com\/blog\/\",\"name\":\"conjugaison-de-verbes.com\",\"description\":\"Conjugaison de Verbes, ma\u00eetrisez la langue fran\u00e7aise\",\"publisher\":{\"@id\":\"https:\/\/conjugaison-de-verbes.com\/blog\/#organization\"},\"alternateName\":\"Conjugaison de Verbes, ma\u00eetrisez la langue fran\u00e7aise\",\"potentialAction\":[{\"@type\":\"SearchAction\",\"target\":{\"@type\":\"EntryPoint\",\"urlTemplate\":\"https:\/\/conjugaison-de-verbes.com\/blog\/?s={search_term_string}\"},\"query-input\":{\"@type\":\"PropertyValueSpecification\",\"valueRequired\":true,\"valueName\":\"search_term_string\"}}],\"inLanguage\":\"fr-FR\"},{\"@type\":\"Organization\",\"@id\":\"https:\/\/conjugaison-de-verbes.com\/blog\/#organization\",\"name\":\"Foretsensations.fr\",\"url\":\"https:\/\/conjugaison-de-verbes.com\/blog\/\",\"logo\":{\"@type\":\"ImageObject\",\"inLanguage\":\"fr-FR\",\"@id\":\"https:\/\/conjugaison-de-verbes.com\/blog\/#\/schema\/logo\/image\/\",\"url\":\"https:\/\/conjugaison-de-verbes.com\/blog\/wp-content\/uploads\/2024\/12\/10.png\",\"contentUrl\":\"https:\/\/conjugaison-de-verbes.com\/blog\/wp-content\/uploads\/2024\/12\/10.png\",\"width\":500,\"height\":500,\"caption\":\"Foretsensations.fr\"},\"image\":{\"@id\":\"https:\/\/conjugaison-de-verbes.com\/blog\/#\/schema\/logo\/image\/\"}},{\"@type\":\"Person\",\"@id\":\"https:\/\/conjugaison-de-verbes.com\/blog\/#\/schema\/person\/3c864cdc320801e3db34b663e7e3f816\",\"name\":\"Rapha\u00ebl D.\",\"image\":{\"@type\":\"ImageObject\",\"inLanguage\":\"fr-FR\",\"@id\":\"https:\/\/conjugaison-de-verbes.com\/blog\/#\/schema\/person\/image\/\",\"url\":\"https:\/\/conjugaison-de-verbes.com\/blog\/wp-content\/uploads\/2026\/06\/persona_raphael-d-150x150.jpg\",\"contentUrl\":\"https:\/\/conjugaison-de-verbes.com\/blog\/wp-content\/uploads\/2026\/06\/persona_raphael-d-150x150.jpg\",\"caption\":\"Rapha\u00ebl D.\"},\"description\":\"La culture est mon terrain de jeu depuis une dizaine d'ann\u00e9es : arts visuels, s\u00e9ries, cr\u00e9ation et tout ce qui nourrit l'imaginaire. J'\u00e9cris aussi bien sur l'actualit\u00e9 des \u0153uvres que sur les coulisses de la cr\u00e9ation, avec l'envie de relier l'amateur curieux \u00e0 des univers parfois jug\u00e9s intimidants. J'aime analyser une s\u00e9rie ou une d\u00e9marche artistique sans p\u00e9dantisme, replacer une \u0153uvre dans son contexte et donner des cl\u00e9s de lecture accessibles. Avant de publier, je v\u00e9rifie mes r\u00e9f\u00e9rences, je recoupe les sources et je distingue clairement le fait de mon interpr\u00e9tation subjective. Je crois qu'une critique vaut surtout par les arguments qu'elle expose, pas par la sentence qu'elle rend. Mon angle : transmettre l'envie de d\u00e9couvrir, de regarder autrement et de se forger son propre go\u00fbt. La culture n'appartient pas qu'aux initi\u00e9s, et c'est tout l'enjeu de mon \u00e9criture.\",\"url\":\"https:\/\/conjugaison-de-verbes.com\/blog\/auteur\/raphael-d\/\",\"jobTitle\":\"R\u00e9dacteur en chef \u00b7 Culture & Cr\u00e9ation\",\"knowsAbout\":[\"Culture\",\"Cr\u00e9ation\"],\"email\":\"raphael.d@a-l-asso-de-l-art.fr\"}]}<\/script>\n<!-- \/ Yoast SEO Premium plugin. -->","yoast_head_json":{"title":"Conjugaison : cl\u00e9 de la compr\u00e9hension textuelle","description":"Pourquoi la conjugaison est essentielle \u00e0 la compr\u00e9hension des textes : le r\u00f4le des temps verbaux dans l'interpr\u00e9tation et le sens.","robots":{"index":"index","follow":"follow","max-snippet":"max-snippet:-1","max-image-preview":"max-image-preview:large","max-video-preview":"max-video-preview:-1"},"canonical":"https:\/\/conjugaison-de-verbes.com\/blog\/a-la-une\/le-role-de-la-conjugaison-dans-la-comprehension-des-textes\/","og_locale":"fr_FR","og_type":"article","og_title":"Conjugaison : cl\u00e9 de la compr\u00e9hension textuelle","og_description":"Pourquoi la conjugaison est essentielle \u00e0 la compr\u00e9hension des textes : le r\u00f4le des temps verbaux dans l'interpr\u00e9tation et le sens.","og_url":"https:\/\/conjugaison-de-verbes.com\/blog\/a-la-une\/le-role-de-la-conjugaison-dans-la-comprehension-des-textes\/","og_site_name":"conjugaison-de-verbes","og_image":[{"width":1536,"height":640,"url":"https:\/\/conjugaison-de-verbes.com\/blog\/wp-content\/uploads\/2025\/02\/sdxl-584d3a945211fd43928fe316ae974b9d.png","type":"image\/png"}],"author":"Rapha\u00ebl D.","twitter_card":"summary_large_image","schema":{"@context":"https:\/\/schema.org","@graph":[{"@type":"NewsArticle","@id":"https:\/\/conjugaison-de-verbes.com\/blog\/a-la-une\/le-role-de-la-conjugaison-dans-la-comprehension-des-textes\/#article","isPartOf":{"@id":"https:\/\/conjugaison-de-verbes.com\/blog\/a-la-une\/le-role-de-la-conjugaison-dans-la-comprehension-des-textes\/"},"author":{"name":"Rapha\u00ebl D.","@id":"https:\/\/conjugaison-de-verbes.com\/blog\/#\/schema\/person\/3c864cdc320801e3db34b663e7e3f816"},"headline":"Le r\u00f4le de la conjugaison dans la compr\u00e9hension des textes","datePublished":"2026-08-31T19:52:58+00:00","mainEntityOfPage":{"@id":"https:\/\/conjugaison-de-verbes.com\/blog\/a-la-une\/le-role-de-la-conjugaison-dans-la-comprehension-des-textes\/"},"wordCount":2004,"commentCount":0,"publisher":{"@id":"https:\/\/conjugaison-de-verbes.com\/blog\/#organization"},"image":{"@id":"https:\/\/conjugaison-de-verbes.com\/blog\/a-la-une\/le-role-de-la-conjugaison-dans-la-comprehension-des-textes\/#primaryimage"},"thumbnailUrl":"https:\/\/conjugaison-de-verbes.com\/blog\/wp-content\/uploads\/2025\/02\/sdxl-584d3a945211fd43928fe316ae974b9d.png","articleSection":["\u00c0 la une"],"inLanguage":"fr-FR","potentialAction":[{"@type":"CommentAction","name":"Comment","target":["https:\/\/conjugaison-de-verbes.com\/blog\/a-la-une\/le-role-de-la-conjugaison-dans-la-comprehension-des-textes\/#respond"]}]},{"@type":"WebPage","@id":"https:\/\/conjugaison-de-verbes.com\/blog\/a-la-une\/le-role-de-la-conjugaison-dans-la-comprehension-des-textes\/","url":"https:\/\/conjugaison-de-verbes.com\/blog\/a-la-une\/le-role-de-la-conjugaison-dans-la-comprehension-des-textes\/","name":"Conjugaison : cl\u00e9 de la compr\u00e9hension textuelle","isPartOf":{"@id":"https:\/\/conjugaison-de-verbes.com\/blog\/#website"},"primaryImageOfPage":{"@id":"https:\/\/conjugaison-de-verbes.com\/blog\/a-la-une\/le-role-de-la-conjugaison-dans-la-comprehension-des-textes\/#primaryimage"},"image":{"@id":"https:\/\/conjugaison-de-verbes.com\/blog\/a-la-une\/le-role-de-la-conjugaison-dans-la-comprehension-des-textes\/#primaryimage"},"thumbnailUrl":"https:\/\/conjugaison-de-verbes.com\/blog\/wp-content\/uploads\/2025\/02\/sdxl-584d3a945211fd43928fe316ae974b9d.png","datePublished":"2026-08-31T19:52:58+00:00","description":"Pourquoi la conjugaison est essentielle \u00e0 la compr\u00e9hension des textes : le r\u00f4le des temps verbaux dans l'interpr\u00e9tation et le sens.","inLanguage":"fr-FR","potentialAction":[{"@type":"ReadAction","target":["https:\/\/conjugaison-de-verbes.com\/blog\/a-la-une\/le-role-de-la-conjugaison-dans-la-comprehension-des-textes\/"]}]},{"@type":"ImageObject","inLanguage":"fr-FR","@id":"https:\/\/conjugaison-de-verbes.com\/blog\/a-la-une\/le-role-de-la-conjugaison-dans-la-comprehension-des-textes\/#primaryimage","url":"https:\/\/conjugaison-de-verbes.com\/blog\/wp-content\/uploads\/2025\/02\/sdxl-584d3a945211fd43928fe316ae974b9d.png","contentUrl":"https:\/\/conjugaison-de-verbes.com\/blog\/wp-content\/uploads\/2025\/02\/sdxl-584d3a945211fd43928fe316ae974b9d.png","width":1536,"height":640},{"@type":"WebSite","@id":"https:\/\/conjugaison-de-verbes.com\/blog\/#website","url":"https:\/\/conjugaison-de-verbes.com\/blog\/","name":"conjugaison-de-verbes.com","description":"Conjugaison de Verbes, ma\u00eetrisez la langue fran\u00e7aise","publisher":{"@id":"https:\/\/conjugaison-de-verbes.com\/blog\/#organization"},"alternateName":"Conjugaison de Verbes, ma\u00eetrisez la langue fran\u00e7aise","potentialAction":[{"@type":"SearchAction","target":{"@type":"EntryPoint","urlTemplate":"https:\/\/conjugaison-de-verbes.com\/blog\/?s={search_term_string}"},"query-input":{"@type":"PropertyValueSpecification","valueRequired":true,"valueName":"search_term_string"}}],"inLanguage":"fr-FR"},{"@type":"Organization","@id":"https:\/\/conjugaison-de-verbes.com\/blog\/#organization","name":"Foretsensations.fr","url":"https:\/\/conjugaison-de-verbes.com\/blog\/","logo":{"@type":"ImageObject","inLanguage":"fr-FR","@id":"https:\/\/conjugaison-de-verbes.com\/blog\/#\/schema\/logo\/image\/","url":"https:\/\/conjugaison-de-verbes.com\/blog\/wp-content\/uploads\/2024\/12\/10.png","contentUrl":"https:\/\/conjugaison-de-verbes.com\/blog\/wp-content\/uploads\/2024\/12\/10.png","width":500,"height":500,"caption":"Foretsensations.fr"},"image":{"@id":"https:\/\/conjugaison-de-verbes.com\/blog\/#\/schema\/logo\/image\/"}},{"@type":"Person","@id":"https:\/\/conjugaison-de-verbes.com\/blog\/#\/schema\/person\/3c864cdc320801e3db34b663e7e3f816","name":"Rapha\u00ebl D.","image":{"@type":"ImageObject","inLanguage":"fr-FR","@id":"https:\/\/conjugaison-de-verbes.com\/blog\/#\/schema\/person\/image\/","url":"https:\/\/conjugaison-de-verbes.com\/blog\/wp-content\/uploads\/2026\/06\/persona_raphael-d-150x150.jpg","contentUrl":"https:\/\/conjugaison-de-verbes.com\/blog\/wp-content\/uploads\/2026\/06\/persona_raphael-d-150x150.jpg","caption":"Rapha\u00ebl D."},"description":"La culture est mon terrain de jeu depuis une dizaine d'ann\u00e9es : arts visuels, s\u00e9ries, cr\u00e9ation et tout ce qui nourrit l'imaginaire. J'\u00e9cris aussi bien sur l'actualit\u00e9 des \u0153uvres que sur les coulisses de la cr\u00e9ation, avec l'envie de relier l'amateur curieux \u00e0 des univers parfois jug\u00e9s intimidants. J'aime analyser une s\u00e9rie ou une d\u00e9marche artistique sans p\u00e9dantisme, replacer une \u0153uvre dans son contexte et donner des cl\u00e9s de lecture accessibles. Avant de publier, je v\u00e9rifie mes r\u00e9f\u00e9rences, je recoupe les sources et je distingue clairement le fait de mon interpr\u00e9tation subjective. Je crois qu'une critique vaut surtout par les arguments qu'elle expose, pas par la sentence qu'elle rend. Mon angle : transmettre l'envie de d\u00e9couvrir, de regarder autrement et de se forger son propre go\u00fbt. La culture n'appartient pas qu'aux initi\u00e9s, et c'est tout l'enjeu de mon \u00e9criture.","url":"https:\/\/conjugaison-de-verbes.com\/blog\/auteur\/raphael-d\/","jobTitle":"R\u00e9dacteur en chef \u00b7 Culture & Cr\u00e9ation","knowsAbout":["Culture","Cr\u00e9ation"],"email":"raphael.d@a-l-asso-de-l-art.fr"}]}},"_links":{"self":[{"href":"https:\/\/conjugaison-de-verbes.com\/blog\/wp-json\/wp\/v2\/posts\/7359","targetHints":{"allow":["GET"]}}],"collection":[{"href":"https:\/\/conjugaison-de-verbes.com\/blog\/wp-json\/wp\/v2\/posts"}],"about":[{"href":"https:\/\/conjugaison-de-verbes.com\/blog\/wp-json\/wp\/v2\/types\/post"}],"author":[{"embeddable":true,"href":"https:\/\/conjugaison-de-verbes.com\/blog\/wp-json\/wp\/v2\/users\/34"}],"replies":[{"embeddable":true,"href":"https:\/\/conjugaison-de-verbes.com\/blog\/wp-json\/wp\/v2\/comments?post=7359"}],"version-history":[{"count":1,"href":"https:\/\/conjugaison-de-verbes.com\/blog\/wp-json\/wp\/v2\/posts\/7359\/revisions"}],"predecessor-version":[{"id":8110,"href":"https:\/\/conjugaison-de-verbes.com\/blog\/wp-json\/wp\/v2\/posts\/7359\/revisions\/8110"}],"wp:featuredmedia":[{"embeddable":true,"href":"https:\/\/conjugaison-de-verbes.com\/blog\/wp-json\/wp\/v2\/media\/7613"}],"wp:attachment":[{"href":"https:\/\/conjugaison-de-verbes.com\/blog\/wp-json\/wp\/v2\/media?parent=7359"}],"wp:term":[{"taxonomy":"category","embeddable":true,"href":"https:\/\/conjugaison-de-verbes.com\/blog\/wp-json\/wp\/v2\/categories?post=7359"},{"taxonomy":"post_tag","embeddable":true,"href":"https:\/\/conjugaison-de-verbes.com\/blog\/wp-json\/wp\/v2\/tags?post=7359"}],"curies":[{"name":"wp","href":"https:\/\/api.w.org\/{rel}","templated":true}]}}