{"id":7357,"date":"2026-08-31T21:11:24","date_gmt":"2026-08-31T19:11:24","guid":{"rendered":"https:\/\/conjugaison-de-verbes.com\/blog\/a-la-une\/comment-se-preparer-pour-un-examen-de-conjugaison-francaise\/"},"modified":"2026-08-31T21:11:24","modified_gmt":"2026-08-31T19:11:24","slug":"comment-se-preparer-pour-un-examen-de-conjugaison-francaise","status":"publish","type":"post","link":"https:\/\/conjugaison-de-verbes.com\/blog\/a-la-une\/comment-se-preparer-pour-un-examen-de-conjugaison-francaise\/","title":{"rendered":"Comment se pr\u00e9parer pour un examen de conjugaison fran\u00e7aise"},"content":{"rendered":"<link rel=\"stylesheet\" href=\"https:\/\/fonts.googleapis.com\/css2?family=Space+Grotesk:wght@600;700&#038;family=Inter:wght@400;500;600&#038;family=JetBrains+Mono:wght@500&#038;display=swap\">\n<style>\n.cev-wrap{font-family:'Inter',-apple-system,BlinkMacSystemFont,sans-serif;font-size:17px;line-height:1.65;color:#1d2230;}\n.cev-wrap h2{font-family:'Space Grotesk',-apple-system,sans-serif;font-weight:700;letter-spacing:-0.01em;font-size:clamp(22px,3vw,30px);color:#161a24;margin:48px 0 16px;}\n.cev-wrap h3{font-family:'Space Grotesk',-apple-system,sans-serif;font-weight:600;font-size:19px;color:#242a3a;margin:24px 0 10px;}\n.cev-mono{font-family:'JetBrains Mono',monospace;}\n.cev-prereq{display:grid;grid-template-columns:repeat(auto-fit,minmax(160px,1fr));gap:14px;border:1px solid #dfe3ee;border-left:5px solid #2e7d63;border-radius:12px;padding:22px 24px;margin:26px 0;background:#f4faf7;}\n.cev-prereq-item{display:flex;flex-direction:column;gap:4px;}\n.cev-prereq-item span:first-child{font-size:11px;font-weight:700;letter-spacing:.07em;text-transform:uppercase;color:#2e7d63;}\n.cev-prereq-item span:last-child{font-size:15px;font-weight:600;color:#1d2230;}\n.cev-steps{border:1px solid #dfe3ee;border-radius:12px;padding:20px 24px;margin:22px 0;background:#fff;box-shadow:0 1px 2px rgba(16,24,40,.05),0 12px 28px -18px rgba(16,24,40,.18);}\n.cev-steps ul{margin:8px 0 0;padding-left:20px;}\n.cev-steps li{margin:4px 0;}\n.cev-card-title{font-family:'Space Grotesk',sans-serif;font-weight:700;font-size:16px;margin:6px 0 6px;color:#161a24;}\n.cev-card-txt{font-size:14.5px;color:#454b5c;line-height:1.6;}\n.cev-timeline{border:1px solid #e3e6ef;border-radius:12px;margin:22px 0;overflow:hidden;}\n.cev-tl-item{display:flex;gap:16px;padding:16px 20px;border-top:1px solid #eef0f5;background:#fff;transition:.25s ease;}\n.cev-tl-item:first-child{border-top:none;}\n.cev-tl-item:hover{background:#f7faf9;}\n.cev-tl-num{flex:none;width:34px;height:34px;border-radius:50%;background:#2e7d63;color:#fff;font-family:'JetBrains Mono',monospace;font-weight:600;font-size:13px;display:flex;align-items:center;justify-content:center;}\n.cev-tl-body strong{display:block;font-family:'Space Grotesk',sans-serif;font-size:15.5px;color:#161a24;margin-bottom:3px;}\n.cev-conj{background:#f7f8fc;border:1px solid #e3e6ef;border-radius:12px;padding:16px 20px;margin:16px 0;}\n.cev-conj-verb{font-family:'Space Grotesk',sans-serif;font-weight:700;font-size:15px;color:#2e7d63;margin-bottom:8px;}\n.cev-conj-list{display:grid;grid-template-columns:repeat(auto-fit,minmax(150px,1fr));gap:4px 18px;list-style:none;margin:0;padding:0;}\n.cev-conj-list li{font-size:14.5px;color:#2a2f3d;}\n.cev-conj-list strong{color:#161a24;}\n.cev-check{display:grid;grid-template-columns:repeat(auto-fit,minmax(240px,1fr));gap:16px;margin:22px 0;}\n.cev-check-col{border-radius:12px;padding:18px 20px;}\n.cev-check-ok{background:#f2faf6;border:1px solid #cdeadd;}\n.cev-check-ko{background:#fdf4f4;border:1px solid #f3d4d4;}\n.cev-check-title{font-family:'Space Grotesk',sans-serif;font-weight:700;font-size:15px;margin-bottom:10px;}\n.cev-check-ok .cev-check-title{color:#1c7a52;}\n.cev-check-ko .cev-check-title{color:#c23b3b;}\n.cev-check-col ul{list-style:none;margin:0;padding:0;}\n.cev-check-col li{font-size:14.5px;margin:8px 0;padding-left:22px;position:relative;color:#2a2f3d;}\n.cev-check-ok li:before{content:\"\u2713\";position:absolute;left:0;color:#1c7a52;font-weight:700;}\n.cev-check-ko li:before{content:\"\u2717\";position:absolute;left:0;color:#c23b3b;font-weight:700;}\n.cev-retain{background:#161a24;color:#eef1fb;border-radius:12px;padding:22px 24px;margin:30px 0;}\n.cev-retain-title{font-family:'Space Grotesk',sans-serif;font-weight:700;font-size:16px;color:#fff!important;margin-bottom:10px;}\n.cev-retain ul{list-style:none;margin:0;padding:0;}\n.cev-retain li{font-size:14.5px;color:#eef1fb!important;margin:8px 0;padding-left:20px;position:relative;}\n.cev-retain li:before{content:\"\u2192\";position:absolute;left:0;color:#7fd6b4!important;}\n.cev-retain strong{color:#fff!important;}\n.cev-faq{margin:26px 0;}\n.cev-faq details{border:1px solid #e3e6ef;border-radius:10px;padding:14px 18px;margin-bottom:10px;background:#fff;}\n.cev-faq summary{cursor:pointer;font-weight:600;font-size:15.5px;color:#161a24;}\n.cev-faq summary::marker{color:#2e7d63;}\n.cev-faq-a{margin-top:10px;font-size:15px;color:#3a3f4d;line-height:1.6;}\n.cev-link{color:#2e7d63;font-weight:600;text-decoration:underline;}\n<\/style>\n<div class=\"cev-wrap\">\n<p>La <strong>conjugaison fran\u00e7aise<\/strong> est souvent per\u00e7ue comme un v\u00e9ritable casse-t\u00eate pour de nombreux \u00e9tudiants. Pourtant, r\u00e9ussir un <strong>examen de conjugaison<\/strong> ne tient pas qu&rsquo;\u00e0 la connaissance des r\u00e8gles : c&rsquo;est aussi une question d&rsquo;organisation. Cet article se concentre sur l&rsquo;\u00e9ch\u00e9ance elle-m\u00eame \u2014 comment planifier vos r\u00e9visions dans le temps, quels temps verbaux r\u00e9viser en priorit\u00e9, et comment g\u00e9rer l&rsquo;\u00e9preuve le jour J.<\/p>\n<p>Si vous cherchez d&rsquo;abord des <strong>exercices corrig\u00e9s<\/strong> pour vous entra\u00eener sur le pr\u00e9sent, le pass\u00e9 et le futur, notre <a class=\"cev-link\" href=\"https:\/\/conjugaison-de-verbes.com\/blog\/a-la-une\/apprendre-la-conjugaison-francaise-par-des-exercices-pratiques\/\">guide d&rsquo;exercices pratiques de conjugaison<\/a> couvre cette partie en d\u00e9tail \u2014 revenez ensuite ici pour la m\u00e9thode de pr\u00e9paration \u00e0 l&rsquo;examen.<\/p>\n<div class=\"cev-prereq\">\n  <div class=\"cev-prereq-item\"><span>Niveau<\/span><span>Coll\u00e8ge, lyc\u00e9e, apprenants adultes<\/span><\/div>\n  <div class=\"cev-prereq-item\"><span>Mat\u00e9riel<\/span><span>Un cahier de r\u00e9vision et un calendrier<\/span><\/div>\n  <div class=\"cev-prereq-item\"><span>Dur\u00e9e<\/span><span>Plusieurs semaines avant l&rsquo;examen<\/span><\/div>\n  <div class=\"cev-prereq-item\"><span>Objectif<\/span><span>Arriver le jour J pr\u00e9par\u00e9, sans stress inutile<\/span><\/div>\n<\/div>\n<div class=\"cev-steps\">\n  <div class=\"cev-card-title\" style=\"margin-top:0;\">En 3 temps<\/div>\n  <div class=\"cev-card-txt\">\n    <ul>\n      <li><strong>\u00c9tape 1<\/strong> \u2014 Planifier la r\u00e9vision : un calendrier qui remonte jusqu&rsquo;\u00e0 l&rsquo;examen.<\/li>\n      <li><strong>\u00c9tape 2<\/strong> \u2014 Cibler les temps les plus souvent \u00e9valu\u00e9s : verbes r\u00e9guliers, irr\u00e9guliers, temps compos\u00e9s.<\/li>\n      <li><strong>\u00c9tape 3<\/strong> \u2014 G\u00e9rer l&rsquo;\u00e9preuve elle-m\u00eame : relecture, v\u00e9rification des accords, gestion du stress.<\/li>\n    <\/ul>\n  <\/div>\n<\/div>\n<h2>\u00c9tape 1 \u2014 Planifier sa r\u00e9vision dans le temps<\/h2>\n<p>La premi\u00e8re erreur, avant m\u00eame d&rsquo;ouvrir un tableau de conjugaison, est de s&rsquo;y prendre trop tard. Un examen de conjugaison se pr\u00e9pare comme n&rsquo;importe quelle \u00e9ch\u00e9ance : en remontant le calendrier depuis la date de l&rsquo;\u00e9preuve et en r\u00e9partissant le travail sur plusieurs semaines plut\u00f4t qu&rsquo;en une seule veill\u00e9e.<\/p>\n<div class=\"cev-timeline\">\n  <div class=\"cev-tl-item\"><div class=\"cev-tl-num\">1<\/div><div class=\"cev-tl-body\"><strong>Fixez la date de l&rsquo;examen comme point de d\u00e9part<\/strong>Remontez le calendrier et bloquez des cr\u00e9neaux courts et r\u00e9guliers plut\u00f4t qu&rsquo;une seule longue session.<\/div><\/div>\n  <div class=\"cev-tl-item\"><div class=\"cev-tl-num\">2<\/div><div class=\"cev-tl-body\"><strong>Fixez-vous des objectifs par s\u00e9ance<\/strong>Un temps verbal ou une famille de verbes irr\u00e9guliers \u00e0 la fois, pas toute la conjugaison fran\u00e7aise d&rsquo;un coup.<\/div><\/div>\n  <div class=\"cev-tl-item\"><div class=\"cev-tl-num\">3<\/div><div class=\"cev-tl-body\"><strong>Entra\u00eenez-vous en conditions chronom\u00e9tr\u00e9es<\/strong>Reproduisez la dur\u00e9e r\u00e9elle de l&rsquo;\u00e9preuve pour ne pas d\u00e9couvrir la pression du temps le jour J.<\/div><\/div>\n<\/div>\n<h2>\u00c9tape 2 \u2014 R\u00e9viser en priorit\u00e9 les temps les plus souvent \u00e9valu\u00e9s<\/h2>\n<p>Un examen de conjugaison porte rarement sur l&rsquo;int\u00e9gralit\u00e9 de la langue fran\u00e7aise : il revient le plus souvent sur les <strong>verbes r\u00e9guliers<\/strong>, les <strong>verbes irr\u00e9guliers<\/strong> fr\u00e9quents et les <strong>temps compos\u00e9s<\/strong>. Concentrer ses r\u00e9visions sur ces trois blocs est le meilleur usage du temps disponible.<\/p>\n<h3>Les verbes r\u00e9guliers, socle \u00e0 conna\u00eetre par r\u00e9flexe<\/h3>\n<p>Les verbes r\u00e9guliers se r\u00e9partissent en trois groupes selon leur terminaison : <strong>-er<\/strong> (le plus nombreux, ex. aimer, parler), <strong>-ir<\/strong> qui font <strong>-issons<\/strong> \u00e0 la premi\u00e8re personne du pluriel (ex. finir, r\u00e9fl\u00e9chir), et <strong>-re<\/strong> avec les verbes irr\u00e9guliers du troisi\u00e8me groupe (ex. attendre, vendre).<\/p>\n<h3>Les verbes irr\u00e9guliers les plus fr\u00e9quents<\/h3>\n<p>Une poign\u00e9e de verbes irr\u00e9guliers revient dans la quasi-totalit\u00e9 des exercices : <strong>\u00eatre<\/strong>, <strong>avoir<\/strong>, <strong>aller<\/strong>, <strong>faire<\/strong>. Les r\u00e9viser \u00e0 fond couvre une bonne partie des pi\u00e8ges classiques.<\/p>\n<div class=\"cev-conj\">\n  <div class=\"cev-conj-verb\">\u00catre \u2014 pr\u00e9sent, pass\u00e9 compos\u00e9, futur<\/div>\n  <ul class=\"cev-conj-list\">\n    <li>je <strong>suis<\/strong><\/li><li>tu <strong>es<\/strong><\/li><li>il\/elle <strong>est<\/strong><\/li>\n    <li>j&rsquo;<strong>ai \u00e9t\u00e9<\/strong><\/li><li>tu <strong>as \u00e9t\u00e9<\/strong><\/li><li>il\/elle <strong>a \u00e9t\u00e9<\/strong><\/li>\n    <li>je <strong>serai<\/strong><\/li><li>tu <strong>seras<\/strong><\/li><li>il\/elle <strong>sera<\/strong><\/li>\n  <\/ul>\n<\/div>\n<div class=\"cev-conj\">\n  <div class=\"cev-conj-verb\">Avoir \u2014 pr\u00e9sent, pass\u00e9 compos\u00e9, futur<\/div>\n  <ul class=\"cev-conj-list\">\n    <li>j&rsquo;<strong>ai<\/strong><\/li><li>tu <strong>as<\/strong><\/li><li>il\/elle <strong>a<\/strong><\/li>\n    <li>j&rsquo;<strong>ai eu<\/strong><\/li><li>tu <strong>as eu<\/strong><\/li><li>il\/elle <strong>a eu<\/strong><\/li>\n    <li>j&rsquo;<strong>aurai<\/strong><\/li><li>tu <strong>auras<\/strong><\/li><li>il\/elle <strong>aura<\/strong><\/li>\n  <\/ul>\n<\/div>\n<h3>Les temps compos\u00e9s : la question qui pi\u00e8ge le plus souvent<\/h3>\n<p>Les <strong>temps compos\u00e9s<\/strong> se forment avec un auxiliaire (avoir ou \u00eatre) conjugu\u00e9, suivi du participe pass\u00e9 du verbe principal. Le <strong>pass\u00e9 compos\u00e9<\/strong> exprime une action achev\u00e9e li\u00e9e au pr\u00e9sent (<strong>J&rsquo;ai mang\u00e9<\/strong> une pomme, <strong>Il est parti<\/strong> en vacances) ; le <strong>plus-que-parfait<\/strong> exprime une action ant\u00e9rieure \u00e0 une autre action pass\u00e9e (<strong>J&rsquo;avais fini<\/strong> mes devoirs quand il est arriv\u00e9).<\/p>\n<p>Le choix de l&rsquo;auxiliaire est le pi\u00e8ge le plus fr\u00e9quent en examen : la plupart des verbes utilisent <strong>avoir<\/strong>, mais les verbes de mouvement comme <strong>aller<\/strong>, <strong>venir<\/strong>, <strong>entrer<\/strong> et <strong>sortir<\/strong> utilisent <strong>\u00eatre<\/strong> \u2014 et le participe pass\u00e9 s&rsquo;accorde alors en genre et en nombre avec le sujet.<\/p>\n<h2>\u00c9tape 3 \u2014 G\u00e9rer l&rsquo;\u00e9preuve le jour J<\/h2>\n<p>Une fois les r\u00e9visions faites, la performance le jour de l&rsquo;examen d\u00e9pend aussi de la mani\u00e8re dont vous g\u00e9rez le temps et le stress pendant l&rsquo;\u00e9preuve elle-m\u00eame.<\/p>\n<h3>Pendant l&rsquo;\u00e9preuve<\/h3>\n<div class=\"cev-card-txt\">\n  <ul>\n    <li><strong>Lisez la consigne enti\u00e8rement<\/strong> avant de conjuguer : elle pr\u00e9cise souvent le temps et le mode attendus.<\/li>\n    <li><strong>Rep\u00e9rez d&rsquo;abord le sujet<\/strong> de chaque phrase avant de choisir la terminaison \u2014 une erreur de personne est aussi grave qu&rsquo;une erreur de temps.<\/li>\n    <li><strong>V\u00e9rifiez syst\u00e9matiquement l&rsquo;accord<\/strong> du participe pass\u00e9 quand l&rsquo;auxiliaire est \u00eatre, et l&rsquo;accord sujet-verbe partout ailleurs.<\/li>\n    <li><strong>R\u00e9servez du temps pour la relecture<\/strong> en fin d&rsquo;\u00e9preuve, d\u00e9di\u00e9 uniquement aux terminaisons et aux accords.<\/li>\n  <\/ul>\n<\/div>\n<h3>G\u00e9rer le stress avant et pendant l&rsquo;examen<\/h3>\n<div class=\"cev-card-txt\">\n  <ul>\n    <li><strong>Respiration profonde<\/strong> : quelques respirations lentes avant de commencer aident \u00e0 rester concentr\u00e9.<\/li>\n    <li><strong>Pr\u00e9paration en amont<\/strong> : plus les r\u00e9visions ont \u00e9t\u00e9 r\u00e9guli\u00e8res, moins le stress a de prise le jour J.<\/li>\n    <li><strong>Gardez du recul sur une h\u00e9sitation<\/strong> : passez \u00e0 la question suivante et revenez-y \u00e0 la relecture plut\u00f4t que de bloquer dessus.<\/li>\n  <\/ul>\n<\/div>\n<div class=\"cev-check\">\n  <div class=\"cev-check-col cev-check-ok\">\n    <div class=\"cev-check-title\">\u00c0 faire<\/div>\n    <ul>\n      <li>R\u00e9partir les r\u00e9visions sur plusieurs semaines, par petites sessions r\u00e9guli\u00e8res.<\/li>\n      <li>Prioriser \u00eatre, avoir, aller, faire et le choix de l&rsquo;auxiliaire au pass\u00e9 compos\u00e9.<\/li>\n      <li>Garder du temps de relecture d\u00e9di\u00e9 aux accords en fin d&rsquo;\u00e9preuve.<\/li>\n    <\/ul>\n  <\/div>\n  <div class=\"cev-check-col cev-check-ko\">\n    <div class=\"cev-check-title\">\u00c0 \u00e9viter<\/div>\n    <ul>\n      <li>R\u00e9viser toute la conjugaison fran\u00e7aise la veille de l&rsquo;examen.<\/li>\n      <li>Oublier de v\u00e9rifier l&rsquo;accord du participe pass\u00e9 avec l&rsquo;auxiliaire \u00eatre.<\/li>\n      <li>Rester bloqu\u00e9 sur une h\u00e9sitation au lieu de continuer et d&rsquo;y revenir \u00e0 la relecture.<\/li>\n    <\/ul>\n  <\/div>\n<\/div>\n<div class=\"cev-retain\">\n  <div class=\"cev-retain-title\">\u00c0 retenir<\/div>\n  <ul>\n    <li>Un examen de conjugaison se pr\u00e9pare en remontant le calendrier, pas la veille au soir.<\/li>\n    <li>Concentrez vos r\u00e9visions sur les verbes r\u00e9guliers, les irr\u00e9guliers fr\u00e9quents (\u00eatre, avoir, aller, faire) et les temps compos\u00e9s.<\/li>\n    <li>Au pass\u00e9 compos\u00e9, le choix de l&rsquo;auxiliaire (avoir ou \u00eatre) et l&rsquo;accord du participe pass\u00e9 sont les pi\u00e8ges les plus fr\u00e9quents.<\/li>\n    <li>R\u00e9servez un temps de relecture d\u00e9di\u00e9 aux accords en fin d&rsquo;\u00e9preuve : c&rsquo;est souvent l\u00e0 que se gagnent les derniers points.<\/li>\n  <\/ul>\n<\/div>\n<h2>Questions fr\u00e9quentes<\/h2>\n<div class=\"cev-faq\">\n  <details>\n    <summary>Combien de temps avant l&rsquo;examen faut-il commencer \u00e0 r\u00e9viser ?<\/summary>\n    <div class=\"cev-faq-a\">Id\u00e9alement plusieurs semaines avant, avec des sessions courtes et r\u00e9guli\u00e8res plut\u00f4t qu&rsquo;une r\u00e9vision massive de derni\u00e8re minute \u2014 la m\u00e9morisation des conjugaisons irr\u00e9guli\u00e8res demande de la r\u00e9p\u00e9tition espac\u00e9e dans le temps.<\/div>\n  <\/details>\n  <details>\n    <summary>Quels verbes irr\u00e9guliers r\u00e9viser en priorit\u00e9 pour un examen ?<\/summary>\n    <div class=\"cev-faq-a\">\u00catre, avoir, aller et faire reviennent le plus souvent : ce sont eux qu&rsquo;il faut conna\u00eetre par r\u00e9flexe au pr\u00e9sent, au pass\u00e9 compos\u00e9 et au futur avant de passer aux verbes irr\u00e9guliers moins fr\u00e9quents.<\/div>\n  <\/details>\n  <details>\n    <summary>Comment \u00e9viter les fautes d&rsquo;accord au pass\u00e9 compos\u00e9 le jour de l&rsquo;examen ?<\/summary>\n    <div class=\"cev-faq-a\">En v\u00e9rifiant syst\u00e9matiquement l&rsquo;auxiliaire utilis\u00e9 : avec \u00eatre, le participe pass\u00e9 s&rsquo;accorde en genre et en nombre avec le sujet (elle est all\u00e9e, ils sont partis) ; avec avoir, il reste invariable dans la plupart des cas simples. R\u00e9server un temps de relecture d\u00e9di\u00e9 \u00e0 ce point pr\u00e9cis limite les erreurs d&rsquo;inattention.<\/div>\n  <\/details>\n<\/div>\n\n<figure class=\"wp-block-embed is-type-video is-provider-youtube wp-block-embed-youtube wp-embed-aspect-16-9 wp-has-aspect-ratio\">\n<div class=\"wp-block-embed__wrapper\">\n<iframe loading=\"lazy\" title=\"TEST DE NIVEAU \u2705\u2705\u274c | Sp\u00e9cial CONJUGAISON du FRAN\u00c7AIS !\" width=\"1200\" height=\"675\" src=\"https:\/\/www.youtube.com\/embed\/USo1_QUmjFs?feature=oembed\" frameborder=\"0\" allow=\"accelerometer; autoplay; clipboard-write; encrypted-media; gyroscope; picture-in-picture; web-share\" referrerpolicy=\"strict-origin-when-cross-origin\" allowfullscreen><\/iframe>\n<\/div>\n<\/figure>\n\n<p>R\u00e9ussir un examen de conjugaison fran\u00e7aise tient \u00e0 la fois de la m\u00e9thode et de l&rsquo;organisation : un calendrier de r\u00e9vision r\u00e9aliste, des priorit\u00e9s claires sur les temps et verbes les plus test\u00e9s, et une gestion pos\u00e9e de l&rsquo;\u00e9preuve elle-m\u00eame. En vous y prenant t\u00f4t et en r\u00e9servant syst\u00e9matiquement un temps de relecture pour v\u00e9rifier vos accords, vous maximisez vos chances de succ\u00e8s sans y laisser des nuits blanches.<\/p>\n<\/div>\n","protected":false},"excerpt":{"rendered":"","protected":false},"author":34,"featured_media":7358,"comment_status":"open","ping_status":"open","sticky":false,"template":"","format":"standard","meta":{"_acf_changed":false,"manual_indexmenow":false,"indexmenow_id_project":0,"footnotes":""},"categories":[1],"tags":[],"class_list":["post-7357","post","type-post","status-publish","format-standard","has-post-thumbnail","hentry","category-a-la-une","generate-columns","tablet-grid-50","mobile-grid-100","grid-parent","grid-25"],"acf":[],"yoast_head":"<!-- This site is optimized with the Yoast SEO Premium plugin v21.3 (Yoast SEO v25.6) - https:\/\/yoast.com\/wordpress\/plugins\/seo\/ -->\n<title>Ma\u00eetriser la Conjugaison : 5 Astuces pour Briller \u00e0 l&#039;Examen<\/title>\n<meta name=\"description\" content=\"5 astuces efficaces pour pr\u00e9parer un examen de conjugaison fran\u00e7aise : m\u00e9thodes d&#039;\u00e9tude, m\u00e9morisation et ressources pour r\u00e9ussir.\" \/>\n<meta name=\"robots\" content=\"index, follow, max-snippet:-1, max-image-preview:large, max-video-preview:-1\" \/>\n<link rel=\"canonical\" href=\"https:\/\/conjugaison-de-verbes.com\/blog\/a-la-une\/comment-se-preparer-pour-un-examen-de-conjugaison-francaise\/\" \/>\n<meta property=\"og:locale\" content=\"fr_FR\" \/>\n<meta property=\"og:type\" content=\"article\" \/>\n<meta property=\"og:title\" content=\"Ma\u00eetriser la Conjugaison : 5 Astuces pour Briller \u00e0 l&#039;Examen\" \/>\n<meta property=\"og:description\" content=\"5 astuces efficaces pour pr\u00e9parer un examen de conjugaison fran\u00e7aise : m\u00e9thodes d&#039;\u00e9tude, m\u00e9morisation et ressources pour r\u00e9ussir.\" \/>\n<meta property=\"og:url\" content=\"https:\/\/conjugaison-de-verbes.com\/blog\/a-la-une\/comment-se-preparer-pour-un-examen-de-conjugaison-francaise\/\" \/>\n<meta property=\"og:site_name\" content=\"conjugaison-de-verbes\" \/>\n<meta property=\"og:image\" content=\"https:\/\/conjugaison-de-verbes.com\/blog\/wp-content\/uploads\/2025\/01\/Comment-se-preparer-pour-un-examen-de-conjugaison-francaise.png\" \/>\n\t<meta property=\"og:image:width\" content=\"1344\" \/>\n\t<meta property=\"og:image:height\" content=\"768\" \/>\n\t<meta property=\"og:image:type\" content=\"image\/png\" \/>\n<meta name=\"author\" content=\"Rapha\u00ebl D.\" \/>\n<meta name=\"twitter:card\" content=\"summary_large_image\" \/>\n<script type=\"application\/ld+json\" class=\"yoast-schema-graph\">{\"@context\":\"https:\/\/schema.org\",\"@graph\":[{\"@type\":\"NewsArticle\",\"@id\":\"https:\/\/conjugaison-de-verbes.com\/blog\/a-la-une\/comment-se-preparer-pour-un-examen-de-conjugaison-francaise\/#article\",\"isPartOf\":{\"@id\":\"https:\/\/conjugaison-de-verbes.com\/blog\/a-la-une\/comment-se-preparer-pour-un-examen-de-conjugaison-francaise\/\"},\"author\":{\"name\":\"Rapha\u00ebl D.\",\"@id\":\"https:\/\/conjugaison-de-verbes.com\/blog\/#\/schema\/person\/3c864cdc320801e3db34b663e7e3f816\"},\"headline\":\"Comment se pr\u00e9parer pour un examen de conjugaison fran\u00e7aise\",\"datePublished\":\"2026-08-31T19:11:24+00:00\",\"mainEntityOfPage\":{\"@id\":\"https:\/\/conjugaison-de-verbes.com\/blog\/a-la-une\/comment-se-preparer-pour-un-examen-de-conjugaison-francaise\/\"},\"wordCount\":1340,\"commentCount\":0,\"publisher\":{\"@id\":\"https:\/\/conjugaison-de-verbes.com\/blog\/#organization\"},\"image\":{\"@id\":\"https:\/\/conjugaison-de-verbes.com\/blog\/a-la-une\/comment-se-preparer-pour-un-examen-de-conjugaison-francaise\/#primaryimage\"},\"thumbnailUrl\":\"https:\/\/conjugaison-de-verbes.com\/blog\/wp-content\/uploads\/2025\/01\/Comment-se-preparer-pour-un-examen-de-conjugaison-francaise.png\",\"articleSection\":[\"\u00c0 la une\"],\"inLanguage\":\"fr-FR\",\"potentialAction\":[{\"@type\":\"CommentAction\",\"name\":\"Comment\",\"target\":[\"https:\/\/conjugaison-de-verbes.com\/blog\/a-la-une\/comment-se-preparer-pour-un-examen-de-conjugaison-francaise\/#respond\"]}]},{\"@type\":\"WebPage\",\"@id\":\"https:\/\/conjugaison-de-verbes.com\/blog\/a-la-une\/comment-se-preparer-pour-un-examen-de-conjugaison-francaise\/\",\"url\":\"https:\/\/conjugaison-de-verbes.com\/blog\/a-la-une\/comment-se-preparer-pour-un-examen-de-conjugaison-francaise\/\",\"name\":\"Ma\u00eetriser la Conjugaison : 5 Astuces pour Briller \u00e0 l'Examen\",\"isPartOf\":{\"@id\":\"https:\/\/conjugaison-de-verbes.com\/blog\/#website\"},\"primaryImageOfPage\":{\"@id\":\"https:\/\/conjugaison-de-verbes.com\/blog\/a-la-une\/comment-se-preparer-pour-un-examen-de-conjugaison-francaise\/#primaryimage\"},\"image\":{\"@id\":\"https:\/\/conjugaison-de-verbes.com\/blog\/a-la-une\/comment-se-preparer-pour-un-examen-de-conjugaison-francaise\/#primaryimage\"},\"thumbnailUrl\":\"https:\/\/conjugaison-de-verbes.com\/blog\/wp-content\/uploads\/2025\/01\/Comment-se-preparer-pour-un-examen-de-conjugaison-francaise.png\",\"datePublished\":\"2026-08-31T19:11:24+00:00\",\"description\":\"5 astuces efficaces pour pr\u00e9parer un examen de conjugaison fran\u00e7aise : m\u00e9thodes d'\u00e9tude, m\u00e9morisation et ressources pour r\u00e9ussir.\",\"inLanguage\":\"fr-FR\",\"potentialAction\":[{\"@type\":\"ReadAction\",\"target\":[\"https:\/\/conjugaison-de-verbes.com\/blog\/a-la-une\/comment-se-preparer-pour-un-examen-de-conjugaison-francaise\/\"]}]},{\"@type\":\"ImageObject\",\"inLanguage\":\"fr-FR\",\"@id\":\"https:\/\/conjugaison-de-verbes.com\/blog\/a-la-une\/comment-se-preparer-pour-un-examen-de-conjugaison-francaise\/#primaryimage\",\"url\":\"https:\/\/conjugaison-de-verbes.com\/blog\/wp-content\/uploads\/2025\/01\/Comment-se-preparer-pour-un-examen-de-conjugaison-francaise.png\",\"contentUrl\":\"https:\/\/conjugaison-de-verbes.com\/blog\/wp-content\/uploads\/2025\/01\/Comment-se-preparer-pour-un-examen-de-conjugaison-francaise.png\",\"width\":1344,\"height\":768,\"caption\":\"d\u00e9couvrez des strat\u00e9gies efficaces pour vous pr\u00e9parer \u00e0 un examen de conjugaison fran\u00e7aise. apprenez les r\u00e8gles essentielles, des techniques de m\u00e9morisation et des exercices pratiques pour r\u00e9ussir avec brio.\"},{\"@type\":\"WebSite\",\"@id\":\"https:\/\/conjugaison-de-verbes.com\/blog\/#website\",\"url\":\"https:\/\/conjugaison-de-verbes.com\/blog\/\",\"name\":\"conjugaison-de-verbes.com\",\"description\":\"Conjugaison de Verbes, ma\u00eetrisez la langue fran\u00e7aise\",\"publisher\":{\"@id\":\"https:\/\/conjugaison-de-verbes.com\/blog\/#organization\"},\"alternateName\":\"Conjugaison de Verbes, ma\u00eetrisez la langue fran\u00e7aise\",\"potentialAction\":[{\"@type\":\"SearchAction\",\"target\":{\"@type\":\"EntryPoint\",\"urlTemplate\":\"https:\/\/conjugaison-de-verbes.com\/blog\/?s={search_term_string}\"},\"query-input\":{\"@type\":\"PropertyValueSpecification\",\"valueRequired\":true,\"valueName\":\"search_term_string\"}}],\"inLanguage\":\"fr-FR\"},{\"@type\":\"Organization\",\"@id\":\"https:\/\/conjugaison-de-verbes.com\/blog\/#organization\",\"name\":\"Foretsensations.fr\",\"url\":\"https:\/\/conjugaison-de-verbes.com\/blog\/\",\"logo\":{\"@type\":\"ImageObject\",\"inLanguage\":\"fr-FR\",\"@id\":\"https:\/\/conjugaison-de-verbes.com\/blog\/#\/schema\/logo\/image\/\",\"url\":\"https:\/\/conjugaison-de-verbes.com\/blog\/wp-content\/uploads\/2024\/12\/10.png\",\"contentUrl\":\"https:\/\/conjugaison-de-verbes.com\/blog\/wp-content\/uploads\/2024\/12\/10.png\",\"width\":500,\"height\":500,\"caption\":\"Foretsensations.fr\"},\"image\":{\"@id\":\"https:\/\/conjugaison-de-verbes.com\/blog\/#\/schema\/logo\/image\/\"}},{\"@type\":\"Person\",\"@id\":\"https:\/\/conjugaison-de-verbes.com\/blog\/#\/schema\/person\/3c864cdc320801e3db34b663e7e3f816\",\"name\":\"Rapha\u00ebl D.\",\"image\":{\"@type\":\"ImageObject\",\"inLanguage\":\"fr-FR\",\"@id\":\"https:\/\/conjugaison-de-verbes.com\/blog\/#\/schema\/person\/image\/\",\"url\":\"https:\/\/conjugaison-de-verbes.com\/blog\/wp-content\/uploads\/2026\/06\/persona_raphael-d-150x150.jpg\",\"contentUrl\":\"https:\/\/conjugaison-de-verbes.com\/blog\/wp-content\/uploads\/2026\/06\/persona_raphael-d-150x150.jpg\",\"caption\":\"Rapha\u00ebl D.\"},\"description\":\"La culture est mon terrain de jeu depuis une dizaine d'ann\u00e9es : arts visuels, s\u00e9ries, cr\u00e9ation et tout ce qui nourrit l'imaginaire. J'\u00e9cris aussi bien sur l'actualit\u00e9 des \u0153uvres que sur les coulisses de la cr\u00e9ation, avec l'envie de relier l'amateur curieux \u00e0 des univers parfois jug\u00e9s intimidants. J'aime analyser une s\u00e9rie ou une d\u00e9marche artistique sans p\u00e9dantisme, replacer une \u0153uvre dans son contexte et donner des cl\u00e9s de lecture accessibles. Avant de publier, je v\u00e9rifie mes r\u00e9f\u00e9rences, je recoupe les sources et je distingue clairement le fait de mon interpr\u00e9tation subjective. Je crois qu'une critique vaut surtout par les arguments qu'elle expose, pas par la sentence qu'elle rend. Mon angle : transmettre l'envie de d\u00e9couvrir, de regarder autrement et de se forger son propre go\u00fbt. La culture n'appartient pas qu'aux initi\u00e9s, et c'est tout l'enjeu de mon \u00e9criture.\",\"url\":\"https:\/\/conjugaison-de-verbes.com\/blog\/auteur\/raphael-d\/\",\"jobTitle\":\"R\u00e9dacteur en chef \u00b7 Culture & Cr\u00e9ation\",\"knowsAbout\":[\"Culture\",\"Cr\u00e9ation\"],\"email\":\"raphael.d@a-l-asso-de-l-art.fr\"}]}<\/script>\n<!-- \/ Yoast SEO Premium plugin. -->","yoast_head_json":{"title":"Ma\u00eetriser la Conjugaison : 5 Astuces pour Briller \u00e0 l'Examen","description":"5 astuces efficaces pour pr\u00e9parer un examen de conjugaison fran\u00e7aise : m\u00e9thodes d'\u00e9tude, m\u00e9morisation et ressources pour r\u00e9ussir.","robots":{"index":"index","follow":"follow","max-snippet":"max-snippet:-1","max-image-preview":"max-image-preview:large","max-video-preview":"max-video-preview:-1"},"canonical":"https:\/\/conjugaison-de-verbes.com\/blog\/a-la-une\/comment-se-preparer-pour-un-examen-de-conjugaison-francaise\/","og_locale":"fr_FR","og_type":"article","og_title":"Ma\u00eetriser la Conjugaison : 5 Astuces pour Briller \u00e0 l'Examen","og_description":"5 astuces efficaces pour pr\u00e9parer un examen de conjugaison fran\u00e7aise : m\u00e9thodes d'\u00e9tude, m\u00e9morisation et ressources pour r\u00e9ussir.","og_url":"https:\/\/conjugaison-de-verbes.com\/blog\/a-la-une\/comment-se-preparer-pour-un-examen-de-conjugaison-francaise\/","og_site_name":"conjugaison-de-verbes","og_image":[{"width":1344,"height":768,"url":"https:\/\/conjugaison-de-verbes.com\/blog\/wp-content\/uploads\/2025\/01\/Comment-se-preparer-pour-un-examen-de-conjugaison-francaise.png","type":"image\/png"}],"author":"Rapha\u00ebl D.","twitter_card":"summary_large_image","schema":{"@context":"https:\/\/schema.org","@graph":[{"@type":"NewsArticle","@id":"https:\/\/conjugaison-de-verbes.com\/blog\/a-la-une\/comment-se-preparer-pour-un-examen-de-conjugaison-francaise\/#article","isPartOf":{"@id":"https:\/\/conjugaison-de-verbes.com\/blog\/a-la-une\/comment-se-preparer-pour-un-examen-de-conjugaison-francaise\/"},"author":{"name":"Rapha\u00ebl D.","@id":"https:\/\/conjugaison-de-verbes.com\/blog\/#\/schema\/person\/3c864cdc320801e3db34b663e7e3f816"},"headline":"Comment se pr\u00e9parer pour un examen de conjugaison fran\u00e7aise","datePublished":"2026-08-31T19:11:24+00:00","mainEntityOfPage":{"@id":"https:\/\/conjugaison-de-verbes.com\/blog\/a-la-une\/comment-se-preparer-pour-un-examen-de-conjugaison-francaise\/"},"wordCount":1340,"commentCount":0,"publisher":{"@id":"https:\/\/conjugaison-de-verbes.com\/blog\/#organization"},"image":{"@id":"https:\/\/conjugaison-de-verbes.com\/blog\/a-la-une\/comment-se-preparer-pour-un-examen-de-conjugaison-francaise\/#primaryimage"},"thumbnailUrl":"https:\/\/conjugaison-de-verbes.com\/blog\/wp-content\/uploads\/2025\/01\/Comment-se-preparer-pour-un-examen-de-conjugaison-francaise.png","articleSection":["\u00c0 la une"],"inLanguage":"fr-FR","potentialAction":[{"@type":"CommentAction","name":"Comment","target":["https:\/\/conjugaison-de-verbes.com\/blog\/a-la-une\/comment-se-preparer-pour-un-examen-de-conjugaison-francaise\/#respond"]}]},{"@type":"WebPage","@id":"https:\/\/conjugaison-de-verbes.com\/blog\/a-la-une\/comment-se-preparer-pour-un-examen-de-conjugaison-francaise\/","url":"https:\/\/conjugaison-de-verbes.com\/blog\/a-la-une\/comment-se-preparer-pour-un-examen-de-conjugaison-francaise\/","name":"Ma\u00eetriser la Conjugaison : 5 Astuces pour Briller \u00e0 l'Examen","isPartOf":{"@id":"https:\/\/conjugaison-de-verbes.com\/blog\/#website"},"primaryImageOfPage":{"@id":"https:\/\/conjugaison-de-verbes.com\/blog\/a-la-une\/comment-se-preparer-pour-un-examen-de-conjugaison-francaise\/#primaryimage"},"image":{"@id":"https:\/\/conjugaison-de-verbes.com\/blog\/a-la-une\/comment-se-preparer-pour-un-examen-de-conjugaison-francaise\/#primaryimage"},"thumbnailUrl":"https:\/\/conjugaison-de-verbes.com\/blog\/wp-content\/uploads\/2025\/01\/Comment-se-preparer-pour-un-examen-de-conjugaison-francaise.png","datePublished":"2026-08-31T19:11:24+00:00","description":"5 astuces efficaces pour pr\u00e9parer un examen de conjugaison fran\u00e7aise : m\u00e9thodes d'\u00e9tude, m\u00e9morisation et ressources pour r\u00e9ussir.","inLanguage":"fr-FR","potentialAction":[{"@type":"ReadAction","target":["https:\/\/conjugaison-de-verbes.com\/blog\/a-la-une\/comment-se-preparer-pour-un-examen-de-conjugaison-francaise\/"]}]},{"@type":"ImageObject","inLanguage":"fr-FR","@id":"https:\/\/conjugaison-de-verbes.com\/blog\/a-la-une\/comment-se-preparer-pour-un-examen-de-conjugaison-francaise\/#primaryimage","url":"https:\/\/conjugaison-de-verbes.com\/blog\/wp-content\/uploads\/2025\/01\/Comment-se-preparer-pour-un-examen-de-conjugaison-francaise.png","contentUrl":"https:\/\/conjugaison-de-verbes.com\/blog\/wp-content\/uploads\/2025\/01\/Comment-se-preparer-pour-un-examen-de-conjugaison-francaise.png","width":1344,"height":768,"caption":"d\u00e9couvrez des strat\u00e9gies efficaces pour vous pr\u00e9parer \u00e0 un examen de conjugaison fran\u00e7aise. apprenez les r\u00e8gles essentielles, des techniques de m\u00e9morisation et des exercices pratiques pour r\u00e9ussir avec brio."},{"@type":"WebSite","@id":"https:\/\/conjugaison-de-verbes.com\/blog\/#website","url":"https:\/\/conjugaison-de-verbes.com\/blog\/","name":"conjugaison-de-verbes.com","description":"Conjugaison de Verbes, ma\u00eetrisez la langue fran\u00e7aise","publisher":{"@id":"https:\/\/conjugaison-de-verbes.com\/blog\/#organization"},"alternateName":"Conjugaison de Verbes, ma\u00eetrisez la langue fran\u00e7aise","potentialAction":[{"@type":"SearchAction","target":{"@type":"EntryPoint","urlTemplate":"https:\/\/conjugaison-de-verbes.com\/blog\/?s={search_term_string}"},"query-input":{"@type":"PropertyValueSpecification","valueRequired":true,"valueName":"search_term_string"}}],"inLanguage":"fr-FR"},{"@type":"Organization","@id":"https:\/\/conjugaison-de-verbes.com\/blog\/#organization","name":"Foretsensations.fr","url":"https:\/\/conjugaison-de-verbes.com\/blog\/","logo":{"@type":"ImageObject","inLanguage":"fr-FR","@id":"https:\/\/conjugaison-de-verbes.com\/blog\/#\/schema\/logo\/image\/","url":"https:\/\/conjugaison-de-verbes.com\/blog\/wp-content\/uploads\/2024\/12\/10.png","contentUrl":"https:\/\/conjugaison-de-verbes.com\/blog\/wp-content\/uploads\/2024\/12\/10.png","width":500,"height":500,"caption":"Foretsensations.fr"},"image":{"@id":"https:\/\/conjugaison-de-verbes.com\/blog\/#\/schema\/logo\/image\/"}},{"@type":"Person","@id":"https:\/\/conjugaison-de-verbes.com\/blog\/#\/schema\/person\/3c864cdc320801e3db34b663e7e3f816","name":"Rapha\u00ebl D.","image":{"@type":"ImageObject","inLanguage":"fr-FR","@id":"https:\/\/conjugaison-de-verbes.com\/blog\/#\/schema\/person\/image\/","url":"https:\/\/conjugaison-de-verbes.com\/blog\/wp-content\/uploads\/2026\/06\/persona_raphael-d-150x150.jpg","contentUrl":"https:\/\/conjugaison-de-verbes.com\/blog\/wp-content\/uploads\/2026\/06\/persona_raphael-d-150x150.jpg","caption":"Rapha\u00ebl D."},"description":"La culture est mon terrain de jeu depuis une dizaine d'ann\u00e9es : arts visuels, s\u00e9ries, cr\u00e9ation et tout ce qui nourrit l'imaginaire. J'\u00e9cris aussi bien sur l'actualit\u00e9 des \u0153uvres que sur les coulisses de la cr\u00e9ation, avec l'envie de relier l'amateur curieux \u00e0 des univers parfois jug\u00e9s intimidants. J'aime analyser une s\u00e9rie ou une d\u00e9marche artistique sans p\u00e9dantisme, replacer une \u0153uvre dans son contexte et donner des cl\u00e9s de lecture accessibles. Avant de publier, je v\u00e9rifie mes r\u00e9f\u00e9rences, je recoupe les sources et je distingue clairement le fait de mon interpr\u00e9tation subjective. Je crois qu'une critique vaut surtout par les arguments qu'elle expose, pas par la sentence qu'elle rend. Mon angle : transmettre l'envie de d\u00e9couvrir, de regarder autrement et de se forger son propre go\u00fbt. La culture n'appartient pas qu'aux initi\u00e9s, et c'est tout l'enjeu de mon \u00e9criture.","url":"https:\/\/conjugaison-de-verbes.com\/blog\/auteur\/raphael-d\/","jobTitle":"R\u00e9dacteur en chef \u00b7 Culture & Cr\u00e9ation","knowsAbout":["Culture","Cr\u00e9ation"],"email":"raphael.d@a-l-asso-de-l-art.fr"}]}},"_links":{"self":[{"href":"https:\/\/conjugaison-de-verbes.com\/blog\/wp-json\/wp\/v2\/posts\/7357","targetHints":{"allow":["GET"]}}],"collection":[{"href":"https:\/\/conjugaison-de-verbes.com\/blog\/wp-json\/wp\/v2\/posts"}],"about":[{"href":"https:\/\/conjugaison-de-verbes.com\/blog\/wp-json\/wp\/v2\/types\/post"}],"author":[{"embeddable":true,"href":"https:\/\/conjugaison-de-verbes.com\/blog\/wp-json\/wp\/v2\/users\/34"}],"replies":[{"embeddable":true,"href":"https:\/\/conjugaison-de-verbes.com\/blog\/wp-json\/wp\/v2\/comments?post=7357"}],"version-history":[{"count":1,"href":"https:\/\/conjugaison-de-verbes.com\/blog\/wp-json\/wp\/v2\/posts\/7357\/revisions"}],"predecessor-version":[{"id":8107,"href":"https:\/\/conjugaison-de-verbes.com\/blog\/wp-json\/wp\/v2\/posts\/7357\/revisions\/8107"}],"wp:featuredmedia":[{"embeddable":true,"href":"https:\/\/conjugaison-de-verbes.com\/blog\/wp-json\/wp\/v2\/media\/7358"}],"wp:attachment":[{"href":"https:\/\/conjugaison-de-verbes.com\/blog\/wp-json\/wp\/v2\/media?parent=7357"}],"wp:term":[{"taxonomy":"category","embeddable":true,"href":"https:\/\/conjugaison-de-verbes.com\/blog\/wp-json\/wp\/v2\/categories?post=7357"},{"taxonomy":"post_tag","embeddable":true,"href":"https:\/\/conjugaison-de-verbes.com\/blog\/wp-json\/wp\/v2\/tags?post=7357"}],"curies":[{"name":"wp","href":"https:\/\/api.w.org\/{rel}","templated":true}]}}