{"id":7346,"date":"2026-08-31T17:28:24","date_gmt":"2026-08-31T15:28:24","guid":{"rendered":"https:\/\/conjugaison-de-verbes.com\/blog\/a-la-une\/les-conjugaisons-des-verbes-pronominaux-en-francais\/"},"modified":"2026-08-31T17:28:24","modified_gmt":"2026-08-31T15:28:24","slug":"les-conjugaisons-des-verbes-pronominaux-en-francais","status":"publish","type":"post","link":"https:\/\/conjugaison-de-verbes.com\/blog\/a-la-une\/les-conjugaisons-des-verbes-pronominaux-en-francais\/","title":{"rendered":"Les conjugaisons des verbes pronominaux en fran\u00e7ais"},"content":{"rendered":"<link rel=\"stylesheet\" href=\"https:\/\/fonts.googleapis.com\/css2?family=Space+Grotesk:wght@500;600;700&#038;family=Inter:wght@400;500;600;700&#038;family=JetBrains+Mono:wght@500;600&#038;display=swap\">\n<style>\n.cdv-pron-wrap{font-family:'Inter',-apple-system,sans-serif;color:#1c1b2e;line-height:1.65;font-size:17px;max-width:760px;margin:0 auto;}\n.cdv-pron-wrap h2{font-family:'Space Grotesk','Inter',sans-serif;font-weight:700;font-size:clamp(23px,3vw,30px);letter-spacing:-0.01em;color:#1c1b2e;margin:48px 0 16px;}\n.cdv-pron-wrap h3{font-family:'Space Grotesk','Inter',sans-serif;font-weight:600;font-size:19px;color:#3a2f8f;margin:24px 0 10px;}\n.cdv-pron-lead{font-size:19px;line-height:1.6;color:#332f52;margin:0 0 28px;}\n.cdv-pron-mono{font-family:'JetBrains Mono',monospace;font-weight:500;}\n.cdv-pron-brief{background:linear-gradient(135deg,#f2effc,#f9f8fe);border-left:5px solid #4c3fd9;border-radius:12px;padding:22px 26px;margin:0 0 40px;box-shadow:0 1px 2px rgba(28,27,46,.05),0 12px 28px -18px rgba(28,27,46,.25);}\n.cdv-pron-brief .cdv-pron-kicker{display:inline-block;font-family:'JetBrains Mono',monospace;font-size:11px;font-weight:600;letter-spacing:.08em;text-transform:uppercase;color:#4c3fd9;background:#e6e1fb;padding:4px 10px;border-radius:6px;margin-bottom:12px;}\n.cdv-pron-brief div.cdv-pron-txt{font-size:16.5px;color:#242240;margin-bottom:12px;}\n.cdv-pron-brief ul{margin:0;padding-left:0;list-style:none;display:grid;gap:9px;}\n.cdv-pron-brief li{position:relative;padding-left:24px;font-size:15.5px;color:#2c2a4a;}\n.cdv-pron-brief li::before{content:\"\u2192\";position:absolute;left:0;color:#4c3fd9;font-weight:700;}\n.cdv-pron-grid{display:grid;grid-template-columns:repeat(auto-fit,minmax(210px,1fr));gap:20px;margin:22px 0 8px;}\n.cdv-pron-card{background:#fff;border:1px solid #e6e3f5;border-top:3px solid #4c3fd9;border-radius:12px;padding:20px 20px 22px;transition:.25s ease;box-shadow:0 1px 2px rgba(28,27,46,.04);}\n.cdv-pron-card:hover{transform:translateY(-3px);box-shadow:0 14px 28px -18px rgba(76,63,217,.35);}\n.cdv-pron-card .cdv-pron-eyebrow{font-family:'JetBrains Mono',monospace;font-size:11px;font-weight:600;letter-spacing:.06em;text-transform:uppercase;color:#4c3fd9;margin-bottom:8px;}\n.cdv-pron-card h3{margin:0 0 8px;font-size:18px;}\n.cdv-pron-card div.cdv-pron-txt{font-size:14.5px;color:#403d5c;margin-bottom:10px;}\n.cdv-pron-card .cdv-pron-ex{font-family:'JetBrains Mono',monospace;font-size:13.5px;background:#f5f3fd;border-radius:8px;padding:8px 10px;color:#2c2a4a;}\n.cdv-pron-table{width:100%;border-collapse:collapse;margin:18px 0 8px;border-radius:10px;overflow:hidden;border:1px solid #e6e3f5;}\n.cdv-pron-table th{background:#4c3fd9;color:#fff;font-family:'Space Grotesk',sans-serif;font-weight:600;font-size:14px;text-align:left;padding:10px 14px;}\n.cdv-pron-table td{padding:11px 14px;font-size:14.5px;border-top:1px solid #ece9f9;}\n.cdv-pron-table tr:nth-child(even) td{background:#faf9fe;}\n.cdv-pron-table .cdv-pron-ok{color:#1a7a4c;font-weight:600;}\n.cdv-pron-table .cdv-pron-no{color:#a4304d;font-weight:600;}\n.cdv-pron-steps{display:grid;gap:14px;margin:20px 0;}\n.cdv-pron-step{display:flex;gap:14px;align-items:flex-start;background:#fff;border:1px solid #e6e3f5;border-radius:12px;padding:16px 18px;transition:.25s ease;}\n.cdv-pron-step:hover{transform:translateY(-2px);box-shadow:0 12px 24px -18px rgba(76,63,217,.3);}\n.cdv-pron-step .cdv-pron-num{flex:none;width:30px;height:30px;border-radius:50%;background:#4c3fd9;color:#fff;font-family:'Space Grotesk',sans-serif;font-weight:700;font-size:14px;display:flex;align-items:center;justify-content:center;}\n.cdv-pron-step div.cdv-pron-txt{font-size:15px;color:#2c2a4a;}\n.cdv-pron-retain{background:#211d4a;color:#eef0fc;border-radius:14px;padding:26px 28px;margin:44px 0;}\n.cdv-pron-retain h3{color:#c9c2fb;margin-top:0;font-size:17px;font-family:'JetBrains Mono',monospace;letter-spacing:.04em;text-transform:uppercase;}\n.cdv-pron-retain ul{margin:10px 0 0;padding-left:0;list-style:none;display:grid;gap:10px;}\n.cdv-pron-retain li{position:relative;padding-left:24px;color:#eef0fc!important;font-size:15.5px;}\n.cdv-pron-retain li::before{content:\"\u2713\";position:absolute;left:0;color:#8f7ff5!important;font-weight:700;}\n.cdv-pron-retain strong{color:#fff!important;}\n.cdv-pron-faq{margin:36px 0;}\n.cdv-pron-faq details{background:#fff;border:1px solid #e6e3f5;border-radius:10px;padding:14px 18px;margin-bottom:10px;transition:.2s ease;}\n.cdv-pron-faq details[open]{border-color:#4c3fd9;}\n.cdv-pron-faq summary{cursor:pointer;font-family:'Space Grotesk',sans-serif;font-weight:600;font-size:16px;color:#241f52;list-style:none;display:flex;justify-content:space-between;align-items:center;gap:12px;}\n.cdv-pron-faq summary::-webkit-details-marker{display:none;}\n.cdv-pron-faq summary::after{content:\"+\";color:#4c3fd9;font-weight:700;font-size:20px;flex:none;}\n.cdv-pron-faq details[open] summary::after{content:\"\u2013\";}\n.cdv-pron-faq div.cdv-pron-txt{margin-top:10px;font-size:15px;color:#332f52;}\n<\/style>\n<div class=\"cdv-pron-wrap\">\n<p class=\"cdv-pron-lead\">Un verbe pronominal se reconna\u00eet \u00e0 son pronom qui renvoie au sujet \u2014 <span class=\"cdv-pron-mono\">se laver<\/span>, <span class=\"cdv-pron-mono\">s&rsquo;aimer<\/span>, <span class=\"cdv-pron-mono\">se souvenir<\/span>. Mais tous ne fonctionnent pas pareil, et c&rsquo;est justement ce que <strong>fait<\/strong> ce pronom dans la phrase qui d\u00e9cide, plus tard, comment accorder le participe pass\u00e9.<\/p>\n<div class=\"cdv-pron-brief\">\n<span class=\"cdv-pron-kicker\">En bref<\/span><\/p>\n<div class=\"cdv-pron-txt\">Dans un verbe pronominal, le sujet et le pronom (<span class=\"cdv-pron-mono\">me, te, se, nous, vous<\/span>) d\u00e9signent la m\u00eame personne. Mais ce pronom peut jouer trois r\u00f4les diff\u00e9rents \u2014 objet direct de l&rsquo;action, simple indicateur d&rsquo;un verbe qui n&rsquo;existe pas sans lui, ou aucun r\u00f4le du tout \u2014 et c&rsquo;est ce r\u00f4le, pas le sujet, qui gouverne l&rsquo;accord au pass\u00e9 compos\u00e9.<\/div>\n<ul>\n<li>Tous les verbes pronominaux se conjuguent avec l&rsquo;auxiliaire <strong>\u00eatre<\/strong> aux temps compos\u00e9s.<\/li>\n<li>L&rsquo;accord du participe pass\u00e9 <strong>d\u00e9pend du r\u00f4le du pronom<\/strong>, pas seulement du sujet.<\/li>\n<li>Un test simple (voir plus bas) permet de trancher dans la majorit\u00e9 des cas.<\/li>\n<li>Dans le doute, mieux vaut reformuler la phrase que deviner.<\/li>\n<\/ul>\n<\/div>\n<h2>Qu&rsquo;est-ce qu&rsquo;un verbe pronominal ?<\/h2>\n<p>Un verbe pronominal se construit avec un pronom r\u00e9fl\u00e9chi qui renvoie \u00e0 la m\u00eame personne que le sujet : <strong>je me lave<\/strong>, <strong>tu te l\u00e8ves<\/strong>, <strong>elle se souvient<\/strong>. En apparence, la r\u00e8gle est simple. Ce qui complique les choses, c&rsquo;est que ce petit pronom n&rsquo;a pas toujours la m\u00eame fonction grammaticale d&rsquo;une phrase \u00e0 l&rsquo;autre : parfois il repr\u00e9sente la personne qui re\u00e7oit directement l&rsquo;action, parfois il ne repr\u00e9sente rien du tout et accompagne simplement un verbe qui n&rsquo;existe pas sous une autre forme. C&rsquo;est cette diff\u00e9rence de r\u00f4le, invisible \u00e0 l&rsquo;oreille, qui produit la plupart des h\u00e9sitations d&rsquo;accord.<\/p>\n<h2>Les trois grandes familles de verbes pronominaux<\/h2>\n<p>Avant de parler d&rsquo;accord, il faut savoir \u00e0 quelle famille appartient le verbe : le sens de la phrase donne la r\u00e9ponse.<\/p>\n<div class=\"cdv-pron-grid\">\n<div class=\"cdv-pron-card\">\n<div class=\"cdv-pron-eyebrow\">Famille 1<\/div>\n<h3>R\u00e9fl\u00e9chi<\/h3>\n<div class=\"cdv-pron-txt\">L&rsquo;action revient sur le sujet lui-m\u00eame : la personne fait l&rsquo;action et la re\u00e7oit \u00e0 la fois.<\/div>\n<div class=\"cdv-pron-ex\">Elle se lave. \/ Je me lave.<\/div>\n<\/div>\n<div class=\"cdv-pron-card\">\n<div class=\"cdv-pron-eyebrow\">Famille 2<\/div>\n<h3>R\u00e9ciproque<\/h3>\n<div class=\"cdv-pron-txt\">L&rsquo;action est mutuelle : plusieurs sujets se la font l&rsquo;un \u00e0 l&rsquo;autre, dans les deux sens.<\/div>\n<div class=\"cdv-pron-ex\">Ils s&rsquo;aiment. \/ Ils s&rsquo;adorent.<\/div>\n<\/div>\n<div class=\"cdv-pron-card\">\n<div class=\"cdv-pron-eyebrow\">Famille 3<\/div>\n<h3>Essentiellement pronominal<\/h3>\n<div class=\"cdv-pron-txt\">Le verbe n&rsquo;existe qu&rsquo;\u00e0 la forme pronominale : impossible de le conjuguer autrement.<\/div>\n<div class=\"cdv-pron-ex\">Elle se souvient. \/ Ils s&rsquo;enfuient.<\/div>\n<\/div>\n<\/div>\n<p>Un m\u00eame verbe peut d&rsquo;ailleurs changer de famille selon le contexte. <span class=\"cdv-pron-mono\">Ils s&rsquo;\u00e9crivent<\/span> est r\u00e9ciproque quand deux personnes s&rsquo;envoient des lettres l&rsquo;une \u00e0 l&rsquo;autre ; le sens change d\u00e8s que l&rsquo;action n&rsquo;est plus partag\u00e9e dans les deux sens. C&rsquo;est pour cela que la classification se fait phrase par phrase, jamais verbe par verbe une fois pour toutes.<\/p>\n<h2>Pourquoi l&rsquo;accord du participe pass\u00e9 pose probl\u00e8me<\/h2>\n<p>Aux temps compos\u00e9s, <strong>tous<\/strong> les verbes pronominaux se conjuguent avec l&rsquo;auxiliaire <strong>\u00eatre<\/strong> \u2014 r\u00e9fl\u00e9chis, r\u00e9ciproques ou essentiellement pronominaux, sans exception. Le pi\u00e8ge est justement l\u00e0 : parce que l&rsquo;auxiliaire est toujours le m\u00eame, on est tent\u00e9 de penser que l&rsquo;accord l&rsquo;est aussi. Or il ne suit pas m\u00e9caniquement le sujet. Tout d\u00e9pend du r\u00f4le que joue le pronom dans la phrase.<\/p>\n<table class=\"cdv-pron-table\">\n<tr>\n<th>Situation<\/th>\n<th>Exemple<\/th>\n<th>Accord<\/th>\n<\/tr>\n<tr>\n<td>Le pronom est compl\u00e9ment d&rsquo;objet direct, plac\u00e9 avant le verbe<\/td>\n<td>Elle s&rsquo;est lav\u00e9e.<\/td>\n<td class=\"cdv-pron-ok\">Oui, avec le sujet<\/td>\n<\/tr>\n<tr>\n<td>Un autre compl\u00e9ment d&rsquo;objet direct suit le verbe ; le pronom devient indirect<\/td>\n<td>Elle s&rsquo;est lav\u00e9 les mains.<\/td>\n<td class=\"cdv-pron-no\">Non<\/td>\n<\/tr>\n<tr>\n<td>Verbe r\u00e9ciproque, action directement subie<\/td>\n<td>Ils se sont aim\u00e9s.<\/td>\n<td class=\"cdv-pron-ok\">Oui, avec le sujet<\/td>\n<\/tr>\n<tr>\n<td>Verbe r\u00e9ciproque, action indirecte (on t\u00e9l\u00e9phone <em>\u00e0<\/em> quelqu&rsquo;un)<\/td>\n<td>Ils se sont t\u00e9l\u00e9phon\u00e9.<\/td>\n<td class=\"cdv-pron-no\">Non<\/td>\n<\/tr>\n<tr>\n<td>Verbe essentiellement pronominal : le pronom n&rsquo;a aucune fonction<\/td>\n<td>Elle s&rsquo;est souvenue.<\/td>\n<td class=\"cdv-pron-ok\">Toujours, avec le sujet<\/td>\n<\/tr>\n<\/table>\n<p>Pour un verbe essentiellement pronominal, la question ne se pose m\u00eame pas : le pronom ne repr\u00e9sentant rien, l&rsquo;accord se fait automatiquement avec le sujet, dans tous les cas.<\/p>\n<h2>Le test qui aide en situation<\/h2>\n<p>Face \u00e0 un accord incertain, une seule question \u00e0 se poser : <strong>le pronom est-il le compl\u00e9ment d&rsquo;objet direct de l&rsquo;action, et o\u00f9 se trouve ce compl\u00e9ment dans la phrase ?<\/strong><\/p>\n<div class=\"cdv-pron-steps\">\n<div class=\"cdv-pron-step\">\n<div class=\"cdv-pron-num\">1<\/div>\n<div class=\"cdv-pron-txt\">Cherchez s&rsquo;il existe, apr\u00e8s le verbe, un autre compl\u00e9ment d&rsquo;objet direct que le pronom (\u00ab les mains \u00bb, \u00ab la lettre \u00bb\u2026).<\/div>\n<\/div>\n<div class=\"cdv-pron-step\">\n<div class=\"cdv-pron-num\">2<\/div>\n<div class=\"cdv-pron-txt\">S&rsquo;il y en a un plac\u00e9 <strong>apr\u00e8s<\/strong> le verbe : le pronom n&rsquo;est pas le compl\u00e9ment direct \u2192 <strong>pas d&rsquo;accord<\/strong>.<\/div>\n<\/div>\n<div class=\"cdv-pron-step\">\n<div class=\"cdv-pron-num\">3<\/div>\n<div class=\"cdv-pron-txt\">S&rsquo;il n&rsquo;y en a pas, et que le pronom repr\u00e9sente lui-m\u00eame la personne ou la chose qui re\u00e7oit l&rsquo;action : <strong>accord<\/strong> avec le sujet.<\/div>\n<\/div>\n<div class=\"cdv-pron-step\">\n<div class=\"cdv-pron-num\">4<\/div>\n<div class=\"cdv-pron-txt\">Si le verbe n&rsquo;existe pas sans son pronom (essentiellement pronominal) : le test ne s&rsquo;applique pas, l&rsquo;accord avec le sujet est automatique.<\/div>\n<\/div>\n<\/div>\n<h2>Dans le doute, que faire ?<\/h2>\n<p>Certaines phrases restent ambigu\u00ebs m\u00eame apr\u00e8s le test \u2014 c&rsquo;est normal, l&rsquo;accord des pronominaux compte parmi les points les plus fins de la grammaire fran\u00e7aise. Dans ce cas, deux options, aussi l\u00e9gitimes l&rsquo;une que l&rsquo;autre : reformuler la phrase pour contourner la difficult\u00e9 (changer de verbe, passer \u00e0 un temps simple), ou v\u00e9rifier la construction du verbe dans une r\u00e9f\u00e9rence fiable avant d&rsquo;\u00e9crire. V\u00e9rifier n&rsquo;est pas un aveu de faiblesse : c&rsquo;est la fa\u00e7on la plus s\u00fbre de ne pas transformer une h\u00e9sitation en faute.<\/p>\n<div class=\"cdv-pron-retain\">\n<h3>\u00c0 retenir<\/h3>\n<ul>\n<li>Le sujet et le pronom d&rsquo;un verbe pronominal d\u00e9signent la m\u00eame personne, mais le <strong>r\u00f4le<\/strong> du pronom varie selon la phrase.<\/li>\n<li>Trois grandes familles : r\u00e9fl\u00e9chi, r\u00e9ciproque, essentiellement pronominal \u2014 le sens seul permet de les distinguer.<\/li>\n<li>Tous se conjuguent avec <strong>\u00eatre<\/strong> aux temps compos\u00e9s, mais l&rsquo;accord ne suit pas automatiquement.<\/li>\n<li>Le test d\u00e9cisif : le pronom est-il compl\u00e9ment d&rsquo;objet direct, et se trouve-t-il avant ou apr\u00e8s le verbe ?<\/li>\n<li>Un verbe essentiellement pronominal s&rsquo;accorde toujours avec le sujet, sans exception.<\/li>\n<\/ul>\n<\/div>\n<div class=\"cdv-pron-faq\">\n<details>\n<summary>Qu&rsquo;est-ce qui distingue un verbe pronominal r\u00e9fl\u00e9chi d&rsquo;un verbe r\u00e9ciproque ?<\/summary>\n<div class=\"cdv-pron-txt\">Le r\u00e9fl\u00e9chi renvoie l&rsquo;action sur le sujet lui-m\u00eame (\u00ab elle se lave \u00bb), le r\u00e9ciproque la partage entre plusieurs sujets qui se la font mutuellement (\u00ab ils s&rsquo;aiment \u00bb). C&rsquo;est le sens de la phrase qui tranche, pas le verbe employ\u00e9.<\/div>\n<\/details>\n<details>\n<summary>Pourquoi \u00ab elle s&rsquo;est lav\u00e9e \u00bb s&rsquo;accorde et \u00ab elle s&rsquo;est lav\u00e9 les mains \u00bb non ?<\/summary>\n<div class=\"cdv-pron-txt\">Dans le premier cas, le pronom \u00ab s&rsquo; \u00bb est le compl\u00e9ment d&rsquo;objet direct, plac\u00e9 avant le participe : accord. Dans le second, \u00ab les mains \u00bb devient le compl\u00e9ment direct et se place apr\u00e8s le verbe ; le pronom passe alors au rang de compl\u00e9ment indirect, donc pas d&rsquo;accord.<\/div>\n<\/details>\n<details>\n<summary>Le participe pass\u00e9 d&rsquo;un verbe essentiellement pronominal s&rsquo;accorde-t-il toujours ?<\/summary>\n<div class=\"cdv-pron-txt\">Oui. Un verbe comme \u00ab se souvenir \u00bb n&rsquo;existant pas sous une autre forme, son pronom ne repr\u00e9sente rien de pr\u00e9cis dans la phrase : l&rsquo;accord se fait syst\u00e9matiquement avec le sujet.<\/div>\n<\/details>\n<details>\n<summary>Tous les verbes pronominaux se conjuguent-ils avec le m\u00eame auxiliaire ?<\/summary>\n<div class=\"cdv-pron-txt\">Oui, toujours \u00ab \u00eatre \u00bb aux temps compos\u00e9s, quelle que soit la famille du verbe. C&rsquo;est pr\u00e9cis\u00e9ment parce que l&rsquo;auxiliaire ne varie jamais que l&rsquo;accord, lui, demande une attention particuli\u00e8re.<\/div>\n<\/details>\n<\/div>\n<\/div>\n","protected":false},"excerpt":{"rendered":"","protected":false},"author":34,"featured_media":7614,"comment_status":"open","ping_status":"open","sticky":false,"template":"","format":"standard","meta":{"_acf_changed":false,"manual_indexmenow":false,"indexmenow_id_project":0,"footnotes":""},"categories":[1],"tags":[],"class_list":["post-7346","post","type-post","status-publish","format-standard","has-post-thumbnail","hentry","category-a-la-une","generate-columns","tablet-grid-50","mobile-grid-100","grid-parent","grid-25"],"acf":[],"yoast_head":"<!-- This site is optimized with the Yoast SEO Premium plugin v21.3 (Yoast SEO v25.6) - https:\/\/yoast.com\/wordpress\/plugins\/seo\/ -->\n<title>Verbes pronominaux : accord et conjugaison expliqu\u00e9s<\/title>\n<meta name=\"description\" content=\"R\u00e9fl\u00e9chi, r\u00e9ciproque, essentiellement pronominal : comprenez pourquoi l&#039;accord du participe pass\u00e9 ne suit pas toujours le sujet, et le test pour trancher.\" \/>\n<meta name=\"robots\" content=\"index, follow, max-snippet:-1, max-image-preview:large, max-video-preview:-1\" \/>\n<link rel=\"canonical\" href=\"https:\/\/conjugaison-de-verbes.com\/blog\/a-la-une\/les-conjugaisons-des-verbes-pronominaux-en-francais\/\" \/>\n<meta property=\"og:locale\" content=\"fr_FR\" \/>\n<meta property=\"og:type\" content=\"article\" \/>\n<meta property=\"og:title\" content=\"Verbes pronominaux : accord et conjugaison expliqu\u00e9s\" \/>\n<meta property=\"og:description\" content=\"R\u00e9fl\u00e9chi, r\u00e9ciproque, essentiellement pronominal : comprenez pourquoi l&#039;accord du participe pass\u00e9 ne suit pas toujours le sujet, et le test pour trancher.\" \/>\n<meta property=\"og:url\" content=\"https:\/\/conjugaison-de-verbes.com\/blog\/a-la-une\/les-conjugaisons-des-verbes-pronominaux-en-francais\/\" \/>\n<meta property=\"og:site_name\" content=\"conjugaison-de-verbes\" \/>\n<meta property=\"og:image\" content=\"https:\/\/conjugaison-de-verbes.com\/blog\/wp-content\/uploads\/2025\/02\/sdxl-04d6c4f4247a6b9463e31c779d938c5b.png\" \/>\n\t<meta property=\"og:image:width\" content=\"1536\" \/>\n\t<meta property=\"og:image:height\" content=\"640\" \/>\n\t<meta property=\"og:image:type\" content=\"image\/png\" \/>\n<meta name=\"author\" content=\"Rapha\u00ebl D.\" \/>\n<meta name=\"twitter:card\" content=\"summary_large_image\" \/>\n<script type=\"application\/ld+json\" class=\"yoast-schema-graph\">{\"@context\":\"https:\/\/schema.org\",\"@graph\":[{\"@type\":\"NewsArticle\",\"@id\":\"https:\/\/conjugaison-de-verbes.com\/blog\/a-la-une\/les-conjugaisons-des-verbes-pronominaux-en-francais\/#article\",\"isPartOf\":{\"@id\":\"https:\/\/conjugaison-de-verbes.com\/blog\/a-la-une\/les-conjugaisons-des-verbes-pronominaux-en-francais\/\"},\"author\":{\"name\":\"Rapha\u00ebl D.\",\"@id\":\"https:\/\/conjugaison-de-verbes.com\/blog\/#\/schema\/person\/3c864cdc320801e3db34b663e7e3f816\"},\"headline\":\"Les conjugaisons des verbes pronominaux en fran\u00e7ais\",\"datePublished\":\"2026-08-31T15:28:24+00:00\",\"mainEntityOfPage\":{\"@id\":\"https:\/\/conjugaison-de-verbes.com\/blog\/a-la-une\/les-conjugaisons-des-verbes-pronominaux-en-francais\/\"},\"wordCount\":1227,\"commentCount\":0,\"publisher\":{\"@id\":\"https:\/\/conjugaison-de-verbes.com\/blog\/#organization\"},\"image\":{\"@id\":\"https:\/\/conjugaison-de-verbes.com\/blog\/a-la-une\/les-conjugaisons-des-verbes-pronominaux-en-francais\/#primaryimage\"},\"thumbnailUrl\":\"https:\/\/conjugaison-de-verbes.com\/blog\/wp-content\/uploads\/2025\/02\/sdxl-04d6c4f4247a6b9463e31c779d938c5b.png\",\"articleSection\":[\"\u00c0 la une\"],\"inLanguage\":\"fr-FR\",\"potentialAction\":[{\"@type\":\"CommentAction\",\"name\":\"Comment\",\"target\":[\"https:\/\/conjugaison-de-verbes.com\/blog\/a-la-une\/les-conjugaisons-des-verbes-pronominaux-en-francais\/#respond\"]}]},{\"@type\":\"WebPage\",\"@id\":\"https:\/\/conjugaison-de-verbes.com\/blog\/a-la-une\/les-conjugaisons-des-verbes-pronominaux-en-francais\/\",\"url\":\"https:\/\/conjugaison-de-verbes.com\/blog\/a-la-une\/les-conjugaisons-des-verbes-pronominaux-en-francais\/\",\"name\":\"Verbes pronominaux : accord et conjugaison expliqu\u00e9s\",\"isPartOf\":{\"@id\":\"https:\/\/conjugaison-de-verbes.com\/blog\/#website\"},\"primaryImageOfPage\":{\"@id\":\"https:\/\/conjugaison-de-verbes.com\/blog\/a-la-une\/les-conjugaisons-des-verbes-pronominaux-en-francais\/#primaryimage\"},\"image\":{\"@id\":\"https:\/\/conjugaison-de-verbes.com\/blog\/a-la-une\/les-conjugaisons-des-verbes-pronominaux-en-francais\/#primaryimage\"},\"thumbnailUrl\":\"https:\/\/conjugaison-de-verbes.com\/blog\/wp-content\/uploads\/2025\/02\/sdxl-04d6c4f4247a6b9463e31c779d938c5b.png\",\"datePublished\":\"2026-08-31T15:28:24+00:00\",\"description\":\"R\u00e9fl\u00e9chi, r\u00e9ciproque, essentiellement pronominal : comprenez pourquoi l'accord du participe pass\u00e9 ne suit pas toujours le sujet, et le test pour trancher.\",\"inLanguage\":\"fr-FR\",\"potentialAction\":[{\"@type\":\"ReadAction\",\"target\":[\"https:\/\/conjugaison-de-verbes.com\/blog\/a-la-une\/les-conjugaisons-des-verbes-pronominaux-en-francais\/\"]}]},{\"@type\":\"ImageObject\",\"inLanguage\":\"fr-FR\",\"@id\":\"https:\/\/conjugaison-de-verbes.com\/blog\/a-la-une\/les-conjugaisons-des-verbes-pronominaux-en-francais\/#primaryimage\",\"url\":\"https:\/\/conjugaison-de-verbes.com\/blog\/wp-content\/uploads\/2025\/02\/sdxl-04d6c4f4247a6b9463e31c779d938c5b.png\",\"contentUrl\":\"https:\/\/conjugaison-de-verbes.com\/blog\/wp-content\/uploads\/2025\/02\/sdxl-04d6c4f4247a6b9463e31c779d938c5b.png\",\"width\":1536,\"height\":640},{\"@type\":\"WebSite\",\"@id\":\"https:\/\/conjugaison-de-verbes.com\/blog\/#website\",\"url\":\"https:\/\/conjugaison-de-verbes.com\/blog\/\",\"name\":\"conjugaison-de-verbes.com\",\"description\":\"Conjugaison de Verbes, ma\u00eetrisez la langue fran\u00e7aise\",\"publisher\":{\"@id\":\"https:\/\/conjugaison-de-verbes.com\/blog\/#organization\"},\"alternateName\":\"Conjugaison de Verbes, ma\u00eetrisez la langue fran\u00e7aise\",\"potentialAction\":[{\"@type\":\"SearchAction\",\"target\":{\"@type\":\"EntryPoint\",\"urlTemplate\":\"https:\/\/conjugaison-de-verbes.com\/blog\/?s={search_term_string}\"},\"query-input\":{\"@type\":\"PropertyValueSpecification\",\"valueRequired\":true,\"valueName\":\"search_term_string\"}}],\"inLanguage\":\"fr-FR\"},{\"@type\":\"Organization\",\"@id\":\"https:\/\/conjugaison-de-verbes.com\/blog\/#organization\",\"name\":\"Foretsensations.fr\",\"url\":\"https:\/\/conjugaison-de-verbes.com\/blog\/\",\"logo\":{\"@type\":\"ImageObject\",\"inLanguage\":\"fr-FR\",\"@id\":\"https:\/\/conjugaison-de-verbes.com\/blog\/#\/schema\/logo\/image\/\",\"url\":\"https:\/\/conjugaison-de-verbes.com\/blog\/wp-content\/uploads\/2024\/12\/10.png\",\"contentUrl\":\"https:\/\/conjugaison-de-verbes.com\/blog\/wp-content\/uploads\/2024\/12\/10.png\",\"width\":500,\"height\":500,\"caption\":\"Foretsensations.fr\"},\"image\":{\"@id\":\"https:\/\/conjugaison-de-verbes.com\/blog\/#\/schema\/logo\/image\/\"}},{\"@type\":\"Person\",\"@id\":\"https:\/\/conjugaison-de-verbes.com\/blog\/#\/schema\/person\/3c864cdc320801e3db34b663e7e3f816\",\"name\":\"Rapha\u00ebl D.\",\"image\":{\"@type\":\"ImageObject\",\"inLanguage\":\"fr-FR\",\"@id\":\"https:\/\/conjugaison-de-verbes.com\/blog\/#\/schema\/person\/image\/\",\"url\":\"https:\/\/conjugaison-de-verbes.com\/blog\/wp-content\/uploads\/2026\/06\/persona_raphael-d-150x150.jpg\",\"contentUrl\":\"https:\/\/conjugaison-de-verbes.com\/blog\/wp-content\/uploads\/2026\/06\/persona_raphael-d-150x150.jpg\",\"caption\":\"Rapha\u00ebl D.\"},\"description\":\"La culture est mon terrain de jeu depuis une dizaine d'ann\u00e9es : arts visuels, s\u00e9ries, cr\u00e9ation et tout ce qui nourrit l'imaginaire. J'\u00e9cris aussi bien sur l'actualit\u00e9 des \u0153uvres que sur les coulisses de la cr\u00e9ation, avec l'envie de relier l'amateur curieux \u00e0 des univers parfois jug\u00e9s intimidants. J'aime analyser une s\u00e9rie ou une d\u00e9marche artistique sans p\u00e9dantisme, replacer une \u0153uvre dans son contexte et donner des cl\u00e9s de lecture accessibles. Avant de publier, je v\u00e9rifie mes r\u00e9f\u00e9rences, je recoupe les sources et je distingue clairement le fait de mon interpr\u00e9tation subjective. Je crois qu'une critique vaut surtout par les arguments qu'elle expose, pas par la sentence qu'elle rend. Mon angle : transmettre l'envie de d\u00e9couvrir, de regarder autrement et de se forger son propre go\u00fbt. La culture n'appartient pas qu'aux initi\u00e9s, et c'est tout l'enjeu de mon \u00e9criture.\",\"url\":\"https:\/\/conjugaison-de-verbes.com\/blog\/auteur\/raphael-d\/\",\"jobTitle\":\"R\u00e9dacteur en chef \u00b7 Culture & Cr\u00e9ation\",\"knowsAbout\":[\"Culture\",\"Cr\u00e9ation\"],\"email\":\"raphael.d@a-l-asso-de-l-art.fr\"}]}<\/script>\n<!-- \/ Yoast SEO Premium plugin. -->","yoast_head_json":{"title":"Verbes pronominaux : accord et conjugaison expliqu\u00e9s","description":"R\u00e9fl\u00e9chi, r\u00e9ciproque, essentiellement pronominal : comprenez pourquoi l'accord du participe pass\u00e9 ne suit pas toujours le sujet, et le test pour trancher.","robots":{"index":"index","follow":"follow","max-snippet":"max-snippet:-1","max-image-preview":"max-image-preview:large","max-video-preview":"max-video-preview:-1"},"canonical":"https:\/\/conjugaison-de-verbes.com\/blog\/a-la-une\/les-conjugaisons-des-verbes-pronominaux-en-francais\/","og_locale":"fr_FR","og_type":"article","og_title":"Verbes pronominaux : accord et conjugaison expliqu\u00e9s","og_description":"R\u00e9fl\u00e9chi, r\u00e9ciproque, essentiellement pronominal : comprenez pourquoi l'accord du participe pass\u00e9 ne suit pas toujours le sujet, et le test pour trancher.","og_url":"https:\/\/conjugaison-de-verbes.com\/blog\/a-la-une\/les-conjugaisons-des-verbes-pronominaux-en-francais\/","og_site_name":"conjugaison-de-verbes","og_image":[{"width":1536,"height":640,"url":"https:\/\/conjugaison-de-verbes.com\/blog\/wp-content\/uploads\/2025\/02\/sdxl-04d6c4f4247a6b9463e31c779d938c5b.png","type":"image\/png"}],"author":"Rapha\u00ebl D.","twitter_card":"summary_large_image","schema":{"@context":"https:\/\/schema.org","@graph":[{"@type":"NewsArticle","@id":"https:\/\/conjugaison-de-verbes.com\/blog\/a-la-une\/les-conjugaisons-des-verbes-pronominaux-en-francais\/#article","isPartOf":{"@id":"https:\/\/conjugaison-de-verbes.com\/blog\/a-la-une\/les-conjugaisons-des-verbes-pronominaux-en-francais\/"},"author":{"name":"Rapha\u00ebl D.","@id":"https:\/\/conjugaison-de-verbes.com\/blog\/#\/schema\/person\/3c864cdc320801e3db34b663e7e3f816"},"headline":"Les conjugaisons des verbes pronominaux en fran\u00e7ais","datePublished":"2026-08-31T15:28:24+00:00","mainEntityOfPage":{"@id":"https:\/\/conjugaison-de-verbes.com\/blog\/a-la-une\/les-conjugaisons-des-verbes-pronominaux-en-francais\/"},"wordCount":1227,"commentCount":0,"publisher":{"@id":"https:\/\/conjugaison-de-verbes.com\/blog\/#organization"},"image":{"@id":"https:\/\/conjugaison-de-verbes.com\/blog\/a-la-une\/les-conjugaisons-des-verbes-pronominaux-en-francais\/#primaryimage"},"thumbnailUrl":"https:\/\/conjugaison-de-verbes.com\/blog\/wp-content\/uploads\/2025\/02\/sdxl-04d6c4f4247a6b9463e31c779d938c5b.png","articleSection":["\u00c0 la une"],"inLanguage":"fr-FR","potentialAction":[{"@type":"CommentAction","name":"Comment","target":["https:\/\/conjugaison-de-verbes.com\/blog\/a-la-une\/les-conjugaisons-des-verbes-pronominaux-en-francais\/#respond"]}]},{"@type":"WebPage","@id":"https:\/\/conjugaison-de-verbes.com\/blog\/a-la-une\/les-conjugaisons-des-verbes-pronominaux-en-francais\/","url":"https:\/\/conjugaison-de-verbes.com\/blog\/a-la-une\/les-conjugaisons-des-verbes-pronominaux-en-francais\/","name":"Verbes pronominaux : accord et conjugaison expliqu\u00e9s","isPartOf":{"@id":"https:\/\/conjugaison-de-verbes.com\/blog\/#website"},"primaryImageOfPage":{"@id":"https:\/\/conjugaison-de-verbes.com\/blog\/a-la-une\/les-conjugaisons-des-verbes-pronominaux-en-francais\/#primaryimage"},"image":{"@id":"https:\/\/conjugaison-de-verbes.com\/blog\/a-la-une\/les-conjugaisons-des-verbes-pronominaux-en-francais\/#primaryimage"},"thumbnailUrl":"https:\/\/conjugaison-de-verbes.com\/blog\/wp-content\/uploads\/2025\/02\/sdxl-04d6c4f4247a6b9463e31c779d938c5b.png","datePublished":"2026-08-31T15:28:24+00:00","description":"R\u00e9fl\u00e9chi, r\u00e9ciproque, essentiellement pronominal : comprenez pourquoi l'accord du participe pass\u00e9 ne suit pas toujours le sujet, et le test pour trancher.","inLanguage":"fr-FR","potentialAction":[{"@type":"ReadAction","target":["https:\/\/conjugaison-de-verbes.com\/blog\/a-la-une\/les-conjugaisons-des-verbes-pronominaux-en-francais\/"]}]},{"@type":"ImageObject","inLanguage":"fr-FR","@id":"https:\/\/conjugaison-de-verbes.com\/blog\/a-la-une\/les-conjugaisons-des-verbes-pronominaux-en-francais\/#primaryimage","url":"https:\/\/conjugaison-de-verbes.com\/blog\/wp-content\/uploads\/2025\/02\/sdxl-04d6c4f4247a6b9463e31c779d938c5b.png","contentUrl":"https:\/\/conjugaison-de-verbes.com\/blog\/wp-content\/uploads\/2025\/02\/sdxl-04d6c4f4247a6b9463e31c779d938c5b.png","width":1536,"height":640},{"@type":"WebSite","@id":"https:\/\/conjugaison-de-verbes.com\/blog\/#website","url":"https:\/\/conjugaison-de-verbes.com\/blog\/","name":"conjugaison-de-verbes.com","description":"Conjugaison de Verbes, ma\u00eetrisez la langue fran\u00e7aise","publisher":{"@id":"https:\/\/conjugaison-de-verbes.com\/blog\/#organization"},"alternateName":"Conjugaison de Verbes, ma\u00eetrisez la langue fran\u00e7aise","potentialAction":[{"@type":"SearchAction","target":{"@type":"EntryPoint","urlTemplate":"https:\/\/conjugaison-de-verbes.com\/blog\/?s={search_term_string}"},"query-input":{"@type":"PropertyValueSpecification","valueRequired":true,"valueName":"search_term_string"}}],"inLanguage":"fr-FR"},{"@type":"Organization","@id":"https:\/\/conjugaison-de-verbes.com\/blog\/#organization","name":"Foretsensations.fr","url":"https:\/\/conjugaison-de-verbes.com\/blog\/","logo":{"@type":"ImageObject","inLanguage":"fr-FR","@id":"https:\/\/conjugaison-de-verbes.com\/blog\/#\/schema\/logo\/image\/","url":"https:\/\/conjugaison-de-verbes.com\/blog\/wp-content\/uploads\/2024\/12\/10.png","contentUrl":"https:\/\/conjugaison-de-verbes.com\/blog\/wp-content\/uploads\/2024\/12\/10.png","width":500,"height":500,"caption":"Foretsensations.fr"},"image":{"@id":"https:\/\/conjugaison-de-verbes.com\/blog\/#\/schema\/logo\/image\/"}},{"@type":"Person","@id":"https:\/\/conjugaison-de-verbes.com\/blog\/#\/schema\/person\/3c864cdc320801e3db34b663e7e3f816","name":"Rapha\u00ebl D.","image":{"@type":"ImageObject","inLanguage":"fr-FR","@id":"https:\/\/conjugaison-de-verbes.com\/blog\/#\/schema\/person\/image\/","url":"https:\/\/conjugaison-de-verbes.com\/blog\/wp-content\/uploads\/2026\/06\/persona_raphael-d-150x150.jpg","contentUrl":"https:\/\/conjugaison-de-verbes.com\/blog\/wp-content\/uploads\/2026\/06\/persona_raphael-d-150x150.jpg","caption":"Rapha\u00ebl D."},"description":"La culture est mon terrain de jeu depuis une dizaine d'ann\u00e9es : arts visuels, s\u00e9ries, cr\u00e9ation et tout ce qui nourrit l'imaginaire. J'\u00e9cris aussi bien sur l'actualit\u00e9 des \u0153uvres que sur les coulisses de la cr\u00e9ation, avec l'envie de relier l'amateur curieux \u00e0 des univers parfois jug\u00e9s intimidants. J'aime analyser une s\u00e9rie ou une d\u00e9marche artistique sans p\u00e9dantisme, replacer une \u0153uvre dans son contexte et donner des cl\u00e9s de lecture accessibles. Avant de publier, je v\u00e9rifie mes r\u00e9f\u00e9rences, je recoupe les sources et je distingue clairement le fait de mon interpr\u00e9tation subjective. Je crois qu'une critique vaut surtout par les arguments qu'elle expose, pas par la sentence qu'elle rend. Mon angle : transmettre l'envie de d\u00e9couvrir, de regarder autrement et de se forger son propre go\u00fbt. La culture n'appartient pas qu'aux initi\u00e9s, et c'est tout l'enjeu de mon \u00e9criture.","url":"https:\/\/conjugaison-de-verbes.com\/blog\/auteur\/raphael-d\/","jobTitle":"R\u00e9dacteur en chef \u00b7 Culture & Cr\u00e9ation","knowsAbout":["Culture","Cr\u00e9ation"],"email":"raphael.d@a-l-asso-de-l-art.fr"}]}},"_links":{"self":[{"href":"https:\/\/conjugaison-de-verbes.com\/blog\/wp-json\/wp\/v2\/posts\/7346","targetHints":{"allow":["GET"]}}],"collection":[{"href":"https:\/\/conjugaison-de-verbes.com\/blog\/wp-json\/wp\/v2\/posts"}],"about":[{"href":"https:\/\/conjugaison-de-verbes.com\/blog\/wp-json\/wp\/v2\/types\/post"}],"author":[{"embeddable":true,"href":"https:\/\/conjugaison-de-verbes.com\/blog\/wp-json\/wp\/v2\/users\/34"}],"replies":[{"embeddable":true,"href":"https:\/\/conjugaison-de-verbes.com\/blog\/wp-json\/wp\/v2\/comments?post=7346"}],"version-history":[{"count":1,"href":"https:\/\/conjugaison-de-verbes.com\/blog\/wp-json\/wp\/v2\/posts\/7346\/revisions"}],"predecessor-version":[{"id":8076,"href":"https:\/\/conjugaison-de-verbes.com\/blog\/wp-json\/wp\/v2\/posts\/7346\/revisions\/8076"}],"wp:featuredmedia":[{"embeddable":true,"href":"https:\/\/conjugaison-de-verbes.com\/blog\/wp-json\/wp\/v2\/media\/7614"}],"wp:attachment":[{"href":"https:\/\/conjugaison-de-verbes.com\/blog\/wp-json\/wp\/v2\/media?parent=7346"}],"wp:term":[{"taxonomy":"category","embeddable":true,"href":"https:\/\/conjugaison-de-verbes.com\/blog\/wp-json\/wp\/v2\/categories?post=7346"},{"taxonomy":"post_tag","embeddable":true,"href":"https:\/\/conjugaison-de-verbes.com\/blog\/wp-json\/wp\/v2\/tags?post=7346"}],"curies":[{"name":"wp","href":"https:\/\/api.w.org\/{rel}","templated":true}]}}