{"id":7343,"date":"2026-08-31T20:44:15","date_gmt":"2026-08-31T18:44:15","guid":{"rendered":"https:\/\/conjugaison-de-verbes.com\/blog\/a-la-une\/apprendre-la-conjugaison-francaise-par-des-exercices-pratiques\/"},"modified":"2026-08-31T20:44:15","modified_gmt":"2026-08-31T18:44:15","slug":"apprendre-la-conjugaison-francaise-par-des-exercices-pratiques","status":"publish","type":"post","link":"https:\/\/conjugaison-de-verbes.com\/blog\/a-la-une\/apprendre-la-conjugaison-francaise-par-des-exercices-pratiques\/","title":{"rendered":"Apprendre la conjugaison fran\u00e7aise par des exercices pratiques"},"content":{"rendered":"<link rel=\"stylesheet\" href=\"https:\/\/fonts.googleapis.com\/css2?family=Space+Grotesk:wght@600;700&#038;family=Inter:wght@400;500;600&#038;family=JetBrains+Mono:wght@500&#038;display=swap\">\n<style>\n.cdv-wrap{font-family:'Inter',-apple-system,BlinkMacSystemFont,sans-serif;font-size:17px;line-height:1.65;color:#1d2230;}\n.cdv-wrap h2{font-family:'Space Grotesk',-apple-system,sans-serif;font-weight:700;letter-spacing:-0.01em;font-size:clamp(22px,3vw,30px);color:#161a24;margin:48px 0 16px;}\n.cdv-wrap h3{font-family:'Space Grotesk',-apple-system,sans-serif;font-weight:600;font-size:19px;color:#242a3a;margin:24px 0 10px;}\n.cdv-mono{font-family:'JetBrains Mono',monospace;}\n.cdv-prereq{display:grid;grid-template-columns:repeat(auto-fit,minmax(160px,1fr));gap:14px;border:1px solid #dfe3ee;border-left:5px solid #2e4bd1;border-radius:12px;padding:22px 24px;margin:26px 0;background:#f5f7fe;}\n.cdv-prereq-item{display:flex;flex-direction:column;gap:4px;}\n.cdv-prereq-item span:first-child{font-size:11px;font-weight:700;letter-spacing:.07em;text-transform:uppercase;color:#2e4bd1;}\n.cdv-prereq-item span:last-child{font-size:15px;font-weight:600;color:#1d2230;}\n.cdv-steps{border:1px solid #dfe3ee;border-radius:12px;padding:20px 24px;margin:22px 0;background:#fff;box-shadow:0 1px 2px rgba(16,24,40,.05),0 12px 28px -18px rgba(16,24,40,.18);}\n.cdv-steps ul{margin:8px 0 0;padding-left:20px;}\n.cdv-steps li{margin:4px 0;}\n.cdv-grid{display:grid;grid-template-columns:repeat(auto-fit,minmax(210px,1fr));gap:18px;margin:22px 0;}\n.cdv-card{border:1px solid #e3e6ef;border-top:3px solid #2e4bd1;border-radius:12px;padding:18px 20px;background:#fff;box-shadow:0 1px 2px rgba(16,24,40,.04);transition:.25s ease;}\n.cdv-card:hover{transform:translateY(-3px);box-shadow:0 10px 22px -12px rgba(46,75,209,.35);}\n.cdv-card-num{font-family:'JetBrains Mono',monospace;font-size:12px;font-weight:600;color:#2e4bd1;}\n.cdv-card-title{font-family:'Space Grotesk',sans-serif;font-weight:700;font-size:16px;margin:6px 0 6px;color:#161a24;}\n.cdv-card-txt{font-size:14.5px;color:#454b5c;line-height:1.55;}\n.cdv-conj{background:#f7f8fc;border:1px solid #e3e6ef;border-radius:12px;padding:16px 20px;margin:16px 0;}\n.cdv-conj-verb{font-family:'Space Grotesk',sans-serif;font-weight:700;font-size:15px;color:#2e4bd1;margin-bottom:8px;}\n.cdv-conj-list{display:grid;grid-template-columns:repeat(auto-fit,minmax(150px,1fr));gap:4px 18px;list-style:none;margin:0;padding:0;}\n.cdv-conj-list li{font-size:14.5px;color:#2a2f3d;}\n.cdv-conj-list strong{color:#161a24;}\n.cdv-exo{border:1px solid #e3e6ef;border-radius:12px;padding:18px 22px;margin:22px 0;background:#fff;}\n.cdv-exo-tag{display:inline-block;font-size:11px;font-weight:700;letter-spacing:.06em;text-transform:uppercase;color:#fff;background:#2e4bd1;padding:3px 10px;border-radius:6px;margin-bottom:10px;}\n.cdv-exo ol{margin:8px 0 0;padding-left:22px;}\n.cdv-exo li{margin:6px 0;}\n.cdv-corr{margin-top:14px;border-top:1px dashed #dfe3ee;padding-top:12px;}\n.cdv-corr summary{cursor:pointer;font-weight:600;font-size:14px;color:#2e4bd1;}\n.cdv-corr ol{margin:10px 0 0;padding-left:22px;}\n.cdv-corr li{margin:4px 0;font-size:14.5px;}\n.cdv-check{display:grid;grid-template-columns:repeat(auto-fit,minmax(240px,1fr));gap:16px;margin:22px 0;}\n.cdv-check-col{border-radius:12px;padding:18px 20px;}\n.cdv-check-ok{background:#f2faf6;border:1px solid #cdeadd;}\n.cdv-check-ko{background:#fdf4f4;border:1px solid #f3d4d4;}\n.cdv-check-title{font-family:'Space Grotesk',sans-serif;font-weight:700;font-size:15px;margin-bottom:10px;}\n.cdv-check-ok .cdv-check-title{color:#1c7a52;}\n.cdv-check-ko .cdv-check-title{color:#c23b3b;}\n.cdv-check-col ul{list-style:none;margin:0;padding:0;}\n.cdv-check-col li{font-size:14.5px;margin:8px 0;padding-left:22px;position:relative;color:#2a2f3d;}\n.cdv-check-ok li:before{content:\"\u2713\";position:absolute;left:0;color:#1c7a52;font-weight:700;}\n.cdv-check-ko li:before{content:\"\u2717\";position:absolute;left:0;color:#c23b3b;font-weight:700;}\n.cdv-retain{background:#161a24;color:#eef1fb;border-radius:12px;padding:22px 24px;margin:30px 0;}\n.cdv-retain-title{font-family:'Space Grotesk',sans-serif;font-weight:700;font-size:16px;color:#fff!important;margin-bottom:10px;}\n.cdv-retain ul{list-style:none;margin:0;padding:0;}\n.cdv-retain li{font-size:14.5px;color:#eef1fb!important;margin:8px 0;padding-left:20px;position:relative;}\n.cdv-retain li:before{content:\"\u2192\";position:absolute;left:0;color:#8ea2ff!important;}\n.cdv-retain strong{color:#fff!important;}\n.cdv-faq{margin:26px 0;}\n.cdv-faq details{border:1px solid #e3e6ef;border-radius:10px;padding:14px 18px;margin-bottom:10px;background:#fff;}\n.cdv-faq summary{cursor:pointer;font-weight:600;font-size:15.5px;color:#161a24;}\n.cdv-faq summary::marker{color:#2e4bd1;}\n.cdv-faq-a{margin-top:10px;font-size:15px;color:#3a3f4d;line-height:1.6;}\n<\/style>\n<div class=\"cdv-wrap\">\n<p>La <strong>conjugaison fran\u00e7aise<\/strong> peut sembler un v\u00e9ritable d\u00e9fi pour les apprenants, tant elle comporte de nuances et de subtilit\u00e9s. Pourtant, elle est essentielle pour ma\u00eetriser la langue et s&rsquo;exprimer avec aisance : elle n&rsquo;est pas qu&rsquo;une suite de tableaux \u00e0 r\u00e9citer, c&rsquo;est la cl\u00e9 qui ouvre les portes de la communication.<\/p>\n<p>Dans cet article, des <strong>exercices pratiques<\/strong> vous permettent de travailler la conjugaison de fa\u00e7on active plut\u00f4t que passive. Que vous soyez d\u00e9butant ou que vous souhaitiez perfectionner vos acquis, vous progresserez en 3 \u00e9tapes \u2014 le pr\u00e9sent, le pass\u00e9, le futur \u2014 chacune accompagn\u00e9e d&rsquo;exercices corrig\u00e9s, avant un tour d&rsquo;horizon du conditionnel, du subjonctif et de l&rsquo;imp\u00e9ratif.<\/p>\n<div class=\"cdv-prereq\">\n  <div class=\"cdv-prereq-item\"><span>Niveau<\/span><span>D\u00e9butant \u00e0 interm\u00e9diaire<\/span><\/div>\n  <div class=\"cdv-prereq-item\"><span>Mat\u00e9riel<\/span><span>Aucun, juste de quoi noter vos r\u00e9ponses<\/span><\/div>\n  <div class=\"cdv-prereq-item\"><span>Dur\u00e9e<\/span><span>~20-30 min pour les 3 \u00e9tapes<\/span><\/div>\n  <div class=\"cdv-prereq-item\"><span>Objectif<\/span><span>Pr\u00e9sent, pass\u00e9, futur \u2014 puis vue d&rsquo;ensemble<\/span><\/div>\n<\/div>\n<div class=\"cdv-steps\">\n  <div class=\"cdv-card-title\" style=\"margin-top:0;\">En 3 \u00e9tapes<\/div>\n  <div class=\"cdv-card-txt\">\n    <ul>\n      <li><strong>\u00c9tape 1<\/strong> \u2014 Le pr\u00e9sent : les 3 groupes de verbes, leurs usages, 3 exercices corrig\u00e9s.<\/li>\n      <li><strong>\u00c9tape 2<\/strong> \u2014 Le pass\u00e9 : pass\u00e9 compos\u00e9 vs imparfait, formation, 1 exercice corrig\u00e9.<\/li>\n      <li><strong>\u00c9tape 3<\/strong> \u2014 Le futur simple : terminaisons, verbes irr\u00e9guliers, 1 exercice corrig\u00e9.<\/li>\n    <\/ul>\n  <\/div>\n<\/div>\n<h2>Les 6 piliers de la conjugaison fran\u00e7aise<\/h2>\n<div class=\"cdv-grid\">\n  <div class=\"cdv-card\">\n    <div class=\"cdv-card-num\">01<\/div>\n    <div class=\"cdv-card-title\">Le pr\u00e9sent<\/div>\n    <div class=\"cdv-card-txt\">Exprime des actions qui se d\u00e9roulent actuellement ou des v\u00e9rit\u00e9s g\u00e9n\u00e9rales. Essentiel pour communiquer id\u00e9es, sentiments et actions quotidiennes.<\/div>\n  <\/div>\n  <div class=\"cdv-card\">\n    <div class=\"cdv-card-num\">02<\/div>\n    <div class=\"cdv-card-title\">Le pass\u00e9<\/div>\n    <div class=\"cdv-card-txt\">Pass\u00e9 compos\u00e9, imparfait, plus-que-parfait : le pass\u00e9 compos\u00e9 d\u00e9crit une action termin\u00e9e li\u00e9e au pr\u00e9sent, l&rsquo;imparfait une habitude ou une description, le plus-que-parfait une action ant\u00e9rieure \u00e0 une autre action pass\u00e9e.<\/div>\n  <\/div>\n  <div class=\"cdv-card\">\n    <div class=\"cdv-card-num\">03<\/div>\n    <div class=\"cdv-card-title\">Le futur<\/div>\n    <div class=\"cdv-card-txt\">Indique une action \u00e0 venir. Le futur simple pour un \u00e9v\u00e9nement pr\u00e9vu, le futur ant\u00e9rieur pour une action accomplie avant un rep\u00e8re futur.<\/div>\n  <\/div>\n  <div class=\"cdv-card\">\n    <div class=\"cdv-card-num\">04<\/div>\n    <div class=\"cdv-card-title\">Le conditionnel<\/div>\n    <div class=\"cdv-card-txt\">Exprime souhaits, hypoth\u00e8ses ou actions soumises \u00e0 une condition. Central pour la politesse et la nuance dans les demandes.<\/div>\n  <\/div>\n  <div class=\"cdv-card\">\n    <div class=\"cdv-card-num\">05<\/div>\n    <div class=\"cdv-card-title\">Le subjonctif<\/div>\n    <div class=\"cdv-card-txt\">Exprime sentiment, doute, souhait ou n\u00e9cessit\u00e9 : le point de vue personnel du locuteur, un mode unique de la langue fran\u00e7aise.<\/div>\n  <\/div>\n  <div class=\"cdv-card\">\n    <div class=\"cdv-card-num\">06<\/div>\n    <div class=\"cdv-card-title\">L&rsquo;imp\u00e9ratif<\/div>\n    <div class=\"cdv-card-txt\">Sert \u00e0 donner un ordre, un conseil ou une invitation. Une mani\u00e8re directe de communiquer au quotidien.<\/div>\n  <\/div>\n<\/div>\n<p>Chaque temps et mode a ses propres r\u00e8gles et usages qui enrichissent la communication en fran\u00e7ais. En travaillant sur ces cat\u00e9gories, vous structurez mieux vos phrases, exprimez des id\u00e9es avec pr\u00e9cision et interagissez plus efficacement dans diverses situations.<\/p>\n<h2>\u00c9tape 1 \u2014 Ma\u00eetriser le pr\u00e9sent<\/h2>\n<p>Le pr\u00e9sent est un temps fondamental, utilis\u00e9 pour exprimer des actions qui se d\u00e9roulent actuellement ou des v\u00e9rit\u00e9s g\u00e9n\u00e9rales. Il existe trois groupes de verbes en fran\u00e7ais, chacun avec ses propres r\u00e8gles de conjugaison au pr\u00e9sent.<\/p>\n<h3>Les trois groupes de verbes<\/h3>\n<div class=\"cdv-conj\">\n  <div class=\"cdv-conj-verb\">1er groupe \u2014 verbes en <em>-er<\/em> (sauf aller) \u00b7 ex. aimer<\/div>\n  <ul class=\"cdv-conj-list\">\n    <li>j&rsquo;<strong>aime<\/strong><\/li><li>tu <strong>aimes<\/strong><\/li><li>il\/elle <strong>aime<\/strong><\/li>\n    <li>nous <strong>aimons<\/strong><\/li><li>vous <strong>aimez<\/strong><\/li><li>ils\/elles <strong>aiment<\/strong><\/li>\n  <\/ul>\n<\/div>\n<div class=\"cdv-conj\">\n  <div class=\"cdv-conj-verb\">2e groupe \u2014 verbes en <em>-ir<\/em> en <em>-issons<\/em> \u00e0 \u00ab\u00a0nous\u00a0\u00bb \u00b7 ex. finir<\/div>\n  <ul class=\"cdv-conj-list\">\n    <li>je <strong>finis<\/strong><\/li><li>tu <strong>finis<\/strong><\/li><li>il\/elle <strong>finit<\/strong><\/li>\n    <li>nous <strong>finissons<\/strong><\/li><li>vous <strong>finissez<\/strong><\/li><li>ils\/elles <strong>finissent<\/strong><\/li>\n  <\/ul>\n<\/div>\n<div class=\"cdv-conj\">\n  <div class=\"cdv-conj-verb\">3e groupe \u2014 verbes en <em>-re<\/em> et certains <em>-ir<\/em> irr\u00e9guliers \u00b7 ex. attendre<\/div>\n  <ul class=\"cdv-conj-list\">\n    <li>j&rsquo;<strong>attends<\/strong><\/li><li>tu <strong>attends<\/strong><\/li><li>il\/elle <strong>attend<\/strong><\/li>\n    <li>nous <strong>attendons<\/strong><\/li><li>vous <strong>attendez<\/strong><\/li><li>ils\/elles <strong>attendent<\/strong><\/li>\n  <\/ul>\n<\/div>\n<h3>Utilisations du pr\u00e9sent<\/h3>\n<div class=\"cdv-card-txt\">\n  <ul>\n    <li>Pour une action qui a lieu en ce moment : <strong>Je mange.<\/strong><\/li>\n    <li>Pour une v\u00e9rit\u00e9 g\u00e9n\u00e9rale : <strong>Le soleil se l\u00e8ve \u00e0 l&rsquo;est.<\/strong><\/li>\n    <li>Pour une action future proche : <strong>Nous partons demain.<\/strong><\/li>\n  <\/ul>\n<\/div>\n<h3>Exemples suppl\u00e9mentaires<\/h3>\n<div class=\"cdv-card-txt\">\n  <ul>\n    <li><strong>jouer<\/strong> (1er groupe) : je joue, tu joues, il\/elle joue, nous jouons, vous jouez, ils\/elles jouent<\/li>\n    <li><strong>choisir<\/strong> (2e groupe) : je choisis, tu choisis, il\/elle choisit, nous choisissons, vous choisissez, ils\/elles choisissent<\/li>\n    <li><strong>prendre<\/strong> (3e groupe) : je prends, tu prends, il\/elle prend, nous prenons, vous prenez, ils\/elles prennent<\/li>\n  <\/ul>\n<\/div>\n<h3>Exercices pratiques \u2014 le pr\u00e9sent<\/h3>\n<div class=\"cdv-exo\">\n  <span class=\"cdv-exo-tag\">Exercice 1<\/span>\n  <div class=\"cdv-card-txt\">Conjuguez les verbes suivants au pr\u00e9sent :<\/div>\n  <ol>\n    <li><strong>(manger)<\/strong> nous <span class=\"cdv-mono\">__________<\/span><\/li>\n    <li><strong>(grandir)<\/strong> ils <span class=\"cdv-mono\">__________<\/span><\/li>\n    <li><strong>(vendre)<\/strong> tu <span class=\"cdv-mono\">__________<\/span><\/li>\n  <\/ol>\n  <details class=\"cdv-corr\">\n    <summary>Voir les corrig\u00e9s<\/summary>\n    <ol>\n      <li>nous <strong>mangeons<\/strong><\/li>\n      <li>ils <strong>grandissent<\/strong><\/li>\n      <li>tu <strong>vends<\/strong><\/li>\n    <\/ol>\n  <\/details>\n<\/div>\n<div class=\"cdv-exo\">\n  <span class=\"cdv-exo-tag\">Exercice 2<\/span>\n  <div class=\"cdv-card-txt\">Compl\u00e9tez les phrases avec la forme correcte du verbe au pr\u00e9sent :<\/div>\n  <ol>\n    <li>Marie <span class=\"cdv-mono\">__________<\/span> (parler) fran\u00e7ais.<\/li>\n    <li>Nous <span class=\"cdv-mono\">__________<\/span> (finir) nos devoirs.<\/li>\n    <li>Les enfants <span class=\"cdv-mono\">__________<\/span> (jouer) dans le jardin.<\/li>\n  <\/ol>\n  <details class=\"cdv-corr\">\n    <summary>Voir les corrig\u00e9s<\/summary>\n    <ol>\n      <li>Marie <strong>parle<\/strong> fran\u00e7ais.<\/li>\n      <li>Nous <strong>finissons<\/strong> nos devoirs.<\/li>\n      <li>Les enfants <strong>jouent<\/strong> dans le jardin.<\/li>\n    <\/ol>\n  <\/details>\n<\/div>\n<div class=\"cdv-exo\">\n  <span class=\"cdv-exo-tag\">Exercice 3<\/span>\n  <div class=\"cdv-card-txt\">Mettez au pr\u00e9sent :<\/div>\n  <ol>\n    <li>Il (aller) <span class=\"cdv-mono\">__________<\/span> au march\u00e9.<\/li>\n    <li>Je (prendre) <span class=\"cdv-mono\">__________<\/span> mon livre.<\/li>\n    <li>Vous (choisir) <span class=\"cdv-mono\">__________<\/span> la meilleure option.<\/li>\n  <\/ol>\n  <details class=\"cdv-corr\">\n    <summary>Voir les corrig\u00e9s<\/summary>\n    <ol>\n      <li>Il <strong>va<\/strong> au march\u00e9.<\/li>\n      <li>Je <strong>prends<\/strong> mon livre.<\/li>\n      <li>Vous <strong>choisissez<\/strong> la meilleure option.<\/li>\n    <\/ol>\n  <\/details>\n<\/div>\n<p>Ces exercices vous aideront \u00e0 renforcer votre compr\u00e9hension de la <strong>conjugaison<\/strong> des verbes au <strong>pr\u00e9sent<\/strong> en fran\u00e7ais. N&rsquo;h\u00e9sitez pas \u00e0 les r\u00e9p\u00e9ter jusqu&rsquo;\u00e0 ce que vous vous sentiez \u00e0 l&rsquo;aise !<\/p>\n<h2>\u00c9tape 2 \u2014 Ma\u00eetriser le pass\u00e9<\/h2>\n<p>La conjugaison des verbes au <strong>pass\u00e9<\/strong> est essentielle pour exprimer des actions ou des \u00e9v\u00e9nements d\u00e9j\u00e0 produits. En fran\u00e7ais, les deux temps principaux pour parler du pass\u00e9 sont le <strong>pass\u00e9 compos\u00e9<\/strong> et l&rsquo;<strong>imparfait<\/strong>.<\/p>\n<h3>Le pass\u00e9 compos\u00e9<\/h3>\n<p>Le <strong>pass\u00e9 compos\u00e9<\/strong> d\u00e9crit des actions achev\u00e9es ou ponctuelles. Il se forme avec <strong>l&rsquo;auxiliaire avoir<\/strong> ou <strong>\u00eatre<\/strong> au pr\u00e9sent, suivi du participe pass\u00e9 du verbe principal.<\/p>\n<div class=\"cdv-card-txt\">\n  <ul>\n    <li>Avec l&rsquo;auxiliaire <strong>avoir<\/strong> : <span class=\"cdv-mono\">J&rsquo;ai mang\u00e9<\/span> \u00b7 <span class=\"cdv-mono\">Tu as parl\u00e9<\/span><\/li>\n    <li>Avec l&rsquo;auxiliaire <strong>\u00eatre<\/strong> : <span class=\"cdv-mono\">Elle est all\u00e9e<\/span> \u00b7 <span class=\"cdv-mono\">Nous sommes partis<\/span><\/li>\n  <\/ul>\n<\/div>\n<h3>Exemples de pass\u00e9 compos\u00e9<\/h3>\n<div class=\"cdv-card-txt\">\n  <ul>\n    <li>Ils <strong>ont fini<\/strong> leurs devoirs.<\/li>\n    <li>Tu <strong>es arriv\u00e9<\/strong> en retard.<\/li>\n    <li>Nous <strong>avons regard\u00e9<\/strong> un film.<\/li>\n  <\/ul>\n<\/div>\n<h3>L&rsquo;imparfait<\/h3>\n<p>L&rsquo;<strong>imparfait<\/strong> exprime des actions habituelles ou des descriptions dans le pass\u00e9, ou encore des actions en cours. Pour le former : partir de la <strong>1\u00e8re personne du pluriel<\/strong> au pr\u00e9sent de l&rsquo;indicatif, retirer la terminaison <strong>-ons<\/strong> et ajouter <strong>-ais, -ais, -ait, -ions, -iez, -aient<\/strong>.<\/p>\n<h3>Exemples d&rsquo;imparfait<\/h3>\n<div class=\"cdv-card-txt\">\n  <ul>\n    <li>Quand j&rsquo;\u00e9tais jeune, je <strong>jouais<\/strong> au foot.<\/li>\n    <li>Nous <strong>mangions<\/strong> souvent \u00e0 ce restaurant.<\/li>\n    <li>Elle <strong>lisait<\/strong> un livre pendant que je <strong>travaillais<\/strong>.<\/li>\n  <\/ul>\n<\/div>\n<h3>Exercice pratique \u2014 pass\u00e9 compos\u00e9 ou imparfait<\/h3>\n<div class=\"cdv-exo\">\n  <span class=\"cdv-exo-tag\">Exercice<\/span>\n  <div class=\"cdv-card-txt\">Compl\u00e9tez avec le pass\u00e9 compos\u00e9 ou l&rsquo;imparfait, selon le sens de la phrase :<\/div>\n  <ol>\n    <li>Quand j&rsquo;\u00e9tais petit, je <span class=\"cdv-mono\">__________<\/span> (regarder) des dessins anim\u00e9s le dimanche.<\/li>\n    <li>Hier, nous <span class=\"cdv-mono\">__________<\/span> (aller) au parc.<\/li>\n    <li>\u00c0 l&rsquo;\u00e9cole, il <span class=\"cdv-mono\">__________<\/span> (\u00eatre) tr\u00e8s studieux.<\/li>\n    <li>Tout \u00e0 coup, ils <span class=\"cdv-mono\">__________<\/span> (entendre) un bruit \u00e9trange.<\/li>\n  <\/ol>\n  <details class=\"cdv-corr\">\n    <summary>Voir les corrig\u00e9s<\/summary>\n    <ol>\n      <li>je <strong>regardais<\/strong> <span class=\"cdv-card-txt\">\u2014 habitude r\u00e9p\u00e9t\u00e9e \u00ab\u00a0le dimanche\u00a0\u00bb \u2192 imparfait.<\/span><\/li>\n      <li>nous <strong>sommes all\u00e9s<\/strong> <span class=\"cdv-card-txt\">\u2014 action pr\u00e9cise dat\u00e9e \u00ab\u00a0hier\u00a0\u00bb \u2192 pass\u00e9 compos\u00e9.<\/span><\/li>\n      <li>il <strong>\u00e9tait<\/strong> <span class=\"cdv-card-txt\">\u2014 description d&rsquo;un \u00e9tat \u2192 imparfait.<\/span><\/li>\n      <li>ils <strong>ont entendu<\/strong> <span class=\"cdv-card-txt\">\u2014 action soudaine et ponctuelle \u2192 pass\u00e9 compos\u00e9.<\/span><\/li>\n    <\/ol>\n  <\/details>\n<\/div>\n<h2>\u00c9tape 3 \u2014 Ma\u00eetriser le futur simple<\/h2>\n<p>La conjugaison des verbes au <strong>futur<\/strong> exprime des actions qui se d\u00e9rouleront dans un moment ult\u00e9rieur. Pour former le futur simple, il faut conna\u00eetre la structure de base ainsi que les variations selon les groupes de verbes.<\/p>\n<h3>Formation du futur simple<\/h3>\n<p>Pour les verbes r\u00e9guliers, on ajoute des terminaisons \u00e0 l&rsquo;infinitif du verbe :<\/p>\n<div class=\"cdv-card-txt\">\n  <ul>\n    <li><strong>-ai<\/strong> pour \u00ab\u00a0je\u00a0\u00bb<\/li>\n    <li><strong>-as<\/strong> pour \u00ab\u00a0tu\u00a0\u00bb<\/li>\n    <li><strong>-a<\/strong> pour \u00ab\u00a0il\/elle\/on\u00a0\u00bb<\/li>\n    <li><strong>-ons<\/strong> pour \u00ab\u00a0nous\u00a0\u00bb<\/li>\n    <li><strong>-ez<\/strong> pour \u00ab\u00a0vous\u00a0\u00bb<\/li>\n    <li><strong>-ont<\/strong> pour \u00ab\u00a0ils\/elles\u00a0\u00bb<\/li>\n  <\/ul>\n<\/div>\n<div class=\"cdv-conj\">\n  <div class=\"cdv-conj-verb\">Exemple \u2014 parler<\/div>\n  <ul class=\"cdv-conj-list\">\n    <li>je <strong>parlerai<\/strong><\/li><li>tu <strong>parleras<\/strong><\/li><li>il <strong>parlera<\/strong><\/li>\n    <li>nous <strong>parlerons<\/strong><\/li><li>vous <strong>parlerez<\/strong><\/li><li>ils <strong>parleront<\/strong><\/li>\n  <\/ul>\n<\/div>\n<h3>Verbes irr\u00e9guliers<\/h3>\n<p>Certains <strong>verbes irr\u00e9guliers<\/strong> changent de racine au futur :<\/p>\n<div class=\"cdv-card-txt\">\n  <ul>\n    <li><strong>\u00eatre<\/strong> \u2014 je <strong>serai<\/strong><\/li>\n    <li><strong>avoir<\/strong> \u2014 j&rsquo;<strong>aurai<\/strong><\/li>\n    <li><strong>aller<\/strong> \u2014 j&rsquo;<strong>irai<\/strong><\/li>\n    <li><strong>faire<\/strong> \u2014 je <strong>ferai<\/strong><\/li>\n  <\/ul>\n<\/div>\n<h3>Exemples d&rsquo;utilisation<\/h3>\n<div class=\"cdv-card-txt\">\n  <ul>\n    <li>Demain, j&rsquo;<strong>irai<\/strong> au cin\u00e9ma.<\/li>\n    <li>La semaine prochaine, nous <strong>aurons<\/strong> une r\u00e9union.<\/li>\n    <li>Ils <strong>feront<\/strong> un voyage en France l&rsquo;\u00e9t\u00e9 prochain.<\/li>\n  <\/ul>\n<\/div>\n<h3>Exercice pratique \u2014 le futur simple<\/h3>\n<div class=\"cdv-exo\">\n  <span class=\"cdv-exo-tag\">Exercice<\/span>\n  <div class=\"cdv-card-txt\">Compl\u00e9tez avec la forme correcte du futur simple :<\/div>\n  <ol>\n    <li>Demain, tu <span class=\"cdv-mono\">__________<\/span> (manger) au restaurant.<\/li>\n    <li>La semaine prochaine, elle <span class=\"cdv-mono\">__________<\/span> (visiter) ses grands-parents.<\/li>\n    <li>Nous <span class=\"cdv-mono\">__________<\/span> (voir) un spectacle ce soir.<\/li>\n  <\/ol>\n  <details class=\"cdv-corr\">\n    <summary>Voir les corrig\u00e9s<\/summary>\n    <ol>\n      <li>tu <strong>mangeras<\/strong><\/li>\n      <li>elle <strong>visitera<\/strong><\/li>\n      <li>nous <strong>verrons<\/strong><\/li>\n    <\/ol>\n  <\/details>\n<\/div>\n\n<figure class=\"wp-block-embed is-type-video is-provider-youtube wp-block-embed-youtube wp-embed-aspect-16-9 wp-has-aspect-ratio\">\n<div class=\"wp-block-embed__wrapper\">\n<iframe loading=\"lazy\" title=\"Exercices de conjugaison de verbes en fran\u00e7ais, niveau d\u00e9butant - Live 2\" width=\"1200\" height=\"675\" src=\"https:\/\/www.youtube.com\/embed\/vxUiUBuCpJQ?feature=oembed\" frameborder=\"0\" allow=\"accelerometer; autoplay; clipboard-write; encrypted-media; gyroscope; picture-in-picture; web-share\" referrerpolicy=\"strict-origin-when-cross-origin\" allowfullscreen><\/iframe>\n<\/div>\n<\/figure>\n\n<h2>Erreurs fr\u00e9quentes \u00e0 \u00e9viter<\/h2>\n<div class=\"cdv-check\">\n  <div class=\"cdv-check-col cdv-check-ok\">\n    <div class=\"cdv-check-title\">\u00c0 faire<\/div>\n    <ul>\n      <li>Choisir l&rsquo;imparfait pour une habitude ou une description, le pass\u00e9 compos\u00e9 pour une action ponctuelle et dat\u00e9e.<\/li>\n      <li>Apprendre par c\u0153ur les radicals irr\u00e9guliers du futur (serai, aurai, irai, ferai) : ils ne se d\u00e9duisent pas de l&rsquo;infinitif.<\/li>\n      <li>\u00c9crire l&rsquo;\u00e9lision \u00ab\u00a0j'\u00a0\u00bb devant une voyelle (j&rsquo;irai, j&rsquo;aurai), jamais \u00ab\u00a0je irai\u00a0\u00bb.<\/li>\n    <\/ul>\n  <\/div>\n  <div class=\"cdv-check-col cdv-check-ko\">\n    <div class=\"cdv-check-title\">\u00c0 \u00e9viter<\/div>\n    <ul>\n      <li>Construire le futur simple sur le radical du pr\u00e9sent au lieu de l&rsquo;infinitif pour les verbes r\u00e9guliers.<\/li>\n      <li>Confondre pass\u00e9 compos\u00e9 et imparfait sur une m\u00eame phrase sans marqueur temporel (\u00ab\u00a0hier\u00a0\u00bb, \u00ab\u00a0tout \u00e0 coup\u00a0\u00bb \u2192 pass\u00e9 compos\u00e9 ; \u00ab\u00a0souvent\u00a0\u00bb, \u00ab\u00a0quand j&rsquo;\u00e9tais petit\u00a0\u00bb \u2192 imparfait).<\/li>\n      <li>Oublier l&rsquo;accord du participe pass\u00e9 avec \u00ab\u00a0\u00eatre\u00a0\u00bb (elle est all<strong>\u00e9e<\/strong>, nous sommes parti<strong>s<\/strong>).<\/li>\n    <\/ul>\n  <\/div>\n<\/div>\n<div class=\"cdv-retain\">\n  <div class=\"cdv-retain-title\">\u00c0 retenir<\/div>\n  <ul>\n    <li>3 groupes de verbes au pr\u00e9sent : <strong>-er<\/strong> (aimer), <strong>-ir<\/strong> en <strong>-issons<\/strong> (finir), <strong>-re<\/strong> et irr\u00e9guliers (attendre).<\/li>\n    <li>Pass\u00e9 compos\u00e9 = action ponctuelle et dat\u00e9e ; imparfait = habitude ou description.<\/li>\n    <li>Futur simple r\u00e9gulier = infinitif + terminaisons -ai\/-as\/-a\/-ons\/-ez\/-ont ; les irr\u00e9guliers (\u00eatre, avoir, aller, faire\u2026) changent de radical.<\/li>\n    <li>Un corrig\u00e9 se v\u00e9rifie comme un exercice : recopier une r\u00e9ponse sans la relire, c&rsquo;est apprendre une faute.<\/li>\n  <\/ul>\n<\/div>\n<h2>Questions fr\u00e9quentes<\/h2>\n<div class=\"cdv-faq\">\n  <details>\n    <summary>Quelle est la vraie diff\u00e9rence entre pass\u00e9 compos\u00e9 et imparfait ?<\/summary>\n    <div class=\"cdv-faq-a\">Le pass\u00e9 compos\u00e9 d\u00e9crit une action achev\u00e9e et ponctuelle (\u00ab\u00a0hier, nous sommes all\u00e9s au parc\u00a0\u00bb), tandis que l&rsquo;imparfait d\u00e9crit une habitude, un \u00e9tat ou un d\u00e9cor dans le pass\u00e9 (\u00ab\u00a0\u00e0 l&rsquo;\u00e9cole, il \u00e9tait studieux\u00a0\u00bb). Le marqueur temporel de la phrase (hier, tout \u00e0 coup \/ souvent, quand j&rsquo;\u00e9tais&#8230;) aide \u00e0 choisir.<\/div>\n  <\/details>\n  <details>\n    <summary>Comment reconna\u00eetre un verbe du 3e groupe ?<\/summary>\n    <div class=\"cdv-faq-a\">Le 3e groupe regroupe les verbes en <strong>-re<\/strong> (attendre, vendre, prendre) et certains verbes en <strong>-ir<\/strong> irr\u00e9guliers qui ne suivent pas le mod\u00e8le en <strong>-issons<\/strong> du 2e groupe (comme finir).<\/div>\n  <\/details>\n  <details>\n    <summary>Faut-il apprendre les verbes irr\u00e9guliers du futur par c\u0153ur ?<\/summary>\n    <div class=\"cdv-faq-a\">Oui pour les plus fr\u00e9quents : \u00eatre (serai), avoir (aurai), aller (irai), faire (ferai). Leur radical ne se d\u00e9duit pas de l&rsquo;infinitif, contrairement aux verbes r\u00e9guliers o\u00f9 l&rsquo;on ajoute simplement les terminaisons \u00e0 l&rsquo;infinitif.<\/div>\n  <\/details>\n<\/div>\n<p>Apprendre la <strong>conjugaison fran\u00e7aise<\/strong> est essentiel pour ma\u00eetriser la langue et communiquer efficacement. Les <strong>exercices pratiques<\/strong> permettent d&rsquo;assimiler les r\u00e8gles et de les appliquer dans des contextes vari\u00e9s. En s&rsquo;exer\u00e7ant r\u00e9guli\u00e8rement, on d\u00e9veloppe sa confiance et sa fluidit\u00e9 \u2014 pratiquez de mani\u00e8re constante, corrig\u00e9 en main, et chaque petit effort compte dans votre parcours linguistique.<\/p>\n<\/div>\n","protected":false},"excerpt":{"rendered":"","protected":false},"author":34,"featured_media":7617,"comment_status":"open","ping_status":"open","sticky":false,"template":"","format":"standard","meta":{"_acf_changed":false,"manual_indexmenow":false,"indexmenow_id_project":0,"footnotes":""},"categories":[1],"tags":[],"class_list":["post-7343","post","type-post","status-publish","format-standard","has-post-thumbnail","hentry","category-a-la-une","generate-columns","tablet-grid-50","mobile-grid-100","grid-parent","grid-25"],"acf":[],"yoast_head":"<!-- This site is optimized with the Yoast SEO Premium plugin v21.3 (Yoast SEO v25.6) - https:\/\/yoast.com\/wordpress\/plugins\/seo\/ -->\n<title>Apprendre la conjugaison fran\u00e7aise par des exercices<\/title>\n<meta name=\"description\" content=\"Ma\u00eetrisez la conjugaison fran\u00e7aise avec des exercices pratiques et ludiques, adapt\u00e9s \u00e0 tous les niveaux pour progresser en confiance.\" \/>\n<meta name=\"robots\" content=\"index, follow, max-snippet:-1, max-image-preview:large, max-video-preview:-1\" \/>\n<link rel=\"canonical\" href=\"https:\/\/conjugaison-de-verbes.com\/blog\/a-la-une\/apprendre-la-conjugaison-francaise-par-des-exercices-pratiques\/\" \/>\n<meta property=\"og:locale\" content=\"fr_FR\" \/>\n<meta property=\"og:type\" content=\"article\" \/>\n<meta property=\"og:title\" content=\"Apprendre la conjugaison fran\u00e7aise par des exercices\" \/>\n<meta property=\"og:description\" content=\"Ma\u00eetrisez la conjugaison fran\u00e7aise avec des exercices pratiques et ludiques, adapt\u00e9s \u00e0 tous les niveaux pour progresser en confiance.\" \/>\n<meta property=\"og:url\" content=\"https:\/\/conjugaison-de-verbes.com\/blog\/a-la-une\/apprendre-la-conjugaison-francaise-par-des-exercices-pratiques\/\" \/>\n<meta property=\"og:site_name\" content=\"conjugaison-de-verbes\" \/>\n<meta property=\"og:image\" content=\"https:\/\/conjugaison-de-verbes.com\/blog\/wp-content\/uploads\/2025\/02\/sdxl-c9b87d126e42cc7aa8c9272cdbb6ffc2.png\" \/>\n\t<meta property=\"og:image:width\" content=\"1200\" \/>\n\t<meta property=\"og:image:height\" content=\"500\" \/>\n\t<meta property=\"og:image:type\" content=\"image\/png\" \/>\n<meta name=\"author\" content=\"Rapha\u00ebl D.\" \/>\n<meta name=\"twitter:card\" content=\"summary_large_image\" \/>\n<script type=\"application\/ld+json\" class=\"yoast-schema-graph\">{\"@context\":\"https:\/\/schema.org\",\"@graph\":[{\"@type\":\"NewsArticle\",\"@id\":\"https:\/\/conjugaison-de-verbes.com\/blog\/a-la-une\/apprendre-la-conjugaison-francaise-par-des-exercices-pratiques\/#article\",\"isPartOf\":{\"@id\":\"https:\/\/conjugaison-de-verbes.com\/blog\/a-la-une\/apprendre-la-conjugaison-francaise-par-des-exercices-pratiques\/\"},\"author\":{\"name\":\"Rapha\u00ebl D.\",\"@id\":\"https:\/\/conjugaison-de-verbes.com\/blog\/#\/schema\/person\/3c864cdc320801e3db34b663e7e3f816\"},\"headline\":\"Apprendre la conjugaison fran\u00e7aise par des exercices pratiques\",\"datePublished\":\"2026-08-31T18:44:15+00:00\",\"mainEntityOfPage\":{\"@id\":\"https:\/\/conjugaison-de-verbes.com\/blog\/a-la-une\/apprendre-la-conjugaison-francaise-par-des-exercices-pratiques\/\"},\"wordCount\":1667,\"commentCount\":0,\"publisher\":{\"@id\":\"https:\/\/conjugaison-de-verbes.com\/blog\/#organization\"},\"image\":{\"@id\":\"https:\/\/conjugaison-de-verbes.com\/blog\/a-la-une\/apprendre-la-conjugaison-francaise-par-des-exercices-pratiques\/#primaryimage\"},\"thumbnailUrl\":\"https:\/\/conjugaison-de-verbes.com\/blog\/wp-content\/uploads\/2025\/02\/sdxl-c9b87d126e42cc7aa8c9272cdbb6ffc2.png\",\"articleSection\":[\"\u00c0 la une\"],\"inLanguage\":\"fr-FR\",\"potentialAction\":[{\"@type\":\"CommentAction\",\"name\":\"Comment\",\"target\":[\"https:\/\/conjugaison-de-verbes.com\/blog\/a-la-une\/apprendre-la-conjugaison-francaise-par-des-exercices-pratiques\/#respond\"]}]},{\"@type\":\"WebPage\",\"@id\":\"https:\/\/conjugaison-de-verbes.com\/blog\/a-la-une\/apprendre-la-conjugaison-francaise-par-des-exercices-pratiques\/\",\"url\":\"https:\/\/conjugaison-de-verbes.com\/blog\/a-la-une\/apprendre-la-conjugaison-francaise-par-des-exercices-pratiques\/\",\"name\":\"Apprendre la conjugaison fran\u00e7aise par des exercices\",\"isPartOf\":{\"@id\":\"https:\/\/conjugaison-de-verbes.com\/blog\/#website\"},\"primaryImageOfPage\":{\"@id\":\"https:\/\/conjugaison-de-verbes.com\/blog\/a-la-une\/apprendre-la-conjugaison-francaise-par-des-exercices-pratiques\/#primaryimage\"},\"image\":{\"@id\":\"https:\/\/conjugaison-de-verbes.com\/blog\/a-la-une\/apprendre-la-conjugaison-francaise-par-des-exercices-pratiques\/#primaryimage\"},\"thumbnailUrl\":\"https:\/\/conjugaison-de-verbes.com\/blog\/wp-content\/uploads\/2025\/02\/sdxl-c9b87d126e42cc7aa8c9272cdbb6ffc2.png\",\"datePublished\":\"2026-08-31T18:44:15+00:00\",\"description\":\"Ma\u00eetrisez la conjugaison fran\u00e7aise avec des exercices pratiques et ludiques, adapt\u00e9s \u00e0 tous les niveaux pour progresser en confiance.\",\"inLanguage\":\"fr-FR\",\"potentialAction\":[{\"@type\":\"ReadAction\",\"target\":[\"https:\/\/conjugaison-de-verbes.com\/blog\/a-la-une\/apprendre-la-conjugaison-francaise-par-des-exercices-pratiques\/\"]}]},{\"@type\":\"ImageObject\",\"inLanguage\":\"fr-FR\",\"@id\":\"https:\/\/conjugaison-de-verbes.com\/blog\/a-la-une\/apprendre-la-conjugaison-francaise-par-des-exercices-pratiques\/#primaryimage\",\"url\":\"https:\/\/conjugaison-de-verbes.com\/blog\/wp-content\/uploads\/2025\/02\/sdxl-c9b87d126e42cc7aa8c9272cdbb6ffc2.png\",\"contentUrl\":\"https:\/\/conjugaison-de-verbes.com\/blog\/wp-content\/uploads\/2025\/02\/sdxl-c9b87d126e42cc7aa8c9272cdbb6ffc2.png\",\"width\":1536,\"height\":640},{\"@type\":\"WebSite\",\"@id\":\"https:\/\/conjugaison-de-verbes.com\/blog\/#website\",\"url\":\"https:\/\/conjugaison-de-verbes.com\/blog\/\",\"name\":\"conjugaison-de-verbes.com\",\"description\":\"Conjugaison de Verbes, ma\u00eetrisez la langue fran\u00e7aise\",\"publisher\":{\"@id\":\"https:\/\/conjugaison-de-verbes.com\/blog\/#organization\"},\"alternateName\":\"Conjugaison de Verbes, ma\u00eetrisez la langue fran\u00e7aise\",\"potentialAction\":[{\"@type\":\"SearchAction\",\"target\":{\"@type\":\"EntryPoint\",\"urlTemplate\":\"https:\/\/conjugaison-de-verbes.com\/blog\/?s={search_term_string}\"},\"query-input\":{\"@type\":\"PropertyValueSpecification\",\"valueRequired\":true,\"valueName\":\"search_term_string\"}}],\"inLanguage\":\"fr-FR\"},{\"@type\":\"Organization\",\"@id\":\"https:\/\/conjugaison-de-verbes.com\/blog\/#organization\",\"name\":\"Foretsensations.fr\",\"url\":\"https:\/\/conjugaison-de-verbes.com\/blog\/\",\"logo\":{\"@type\":\"ImageObject\",\"inLanguage\":\"fr-FR\",\"@id\":\"https:\/\/conjugaison-de-verbes.com\/blog\/#\/schema\/logo\/image\/\",\"url\":\"https:\/\/conjugaison-de-verbes.com\/blog\/wp-content\/uploads\/2024\/12\/10.png\",\"contentUrl\":\"https:\/\/conjugaison-de-verbes.com\/blog\/wp-content\/uploads\/2024\/12\/10.png\",\"width\":500,\"height\":500,\"caption\":\"Foretsensations.fr\"},\"image\":{\"@id\":\"https:\/\/conjugaison-de-verbes.com\/blog\/#\/schema\/logo\/image\/\"}},{\"@type\":\"Person\",\"@id\":\"https:\/\/conjugaison-de-verbes.com\/blog\/#\/schema\/person\/3c864cdc320801e3db34b663e7e3f816\",\"name\":\"Rapha\u00ebl D.\",\"image\":{\"@type\":\"ImageObject\",\"inLanguage\":\"fr-FR\",\"@id\":\"https:\/\/conjugaison-de-verbes.com\/blog\/#\/schema\/person\/image\/\",\"url\":\"https:\/\/conjugaison-de-verbes.com\/blog\/wp-content\/uploads\/2026\/06\/persona_raphael-d-150x150.jpg\",\"contentUrl\":\"https:\/\/conjugaison-de-verbes.com\/blog\/wp-content\/uploads\/2026\/06\/persona_raphael-d-150x150.jpg\",\"caption\":\"Rapha\u00ebl D.\"},\"description\":\"La culture est mon terrain de jeu depuis une dizaine d'ann\u00e9es : arts visuels, s\u00e9ries, cr\u00e9ation et tout ce qui nourrit l'imaginaire. J'\u00e9cris aussi bien sur l'actualit\u00e9 des \u0153uvres que sur les coulisses de la cr\u00e9ation, avec l'envie de relier l'amateur curieux \u00e0 des univers parfois jug\u00e9s intimidants. J'aime analyser une s\u00e9rie ou une d\u00e9marche artistique sans p\u00e9dantisme, replacer une \u0153uvre dans son contexte et donner des cl\u00e9s de lecture accessibles. Avant de publier, je v\u00e9rifie mes r\u00e9f\u00e9rences, je recoupe les sources et je distingue clairement le fait de mon interpr\u00e9tation subjective. Je crois qu'une critique vaut surtout par les arguments qu'elle expose, pas par la sentence qu'elle rend. Mon angle : transmettre l'envie de d\u00e9couvrir, de regarder autrement et de se forger son propre go\u00fbt. La culture n'appartient pas qu'aux initi\u00e9s, et c'est tout l'enjeu de mon \u00e9criture.\",\"url\":\"https:\/\/conjugaison-de-verbes.com\/blog\/auteur\/raphael-d\/\",\"jobTitle\":\"R\u00e9dacteur en chef \u00b7 Culture & Cr\u00e9ation\",\"knowsAbout\":[\"Culture\",\"Cr\u00e9ation\"],\"email\":\"raphael.d@a-l-asso-de-l-art.fr\"}]}<\/script>\n<!-- \/ Yoast SEO Premium plugin. -->","yoast_head_json":{"title":"Apprendre la conjugaison fran\u00e7aise par des exercices","description":"Ma\u00eetrisez la conjugaison fran\u00e7aise avec des exercices pratiques et ludiques, adapt\u00e9s \u00e0 tous les niveaux pour progresser en confiance.","robots":{"index":"index","follow":"follow","max-snippet":"max-snippet:-1","max-image-preview":"max-image-preview:large","max-video-preview":"max-video-preview:-1"},"canonical":"https:\/\/conjugaison-de-verbes.com\/blog\/a-la-une\/apprendre-la-conjugaison-francaise-par-des-exercices-pratiques\/","og_locale":"fr_FR","og_type":"article","og_title":"Apprendre la conjugaison fran\u00e7aise par des exercices","og_description":"Ma\u00eetrisez la conjugaison fran\u00e7aise avec des exercices pratiques et ludiques, adapt\u00e9s \u00e0 tous les niveaux pour progresser en confiance.","og_url":"https:\/\/conjugaison-de-verbes.com\/blog\/a-la-une\/apprendre-la-conjugaison-francaise-par-des-exercices-pratiques\/","og_site_name":"conjugaison-de-verbes","og_image":[{"url":"https:\/\/conjugaison-de-verbes.com\/blog\/wp-content\/uploads\/2025\/02\/sdxl-c9b87d126e42cc7aa8c9272cdbb6ffc2.png","width":1200,"height":500,"type":"image\/png"}],"author":"Rapha\u00ebl D.","twitter_card":"summary_large_image","schema":{"@context":"https:\/\/schema.org","@graph":[{"@type":"NewsArticle","@id":"https:\/\/conjugaison-de-verbes.com\/blog\/a-la-une\/apprendre-la-conjugaison-francaise-par-des-exercices-pratiques\/#article","isPartOf":{"@id":"https:\/\/conjugaison-de-verbes.com\/blog\/a-la-une\/apprendre-la-conjugaison-francaise-par-des-exercices-pratiques\/"},"author":{"name":"Rapha\u00ebl D.","@id":"https:\/\/conjugaison-de-verbes.com\/blog\/#\/schema\/person\/3c864cdc320801e3db34b663e7e3f816"},"headline":"Apprendre la conjugaison fran\u00e7aise par des exercices pratiques","datePublished":"2026-08-31T18:44:15+00:00","mainEntityOfPage":{"@id":"https:\/\/conjugaison-de-verbes.com\/blog\/a-la-une\/apprendre-la-conjugaison-francaise-par-des-exercices-pratiques\/"},"wordCount":1667,"commentCount":0,"publisher":{"@id":"https:\/\/conjugaison-de-verbes.com\/blog\/#organization"},"image":{"@id":"https:\/\/conjugaison-de-verbes.com\/blog\/a-la-une\/apprendre-la-conjugaison-francaise-par-des-exercices-pratiques\/#primaryimage"},"thumbnailUrl":"https:\/\/conjugaison-de-verbes.com\/blog\/wp-content\/uploads\/2025\/02\/sdxl-c9b87d126e42cc7aa8c9272cdbb6ffc2.png","articleSection":["\u00c0 la une"],"inLanguage":"fr-FR","potentialAction":[{"@type":"CommentAction","name":"Comment","target":["https:\/\/conjugaison-de-verbes.com\/blog\/a-la-une\/apprendre-la-conjugaison-francaise-par-des-exercices-pratiques\/#respond"]}]},{"@type":"WebPage","@id":"https:\/\/conjugaison-de-verbes.com\/blog\/a-la-une\/apprendre-la-conjugaison-francaise-par-des-exercices-pratiques\/","url":"https:\/\/conjugaison-de-verbes.com\/blog\/a-la-une\/apprendre-la-conjugaison-francaise-par-des-exercices-pratiques\/","name":"Apprendre la conjugaison fran\u00e7aise par des exercices","isPartOf":{"@id":"https:\/\/conjugaison-de-verbes.com\/blog\/#website"},"primaryImageOfPage":{"@id":"https:\/\/conjugaison-de-verbes.com\/blog\/a-la-une\/apprendre-la-conjugaison-francaise-par-des-exercices-pratiques\/#primaryimage"},"image":{"@id":"https:\/\/conjugaison-de-verbes.com\/blog\/a-la-une\/apprendre-la-conjugaison-francaise-par-des-exercices-pratiques\/#primaryimage"},"thumbnailUrl":"https:\/\/conjugaison-de-verbes.com\/blog\/wp-content\/uploads\/2025\/02\/sdxl-c9b87d126e42cc7aa8c9272cdbb6ffc2.png","datePublished":"2026-08-31T18:44:15+00:00","description":"Ma\u00eetrisez la conjugaison fran\u00e7aise avec des exercices pratiques et ludiques, adapt\u00e9s \u00e0 tous les niveaux pour progresser en confiance.","inLanguage":"fr-FR","potentialAction":[{"@type":"ReadAction","target":["https:\/\/conjugaison-de-verbes.com\/blog\/a-la-une\/apprendre-la-conjugaison-francaise-par-des-exercices-pratiques\/"]}]},{"@type":"ImageObject","inLanguage":"fr-FR","@id":"https:\/\/conjugaison-de-verbes.com\/blog\/a-la-une\/apprendre-la-conjugaison-francaise-par-des-exercices-pratiques\/#primaryimage","url":"https:\/\/conjugaison-de-verbes.com\/blog\/wp-content\/uploads\/2025\/02\/sdxl-c9b87d126e42cc7aa8c9272cdbb6ffc2.png","contentUrl":"https:\/\/conjugaison-de-verbes.com\/blog\/wp-content\/uploads\/2025\/02\/sdxl-c9b87d126e42cc7aa8c9272cdbb6ffc2.png","width":1536,"height":640},{"@type":"WebSite","@id":"https:\/\/conjugaison-de-verbes.com\/blog\/#website","url":"https:\/\/conjugaison-de-verbes.com\/blog\/","name":"conjugaison-de-verbes.com","description":"Conjugaison de Verbes, ma\u00eetrisez la langue fran\u00e7aise","publisher":{"@id":"https:\/\/conjugaison-de-verbes.com\/blog\/#organization"},"alternateName":"Conjugaison de Verbes, ma\u00eetrisez la langue fran\u00e7aise","potentialAction":[{"@type":"SearchAction","target":{"@type":"EntryPoint","urlTemplate":"https:\/\/conjugaison-de-verbes.com\/blog\/?s={search_term_string}"},"query-input":{"@type":"PropertyValueSpecification","valueRequired":true,"valueName":"search_term_string"}}],"inLanguage":"fr-FR"},{"@type":"Organization","@id":"https:\/\/conjugaison-de-verbes.com\/blog\/#organization","name":"Foretsensations.fr","url":"https:\/\/conjugaison-de-verbes.com\/blog\/","logo":{"@type":"ImageObject","inLanguage":"fr-FR","@id":"https:\/\/conjugaison-de-verbes.com\/blog\/#\/schema\/logo\/image\/","url":"https:\/\/conjugaison-de-verbes.com\/blog\/wp-content\/uploads\/2024\/12\/10.png","contentUrl":"https:\/\/conjugaison-de-verbes.com\/blog\/wp-content\/uploads\/2024\/12\/10.png","width":500,"height":500,"caption":"Foretsensations.fr"},"image":{"@id":"https:\/\/conjugaison-de-verbes.com\/blog\/#\/schema\/logo\/image\/"}},{"@type":"Person","@id":"https:\/\/conjugaison-de-verbes.com\/blog\/#\/schema\/person\/3c864cdc320801e3db34b663e7e3f816","name":"Rapha\u00ebl D.","image":{"@type":"ImageObject","inLanguage":"fr-FR","@id":"https:\/\/conjugaison-de-verbes.com\/blog\/#\/schema\/person\/image\/","url":"https:\/\/conjugaison-de-verbes.com\/blog\/wp-content\/uploads\/2026\/06\/persona_raphael-d-150x150.jpg","contentUrl":"https:\/\/conjugaison-de-verbes.com\/blog\/wp-content\/uploads\/2026\/06\/persona_raphael-d-150x150.jpg","caption":"Rapha\u00ebl D."},"description":"La culture est mon terrain de jeu depuis une dizaine d'ann\u00e9es : arts visuels, s\u00e9ries, cr\u00e9ation et tout ce qui nourrit l'imaginaire. J'\u00e9cris aussi bien sur l'actualit\u00e9 des \u0153uvres que sur les coulisses de la cr\u00e9ation, avec l'envie de relier l'amateur curieux \u00e0 des univers parfois jug\u00e9s intimidants. J'aime analyser une s\u00e9rie ou une d\u00e9marche artistique sans p\u00e9dantisme, replacer une \u0153uvre dans son contexte et donner des cl\u00e9s de lecture accessibles. Avant de publier, je v\u00e9rifie mes r\u00e9f\u00e9rences, je recoupe les sources et je distingue clairement le fait de mon interpr\u00e9tation subjective. Je crois qu'une critique vaut surtout par les arguments qu'elle expose, pas par la sentence qu'elle rend. Mon angle : transmettre l'envie de d\u00e9couvrir, de regarder autrement et de se forger son propre go\u00fbt. La culture n'appartient pas qu'aux initi\u00e9s, et c'est tout l'enjeu de mon \u00e9criture.","url":"https:\/\/conjugaison-de-verbes.com\/blog\/auteur\/raphael-d\/","jobTitle":"R\u00e9dacteur en chef \u00b7 Culture & Cr\u00e9ation","knowsAbout":["Culture","Cr\u00e9ation"],"email":"raphael.d@a-l-asso-de-l-art.fr"}]}},"_links":{"self":[{"href":"https:\/\/conjugaison-de-verbes.com\/blog\/wp-json\/wp\/v2\/posts\/7343","targetHints":{"allow":["GET"]}}],"collection":[{"href":"https:\/\/conjugaison-de-verbes.com\/blog\/wp-json\/wp\/v2\/posts"}],"about":[{"href":"https:\/\/conjugaison-de-verbes.com\/blog\/wp-json\/wp\/v2\/types\/post"}],"author":[{"embeddable":true,"href":"https:\/\/conjugaison-de-verbes.com\/blog\/wp-json\/wp\/v2\/users\/34"}],"replies":[{"embeddable":true,"href":"https:\/\/conjugaison-de-verbes.com\/blog\/wp-json\/wp\/v2\/comments?post=7343"}],"version-history":[{"count":1,"href":"https:\/\/conjugaison-de-verbes.com\/blog\/wp-json\/wp\/v2\/posts\/7343\/revisions"}],"predecessor-version":[{"id":8103,"href":"https:\/\/conjugaison-de-verbes.com\/blog\/wp-json\/wp\/v2\/posts\/7343\/revisions\/8103"}],"wp:featuredmedia":[{"embeddable":true,"href":"https:\/\/conjugaison-de-verbes.com\/blog\/wp-json\/wp\/v2\/media\/7617"}],"wp:attachment":[{"href":"https:\/\/conjugaison-de-verbes.com\/blog\/wp-json\/wp\/v2\/media?parent=7343"}],"wp:term":[{"taxonomy":"category","embeddable":true,"href":"https:\/\/conjugaison-de-verbes.com\/blog\/wp-json\/wp\/v2\/categories?post=7343"},{"taxonomy":"post_tag","embeddable":true,"href":"https:\/\/conjugaison-de-verbes.com\/blog\/wp-json\/wp\/v2\/tags?post=7343"}],"curies":[{"name":"wp","href":"https:\/\/api.w.org\/{rel}","templated":true}]}}