{"id":7341,"date":"2026-08-31T16:23:40","date_gmt":"2026-08-31T14:23:40","guid":{"rendered":"https:\/\/conjugaison-de-verbes.com\/blog\/a-la-une\/conjugaison-francaise-astuces-pour-ne-pas-se-tromper\/"},"modified":"2026-08-31T16:23:40","modified_gmt":"2026-08-31T14:23:40","slug":"conjugaison-francaise-astuces-pour-ne-pas-se-tromper","status":"publish","type":"post","link":"https:\/\/conjugaison-de-verbes.com\/blog\/a-la-une\/conjugaison-francaise-astuces-pour-ne-pas-se-tromper\/","title":{"rendered":"Conjugaison fran\u00e7aise : astuces pour ne pas se tromper"},"content":{"rendered":"<link rel=\"preconnect\" href=\"https:\/\/fonts.googleapis.com\">\n<link rel=\"preconnect\" href=\"https:\/\/fonts.gstatic.com\" crossorigin>\n<link href=\"https:\/\/fonts.googleapis.com\/css2?family=Space+Grotesk:wght@600;700&#038;family=Inter:wght@400;500;600&#038;family=JetBrains+Mono:wght@500&#038;display=swap\" rel=\"stylesheet\">\n<style>\n.cdv-ib-wrap{font-family:'Inter',-apple-system,BlinkMacSystemFont,sans-serif;color:#232733;line-height:1.68;font-size:17px;}\n.cdv-ib-wrap h2{font-family:'Space Grotesk','Inter',-apple-system,sans-serif;font-weight:700;letter-spacing:-0.01em;font-size:clamp(23px,3vw,30px);color:#171a24;margin:48px 0 16px;}\n.cdv-ib-wrap h3{font-family:'Space Grotesk','Inter',-apple-system,sans-serif;font-weight:600;font-size:18px;color:#1c2030;margin:22px 0 8px;}\n.cdv-ib-wrap p{margin:0 0 16px;}\n.cdv-ib-vf{font-family:'JetBrains Mono',Consolas,monospace;font-weight:500;font-size:0.92em;background:#eef1fb;color:#26418f;padding:1px 6px;border-radius:4px;white-space:nowrap;}\n.cdv-ib-brief{background:linear-gradient(135deg,#eef2fc,#f7f9fe);border-left:5px solid #2a4fae;border-radius:0 12px 12px 0;padding:24px 26px 22px;margin:26px 0 34px;box-shadow:0 1px 2px rgba(16,24,40,.05),0 12px 28px -18px rgba(16,24,40,.22);}\n.cdv-ib-brief .cdv-ib-kicker{font-family:'Space Grotesk',sans-serif;font-size:11px;font-weight:700;text-transform:uppercase;letter-spacing:2px;color:#2a4fae;margin-bottom:10px;display:block;}\n.cdv-ib-brief .cdv-ib-lead{font-size:18.5px;line-height:1.55;color:#1c2030;font-weight:500;margin-bottom:16px;}\n.cdv-ib-brief ul{margin:0;padding:0;list-style:none;display:grid;gap:9px;}\n.cdv-ib-brief li{display:flex;gap:10px;align-items:flex-start;font-size:14.5px;color:#2e3242;}\n.cdv-ib-brief li::before{content:\"\u2192\";color:#2a4fae;font-weight:700;flex:0 0 auto;}\n.cdv-ib-grid{display:grid;grid-template-columns:repeat(auto-fit,minmax(230px,1fr));gap:16px;margin:22px 0 30px;}\n.cdv-ib-card{background:#fff;border:1px solid #e6e9f2;border-top:3px solid #2a4fae;border-radius:9px;padding:19px 20px 18px;transition:.25s ease;}\n.cdv-ib-card:hover{transform:translateY(-3px);box-shadow:0 10px 22px -14px rgba(42,79,174,.35);border-color:#c9d3ef;}\n.cdv-ib-card .cdv-ib-num{display:inline-flex;width:30px;height:30px;border-radius:50%;background:#eef1fb;color:#2a4fae;align-items:center;justify-content:center;font-family:'JetBrains Mono',monospace;font-weight:700;font-size:13px;margin-bottom:10px;}\n.cdv-ib-card h3{margin:0 0 6px;}\n.cdv-ib-card .cdv-ib-txt{font-size:14px;color:#4a4f5e;line-height:1.55;}\n.cdv-ib-duo{display:grid;grid-template-columns:repeat(auto-fit,minmax(250px,1fr));gap:16px;margin:20px 0 30px;}\n.cdv-ib-duo>div{border-radius:9px;padding:19px 21px;border:1px solid #e6e9f2;}\n.cdv-ib-duo .no{background:#fdf1f1;border-color:#f0d3d3;}\n.cdv-ib-duo .yes{background:#f0f6ef;border-color:#cfe3cc;}\n.cdv-ib-duo .cdv-ib-duo-h{font-family:'Space Grotesk',sans-serif;font-weight:700;font-size:13px;text-transform:uppercase;letter-spacing:1.3px;margin-bottom:10px;display:flex;align-items:center;gap:8px;}\n.no .cdv-ib-duo-h{color:#a13a3a;}\n.yes .cdv-ib-duo-h{color:#2f6b2a;}\n.cdv-ib-duo .cdv-ib-vf{background:#fff;}\n.cdv-ib-note{background:#fff9ec;border-left:4px solid #c99a1f;border-radius:0 8px 8px 0;padding:14px 18px;margin:18px 0;}\n.cdv-ib-note .lbl{font-family:'Space Grotesk',sans-serif;display:inline-block;color:#7a5b0e;font-size:11.5px;font-weight:700;text-transform:uppercase;letter-spacing:1.4px;margin-right:8px;}\n.cdv-ib-note .txt{font-size:14.5px;color:#3a3a3a;}\n.cdv-ib-retain{background:#171a24;border-radius:12px;padding:26px 26px 24px;margin:34px 0;color:#eef1fb;}\n.cdv-ib-retain .cdv-ib-kicker{font-family:'Space Grotesk',sans-serif;font-size:11px;font-weight:700;text-transform:uppercase;letter-spacing:2px;color:#8fa4e0;margin-bottom:16px;display:block;}\n.cdv-ib-retain ol{margin:0;padding:0;list-style:none;display:grid;gap:11px;}\n.cdv-ib-retain li{display:flex;gap:12px;align-items:flex-start;font-size:14.5px;color:#eef1fb!important;line-height:1.55;}\n.cdv-ib-retain li strong,.cdv-ib-retain li span,.cdv-ib-retain li b{color:#eef1fb!important;}\n.cdv-ib-retain .cdv-ib-rnum{flex:0 0 25px;width:25px;height:25px;border-radius:50%;background:#2a4fae;color:#fff!important;display:inline-flex;align-items:center;justify-content:center;font-family:'JetBrains Mono',monospace;font-size:12px;font-weight:700;}\n.cdv-ib-faq{margin:34px 0 10px;}\n.cdv-ib-faq h2{margin-top:0;}\n.cdv-ib-faq details{border-bottom:1px solid #e2e5ef;padding:0;}\n.cdv-ib-faq summary{cursor:pointer;padding:16px 2px;font-family:'Space Grotesk',sans-serif;font-size:16px;font-weight:600;color:#171a24;list-style:none;display:flex;justify-content:space-between;align-items:center;gap:14px;}\n.cdv-ib-faq summary::-webkit-details-marker{display:none;}\n.cdv-ib-faq summary::after{content:\"+\";font-size:22px;font-weight:400;color:#2a4fae;line-height:1;flex:0 0 auto;transition:.25s ease;}\n.cdv-ib-faq details[open] summary::after{content:\"\u2013\";}\n.cdv-ib-faq .cdv-ib-a{padding:0 2px 16px;font-size:15px;line-height:1.65;color:#454a58;}\n@media(max-width:640px){.cdv-ib-grid,.cdv-ib-duo{grid-template-columns:1fr;}}\n<\/style>\n<div class=\"cdv-ib-wrap\">\n<p>La <strong>conjugaison fran\u00e7aise<\/strong> d\u00e9courage vite : trop de temps, trop d&rsquo;exceptions apparentes, trop d&rsquo;occasions de douter. Pourtant, la plupart des fautes viennent d&rsquo;un tout petit nombre de r\u00e9flexes mal pos\u00e9s \u2014 pas d&rsquo;un manque de m\u00e9moire. Voici les rep\u00e8res qui servent vraiment, \u00e0 l&rsquo;\u00e9crit comme \u00e0 l&rsquo;oral, pour ne plus se tromper au moment d&rsquo;\u00e9crire un verbe.<\/p>\n<aside class=\"cdv-ib-brief\">\n<span class=\"cdv-ib-kicker\">En bref<\/span><\/p>\n<div class=\"cdv-ib-lead\">La quasi-totalit\u00e9 des fautes de conjugaison se r\u00e8gle en r\u00e9pondant \u00e0 une seule question : <strong>qui fait l&rsquo;action, et quand ?<\/strong> Trouver le vrai sujet du verbe \u2014 m\u00eame s&rsquo;il est loin ou plac\u00e9 apr\u00e8s \u2014 fixe la terminaison. Situer le moment de l&rsquo;action fixe le temps. Le reste (participe pass\u00e9, formes qui se ressemblent \u00e0 l&rsquo;oral) d\u00e9coule de cette base.<\/div>\n<ul>\n<li>Le sujet r\u00e9el du verbe compte plus que le mot juste devant lui.<\/li>\n<li>Une terminaison qu&rsquo;on n&rsquo;entend pas peut se v\u00e9rifier en substituant un autre verbe.<\/li>\n<li>Le participe pass\u00e9 s&rsquo;accorde selon une logique, pas selon une liste \u00e0 apprendre par c\u0153ur.<\/li>\n<li>\u00c9crire, relire \u00e0 voix haute et v\u00e9rifier ce dont on doute fait plus progresser qu&rsquo;\u00e9viter les formes difficiles.<\/li>\n<\/ul>\n<\/aside>\n<h2>La question qui r\u00e8gle la moiti\u00e9 des fautes<\/h2>\n<p>Avant de choisir la terminaison d&rsquo;un verbe, une seule question compte : <strong>qui fait l&rsquo;action ?<\/strong> Le probl\u00e8me n&rsquo;est presque jamais la conjugaison elle-m\u00eame, mais le fait de mal identifier le sujet. Deux pi\u00e8ges reviennent sans cesse.<\/p>\n<div class=\"cdv-ib-grid\">\n<div class=\"cdv-ib-card\">\n<span class=\"cdv-ib-num\">1<\/span><\/p>\n<h3>Le sujet \u00e9loign\u00e9<\/h3>\n<div class=\"cdv-ib-txt\">Un ou plusieurs mots s&rsquo;intercalent entre le sujet et le verbe, et l&rsquo;oreille accorde avec le mot le plus proche au lieu du vrai sujet. Ex. : \u00ab La liste des invit\u00e9s, dress\u00e9e \u00e0 la h\u00e2te, <span class=\"cdv-ib-vf\">comportait<\/span> des erreurs. \u00bb Le sujet est \u00ab la liste \u00bb (singulier), pas \u00ab invit\u00e9s \u00bb : le verbe reste au singulier m\u00eame si un pluriel tra\u00eene juste avant.<\/div>\n<\/div>\n<div class=\"cdv-ib-card\">\n<span class=\"cdv-ib-num\">2<\/span><\/p>\n<h3>Le sujet invers\u00e9<\/h3>\n<div class=\"cdv-ib-txt\">Dans une question ou une incise, le sujet passe apr\u00e8s le verbe, mais l&rsquo;accord ne change pas de logique. Ex. : \u00ab O\u00f9 <span class=\"cdv-ib-vf\">vont<\/span>-ils ? \u00bb, \u00ab Peut-\u00eatre <span class=\"cdv-ib-vf\">viendra<\/span>-t-il. \u00bb Le sujet reste \u00ab ils \u00bb ou \u00ab il \u00bb : c&rsquo;est lui qui commande la terminaison, m\u00eame plac\u00e9 apr\u00e8s.<\/div>\n<\/div>\n<\/div>\n<p>Le r\u00e9flexe utile : isoler mentalement le verbe et se demander \u00ab qui, exactement, fait cette action ? \u00bb, en ignorant tout ce qui s&rsquo;intercale. C&rsquo;est le rep\u00e8re le plus rentable de cet article, parce qu&rsquo;il s&rsquo;applique \u00e0 toutes les phrases, tous les temps confondus.<\/p>\n<h2>Le pi\u00e8ge de l&rsquo;oreille<\/h2>\n<p>Beaucoup de formes verbales se prononcent de la m\u00eame fa\u00e7on mais s&rsquo;\u00e9crivent diff\u00e9remment. C&rsquo;est particuli\u00e8rement vrai pour les verbes en <span class=\"cdv-ib-vf\">-er<\/span> : l&rsquo;infinitif, le participe pass\u00e9 et parfois d&rsquo;autres formes peuvent sonner presque pareil \u00e0 l&rsquo;oral, alors que l&rsquo;orthographe, elle, change.<\/p>\n<div class=\"cdv-ib-note\">\n<span class=\"lbl\">Astuce<\/span><br \/>\n<span class=\"txt\">Le test de substitution : remplacer mentalement le verbe en <span class=\"cdv-ib-vf\">-er<\/span> par un verbe d&rsquo;un autre groupe, dont les formes se prononcent diff\u00e9remment (par exemple \u00ab vendre \u00bb ou \u00ab prendre \u00bb), pour entendre laquelle correspond \u00e0 la phrase.<\/span>\n<\/div>\n<p>Concr\u00e8tement : dans \u00ab il a mang<em>\u00e9<\/em> \u00bb ou \u00ab il faut mang<em>er<\/em> \u00bb, on h\u00e9site parfois entre les deux. En rempla\u00e7ant \u00ab manger \u00bb par \u00ab vendre \u00bb : \u00ab il a <span class=\"cdv-ib-vf\">vendu<\/span> \u00bb (participe pass\u00e9) contre \u00ab il faut <span class=\"cdv-ib-vf\">vendre<\/span> \u00bb (infinitif) \u2014 les deux formes se distinguent nettement \u00e0 l&rsquo;oreille avec ce verbe t\u00e9moin. Si la phrase demande \u00ab vendu \u00bb, c&rsquo;est un participe pass\u00e9 ; si elle demande \u00ab vendre \u00bb, c&rsquo;est un infinitif. Cette astuce fonctionne aussi pour rep\u00e9rer un imparfait (\u00ab il vendait \u00bb) quand la phrase h\u00e9site entre \u00ab -ait \u00bb et \u00ab -\u00e9 \u00bb.<\/p>\n<h2>L&rsquo;accord du participe pass\u00e9<\/h2>\n<p>C&rsquo;est le point qui inqui\u00e8te le plus, alors que la logique tient en deux rep\u00e8res. Tout d\u00e9pend de l&rsquo;auxiliaire employ\u00e9.<\/p>\n<div class=\"cdv-ib-duo\">\n<div class=\"no\">\n<div class=\"cdv-ib-duo-h\">Avec \u00ab \u00eatre \u00bb<\/div>\n<div class=\"cdv-ib-txt\">Le participe pass\u00e9 s&rsquo;accorde avec le sujet, en genre et en nombre. \u00ab Elle est <span class=\"cdv-ib-vf\">partie<\/span>. \u00bb \u00ab Ils sont <span class=\"cdv-ib-vf\">venus<\/span>. \u00bb \u00ab Nous sommes <span class=\"cdv-ib-vf\">arriv\u00e9es<\/span>. \u00bb<\/div>\n<\/div>\n<div class=\"yes\">\n<div class=\"cdv-ib-duo-h\">Avec \u00ab avoir \u00bb<\/div>\n<div class=\"cdv-ib-txt\">Le participe ne s&rsquo;accorde pas avec le sujet. Il s&rsquo;accorde seulement si le compl\u00e9ment d&rsquo;objet direct est plac\u00e9 <em>avant<\/em> le verbe. \u00ab Il a \u00e9crit des lettres \u00bb (compl\u00e9ment apr\u00e8s : pas d&rsquo;accord) mais \u00ab Les lettres qu&rsquo;il a <span class=\"cdv-ib-vf\">\u00e9crites<\/span> \u00bb (compl\u00e9ment avant, via \u00ab que \u00bb : accord).<\/div>\n<\/div>\n<\/div>\n<p>Le r\u00e9flexe : avec \u00ab avoir \u00bb, se demander \u00ab quoi ? \u00bb apr\u00e8s le verbe. Si la r\u00e9ponse a d\u00e9j\u00e0 \u00e9t\u00e9 donn\u00e9e plus t\u00f4t dans la phrase (un pronom comme \u00ab que \u00bb, \u00ab la \u00bb, \u00ab les \u00bb), le participe s&rsquo;accorde avec elle. Si la r\u00e9ponse vient apr\u00e8s le verbe, pas d&rsquo;accord. Ce n&rsquo;est pas une liste d&rsquo;exceptions \u00e0 m\u00e9moriser, c&rsquo;est une seule v\u00e9rification \u00e0 faire \u00e0 chaque fois.<\/p>\n<h2>Ce qui bloque le plus les adultes<\/h2>\n<p>Les temps compos\u00e9s et certains modes intimident souvent plus qu&rsquo;ils ne devraient, simplement parce qu&rsquo;on ne les nomme pas au quotidien. Or, \u00e0 l&rsquo;oral, ces formes sont d\u00e9j\u00e0 ma\u00eetris\u00e9es bien avant qu&rsquo;on sache comment elles s&rsquo;appellent.<\/p>\n<p>\u00ab Il faut que tu <span class=\"cdv-ib-vf\">viennes<\/span> \u00bb, \u00ab quand tu <span class=\"cdv-ib-vf\">seras arriv\u00e9<\/span> \u00bb, \u00ab j&rsquo;aurais <span class=\"cdv-ib-vf\">aim\u00e9<\/span> venir \u00bb : ce sont des formes employ\u00e9es naturellement dans une conversation, sans r\u00e9fl\u00e9chir \u00e0 leur nom grammatical. Le blocage appara\u00eet surtout \u00e0 l&rsquo;\u00e9crit, quand il faut s&rsquo;arr\u00eater et se demander \u00ab comment \u00e7a s&rsquo;\u00e9crit \u00bb, alors qu&rsquo;\u00e0 l&rsquo;oral la forme sortait d\u00e9j\u00e0 correctement. Se rassurer l\u00e0-dessus aide : la difficult\u00e9 est souvent une question d&rsquo;orthographe, pas de ma\u00eetrise r\u00e9elle de la langue.<\/p>\n<h2>Comment progresser vraiment<\/h2>\n<p>La conjugaison s&rsquo;am\u00e9liore par la pratique r\u00e9p\u00e9t\u00e9e, pas par l&rsquo;\u00e9vitement des formes qui font douter.<\/p>\n<div class=\"cdv-ib-grid\">\n<div class=\"cdv-ib-card\">\n<span class=\"cdv-ib-num\">1<\/span><\/p>\n<h3>\u00c9crire r\u00e9guli\u00e8rement<\/h3>\n<div class=\"cdv-ib-txt\">Produire du texte, m\u00eame court, oblige \u00e0 trancher sur chaque verbe. C&rsquo;est cette confrontation r\u00e9p\u00e9t\u00e9e qui ancre les bons r\u00e9flexes, plus que la lecture passive de r\u00e8gles.<\/div>\n<\/div>\n<div class=\"cdv-ib-card\">\n<span class=\"cdv-ib-num\">2<\/span><\/p>\n<h3>Relire \u00e0 voix haute<\/h3>\n<div class=\"cdv-ib-txt\">Beaucoup d&rsquo;erreurs d&rsquo;accord ou de temps \u00ab sonnent faux \u00bb une fois lues \u00e0 haute voix, m\u00eame quand elles passent inaper\u00e7ues \u00e0 la lecture silencieuse.<\/div>\n<\/div>\n<div class=\"cdv-ib-card\">\n<span class=\"cdv-ib-num\">3<\/span><\/p>\n<h3>V\u00e9rifier, pas \u00e9viter<\/h3>\n<div class=\"cdv-ib-txt\">Face \u00e0 une forme incertaine, mieux vaut la v\u00e9rifier que la contourner en reformulant la phrase. \u00c9viter une difficult\u00e9 ne la fait jamais dispara\u00eetre.<\/div>\n<\/div>\n<div class=\"cdv-ib-card\">\n<span class=\"cdv-ib-num\">4<\/span><\/p>\n<h3>Un conjugueur pour v\u00e9rifier<\/h3>\n<div class=\"cdv-ib-txt\">Un conjugueur en ligne sert \u00e0 confirmer une forme dont on doute, pas \u00e0 la recopier sans comprendre pourquoi elle s&rsquo;\u00e9crit ainsi. La logique retenue compte plus que la forme isol\u00e9e.<\/div>\n<\/div>\n<\/div>\n<aside class=\"cdv-ib-retain\">\n<span class=\"cdv-ib-kicker\">\u00c0 retenir<\/span><\/p>\n<ol>\n<li><span class=\"cdv-ib-rnum\">1<\/span><span>Identifier le vrai sujet du verbe \u2014 m\u00eame \u00e9loign\u00e9 ou invers\u00e9 \u2014 r\u00e8gle la majorit\u00e9 des fautes d&rsquo;accord.<\/span><\/li>\n<li><span class=\"cdv-ib-rnum\">2<\/span><span>Une terminaison qu&rsquo;on n&rsquo;entend pas se v\u00e9rifie en substituant un verbe d&rsquo;un autre groupe.<\/span><\/li>\n<li><span class=\"cdv-ib-rnum\">3<\/span><span>Le participe pass\u00e9 suit une logique li\u00e9e \u00e0 l&rsquo;auxiliaire et \u00e0 la position du compl\u00e9ment, pas une liste \u00e0 apprendre.<\/span><\/li>\n<li><span class=\"cdv-ib-rnum\">4<\/span><span>Les temps compos\u00e9s et certains modes sont d\u00e9j\u00e0 ma\u00eetris\u00e9s \u00e0 l&rsquo;oral avant d&rsquo;\u00eatre nomm\u00e9s : la difficult\u00e9 est surtout orthographique.<\/span><\/li>\n<li><span class=\"cdv-ib-rnum\">5<\/span><span>\u00c9crire, relire \u00e0 voix haute et v\u00e9rifier les formes incertaines fait plus progresser que les \u00e9viter.<\/span><\/li>\n<\/ol>\n<\/aside>\n<div class=\"cdv-ib-faq\">\n<h2>Questions fr\u00e9quentes<\/h2>\n<details>\n<summary><span>Comment accorder un verbe quand le sujet est loin dans la phrase ?<\/span><\/summary>\n<div class=\"cdv-ib-a\">En ignorant les mots intercal\u00e9s (compl\u00e9ments, propositions ins\u00e9r\u00e9es) pour ne garder que le noyau du sujet. C&rsquo;est ce noyau, seul, qui commande la terminaison du verbe.<\/div>\n<\/details>\n<details>\n<summary><span>Le participe pass\u00e9 s&rsquo;accorde-t-il toujours avec l&rsquo;auxiliaire \u00ab \u00eatre \u00bb ?<\/span><\/summary>\n<div class=\"cdv-ib-a\">Dans les constructions les plus courantes, oui : le participe s&rsquo;accorde avec le sujet en genre et en nombre. Certains verbes pronominaux suivent une logique un peu diff\u00e9rente, \u00e0 v\u00e9rifier au cas par cas si un doute subsiste.<\/div>\n<\/details>\n<details>\n<summary><span>Faut-il conna\u00eetre le nom des temps et des modes pour bien conjuguer ?<\/span><\/summary>\n<div class=\"cdv-ib-a\">Non. On emploie correctement la plupart des temps compos\u00e9s et des modes \u00e0 l&rsquo;oral bien avant de savoir les nommer. Les rep\u00e8res d&rsquo;accord et de logique comptent plus que la nomenclature grammaticale.<\/div>\n<\/details>\n<details>\n<summary><span>Le test de substitution fonctionne-t-il pour tous les verbes ?<\/span><\/summary>\n<div class=\"cdv-ib-a\">Il est surtout utile pour les verbes du premier groupe (terminaison en -er), dont certaines formes se ressemblent \u00e0 l&rsquo;oral. Il est moins n\u00e9cessaire pour les verbes dont les terminaisons sont d\u00e9j\u00e0 nettement diff\u00e9rentes \u00e0 l&rsquo;oreille.<\/div>\n<\/details>\n<details>\n<summary><span>Un conjugueur suffit-il pour \u00eatre s\u00fbr de sa conjugaison ?<\/span><\/summary>\n<div class=\"cdv-ib-a\">Il permet de confirmer une forme dont on doute, ce qui est d\u00e9j\u00e0 utile. Mais il vaut mieux s&rsquo;en servir pour v\u00e9rifier apr\u00e8s avoir raisonn\u00e9 (sujet, auxiliaire, position du compl\u00e9ment) que pour recopier une forme sans comprendre pourquoi elle s&rsquo;\u00e9crit ainsi.<\/div>\n<\/details>\n<\/div>\n<\/div>\n","protected":false},"excerpt":{"rendered":"","protected":false},"author":34,"featured_media":7619,"comment_status":"open","ping_status":"open","sticky":false,"template":"","format":"standard","meta":{"_acf_changed":false,"manual_indexmenow":false,"indexmenow_id_project":0,"footnotes":""},"categories":[1],"tags":[],"class_list":["post-7341","post","type-post","status-publish","format-standard","has-post-thumbnail","hentry","category-a-la-une","generate-columns","tablet-grid-50","mobile-grid-100","grid-parent","grid-25"],"acf":[],"yoast_head":"<!-- This site is optimized with the Yoast SEO Premium plugin v21.3 (Yoast SEO v25.6) - https:\/\/yoast.com\/wordpress\/plugins\/seo\/ -->\n<title>Conjugaison fran\u00e7aise : astuces pour ne pas se tromper<\/title>\n<meta name=\"description\" content=\"Rep\u00e9rer le sujet du verbe, tester la substitution, comprendre l&#039;accord du participe pass\u00e9 : les rep\u00e8res qui \u00e9vitent vraiment les fautes de conjugaison.\" \/>\n<meta name=\"robots\" content=\"index, follow, max-snippet:-1, max-image-preview:large, max-video-preview:-1\" \/>\n<link rel=\"canonical\" href=\"https:\/\/conjugaison-de-verbes.com\/blog\/a-la-une\/conjugaison-francaise-astuces-pour-ne-pas-se-tromper\/\" \/>\n<meta property=\"og:locale\" content=\"fr_FR\" \/>\n<meta property=\"og:type\" content=\"article\" \/>\n<meta property=\"og:title\" content=\"Conjugaison fran\u00e7aise : astuces pour ne pas se tromper\" \/>\n<meta property=\"og:description\" content=\"Rep\u00e9rer le sujet du verbe, tester la substitution, comprendre l&#039;accord du participe pass\u00e9 : les rep\u00e8res qui \u00e9vitent vraiment les fautes de conjugaison.\" \/>\n<meta property=\"og:url\" content=\"https:\/\/conjugaison-de-verbes.com\/blog\/a-la-une\/conjugaison-francaise-astuces-pour-ne-pas-se-tromper\/\" \/>\n<meta property=\"og:site_name\" content=\"conjugaison-de-verbes\" \/>\n<meta property=\"og:image\" content=\"https:\/\/conjugaison-de-verbes.com\/blog\/wp-content\/uploads\/2025\/02\/sdxl-ccafb81b4ceee80cbba7fa6a8a309769.png\" \/>\n\t<meta property=\"og:image:width\" content=\"1200\" \/>\n\t<meta property=\"og:image:height\" content=\"500\" \/>\n\t<meta property=\"og:image:type\" content=\"image\/png\" \/>\n<meta name=\"author\" content=\"Rapha\u00ebl D.\" \/>\n<meta name=\"twitter:card\" content=\"summary_large_image\" \/>\n<script type=\"application\/ld+json\" class=\"yoast-schema-graph\">{\"@context\":\"https:\/\/schema.org\",\"@graph\":[{\"@type\":\"NewsArticle\",\"@id\":\"https:\/\/conjugaison-de-verbes.com\/blog\/a-la-une\/conjugaison-francaise-astuces-pour-ne-pas-se-tromper\/#article\",\"isPartOf\":{\"@id\":\"https:\/\/conjugaison-de-verbes.com\/blog\/a-la-une\/conjugaison-francaise-astuces-pour-ne-pas-se-tromper\/\"},\"author\":{\"name\":\"Rapha\u00ebl D.\",\"@id\":\"https:\/\/conjugaison-de-verbes.com\/blog\/#\/schema\/person\/3c864cdc320801e3db34b663e7e3f816\"},\"headline\":\"Conjugaison fran\u00e7aise : astuces pour ne pas se tromper\",\"datePublished\":\"2026-08-31T14:23:40+00:00\",\"mainEntityOfPage\":{\"@id\":\"https:\/\/conjugaison-de-verbes.com\/blog\/a-la-une\/conjugaison-francaise-astuces-pour-ne-pas-se-tromper\/\"},\"wordCount\":1404,\"commentCount\":0,\"publisher\":{\"@id\":\"https:\/\/conjugaison-de-verbes.com\/blog\/#organization\"},\"image\":{\"@id\":\"https:\/\/conjugaison-de-verbes.com\/blog\/a-la-une\/conjugaison-francaise-astuces-pour-ne-pas-se-tromper\/#primaryimage\"},\"thumbnailUrl\":\"https:\/\/conjugaison-de-verbes.com\/blog\/wp-content\/uploads\/2025\/02\/sdxl-ccafb81b4ceee80cbba7fa6a8a309769.png\",\"articleSection\":[\"\u00c0 la une\"],\"inLanguage\":\"fr-FR\",\"potentialAction\":[{\"@type\":\"CommentAction\",\"name\":\"Comment\",\"target\":[\"https:\/\/conjugaison-de-verbes.com\/blog\/a-la-une\/conjugaison-francaise-astuces-pour-ne-pas-se-tromper\/#respond\"]}]},{\"@type\":\"WebPage\",\"@id\":\"https:\/\/conjugaison-de-verbes.com\/blog\/a-la-une\/conjugaison-francaise-astuces-pour-ne-pas-se-tromper\/\",\"url\":\"https:\/\/conjugaison-de-verbes.com\/blog\/a-la-une\/conjugaison-francaise-astuces-pour-ne-pas-se-tromper\/\",\"name\":\"Conjugaison fran\u00e7aise : astuces pour ne pas se tromper\",\"isPartOf\":{\"@id\":\"https:\/\/conjugaison-de-verbes.com\/blog\/#website\"},\"primaryImageOfPage\":{\"@id\":\"https:\/\/conjugaison-de-verbes.com\/blog\/a-la-une\/conjugaison-francaise-astuces-pour-ne-pas-se-tromper\/#primaryimage\"},\"image\":{\"@id\":\"https:\/\/conjugaison-de-verbes.com\/blog\/a-la-une\/conjugaison-francaise-astuces-pour-ne-pas-se-tromper\/#primaryimage\"},\"thumbnailUrl\":\"https:\/\/conjugaison-de-verbes.com\/blog\/wp-content\/uploads\/2025\/02\/sdxl-ccafb81b4ceee80cbba7fa6a8a309769.png\",\"datePublished\":\"2026-08-31T14:23:40+00:00\",\"description\":\"Rep\u00e9rer le sujet du verbe, tester la substitution, comprendre l'accord du participe pass\u00e9 : les rep\u00e8res qui \u00e9vitent vraiment les fautes de conjugaison.\",\"inLanguage\":\"fr-FR\",\"potentialAction\":[{\"@type\":\"ReadAction\",\"target\":[\"https:\/\/conjugaison-de-verbes.com\/blog\/a-la-une\/conjugaison-francaise-astuces-pour-ne-pas-se-tromper\/\"]}]},{\"@type\":\"ImageObject\",\"inLanguage\":\"fr-FR\",\"@id\":\"https:\/\/conjugaison-de-verbes.com\/blog\/a-la-une\/conjugaison-francaise-astuces-pour-ne-pas-se-tromper\/#primaryimage\",\"url\":\"https:\/\/conjugaison-de-verbes.com\/blog\/wp-content\/uploads\/2025\/02\/sdxl-ccafb81b4ceee80cbba7fa6a8a309769.png\",\"contentUrl\":\"https:\/\/conjugaison-de-verbes.com\/blog\/wp-content\/uploads\/2025\/02\/sdxl-ccafb81b4ceee80cbba7fa6a8a309769.png\",\"width\":1536,\"height\":640},{\"@type\":\"WebSite\",\"@id\":\"https:\/\/conjugaison-de-verbes.com\/blog\/#website\",\"url\":\"https:\/\/conjugaison-de-verbes.com\/blog\/\",\"name\":\"conjugaison-de-verbes.com\",\"description\":\"Conjugaison de Verbes, ma\u00eetrisez la langue fran\u00e7aise\",\"publisher\":{\"@id\":\"https:\/\/conjugaison-de-verbes.com\/blog\/#organization\"},\"alternateName\":\"Conjugaison de Verbes, ma\u00eetrisez la langue fran\u00e7aise\",\"potentialAction\":[{\"@type\":\"SearchAction\",\"target\":{\"@type\":\"EntryPoint\",\"urlTemplate\":\"https:\/\/conjugaison-de-verbes.com\/blog\/?s={search_term_string}\"},\"query-input\":{\"@type\":\"PropertyValueSpecification\",\"valueRequired\":true,\"valueName\":\"search_term_string\"}}],\"inLanguage\":\"fr-FR\"},{\"@type\":\"Organization\",\"@id\":\"https:\/\/conjugaison-de-verbes.com\/blog\/#organization\",\"name\":\"Foretsensations.fr\",\"url\":\"https:\/\/conjugaison-de-verbes.com\/blog\/\",\"logo\":{\"@type\":\"ImageObject\",\"inLanguage\":\"fr-FR\",\"@id\":\"https:\/\/conjugaison-de-verbes.com\/blog\/#\/schema\/logo\/image\/\",\"url\":\"https:\/\/conjugaison-de-verbes.com\/blog\/wp-content\/uploads\/2024\/12\/10.png\",\"contentUrl\":\"https:\/\/conjugaison-de-verbes.com\/blog\/wp-content\/uploads\/2024\/12\/10.png\",\"width\":500,\"height\":500,\"caption\":\"Foretsensations.fr\"},\"image\":{\"@id\":\"https:\/\/conjugaison-de-verbes.com\/blog\/#\/schema\/logo\/image\/\"}},{\"@type\":\"Person\",\"@id\":\"https:\/\/conjugaison-de-verbes.com\/blog\/#\/schema\/person\/3c864cdc320801e3db34b663e7e3f816\",\"name\":\"Rapha\u00ebl D.\",\"image\":{\"@type\":\"ImageObject\",\"inLanguage\":\"fr-FR\",\"@id\":\"https:\/\/conjugaison-de-verbes.com\/blog\/#\/schema\/person\/image\/\",\"url\":\"https:\/\/conjugaison-de-verbes.com\/blog\/wp-content\/uploads\/2026\/06\/persona_raphael-d-150x150.jpg\",\"contentUrl\":\"https:\/\/conjugaison-de-verbes.com\/blog\/wp-content\/uploads\/2026\/06\/persona_raphael-d-150x150.jpg\",\"caption\":\"Rapha\u00ebl D.\"},\"description\":\"La culture est mon terrain de jeu depuis une dizaine d'ann\u00e9es : arts visuels, s\u00e9ries, cr\u00e9ation et tout ce qui nourrit l'imaginaire. J'\u00e9cris aussi bien sur l'actualit\u00e9 des \u0153uvres que sur les coulisses de la cr\u00e9ation, avec l'envie de relier l'amateur curieux \u00e0 des univers parfois jug\u00e9s intimidants. J'aime analyser une s\u00e9rie ou une d\u00e9marche artistique sans p\u00e9dantisme, replacer une \u0153uvre dans son contexte et donner des cl\u00e9s de lecture accessibles. Avant de publier, je v\u00e9rifie mes r\u00e9f\u00e9rences, je recoupe les sources et je distingue clairement le fait de mon interpr\u00e9tation subjective. Je crois qu'une critique vaut surtout par les arguments qu'elle expose, pas par la sentence qu'elle rend. Mon angle : transmettre l'envie de d\u00e9couvrir, de regarder autrement et de se forger son propre go\u00fbt. La culture n'appartient pas qu'aux initi\u00e9s, et c'est tout l'enjeu de mon \u00e9criture.\",\"url\":\"https:\/\/conjugaison-de-verbes.com\/blog\/auteur\/raphael-d\/\",\"jobTitle\":\"R\u00e9dacteur en chef \u00b7 Culture & Cr\u00e9ation\",\"knowsAbout\":[\"Culture\",\"Cr\u00e9ation\"],\"email\":\"raphael.d@a-l-asso-de-l-art.fr\"}]}<\/script>\n<!-- \/ Yoast SEO Premium plugin. -->","yoast_head_json":{"title":"Conjugaison fran\u00e7aise : astuces pour ne pas se tromper","description":"Rep\u00e9rer le sujet du verbe, tester la substitution, comprendre l'accord du participe pass\u00e9 : les rep\u00e8res qui \u00e9vitent vraiment les fautes de conjugaison.","robots":{"index":"index","follow":"follow","max-snippet":"max-snippet:-1","max-image-preview":"max-image-preview:large","max-video-preview":"max-video-preview:-1"},"canonical":"https:\/\/conjugaison-de-verbes.com\/blog\/a-la-une\/conjugaison-francaise-astuces-pour-ne-pas-se-tromper\/","og_locale":"fr_FR","og_type":"article","og_title":"Conjugaison fran\u00e7aise : astuces pour ne pas se tromper","og_description":"Rep\u00e9rer le sujet du verbe, tester la substitution, comprendre l'accord du participe pass\u00e9 : les rep\u00e8res qui \u00e9vitent vraiment les fautes de conjugaison.","og_url":"https:\/\/conjugaison-de-verbes.com\/blog\/a-la-une\/conjugaison-francaise-astuces-pour-ne-pas-se-tromper\/","og_site_name":"conjugaison-de-verbes","og_image":[{"url":"https:\/\/conjugaison-de-verbes.com\/blog\/wp-content\/uploads\/2025\/02\/sdxl-ccafb81b4ceee80cbba7fa6a8a309769.png","width":1200,"height":500,"type":"image\/png"}],"author":"Rapha\u00ebl D.","twitter_card":"summary_large_image","schema":{"@context":"https:\/\/schema.org","@graph":[{"@type":"NewsArticle","@id":"https:\/\/conjugaison-de-verbes.com\/blog\/a-la-une\/conjugaison-francaise-astuces-pour-ne-pas-se-tromper\/#article","isPartOf":{"@id":"https:\/\/conjugaison-de-verbes.com\/blog\/a-la-une\/conjugaison-francaise-astuces-pour-ne-pas-se-tromper\/"},"author":{"name":"Rapha\u00ebl D.","@id":"https:\/\/conjugaison-de-verbes.com\/blog\/#\/schema\/person\/3c864cdc320801e3db34b663e7e3f816"},"headline":"Conjugaison fran\u00e7aise : astuces pour ne pas se tromper","datePublished":"2026-08-31T14:23:40+00:00","mainEntityOfPage":{"@id":"https:\/\/conjugaison-de-verbes.com\/blog\/a-la-une\/conjugaison-francaise-astuces-pour-ne-pas-se-tromper\/"},"wordCount":1404,"commentCount":0,"publisher":{"@id":"https:\/\/conjugaison-de-verbes.com\/blog\/#organization"},"image":{"@id":"https:\/\/conjugaison-de-verbes.com\/blog\/a-la-une\/conjugaison-francaise-astuces-pour-ne-pas-se-tromper\/#primaryimage"},"thumbnailUrl":"https:\/\/conjugaison-de-verbes.com\/blog\/wp-content\/uploads\/2025\/02\/sdxl-ccafb81b4ceee80cbba7fa6a8a309769.png","articleSection":["\u00c0 la une"],"inLanguage":"fr-FR","potentialAction":[{"@type":"CommentAction","name":"Comment","target":["https:\/\/conjugaison-de-verbes.com\/blog\/a-la-une\/conjugaison-francaise-astuces-pour-ne-pas-se-tromper\/#respond"]}]},{"@type":"WebPage","@id":"https:\/\/conjugaison-de-verbes.com\/blog\/a-la-une\/conjugaison-francaise-astuces-pour-ne-pas-se-tromper\/","url":"https:\/\/conjugaison-de-verbes.com\/blog\/a-la-une\/conjugaison-francaise-astuces-pour-ne-pas-se-tromper\/","name":"Conjugaison fran\u00e7aise : astuces pour ne pas se tromper","isPartOf":{"@id":"https:\/\/conjugaison-de-verbes.com\/blog\/#website"},"primaryImageOfPage":{"@id":"https:\/\/conjugaison-de-verbes.com\/blog\/a-la-une\/conjugaison-francaise-astuces-pour-ne-pas-se-tromper\/#primaryimage"},"image":{"@id":"https:\/\/conjugaison-de-verbes.com\/blog\/a-la-une\/conjugaison-francaise-astuces-pour-ne-pas-se-tromper\/#primaryimage"},"thumbnailUrl":"https:\/\/conjugaison-de-verbes.com\/blog\/wp-content\/uploads\/2025\/02\/sdxl-ccafb81b4ceee80cbba7fa6a8a309769.png","datePublished":"2026-08-31T14:23:40+00:00","description":"Rep\u00e9rer le sujet du verbe, tester la substitution, comprendre l'accord du participe pass\u00e9 : les rep\u00e8res qui \u00e9vitent vraiment les fautes de conjugaison.","inLanguage":"fr-FR","potentialAction":[{"@type":"ReadAction","target":["https:\/\/conjugaison-de-verbes.com\/blog\/a-la-une\/conjugaison-francaise-astuces-pour-ne-pas-se-tromper\/"]}]},{"@type":"ImageObject","inLanguage":"fr-FR","@id":"https:\/\/conjugaison-de-verbes.com\/blog\/a-la-une\/conjugaison-francaise-astuces-pour-ne-pas-se-tromper\/#primaryimage","url":"https:\/\/conjugaison-de-verbes.com\/blog\/wp-content\/uploads\/2025\/02\/sdxl-ccafb81b4ceee80cbba7fa6a8a309769.png","contentUrl":"https:\/\/conjugaison-de-verbes.com\/blog\/wp-content\/uploads\/2025\/02\/sdxl-ccafb81b4ceee80cbba7fa6a8a309769.png","width":1536,"height":640},{"@type":"WebSite","@id":"https:\/\/conjugaison-de-verbes.com\/blog\/#website","url":"https:\/\/conjugaison-de-verbes.com\/blog\/","name":"conjugaison-de-verbes.com","description":"Conjugaison de Verbes, ma\u00eetrisez la langue fran\u00e7aise","publisher":{"@id":"https:\/\/conjugaison-de-verbes.com\/blog\/#organization"},"alternateName":"Conjugaison de Verbes, ma\u00eetrisez la langue fran\u00e7aise","potentialAction":[{"@type":"SearchAction","target":{"@type":"EntryPoint","urlTemplate":"https:\/\/conjugaison-de-verbes.com\/blog\/?s={search_term_string}"},"query-input":{"@type":"PropertyValueSpecification","valueRequired":true,"valueName":"search_term_string"}}],"inLanguage":"fr-FR"},{"@type":"Organization","@id":"https:\/\/conjugaison-de-verbes.com\/blog\/#organization","name":"Foretsensations.fr","url":"https:\/\/conjugaison-de-verbes.com\/blog\/","logo":{"@type":"ImageObject","inLanguage":"fr-FR","@id":"https:\/\/conjugaison-de-verbes.com\/blog\/#\/schema\/logo\/image\/","url":"https:\/\/conjugaison-de-verbes.com\/blog\/wp-content\/uploads\/2024\/12\/10.png","contentUrl":"https:\/\/conjugaison-de-verbes.com\/blog\/wp-content\/uploads\/2024\/12\/10.png","width":500,"height":500,"caption":"Foretsensations.fr"},"image":{"@id":"https:\/\/conjugaison-de-verbes.com\/blog\/#\/schema\/logo\/image\/"}},{"@type":"Person","@id":"https:\/\/conjugaison-de-verbes.com\/blog\/#\/schema\/person\/3c864cdc320801e3db34b663e7e3f816","name":"Rapha\u00ebl D.","image":{"@type":"ImageObject","inLanguage":"fr-FR","@id":"https:\/\/conjugaison-de-verbes.com\/blog\/#\/schema\/person\/image\/","url":"https:\/\/conjugaison-de-verbes.com\/blog\/wp-content\/uploads\/2026\/06\/persona_raphael-d-150x150.jpg","contentUrl":"https:\/\/conjugaison-de-verbes.com\/blog\/wp-content\/uploads\/2026\/06\/persona_raphael-d-150x150.jpg","caption":"Rapha\u00ebl D."},"description":"La culture est mon terrain de jeu depuis une dizaine d'ann\u00e9es : arts visuels, s\u00e9ries, cr\u00e9ation et tout ce qui nourrit l'imaginaire. J'\u00e9cris aussi bien sur l'actualit\u00e9 des \u0153uvres que sur les coulisses de la cr\u00e9ation, avec l'envie de relier l'amateur curieux \u00e0 des univers parfois jug\u00e9s intimidants. J'aime analyser une s\u00e9rie ou une d\u00e9marche artistique sans p\u00e9dantisme, replacer une \u0153uvre dans son contexte et donner des cl\u00e9s de lecture accessibles. Avant de publier, je v\u00e9rifie mes r\u00e9f\u00e9rences, je recoupe les sources et je distingue clairement le fait de mon interpr\u00e9tation subjective. Je crois qu'une critique vaut surtout par les arguments qu'elle expose, pas par la sentence qu'elle rend. Mon angle : transmettre l'envie de d\u00e9couvrir, de regarder autrement et de se forger son propre go\u00fbt. La culture n'appartient pas qu'aux initi\u00e9s, et c'est tout l'enjeu de mon \u00e9criture.","url":"https:\/\/conjugaison-de-verbes.com\/blog\/auteur\/raphael-d\/","jobTitle":"R\u00e9dacteur en chef \u00b7 Culture & Cr\u00e9ation","knowsAbout":["Culture","Cr\u00e9ation"],"email":"raphael.d@a-l-asso-de-l-art.fr"}]}},"_links":{"self":[{"href":"https:\/\/conjugaison-de-verbes.com\/blog\/wp-json\/wp\/v2\/posts\/7341","targetHints":{"allow":["GET"]}}],"collection":[{"href":"https:\/\/conjugaison-de-verbes.com\/blog\/wp-json\/wp\/v2\/posts"}],"about":[{"href":"https:\/\/conjugaison-de-verbes.com\/blog\/wp-json\/wp\/v2\/types\/post"}],"author":[{"embeddable":true,"href":"https:\/\/conjugaison-de-verbes.com\/blog\/wp-json\/wp\/v2\/users\/34"}],"replies":[{"embeddable":true,"href":"https:\/\/conjugaison-de-verbes.com\/blog\/wp-json\/wp\/v2\/comments?post=7341"}],"version-history":[{"count":1,"href":"https:\/\/conjugaison-de-verbes.com\/blog\/wp-json\/wp\/v2\/posts\/7341\/revisions"}],"predecessor-version":[{"id":8069,"href":"https:\/\/conjugaison-de-verbes.com\/blog\/wp-json\/wp\/v2\/posts\/7341\/revisions\/8069"}],"wp:featuredmedia":[{"embeddable":true,"href":"https:\/\/conjugaison-de-verbes.com\/blog\/wp-json\/wp\/v2\/media\/7619"}],"wp:attachment":[{"href":"https:\/\/conjugaison-de-verbes.com\/blog\/wp-json\/wp\/v2\/media?parent=7341"}],"wp:term":[{"taxonomy":"category","embeddable":true,"href":"https:\/\/conjugaison-de-verbes.com\/blog\/wp-json\/wp\/v2\/categories?post=7341"},{"taxonomy":"post_tag","embeddable":true,"href":"https:\/\/conjugaison-de-verbes.com\/blog\/wp-json\/wp\/v2\/tags?post=7341"}],"curies":[{"name":"wp","href":"https:\/\/api.w.org\/{rel}","templated":true}]}}