{"id":7219,"date":"2026-08-31T16:51:49","date_gmt":"2026-08-31T14:51:49","guid":{"rendered":"https:\/\/conjugaison-de-verbes.com\/blog\/a-la-une\/les-temps-de-la-conjugaison-francaise-expliques-simplement\/"},"modified":"2026-08-31T16:51:49","modified_gmt":"2026-08-31T14:51:49","slug":"les-temps-de-la-conjugaison-francaise-expliques-simplement","status":"publish","type":"post","link":"https:\/\/conjugaison-de-verbes.com\/blog\/a-la-une\/les-temps-de-la-conjugaison-francaise-expliques-simplement\/","title":{"rendered":"Les temps de la conjugaison fran\u00e7aise expliqu\u00e9s simplement"},"content":{"rendered":"<link rel=\"stylesheet\" href=\"https:\/\/fonts.googleapis.com\/css2?family=Space+Grotesk:wght@500;600;700&#038;family=Inter:wght@400;500;600;700&#038;family=JetBrains+Mono:wght@500&#038;display=swap\">\n<style>\n.cdv-ib-wrap{font-family:'Inter',-apple-system,BlinkMacSystemFont,sans-serif;color:#232838;line-height:1.65;font-size:17px;max-width:100%;}\n.cdv-ib-wrap h2{font-family:'Space Grotesk',sans-serif;font-weight:700;font-size:clamp(22px,3vw,30px);color:#171b26;letter-spacing:-0.01em;margin:48px 0 16px 0;}\n.cdv-ib-wrap h3{font-family:'Space Grotesk',sans-serif;font-weight:600;font-size:19px;color:#232838;margin:26px 0 10px 0;}\n.cdv-ib-wrap p{margin:0 0 16px 0;}\n.cdv-ib-wrap strong{color:#171b26;}\n.cdv-ib-brief{background:#eef2fd;border-left:5px solid #2f5fde;border-radius:0 10px 10px 0;padding:22px 26px;margin:24px 0 32px 0;}\n.cdv-ib-brief-label{font-family:'JetBrains Mono',monospace;font-weight:500;font-size:11px;text-transform:uppercase;letter-spacing:1.6px;color:#2f5fde;margin-bottom:10px;}\n.cdv-ib-brief-answer{font-size:18px;line-height:1.55;color:#171b26;font-weight:500;margin-bottom:14px;}\n.cdv-ib-brief ul{margin:0;padding:0;list-style:none;display:grid;gap:9px;}\n.cdv-ib-brief li{display:flex;gap:10px;align-items:flex-start;font-size:14.5px;color:#2d3348;}\n.cdv-ib-brief li span.dot{flex:none;width:7px;height:7px;border-radius:50%;background:#2f5fde;margin-top:7px;}\n.cdv-ib-grid{display:grid;grid-template-columns:repeat(auto-fit,minmax(230px,1fr));gap:14px;margin:22px 0 30px 0;}\n.cdv-ib-card{background:#fff;border:1px solid #e3e6f0;border-top:3px solid #2f5fde;border-radius:8px;padding:18px 20px;transition:.25s ease;box-shadow:0 1px 2px rgba(16,24,40,.04);}\n.cdv-ib-card:hover{transform:translateY(-3px);box-shadow:0 12px 24px -14px rgba(47,95,222,.35);}\n.cdv-ib-card-tag{font-family:'JetBrains Mono',monospace;font-size:11px;font-weight:500;letter-spacing:1px;text-transform:uppercase;color:#2f5fde;margin-bottom:8px;display:block;}\n.cdv-ib-card-title{font-family:'Space Grotesk',sans-serif;font-weight:600;font-size:16px;color:#171b26;margin-bottom:6px;}\n.cdv-ib-card-txt{font-size:14px;line-height:1.55;color:#4a4f63;}\n.cdv-ib-example{background:#f4f6fc;border:1px solid #e3e6f0;border-radius:8px;padding:12px 16px;margin:14px 0;font-family:'JetBrains Mono',monospace;font-size:13.5px;color:#2d3348;}\n.cdv-ib-retain{background:#171b26;color:#eef3f9;border-radius:10px;padding:26px 28px 24px;margin:40px 0;}\n.cdv-ib-retain-label{font-family:'JetBrains Mono',monospace;font-size:11px;font-weight:500;text-transform:uppercase;letter-spacing:1.8px;color:#8fa3e8!important;margin-bottom:16px;}\n.cdv-ib-retain-grid{display:grid;grid-template-columns:repeat(auto-fit,minmax(220px,1fr));gap:12px;}\n.cdv-ib-retain-item{display:flex;gap:12px;align-items:flex-start;background:rgba(255,255,255,.06);border:1px solid rgba(255,255,255,.12);border-radius:8px;padding:12px 14px;}\n.cdv-ib-retain-num{flex:none;width:24px;height:24px;border-radius:50%;background:#2f5fde;color:#fff!important;font-size:12px;font-weight:700;display:flex;align-items:center;justify-content:center;font-family:'JetBrains Mono',monospace;}\n.cdv-ib-retain-item span.txt{font-size:14px;line-height:1.5;color:#eef3f9!important;}\n.cdv-ib-note{background:#fff7e0;border-left:4px solid #d4a017;border-radius:0 6px 6px 0;padding:14px 18px;margin:20px 0;}\n.cdv-ib-note-label{font-family:'JetBrains Mono',monospace;font-weight:500;font-size:11px;text-transform:uppercase;letter-spacing:1.4px;color:#7a5e00;display:block;margin-bottom:6px;}\n.cdv-ib-note-txt{font-size:14.5px;line-height:1.55;color:#3a3a3a;}\n.cdv-ib-video{border:1px solid #e3e6f0;border-radius:12px;padding:16px 18px;margin:30px 0;background:#fafbfe;}\n.cdv-ib-video-tag{display:inline-flex;align-items:center;gap:6px;font-family:'JetBrains Mono',monospace;font-size:11px;font-weight:600;letter-spacing:.8px;color:#fff;background:#c4302b;padding:3px 9px;border-radius:6px;margin-bottom:10px;}\n.cdv-ib-faq{margin:40px 0;}\n.cdv-ib-faq-title{font-family:'Space Grotesk',sans-serif;font-weight:700;font-size:24px;color:#171b26;margin:0 0 16px 0;}\n.cdv-ib-faq-list{border-top:1px solid #e1e5f0;}\n.cdv-ib-faq-list details{border-bottom:1px solid #e1e5f0;padding:0;}\n.cdv-ib-faq-list summary{cursor:pointer;padding:16px 0;font-family:'Space Grotesk',sans-serif;font-size:16px;font-weight:600;color:#171b26;list-style:none;display:flex;justify-content:space-between;align-items:center;gap:14px;}\n.cdv-ib-faq-list summary::-webkit-details-marker{display:none;}\n.cdv-ib-faq-list summary .cdv-ib-plus{font-size:22px;font-weight:300;color:#2f5fde;line-height:1;}\n.cdv-ib-faq-list .cdv-ib-a{padding:0 0 16px 0;font-size:15px;line-height:1.7;color:#4a4f63;}\n@media (max-width:640px){.cdv-ib-grid,.cdv-ib-retain-grid{grid-template-columns:1fr;}}\n<\/style>\n<div class=\"cdv-ib-wrap\">\n<p>Face \u00e0 un verbe \u00e0 conjuguer, la question n&rsquo;est presque jamais \u00ab quel temps existe-t-il ? \u00bb mais \u00ab qu&rsquo;est-ce que je veux dire ? \u00bb. Un temps ne se choisit pas dans un tableau : il se choisit selon le moment vis\u00e9, mais aussi selon la fa\u00e7on dont on regarde l&rsquo;action \u2014 achev\u00e9e ou en train de se faire, unique ou habituelle. Voici comment s&rsquo;y retrouver simplement.<\/p>\n<div class=\"cdv-ib-brief\">\n<div class=\"cdv-ib-brief-label\">En bref<\/div>\n<div class=\"cdv-ib-brief-answer\">Le bon temps d\u00e9pend de deux choses : le moment de l&rsquo;action (pr\u00e9sent, pass\u00e9, futur) et la fa\u00e7on dont on la regarde \u2014 achev\u00e9e ou en cours, ponctuelle ou habituelle. C&rsquo;est cette deuxi\u00e8me dimension, souvent oubli\u00e9e, qui d\u00e9bloque le plus de confusions.<\/div>\n<ul>\n<li><span class=\"dot\"><\/span>Imparfait = d\u00e9crire un cadre ou une habitude \u00b7 pass\u00e9 compos\u00e9 = rapporter un \u00e9v\u00e9nement pr\u00e9cis.<\/li>\n<li><span class=\"dot\"><\/span>Les temps compos\u00e9s (pass\u00e9 compos\u00e9, plus-que-parfait, futur ant\u00e9rieur\u2026) se forment avec un auxiliaire + participe pass\u00e9.<\/li>\n<li><span class=\"dot\"><\/span>Pass\u00e9 simple et pass\u00e9 ant\u00e9rieur appartiennent surtout \u00e0 l&rsquo;\u00e9crit et au r\u00e9cit litt\u00e9raire.<\/li>\n<li><span class=\"dot\"><\/span>En cas de doute, on part du sens qu&rsquo;on veut exprimer \u2014 et on v\u00e9rifie la forme plut\u00f4t que de l&rsquo;\u00e9viter.<\/li>\n<\/ul>\n<\/div>\n<h2>Choisir un temps, c&rsquo;est choisir un sens<\/h2>\n<p>La premi\u00e8re id\u00e9e \u00e0 retenir est simple mais rarement formul\u00e9e : un temps verbal ne sert pas seulement \u00e0 dire <em>quand<\/em> une action se passe. Il dit aussi <em>comment<\/em> on la regarde. Deux informations se superposent \u00e0 chaque fois :<\/p>\n<div class=\"cdv-ib-grid\">\n<div class=\"cdv-ib-card\">\n    <span class=\"cdv-ib-card-tag\">Le moment<\/span><\/p>\n<div class=\"cdv-ib-card-title\">Situer dans le temps<\/div>\n<div class=\"cdv-ib-card-txt\">L&rsquo;action se passe avant, pendant ou apr\u00e8s le moment o\u00f9 l&rsquo;on parle (ou avant\/apr\u00e8s un autre rep\u00e8re, dans un r\u00e9cit).<\/div>\n<\/p><\/div>\n<div class=\"cdv-ib-card\">\n    <span class=\"cdv-ib-card-tag\">L&rsquo;aspect<\/span><\/p>\n<div class=\"cdv-ib-card-title\">Achev\u00e9e ou en cours<\/div>\n<div class=\"cdv-ib-card-txt\">L&rsquo;action est-elle termin\u00e9e, ou en train de se d\u00e9rouler ? Un point, ou une dur\u00e9e ?<\/div>\n<\/p><\/div>\n<div class=\"cdv-ib-card\">\n    <span class=\"cdv-ib-card-tag\">La fr\u00e9quence<\/span><\/p>\n<div class=\"cdv-ib-card-title\">Ponctuelle ou r\u00e9p\u00e9t\u00e9e<\/div>\n<div class=\"cdv-ib-card-txt\">S&rsquo;agit-il d&rsquo;un \u00e9v\u00e9nement unique, ou d&rsquo;une habitude, d&rsquo;un geste qui revenait souvent ?<\/div>\n<\/p><\/div>\n<\/div>\n<p>C&rsquo;est cette combinaison \u2014 <strong>moment + aspect + fr\u00e9quence<\/strong> \u2014 qui fait qu&rsquo;on \u00e9crit \u00ab je mangeais \u00bb plut\u00f4t que \u00ab j&rsquo;ai mang\u00e9 \u00bb pour la m\u00eame semaine de l&rsquo;an dernier, selon qu&rsquo;on d\u00e9crit une habitude ou qu&rsquo;on raconte un repas pr\u00e9cis. Les tableaux de conjugaison ne montrent que les formes ; ils ne disent jamais pourquoi on choisit l&rsquo;une plut\u00f4t que l&rsquo;autre.<\/p>\n<h2>D\u00e9crire un cadre ou raconter un \u00e9v\u00e9nement : la distinction qui d\u00e9bloque tout<\/h2>\n<p>S&rsquo;il ne fallait retenir qu&rsquo;une seule cl\u00e9 de lecture, ce serait celle-ci : au pass\u00e9, un temps <strong>d\u00e9crit un cadre ou une habitude<\/strong>, un autre <strong>rapporte un \u00e9v\u00e9nement pr\u00e9cis<\/strong>. C&rsquo;est exactement la diff\u00e9rence entre l&rsquo;<strong>imparfait<\/strong> et le <strong>pass\u00e9 compos\u00e9<\/strong> \u2014 et c&rsquo;est une distinction que les francophones appliquent naturellement \u00e0 l&rsquo;oral bien avant de savoir la nommer.<\/p>\n<div class=\"cdv-ib-example\">\u00ab Il <strong>pleuvait<\/strong> (imparfait \u2014 le d\u00e9cor) quand le bus <strong>est arriv\u00e9<\/strong> (pass\u00e9 compos\u00e9 \u2014 l&rsquo;\u00e9v\u00e9nement). \u00bb<\/div>\n<p>L&rsquo;<strong>imparfait<\/strong> sert \u00e0 :<\/p>\n<div class=\"cdv-ib-grid\">\n<div class=\"cdv-ib-card\">\n    <span class=\"cdv-ib-card-tag\">D\u00e9cor<\/span><\/p>\n<div class=\"cdv-ib-card-title\">D\u00e9crire une sc\u00e8ne<\/div>\n<div class=\"cdv-ib-card-txt\">\u00ab Le ciel \u00e9tait gris, la rue \u00e9tait calme. \u00bb<\/div>\n<\/p><\/div>\n<div class=\"cdv-ib-card\">\n    <span class=\"cdv-ib-card-tag\">R\u00e9p\u00e9tition<\/span><\/p>\n<div class=\"cdv-ib-card-title\">Exprimer une habitude<\/div>\n<div class=\"cdv-ib-card-txt\">\u00ab Chaque \u00e9t\u00e9, nous passions nos vacances \u00e0 la campagne. \u00bb<\/div>\n<\/p><\/div>\n<div class=\"cdv-ib-card\">\n    <span class=\"cdv-ib-card-tag\">Dur\u00e9e<\/span><\/p>\n<div class=\"cdv-ib-card-title\">Une action en train de se faire<\/div>\n<div class=\"cdv-ib-card-txt\">\u00ab Pendant que je lisais, elle regardait la t\u00e9l\u00e9vision. \u00bb<\/div>\n<\/p><\/div>\n<\/div>\n<p>Le <strong>pass\u00e9 compos\u00e9<\/strong>, \u00e0 l&rsquo;inverse, rapporte un fait <strong>achev\u00e9 et pr\u00e9cis<\/strong>, souvent reli\u00e9 au pr\u00e9sent :<\/p>\n<div class=\"cdv-ib-example\">\u00ab Elle <strong>a achet\u00e9<\/strong> un livre hier. \u00bb \u00b7 \u00ab Nous <strong>avons visit\u00e9<\/strong> Paris en 2021. \u00bb<\/div>\n<div class=\"cdv-ib-note\">\n  <span class=\"cdv-ib-note-label\">Bon \u00e0 savoir<\/span><\/p>\n<div class=\"cdv-ib-note-txt\">Un m\u00eame r\u00e9cit m\u00eale tr\u00e8s souvent les deux : l&rsquo;imparfait plante le d\u00e9cor, le pass\u00e9 compos\u00e9 fait avancer l&rsquo;histoire. \u00ab Il <strong>faisait<\/strong> nuit quand elle <strong>est sortie<\/strong>. \u00bb<\/div>\n<\/div>\n<div class=\"cdv-ib-video\">\n  <span class=\"cdv-ib-video-tag\">\u25b6 Vid\u00e9o<\/span><\/p>\n<div class=\"cdv-ib-video-frame\">\n<iframe loading=\"lazy\" title=\"Les 25 temps du fran\u00e7ais en 20 minutes!\" width=\"1200\" height=\"675\" src=\"https:\/\/www.youtube.com\/embed\/aGzOGgk8pxA?feature=oembed\" frameborder=\"0\" allow=\"accelerometer; autoplay; clipboard-write; encrypted-media; gyroscope; picture-in-picture; web-share\" referrerpolicy=\"strict-origin-when-cross-origin\" allowfullscreen><\/iframe>\n  <\/div>\n<\/div>\n<h2>Simples et compos\u00e9s : un seul m\u00e9canisme \u00e0 comprendre<\/h2>\n<p>Les <strong>temps simples<\/strong> (pr\u00e9sent, imparfait, futur simple, pass\u00e9 simple) se conjuguent en une seule forme, sans auxiliaire. Les <strong>temps compos\u00e9s<\/strong> (pass\u00e9 compos\u00e9, plus-que-parfait, futur ant\u00e9rieur, pass\u00e9 ant\u00e9rieur) suivent tous le m\u00eame principe : <strong>un auxiliaire conjugu\u00e9<\/strong> (avoir ou \u00eatre) <strong>+ le participe pass\u00e9<\/strong> du verbe. Comprendre ce m\u00e9canisme une seule fois suffit pour tous les temps compos\u00e9s.<\/p>\n<div class=\"cdv-ib-grid\">\n<div class=\"cdv-ib-card\">\n    <span class=\"cdv-ib-card-tag\">Pr\u00e9sent + \u00eatre\/avoir<\/span><\/p>\n<div class=\"cdv-ib-card-title\">Pass\u00e9 compos\u00e9<\/div>\n<div class=\"cdv-ib-card-txt\">\u00ab J&rsquo;ai mang\u00e9. \u00bb \u00b7 \u00ab Elle est partie. \u00bb<\/div>\n<\/p><\/div>\n<div class=\"cdv-ib-card\">\n    <span class=\"cdv-ib-card-tag\">Imparfait + \u00eatre\/avoir<\/span><\/p>\n<div class=\"cdv-ib-card-title\">Plus-que-parfait<\/div>\n<div class=\"cdv-ib-card-txt\">\u00ab J&rsquo;avais mang\u00e9 avant d&rsquo;arriver. \u00bb \u2014 une action ant\u00e9rieure \u00e0 une autre action pass\u00e9e.<\/div>\n<\/p><\/div>\n<div class=\"cdv-ib-card\">\n    <span class=\"cdv-ib-card-tag\">Futur + \u00eatre\/avoir<\/span><\/p>\n<div class=\"cdv-ib-card-title\">Futur ant\u00e9rieur<\/div>\n<div class=\"cdv-ib-card-txt\">\u00ab J&rsquo;aurai mang\u00e9 avant de partir. \u00bb \u2014 une action achev\u00e9e avant un moment futur.<\/div>\n<\/p><\/div>\n<\/div>\n<p>L&rsquo;auxiliaire n&rsquo;est pas un d\u00e9tail : c&rsquo;est lui qui <strong>commande l&rsquo;accord<\/strong> du participe pass\u00e9. Avec <strong>\u00eatre<\/strong>, le participe s&rsquo;accorde en genre et en nombre avec le sujet (\u00ab elle est <strong>partie<\/strong> \u00bb, \u00ab ils sont <strong>arriv\u00e9s<\/strong> \u00bb). Avec <strong>avoir<\/strong>, le participe ne varie pas selon le sujet (\u00ab elle a <strong>mang\u00e9<\/strong> \u00bb, \u00ab ils ont <strong>mang\u00e9<\/strong> \u00bb). La majorit\u00e9 des verbes se construisent avec avoir ; un groupe restreint de verbes de mouvement ou d&rsquo;\u00e9tat \u2014 comme aller, venir, partir, arriver, entrer, sortir, na\u00eetre, mourir \u2014 ainsi que tous les verbes pronominaux, se construisent avec \u00eatre.<\/p>\n<h2>Les temps qu&rsquo;on croise surtout \u00e0 l&rsquo;\u00e9crit<\/h2>\n<p>Deux temps composent une famille \u00e0 part : le <strong>pass\u00e9 simple<\/strong> et le <strong>pass\u00e9 ant\u00e9rieur<\/strong>. Ils existent, ont un sens pr\u00e9cis, mais on ne les emploie quasiment jamais \u00e0 l&rsquo;oral aujourd&rsquo;hui \u2014 on les rencontre dans les romans, les contes et les textes narratifs soign\u00e9s.<\/p>\n<div class=\"cdv-ib-example\">\u00ab Il <strong>entra<\/strong> dans la pi\u00e8ce et <strong>referma<\/strong> la porte. \u00bb (pass\u00e9 simple) \u00b7 \u00ab Quand il <strong>eut referm\u00e9<\/strong> la porte, il s&rsquo;assit. \u00bb (pass\u00e9 ant\u00e9rieur)<\/div>\n<p>Le <strong>pass\u00e9 simple<\/strong> raconte une action achev\u00e9e dans le pass\u00e9, comme le ferait le pass\u00e9 compos\u00e9 \u00e0 l&rsquo;oral, mais dans un registre litt\u00e9raire. Le <strong>pass\u00e9 ant\u00e9rieur<\/strong> marque une action termin\u00e9e juste avant une autre action pass\u00e9e, souvent introduite par \u00ab quand \u00bb ou \u00ab d\u00e8s que \u00bb. Pas besoin de les dramatiser : les reconna\u00eetre \u00e0 la lecture suffit largement pour la plupart des usages ; les manier \u00e0 l&rsquo;\u00e9criture reste surtout utile pour la narration.<\/p>\n<h2>Quand on h\u00e9site : partir du sens, pas de la liste<\/h2>\n<p>Face \u00e0 un doute, la meilleure m\u00e9thode n&rsquo;est pas de parcourir la liste des temps un par un, mais de se poser une question simple : <strong>qu&rsquo;est-ce que je veux dire ?<\/strong><\/p>\n<div class=\"cdv-ib-grid\">\n<div class=\"cdv-ib-card\">\n    <span class=\"cdv-ib-card-tag\">\u00c9tape 1<\/span><\/p>\n<div class=\"cdv-ib-card-title\">Situer l&rsquo;action dans le temps<\/div>\n<div class=\"cdv-ib-card-txt\">Avant, pendant ou apr\u00e8s le moment dont on parle ?<\/div>\n<\/p><\/div>\n<div class=\"cdv-ib-card\">\n    <span class=\"cdv-ib-card-tag\">\u00c9tape 2<\/span><\/p>\n<div class=\"cdv-ib-card-title\">Choisir l&rsquo;angle<\/div>\n<div class=\"cdv-ib-card-txt\">Un fait pr\u00e9cis \u00e0 rapporter, ou un cadre\/une habitude \u00e0 d\u00e9crire ?<\/div>\n<\/p><\/div>\n<div class=\"cdv-ib-card\">\n    <span class=\"cdv-ib-card-tag\">\u00c9tape 3<\/span><\/p>\n<div class=\"cdv-ib-card-title\">V\u00e9rifier la forme<\/div>\n<div class=\"cdv-ib-card-txt\">En cas de doute sur une conjugaison, on la v\u00e9rifie \u2014 on ne l&rsquo;\u00e9vite pas.<\/div>\n<\/p><\/div>\n<\/div>\n<p>Cette derni\u00e8re \u00e9tape compte autant que les deux premi\u00e8res : une forme mal v\u00e9rifi\u00e9e peut faire passer une faute pour une r\u00e8gle. Mieux vaut ralentir et confirmer une conjugaison que la deviner.<\/p>\n<div class=\"cdv-ib-retain\">\n<div class=\"cdv-ib-retain-label\">\u00c0 retenir<\/div>\n<div class=\"cdv-ib-retain-grid\">\n<div class=\"cdv-ib-retain-item\"><span class=\"cdv-ib-retain-num\">1<\/span><span class=\"txt\">Un temps se choisit selon ce qu&rsquo;on veut dire, pas selon sa place dans un tableau.<\/span><\/div>\n<div class=\"cdv-ib-retain-item\"><span class=\"cdv-ib-retain-num\">2<\/span><span class=\"txt\">Imparfait = d\u00e9crire un cadre ou une habitude ; pass\u00e9 compos\u00e9 = rapporter un \u00e9v\u00e9nement pr\u00e9cis.<\/span><\/div>\n<div class=\"cdv-ib-retain-item\"><span class=\"cdv-ib-retain-num\">3<\/span><span class=\"txt\">Les temps compos\u00e9s suivent tous le m\u00eame m\u00e9canisme : auxiliaire + participe pass\u00e9, et l&rsquo;auxiliaire commande l&rsquo;accord.<\/span><\/div>\n<div class=\"cdv-ib-retain-item\"><span class=\"cdv-ib-retain-num\">4<\/span><span class=\"txt\">Pass\u00e9 simple et pass\u00e9 ant\u00e9rieur appartiennent surtout \u00e0 l&rsquo;\u00e9crit et au r\u00e9cit litt\u00e9raire.<\/span><\/div>\n<div class=\"cdv-ib-retain-item\"><span class=\"cdv-ib-retain-num\">5<\/span><span class=\"txt\">En cas de doute, on part du sens vis\u00e9 et on v\u00e9rifie la forme plut\u00f4t que de l&rsquo;\u00e9viter.<\/span><\/div>\n<\/p><\/div>\n<\/div>\n<div class=\"cdv-ib-faq\">\n<div class=\"cdv-ib-faq-title\">Questions fr\u00e9quentes<\/div>\n<div class=\"cdv-ib-faq-list\">\n<details>\n<summary><span>Quelle est la vraie diff\u00e9rence entre l&rsquo;imparfait et le pass\u00e9 compos\u00e9 ?<\/span><span class=\"cdv-ib-plus\">+<\/span><\/summary>\n<div class=\"cdv-ib-a\">L&rsquo;imparfait d\u00e9crit un cadre, une habitude ou une action en cours dans le pass\u00e9. Le pass\u00e9 compos\u00e9 rapporte un \u00e9v\u00e9nement pr\u00e9cis et achev\u00e9. Un r\u00e9cit m\u00eale souvent les deux : l&rsquo;imparfait pour le d\u00e9cor, le pass\u00e9 compos\u00e9 pour l&rsquo;action qui fait avancer l&rsquo;histoire.<\/div>\n<\/details>\n<details>\n<summary><span>Comment savoir si un verbe se conjugue avec \u00eatre ou avoir ?<\/span><span class=\"cdv-ib-plus\">+<\/span><\/summary>\n<div class=\"cdv-ib-a\">La majorit\u00e9 des verbes utilisent avoir. Un groupe restreint de verbes de mouvement ou d&rsquo;\u00e9tat \u2014 aller, venir, partir, arriver, entrer, sortir, na\u00eetre, mourir, par exemple \u2014 ainsi que tous les verbes pronominaux, utilisent \u00eatre.<\/div>\n<\/details>\n<details>\n<summary><span>\u00c0 quoi sert le plus-que-parfait ?<\/span><span class=\"cdv-ib-plus\">+<\/span><\/summary>\n<div class=\"cdv-ib-a\">Il exprime une action pass\u00e9e qui s&rsquo;est termin\u00e9e avant une autre action, elle aussi au pass\u00e9. \u00ab J&rsquo;avais mang\u00e9 avant d&rsquo;arriver \u00bb : le repas pr\u00e9c\u00e8de l&rsquo;arriv\u00e9e.<\/div>\n<\/details>\n<details>\n<summary><span>Le pass\u00e9 simple s&rsquo;utilise-t-il encore \u00e0 l&rsquo;oral ?<\/span><span class=\"cdv-ib-plus\">+<\/span><\/summary>\n<div class=\"cdv-ib-a\">Non, il appartient presque exclusivement \u00e0 l&rsquo;\u00e9crit \u2014 romans, contes, r\u00e9cits litt\u00e9raires. \u00c0 l&rsquo;oral, le pass\u00e9 compos\u00e9 le remplace pour raconter une action achev\u00e9e.<\/div>\n<\/details>\n<details>\n<summary><span>Je ne suis pas s\u00fbr(e) d&rsquo;un temps : comment choisir ?<\/span><span class=\"cdv-ib-plus\">+<\/span><\/summary>\n<div class=\"cdv-ib-a\">Part du sens qu&rsquo;on veut exprimer : moment de l&rsquo;action, puis cadre\/habitude ou \u00e9v\u00e9nement pr\u00e9cis. Et si une forme pr\u00e9cise fait douter, on la v\u00e9rifie plut\u00f4t que de la deviner ou de l&rsquo;\u00e9viter.<\/div>\n<\/details><\/div>\n<\/div>\n<\/div>\n","protected":false},"excerpt":{"rendered":"","protected":false},"author":34,"featured_media":7220,"comment_status":"open","ping_status":"open","sticky":false,"template":"","format":"standard","meta":{"_acf_changed":false,"manual_indexmenow":false,"indexmenow_id_project":0,"footnotes":""},"categories":[1],"tags":[],"class_list":["post-7219","post","type-post","status-publish","format-standard","has-post-thumbnail","hentry","category-a-la-une","generate-columns","tablet-grid-50","mobile-grid-100","grid-parent","grid-25"],"acf":[],"yoast_head":"<!-- This site is optimized with the Yoast SEO Premium plugin v21.3 (Yoast SEO v25.6) - https:\/\/yoast.com\/wordpress\/plugins\/seo\/ -->\n<title>Les temps de la conjugaison fran\u00e7aise expliqu\u00e9s simplement<\/title>\n<meta name=\"description\" content=\"Comment choisir le bon temps en fran\u00e7ais : la logique derri\u00e8re imparfait, pass\u00e9 compos\u00e9 et temps compos\u00e9s, expliqu\u00e9e simplement avec des exemples clairs.\" \/>\n<meta name=\"robots\" content=\"index, follow, max-snippet:-1, max-image-preview:large, max-video-preview:-1\" \/>\n<link rel=\"canonical\" href=\"https:\/\/conjugaison-de-verbes.com\/blog\/a-la-une\/les-temps-de-la-conjugaison-francaise-expliques-simplement\/\" \/>\n<meta property=\"og:locale\" content=\"fr_FR\" \/>\n<meta property=\"og:type\" content=\"article\" \/>\n<meta property=\"og:title\" content=\"Les temps de la conjugaison fran\u00e7aise expliqu\u00e9s simplement\" \/>\n<meta property=\"og:description\" content=\"Comment choisir le bon temps en fran\u00e7ais : la logique derri\u00e8re imparfait, pass\u00e9 compos\u00e9 et temps compos\u00e9s, expliqu\u00e9e simplement avec des exemples clairs.\" \/>\n<meta property=\"og:url\" content=\"https:\/\/conjugaison-de-verbes.com\/blog\/a-la-une\/les-temps-de-la-conjugaison-francaise-expliques-simplement\/\" \/>\n<meta property=\"og:site_name\" content=\"conjugaison-de-verbes\" \/>\n<meta property=\"og:image\" content=\"https:\/\/conjugaison-de-verbes.com\/blog\/wp-content\/uploads\/2024\/12\/Les-temps-de-la-conjugaison-francaise-expliques-simplement.png\" \/>\n\t<meta property=\"og:image:width\" content=\"1344\" \/>\n\t<meta property=\"og:image:height\" content=\"768\" \/>\n\t<meta property=\"og:image:type\" content=\"image\/png\" \/>\n<meta name=\"author\" content=\"Rapha\u00ebl D.\" \/>\n<meta name=\"twitter:card\" content=\"summary_large_image\" \/>\n<script type=\"application\/ld+json\" class=\"yoast-schema-graph\">{\"@context\":\"https:\/\/schema.org\",\"@graph\":[{\"@type\":\"NewsArticle\",\"@id\":\"https:\/\/conjugaison-de-verbes.com\/blog\/a-la-une\/les-temps-de-la-conjugaison-francaise-expliques-simplement\/#article\",\"isPartOf\":{\"@id\":\"https:\/\/conjugaison-de-verbes.com\/blog\/a-la-une\/les-temps-de-la-conjugaison-francaise-expliques-simplement\/\"},\"author\":{\"name\":\"Rapha\u00ebl D.\",\"@id\":\"https:\/\/conjugaison-de-verbes.com\/blog\/#\/schema\/person\/3c864cdc320801e3db34b663e7e3f816\"},\"headline\":\"Les temps de la conjugaison fran\u00e7aise expliqu\u00e9s simplement\",\"datePublished\":\"2026-08-31T14:51:49+00:00\",\"mainEntityOfPage\":{\"@id\":\"https:\/\/conjugaison-de-verbes.com\/blog\/a-la-une\/les-temps-de-la-conjugaison-francaise-expliques-simplement\/\"},\"wordCount\":1445,\"commentCount\":0,\"publisher\":{\"@id\":\"https:\/\/conjugaison-de-verbes.com\/blog\/#organization\"},\"image\":{\"@id\":\"https:\/\/conjugaison-de-verbes.com\/blog\/a-la-une\/les-temps-de-la-conjugaison-francaise-expliques-simplement\/#primaryimage\"},\"thumbnailUrl\":\"https:\/\/conjugaison-de-verbes.com\/blog\/wp-content\/uploads\/2024\/12\/Les-temps-de-la-conjugaison-francaise-expliques-simplement.png\",\"articleSection\":[\"\u00c0 la une\"],\"inLanguage\":\"fr-FR\",\"potentialAction\":[{\"@type\":\"CommentAction\",\"name\":\"Comment\",\"target\":[\"https:\/\/conjugaison-de-verbes.com\/blog\/a-la-une\/les-temps-de-la-conjugaison-francaise-expliques-simplement\/#respond\"]}]},{\"@type\":\"WebPage\",\"@id\":\"https:\/\/conjugaison-de-verbes.com\/blog\/a-la-une\/les-temps-de-la-conjugaison-francaise-expliques-simplement\/\",\"url\":\"https:\/\/conjugaison-de-verbes.com\/blog\/a-la-une\/les-temps-de-la-conjugaison-francaise-expliques-simplement\/\",\"name\":\"Les temps de la conjugaison fran\u00e7aise expliqu\u00e9s simplement\",\"isPartOf\":{\"@id\":\"https:\/\/conjugaison-de-verbes.com\/blog\/#website\"},\"primaryImageOfPage\":{\"@id\":\"https:\/\/conjugaison-de-verbes.com\/blog\/a-la-une\/les-temps-de-la-conjugaison-francaise-expliques-simplement\/#primaryimage\"},\"image\":{\"@id\":\"https:\/\/conjugaison-de-verbes.com\/blog\/a-la-une\/les-temps-de-la-conjugaison-francaise-expliques-simplement\/#primaryimage\"},\"thumbnailUrl\":\"https:\/\/conjugaison-de-verbes.com\/blog\/wp-content\/uploads\/2024\/12\/Les-temps-de-la-conjugaison-francaise-expliques-simplement.png\",\"datePublished\":\"2026-08-31T14:51:49+00:00\",\"description\":\"Comment choisir le bon temps en fran\u00e7ais : la logique derri\u00e8re imparfait, pass\u00e9 compos\u00e9 et temps compos\u00e9s, expliqu\u00e9e simplement avec des exemples clairs.\",\"inLanguage\":\"fr-FR\",\"potentialAction\":[{\"@type\":\"ReadAction\",\"target\":[\"https:\/\/conjugaison-de-verbes.com\/blog\/a-la-une\/les-temps-de-la-conjugaison-francaise-expliques-simplement\/\"]}]},{\"@type\":\"ImageObject\",\"inLanguage\":\"fr-FR\",\"@id\":\"https:\/\/conjugaison-de-verbes.com\/blog\/a-la-une\/les-temps-de-la-conjugaison-francaise-expliques-simplement\/#primaryimage\",\"url\":\"https:\/\/conjugaison-de-verbes.com\/blog\/wp-content\/uploads\/2024\/12\/Les-temps-de-la-conjugaison-francaise-expliques-simplement.png\",\"contentUrl\":\"https:\/\/conjugaison-de-verbes.com\/blog\/wp-content\/uploads\/2024\/12\/Les-temps-de-la-conjugaison-francaise-expliques-simplement.png\",\"width\":1344,\"height\":768,\"caption\":\"d\u00e9couvrez notre guide pratique sur les temps de la conjugaison fran\u00e7aise ! apprenez de mani\u00e8re simple et claire les diff\u00e9rentes formes verbales, leurs usages et astuces pour ma\u00eetriser la langue fran\u00e7aise avec aisance.\"},{\"@type\":\"WebSite\",\"@id\":\"https:\/\/conjugaison-de-verbes.com\/blog\/#website\",\"url\":\"https:\/\/conjugaison-de-verbes.com\/blog\/\",\"name\":\"conjugaison-de-verbes.com\",\"description\":\"Conjugaison de Verbes, ma\u00eetrisez la langue fran\u00e7aise\",\"publisher\":{\"@id\":\"https:\/\/conjugaison-de-verbes.com\/blog\/#organization\"},\"alternateName\":\"Conjugaison de Verbes, ma\u00eetrisez la langue fran\u00e7aise\",\"potentialAction\":[{\"@type\":\"SearchAction\",\"target\":{\"@type\":\"EntryPoint\",\"urlTemplate\":\"https:\/\/conjugaison-de-verbes.com\/blog\/?s={search_term_string}\"},\"query-input\":{\"@type\":\"PropertyValueSpecification\",\"valueRequired\":true,\"valueName\":\"search_term_string\"}}],\"inLanguage\":\"fr-FR\"},{\"@type\":\"Organization\",\"@id\":\"https:\/\/conjugaison-de-verbes.com\/blog\/#organization\",\"name\":\"Foretsensations.fr\",\"url\":\"https:\/\/conjugaison-de-verbes.com\/blog\/\",\"logo\":{\"@type\":\"ImageObject\",\"inLanguage\":\"fr-FR\",\"@id\":\"https:\/\/conjugaison-de-verbes.com\/blog\/#\/schema\/logo\/image\/\",\"url\":\"https:\/\/conjugaison-de-verbes.com\/blog\/wp-content\/uploads\/2024\/12\/10.png\",\"contentUrl\":\"https:\/\/conjugaison-de-verbes.com\/blog\/wp-content\/uploads\/2024\/12\/10.png\",\"width\":500,\"height\":500,\"caption\":\"Foretsensations.fr\"},\"image\":{\"@id\":\"https:\/\/conjugaison-de-verbes.com\/blog\/#\/schema\/logo\/image\/\"}},{\"@type\":\"Person\",\"@id\":\"https:\/\/conjugaison-de-verbes.com\/blog\/#\/schema\/person\/3c864cdc320801e3db34b663e7e3f816\",\"name\":\"Rapha\u00ebl D.\",\"image\":{\"@type\":\"ImageObject\",\"inLanguage\":\"fr-FR\",\"@id\":\"https:\/\/conjugaison-de-verbes.com\/blog\/#\/schema\/person\/image\/\",\"url\":\"https:\/\/conjugaison-de-verbes.com\/blog\/wp-content\/uploads\/2026\/06\/persona_raphael-d-150x150.jpg\",\"contentUrl\":\"https:\/\/conjugaison-de-verbes.com\/blog\/wp-content\/uploads\/2026\/06\/persona_raphael-d-150x150.jpg\",\"caption\":\"Rapha\u00ebl D.\"},\"description\":\"La culture est mon terrain de jeu depuis une dizaine d'ann\u00e9es : arts visuels, s\u00e9ries, cr\u00e9ation et tout ce qui nourrit l'imaginaire. J'\u00e9cris aussi bien sur l'actualit\u00e9 des \u0153uvres que sur les coulisses de la cr\u00e9ation, avec l'envie de relier l'amateur curieux \u00e0 des univers parfois jug\u00e9s intimidants. J'aime analyser une s\u00e9rie ou une d\u00e9marche artistique sans p\u00e9dantisme, replacer une \u0153uvre dans son contexte et donner des cl\u00e9s de lecture accessibles. Avant de publier, je v\u00e9rifie mes r\u00e9f\u00e9rences, je recoupe les sources et je distingue clairement le fait de mon interpr\u00e9tation subjective. Je crois qu'une critique vaut surtout par les arguments qu'elle expose, pas par la sentence qu'elle rend. Mon angle : transmettre l'envie de d\u00e9couvrir, de regarder autrement et de se forger son propre go\u00fbt. La culture n'appartient pas qu'aux initi\u00e9s, et c'est tout l'enjeu de mon \u00e9criture.\",\"url\":\"https:\/\/conjugaison-de-verbes.com\/blog\/auteur\/raphael-d\/\",\"jobTitle\":\"R\u00e9dacteur en chef \u00b7 Culture & Cr\u00e9ation\",\"knowsAbout\":[\"Culture\",\"Cr\u00e9ation\"],\"email\":\"raphael.d@a-l-asso-de-l-art.fr\"}]}<\/script>\n<!-- \/ Yoast SEO Premium plugin. -->","yoast_head_json":{"title":"Les temps de la conjugaison fran\u00e7aise expliqu\u00e9s simplement","description":"Comment choisir le bon temps en fran\u00e7ais : la logique derri\u00e8re imparfait, pass\u00e9 compos\u00e9 et temps compos\u00e9s, expliqu\u00e9e simplement avec des exemples clairs.","robots":{"index":"index","follow":"follow","max-snippet":"max-snippet:-1","max-image-preview":"max-image-preview:large","max-video-preview":"max-video-preview:-1"},"canonical":"https:\/\/conjugaison-de-verbes.com\/blog\/a-la-une\/les-temps-de-la-conjugaison-francaise-expliques-simplement\/","og_locale":"fr_FR","og_type":"article","og_title":"Les temps de la conjugaison fran\u00e7aise expliqu\u00e9s simplement","og_description":"Comment choisir le bon temps en fran\u00e7ais : la logique derri\u00e8re imparfait, pass\u00e9 compos\u00e9 et temps compos\u00e9s, expliqu\u00e9e simplement avec des exemples clairs.","og_url":"https:\/\/conjugaison-de-verbes.com\/blog\/a-la-une\/les-temps-de-la-conjugaison-francaise-expliques-simplement\/","og_site_name":"conjugaison-de-verbes","og_image":[{"width":1344,"height":768,"url":"https:\/\/conjugaison-de-verbes.com\/blog\/wp-content\/uploads\/2024\/12\/Les-temps-de-la-conjugaison-francaise-expliques-simplement.png","type":"image\/png"}],"author":"Rapha\u00ebl D.","twitter_card":"summary_large_image","schema":{"@context":"https:\/\/schema.org","@graph":[{"@type":"NewsArticle","@id":"https:\/\/conjugaison-de-verbes.com\/blog\/a-la-une\/les-temps-de-la-conjugaison-francaise-expliques-simplement\/#article","isPartOf":{"@id":"https:\/\/conjugaison-de-verbes.com\/blog\/a-la-une\/les-temps-de-la-conjugaison-francaise-expliques-simplement\/"},"author":{"name":"Rapha\u00ebl D.","@id":"https:\/\/conjugaison-de-verbes.com\/blog\/#\/schema\/person\/3c864cdc320801e3db34b663e7e3f816"},"headline":"Les temps de la conjugaison fran\u00e7aise expliqu\u00e9s simplement","datePublished":"2026-08-31T14:51:49+00:00","mainEntityOfPage":{"@id":"https:\/\/conjugaison-de-verbes.com\/blog\/a-la-une\/les-temps-de-la-conjugaison-francaise-expliques-simplement\/"},"wordCount":1445,"commentCount":0,"publisher":{"@id":"https:\/\/conjugaison-de-verbes.com\/blog\/#organization"},"image":{"@id":"https:\/\/conjugaison-de-verbes.com\/blog\/a-la-une\/les-temps-de-la-conjugaison-francaise-expliques-simplement\/#primaryimage"},"thumbnailUrl":"https:\/\/conjugaison-de-verbes.com\/blog\/wp-content\/uploads\/2024\/12\/Les-temps-de-la-conjugaison-francaise-expliques-simplement.png","articleSection":["\u00c0 la une"],"inLanguage":"fr-FR","potentialAction":[{"@type":"CommentAction","name":"Comment","target":["https:\/\/conjugaison-de-verbes.com\/blog\/a-la-une\/les-temps-de-la-conjugaison-francaise-expliques-simplement\/#respond"]}]},{"@type":"WebPage","@id":"https:\/\/conjugaison-de-verbes.com\/blog\/a-la-une\/les-temps-de-la-conjugaison-francaise-expliques-simplement\/","url":"https:\/\/conjugaison-de-verbes.com\/blog\/a-la-une\/les-temps-de-la-conjugaison-francaise-expliques-simplement\/","name":"Les temps de la conjugaison fran\u00e7aise expliqu\u00e9s simplement","isPartOf":{"@id":"https:\/\/conjugaison-de-verbes.com\/blog\/#website"},"primaryImageOfPage":{"@id":"https:\/\/conjugaison-de-verbes.com\/blog\/a-la-une\/les-temps-de-la-conjugaison-francaise-expliques-simplement\/#primaryimage"},"image":{"@id":"https:\/\/conjugaison-de-verbes.com\/blog\/a-la-une\/les-temps-de-la-conjugaison-francaise-expliques-simplement\/#primaryimage"},"thumbnailUrl":"https:\/\/conjugaison-de-verbes.com\/blog\/wp-content\/uploads\/2024\/12\/Les-temps-de-la-conjugaison-francaise-expliques-simplement.png","datePublished":"2026-08-31T14:51:49+00:00","description":"Comment choisir le bon temps en fran\u00e7ais : la logique derri\u00e8re imparfait, pass\u00e9 compos\u00e9 et temps compos\u00e9s, expliqu\u00e9e simplement avec des exemples clairs.","inLanguage":"fr-FR","potentialAction":[{"@type":"ReadAction","target":["https:\/\/conjugaison-de-verbes.com\/blog\/a-la-une\/les-temps-de-la-conjugaison-francaise-expliques-simplement\/"]}]},{"@type":"ImageObject","inLanguage":"fr-FR","@id":"https:\/\/conjugaison-de-verbes.com\/blog\/a-la-une\/les-temps-de-la-conjugaison-francaise-expliques-simplement\/#primaryimage","url":"https:\/\/conjugaison-de-verbes.com\/blog\/wp-content\/uploads\/2024\/12\/Les-temps-de-la-conjugaison-francaise-expliques-simplement.png","contentUrl":"https:\/\/conjugaison-de-verbes.com\/blog\/wp-content\/uploads\/2024\/12\/Les-temps-de-la-conjugaison-francaise-expliques-simplement.png","width":1344,"height":768,"caption":"d\u00e9couvrez notre guide pratique sur les temps de la conjugaison fran\u00e7aise ! apprenez de mani\u00e8re simple et claire les diff\u00e9rentes formes verbales, leurs usages et astuces pour ma\u00eetriser la langue fran\u00e7aise avec aisance."},{"@type":"WebSite","@id":"https:\/\/conjugaison-de-verbes.com\/blog\/#website","url":"https:\/\/conjugaison-de-verbes.com\/blog\/","name":"conjugaison-de-verbes.com","description":"Conjugaison de Verbes, ma\u00eetrisez la langue fran\u00e7aise","publisher":{"@id":"https:\/\/conjugaison-de-verbes.com\/blog\/#organization"},"alternateName":"Conjugaison de Verbes, ma\u00eetrisez la langue fran\u00e7aise","potentialAction":[{"@type":"SearchAction","target":{"@type":"EntryPoint","urlTemplate":"https:\/\/conjugaison-de-verbes.com\/blog\/?s={search_term_string}"},"query-input":{"@type":"PropertyValueSpecification","valueRequired":true,"valueName":"search_term_string"}}],"inLanguage":"fr-FR"},{"@type":"Organization","@id":"https:\/\/conjugaison-de-verbes.com\/blog\/#organization","name":"Foretsensations.fr","url":"https:\/\/conjugaison-de-verbes.com\/blog\/","logo":{"@type":"ImageObject","inLanguage":"fr-FR","@id":"https:\/\/conjugaison-de-verbes.com\/blog\/#\/schema\/logo\/image\/","url":"https:\/\/conjugaison-de-verbes.com\/blog\/wp-content\/uploads\/2024\/12\/10.png","contentUrl":"https:\/\/conjugaison-de-verbes.com\/blog\/wp-content\/uploads\/2024\/12\/10.png","width":500,"height":500,"caption":"Foretsensations.fr"},"image":{"@id":"https:\/\/conjugaison-de-verbes.com\/blog\/#\/schema\/logo\/image\/"}},{"@type":"Person","@id":"https:\/\/conjugaison-de-verbes.com\/blog\/#\/schema\/person\/3c864cdc320801e3db34b663e7e3f816","name":"Rapha\u00ebl D.","image":{"@type":"ImageObject","inLanguage":"fr-FR","@id":"https:\/\/conjugaison-de-verbes.com\/blog\/#\/schema\/person\/image\/","url":"https:\/\/conjugaison-de-verbes.com\/blog\/wp-content\/uploads\/2026\/06\/persona_raphael-d-150x150.jpg","contentUrl":"https:\/\/conjugaison-de-verbes.com\/blog\/wp-content\/uploads\/2026\/06\/persona_raphael-d-150x150.jpg","caption":"Rapha\u00ebl D."},"description":"La culture est mon terrain de jeu depuis une dizaine d'ann\u00e9es : arts visuels, s\u00e9ries, cr\u00e9ation et tout ce qui nourrit l'imaginaire. J'\u00e9cris aussi bien sur l'actualit\u00e9 des \u0153uvres que sur les coulisses de la cr\u00e9ation, avec l'envie de relier l'amateur curieux \u00e0 des univers parfois jug\u00e9s intimidants. J'aime analyser une s\u00e9rie ou une d\u00e9marche artistique sans p\u00e9dantisme, replacer une \u0153uvre dans son contexte et donner des cl\u00e9s de lecture accessibles. Avant de publier, je v\u00e9rifie mes r\u00e9f\u00e9rences, je recoupe les sources et je distingue clairement le fait de mon interpr\u00e9tation subjective. Je crois qu'une critique vaut surtout par les arguments qu'elle expose, pas par la sentence qu'elle rend. Mon angle : transmettre l'envie de d\u00e9couvrir, de regarder autrement et de se forger son propre go\u00fbt. La culture n'appartient pas qu'aux initi\u00e9s, et c'est tout l'enjeu de mon \u00e9criture.","url":"https:\/\/conjugaison-de-verbes.com\/blog\/auteur\/raphael-d\/","jobTitle":"R\u00e9dacteur en chef \u00b7 Culture & Cr\u00e9ation","knowsAbout":["Culture","Cr\u00e9ation"],"email":"raphael.d@a-l-asso-de-l-art.fr"}]}},"_links":{"self":[{"href":"https:\/\/conjugaison-de-verbes.com\/blog\/wp-json\/wp\/v2\/posts\/7219","targetHints":{"allow":["GET"]}}],"collection":[{"href":"https:\/\/conjugaison-de-verbes.com\/blog\/wp-json\/wp\/v2\/posts"}],"about":[{"href":"https:\/\/conjugaison-de-verbes.com\/blog\/wp-json\/wp\/v2\/types\/post"}],"author":[{"embeddable":true,"href":"https:\/\/conjugaison-de-verbes.com\/blog\/wp-json\/wp\/v2\/users\/34"}],"replies":[{"embeddable":true,"href":"https:\/\/conjugaison-de-verbes.com\/blog\/wp-json\/wp\/v2\/comments?post=7219"}],"version-history":[{"count":1,"href":"https:\/\/conjugaison-de-verbes.com\/blog\/wp-json\/wp\/v2\/posts\/7219\/revisions"}],"predecessor-version":[{"id":8074,"href":"https:\/\/conjugaison-de-verbes.com\/blog\/wp-json\/wp\/v2\/posts\/7219\/revisions\/8074"}],"wp:featuredmedia":[{"embeddable":true,"href":"https:\/\/conjugaison-de-verbes.com\/blog\/wp-json\/wp\/v2\/media\/7220"}],"wp:attachment":[{"href":"https:\/\/conjugaison-de-verbes.com\/blog\/wp-json\/wp\/v2\/media?parent=7219"}],"wp:term":[{"taxonomy":"category","embeddable":true,"href":"https:\/\/conjugaison-de-verbes.com\/blog\/wp-json\/wp\/v2\/categories?post=7219"},{"taxonomy":"post_tag","embeddable":true,"href":"https:\/\/conjugaison-de-verbes.com\/blog\/wp-json\/wp\/v2\/tags?post=7219"}],"curies":[{"name":"wp","href":"https:\/\/api.w.org\/{rel}","templated":true}]}}